{"id":1348,"date":"2007-05-31T01:56:38","date_gmt":"2007-05-31T01:56:38","guid":{"rendered":"http:\/\/blogs.thesocialmedia.com\/leblogmoto\/2007\/05\/31\/un-prototype-de\/"},"modified":"2012-07-11T14:40:48","modified_gmt":"2012-07-11T14:40:48","slug":"un-prototype-de","status":"publish","type":"post","link":"https:\/\/blogs.thesocialmedia.com\/leblogmoto\/2007\/05\/31\/un-prototype-de\/","title":{"rendered":"Tests grandeur nature pour la future KTM 690"},"content":{"rendered":"<p><a href=\"http:\/\/blogs.thesocialmedia.com\/leblogmoto\/files\/2012\/07\/baja_690ktm.jpg\"><img loading=\"lazy\" decoding=\"async\" width=\"250\" height=\"152\"  src=\"http:\/\/www.leblogmoto.com\/images\/2007\/05\/30\/baja_690ktm.jpg\" alt=\"Baja_690ktm\" style=\"margin: 0px 5px 5px 0px;float: left\" \/><\/a> Apr\u00e8s avoir gagn\u00e9 quasiment tous les titres en enduro, KTM annonce sa participation aux prochaines \u00e9preuves de la Baja 500 et Baja 1000 avec des prototypes de sa future 690 enduro. Cette KTM 690 sera propuls\u00e9e par le c\u00e9l\u00e9bre moteur LC4, toujours le plus puissant monocylindre du monde et pr\u00e9sent sur la nouvelle KTM 690 Supermoto.<\/p>\n<p><a href=\"http:\/\/blogs.thesocialmedia.com\/leblogmoto\/files\/2012\/07\/baja_3.jpg\"><img loading=\"lazy\" decoding=\"async\" width=\"470\" height=\"287\"  alt=\"Baja_3\" src=\"http:\/\/www.leblogmoto.com\/images\/2007\/05\/30\/baja_3.jpg\" style=\"margin: 0px 5px 5px 0px;float: left\" \/><\/a> <\/p>\n<p><a href=\"http:\/\/clabedan.typepad.com\/.shared\/image.html?\/photos\/uncategorized\/2007\/05\/30\/baja_690ktm2.jpg\"><br \/><\/a> <\/p>\n<p>&nbsp;<\/p>\n<p> Cette ann\u00e9e 128 motos engag\u00e9es sur un total de 250 au d\u00e9part du Dakar \u00e9taient des KTM&#8230; <\/p>\n<p>KTM va pr\u00e9parer trois prototypes et a choisi Cyril Despres, gagnant du Dakar en 2005 et 2007 et les am\u00e9ricains Chris Blais et Davis Pearson pour les mener jusqu&rsquo;au podium.<\/p>\n<p> <embed width=\"410\" height=\"400\" src=\"http:\/\/www.vsocial.com\/ups\/05213fece676f47f0c2a10d301b5a29b\"><\/embed> <embed width=\"410\" height=\"400\" src=\"http:\/\/www.vsocial.com\/ups\/caa0ffd5d4c8ff43329120a297f00f21\"><\/embed> <\/p>\n<p>Pr\u00e9sentation de la KTM 690 Supermoto en Espagne<\/p>\n<p><embed width=\"410\" height=\"400\" src=\"http:\/\/www.vsocial.com\/ups\/45987152b470d8128b0b2741b6efbffe\"><\/embed> <\/p>\n","protected":false},"excerpt":{"rendered":"<p>Apr\u00e8s avoir gagn\u00e9 quasiment tous les titres en enduro, KTM annonce sa participation aux prochaines \u00e9preuves de la Baja 500 et Baja 1000 avec des prototypes de sa future 690 enduro. Cette KTM 690 sera propuls\u00e9e par le c\u00e9l\u00e9bre moteur LC4, toujours le plus puissant monocylindre du monde et pr\u00e9sent sur la nouvelle KTM 690 [&hellip;]<\/p>\n","protected":false},"author":323,"featured_media":0,"comment_status":"open","ping_status":"open","sticky":false,"template":"","format":"standard","meta":{"footnotes":""},"categories":[39],"tags":[],"class_list":["post-1348","post","type-post","status-publish","format-standard","hentry","category-ktm"],"yoast_head":"<!-- This site is optimized with the Yoast SEO plugin v26.0 - https:\/\/yoast.com\/wordpress\/plugins\/seo\/ -->\n<title>Tests grandeur nature pour la future KTM 690 - leblogmoto.com<\/title>\n<meta name=\"robots\" content=\"index, follow, max-snippet:-1, max-image-preview:large, max-video-preview:-1\" \/>\n<link rel=\"canonical\" href=\"https:\/\/blogs.thesocialmedia.com\/leblogmoto\/2007\/05\/31\/un-prototype-de\/\" \/>\n<meta name=\"twitter:card\" content=\"summary_large_image\" \/>\n<meta name=\"twitter:title\" content=\"Tests grandeur nature pour la future KTM 690 - leblogmoto.com\" \/>\n<meta name=\"twitter:description\" content=\"Apr\u00e8s avoir gagn\u00e9 quasiment tous les titres en enduro, KTM annonce sa participation aux prochaines \u00e9preuves de la Baja 500 et Baja 1000 avec des prototypes de sa future 690 enduro. Cette KTM 690 sera propuls\u00e9e par le c\u00e9l\u00e9bre moteur LC4, toujours le plus puissant monocylindre du monde et pr\u00e9sent sur la nouvelle KTM 690 [&hellip;]\" \/>\n<meta name=\"twitter:image\" content=\"http:\/\/www.leblogmoto.com\/images\/2007\/05\/30\/baja_690ktm.jpg\" \/>\n<meta name=\"twitter:label1\" content=\"\u00c9crit par\" \/>\n\t<meta name=\"twitter:data1\" content=\"albin le guyader\" \/>\n\t<meta name=\"twitter:label2\" content=\"Dur\u00e9e de lecture estim\u00e9e\" \/>\n\t<meta name=\"twitter:data2\" content=\"1 minute\" \/>\n<script type=\"application\/ld+json\" class=\"yoast-schema-graph\">{\"@context\":\"https:\/\/schema.org\",\"@graph\":[{\"@type\":\"WebPage\",\"@id\":\"https:\/\/blogs.thesocialmedia.com\/leblogmoto\/2007\/05\/31\/un-prototype-de\/\",\"url\":\"https:\/\/blogs.thesocialmedia.com\/leblogmoto\/2007\/05\/31\/un-prototype-de\/\",\"name\":\"Tests grandeur nature pour la future KTM 690 - leblogmoto.com\",\"isPartOf\":{\"@id\":\"https:\/\/blogs.thesocialmedia.com\/leblogmoto\/#website\"},\"primaryImageOfPage\":{\"@id\":\"https:\/\/blogs.thesocialmedia.com\/leblogmoto\/2007\/05\/31\/un-prototype-de\/#primaryimage\"},\"image\":{\"@id\":\"https:\/\/blogs.thesocialmedia.com\/leblogmoto\/2007\/05\/31\/un-prototype-de\/#primaryimage\"},\"thumbnailUrl\":\"http:\/\/www.leblogmoto.com\/images\/2007\/05\/30\/baja_690ktm.jpg\",\"datePublished\":\"2007-05-31T01:56:38+00:00\",\"dateModified\":\"2012-07-11T14:40:48+00:00\",\"author\":{\"@id\":\"https:\/\/blogs.thesocialmedia.com\/leblogmoto\/#\/schema\/person\/b496d27c898c29a39678e2425cafb9ae\"},\"breadcrumb\":{\"@id\":\"https:\/\/blogs.thesocialmedia.com\/leblogmoto\/2007\/05\/31\/un-prototype-de\/#breadcrumb\"},\"inLanguage\":\"fr-FR\",\"potentialAction\":[{\"@type\":\"ReadAction\",\"target\":[\"https:\/\/blogs.thesocialmedia.com\/leblogmoto\/2007\/05\/31\/un-prototype-de\/\"]}]},{\"@type\":\"ImageObject\",\"inLanguage\":\"fr-FR\",\"@id\":\"https:\/\/blogs.thesocialmedia.com\/leblogmoto\/2007\/05\/31\/un-prototype-de\/#primaryimage\",\"url\":\"http:\/\/www.leblogmoto.com\/images\/2007\/05\/30\/baja_690ktm.jpg\",\"contentUrl\":\"http:\/\/www.leblogmoto.com\/images\/2007\/05\/30\/baja_690ktm.jpg\"},{\"@type\":\"BreadcrumbList\",\"@id\":\"https:\/\/blogs.thesocialmedia.com\/leblogmoto\/2007\/05\/31\/un-prototype-de\/#breadcrumb\",\"itemListElement\":[{\"@type\":\"ListItem\",\"position\":1,\"name\":\"Accueil\",\"item\":\"https:\/\/blogs.thesocialmedia.com\/leblogmoto\/\"},{\"@type\":\"ListItem\",\"position\":2,\"name\":\"Tests grandeur nature pour la future KTM 690\"}]},{\"@type\":\"WebSite\",\"@id\":\"https:\/\/blogs.thesocialmedia.com\/leblogmoto\/#website\",\"url\":\"https:\/\/blogs.thesocialmedia.com\/leblogmoto\/\",\"name\":\"leblogmoto\",\"description\":\"Toute l&#039;actualit\u00e9 des 2 roues\",\"potentialAction\":[{\"@type\":\"SearchAction\",\"target\":{\"@type\":\"EntryPoint\",\"urlTemplate\":\"https:\/\/blogs.thesocialmedia.com\/leblogmoto\/?s={search_term_string}\"},\"query-input\":{\"@type\":\"PropertyValueSpecification\",\"valueRequired\":true,\"valueName\":\"search_term_string\"}}],\"inLanguage\":\"fr-FR\"},{\"@type\":\"Person\",\"@id\":\"https:\/\/blogs.thesocialmedia.com\/leblogmoto\/#\/schema\/person\/b496d27c898c29a39678e2425cafb9ae\",\"name\":\"albin le guyader\",\"image\":{\"@type\":\"ImageObject\",\"inLanguage\":\"fr-FR\",\"@id\":\"https:\/\/blogs.thesocialmedia.com\/leblogmoto\/#\/schema\/person\/image\/\",\"url\":\"https:\/\/secure.gravatar.com\/avatar\/?s=96&d=mm&r=g\",\"contentUrl\":\"https:\/\/secure.gravatar.com\/avatar\/?s=96&d=mm&r=g\",\"caption\":\"albin le guyader\"},\"url\":\"https:\/\/blogs.thesocialmedia.com\/leblogmoto\/author\/albin-le-guyader\/\"}]}<\/script>\n<!-- \/ Yoast SEO plugin. -->","yoast_head_json":{"title":"Tests grandeur nature pour la future KTM 690 - leblogmoto.com","robots":{"index":"index","follow":"follow","max-snippet":"max-snippet:-1","max-image-preview":"max-image-preview:large","max-video-preview":"max-video-preview:-1"},"canonical":"https:\/\/blogs.thesocialmedia.com\/leblogmoto\/2007\/05\/31\/un-prototype-de\/","twitter_card":"summary_large_image","twitter_title":"Tests grandeur nature pour la future KTM 690 - leblogmoto.com","twitter_description":"Apr\u00e8s avoir gagn\u00e9 quasiment tous les titres en enduro, KTM annonce sa participation aux prochaines \u00e9preuves de la Baja 500 et Baja 1000 avec des prototypes de sa future 690 enduro. Cette KTM 690 sera propuls\u00e9e par le c\u00e9l\u00e9bre moteur LC4, toujours le plus puissant monocylindre du monde et pr\u00e9sent sur la nouvelle KTM 690 [&hellip;]","twitter_image":"http:\/\/www.leblogmoto.com\/images\/2007\/05\/30\/baja_690ktm.jpg","twitter_misc":{"\u00c9crit par":"albin le guyader","Dur\u00e9e de lecture estim\u00e9e":"1 minute"},"schema":{"@context":"https:\/\/schema.org","@graph":[{"@type":"WebPage","@id":"https:\/\/blogs.thesocialmedia.com\/leblogmoto\/2007\/05\/31\/un-prototype-de\/","url":"https:\/\/blogs.thesocialmedia.com\/leblogmoto\/2007\/05\/31\/un-prototype-de\/","name":"Tests grandeur nature pour la future KTM 690 - leblogmoto.com","isPartOf":{"@id":"https:\/\/blogs.thesocialmedia.com\/leblogmoto\/#website"},"primaryImageOfPage":{"@id":"https:\/\/blogs.thesocialmedia.com\/leblogmoto\/2007\/05\/31\/un-prototype-de\/#primaryimage"},"image":{"@id":"https:\/\/blogs.thesocialmedia.com\/leblogmoto\/2007\/05\/31\/un-prototype-de\/#primaryimage"},"thumbnailUrl":"http:\/\/www.leblogmoto.com\/images\/2007\/05\/30\/baja_690ktm.jpg","datePublished":"2007-05-31T01:56:38+00:00","dateModified":"2012-07-11T14:40:48+00:00","author":{"@id":"https:\/\/blogs.thesocialmedia.com\/leblogmoto\/#\/schema\/person\/b496d27c898c29a39678e2425cafb9ae"},"breadcrumb":{"@id":"https:\/\/blogs.thesocialmedia.com\/leblogmoto\/2007\/05\/31\/un-prototype-de\/#breadcrumb"},"inLanguage":"fr-FR","potentialAction":[{"@type":"ReadAction","target":["https:\/\/blogs.thesocialmedia.com\/leblogmoto\/2007\/05\/31\/un-prototype-de\/"]}]},{"@type":"ImageObject","inLanguage":"fr-FR","@id":"https:\/\/blogs.thesocialmedia.com\/leblogmoto\/2007\/05\/31\/un-prototype-de\/#primaryimage","url":"http:\/\/www.leblogmoto.com\/images\/2007\/05\/30\/baja_690ktm.jpg","contentUrl":"http:\/\/www.leblogmoto.com\/images\/2007\/05\/30\/baja_690ktm.jpg"},{"@type":"BreadcrumbList","@id":"https:\/\/blogs.thesocialmedia.com\/leblogmoto\/2007\/05\/31\/un-prototype-de\/#breadcrumb","itemListElement":[{"@type":"ListItem","position":1,"name":"Accueil","item":"https:\/\/blogs.thesocialmedia.com\/leblogmoto\/"},{"@type":"ListItem","position":2,"name":"Tests grandeur nature pour la future KTM 690"}]},{"@type":"WebSite","@id":"https:\/\/blogs.thesocialmedia.com\/leblogmoto\/#website","url":"https:\/\/blogs.thesocialmedia.com\/leblogmoto\/","name":"leblogmoto","description":"Toute l&#039;actualit\u00e9 des 2 roues","potentialAction":[{"@type":"SearchAction","target":{"@type":"EntryPoint","urlTemplate":"https:\/\/blogs.thesocialmedia.com\/leblogmoto\/?s={search_term_string}"},"query-input":{"@type":"PropertyValueSpecification","valueRequired":true,"valueName":"search_term_string"}}],"inLanguage":"fr-FR"},{"@type":"Person","@id":"https:\/\/blogs.thesocialmedia.com\/leblogmoto\/#\/schema\/person\/b496d27c898c29a39678e2425cafb9ae","name":"albin le guyader","image":{"@type":"ImageObject","inLanguage":"fr-FR","@id":"https:\/\/blogs.thesocialmedia.com\/leblogmoto\/#\/schema\/person\/image\/","url":"https:\/\/secure.gravatar.com\/avatar\/?s=96&d=mm&r=g","contentUrl":"https:\/\/secure.gravatar.com\/avatar\/?s=96&d=mm&r=g","caption":"albin le guyader"},"url":"https:\/\/blogs.thesocialmedia.com\/leblogmoto\/author\/albin-le-guyader\/"}]}},"_links":{"self":[{"href":"https:\/\/blogs.thesocialmedia.com\/leblogmoto\/wp-json\/wp\/v2\/posts\/1348","targetHints":{"allow":["GET"]}}],"collection":[{"href":"https:\/\/blogs.thesocialmedia.com\/leblogmoto\/wp-json\/wp\/v2\/posts"}],"about":[{"href":"https:\/\/blogs.thesocialmedia.com\/leblogmoto\/wp-json\/wp\/v2\/types\/post"}],"author":[{"embeddable":true,"href":"https:\/\/blogs.thesocialmedia.com\/leblogmoto\/wp-json\/wp\/v2\/users\/323"}],"replies":[{"embeddable":true,"href":"https:\/\/blogs.thesocialmedia.com\/leblogmoto\/wp-json\/wp\/v2\/comments?post=1348"}],"version-history":[{"count":2,"href":"https:\/\/blogs.thesocialmedia.com\/leblogmoto\/wp-json\/wp\/v2\/posts\/1348\/revisions"}],"predecessor-version":[{"id":8463,"href":"https:\/\/blogs.thesocialmedia.com\/leblogmoto\/wp-json\/wp\/v2\/posts\/1348\/revisions\/8463"}],"wp:attachment":[{"href":"https:\/\/blogs.thesocialmedia.com\/leblogmoto\/wp-json\/wp\/v2\/media?parent=1348"}],"wp:term":[{"taxonomy":"category","embeddable":true,"href":"https:\/\/blogs.thesocialmedia.com\/leblogmoto\/wp-json\/wp\/v2\/categories?post=1348"},{"taxonomy":"post_tag","embeddable":true,"href":"https:\/\/blogs.thesocialmedia.com\/leblogmoto\/wp-json\/wp\/v2\/tags?post=1348"}],"curies":[{"name":"wp","href":"https:\/\/api.w.org\/{rel}","templated":true}]}}