{"id":1349,"date":"2007-05-30T22:06:35","date_gmt":"2007-05-30T22:06:35","guid":{"rendered":"http:\/\/blogs.thesocialmedia.com\/leblogmoto\/2007\/05\/30\/givi-masque-ant\/"},"modified":"2012-07-11T14:40:45","modified_gmt":"2012-07-11T14:40:45","slug":"givi-masque-ant","status":"publish","type":"post","link":"https:\/\/blogs.thesocialmedia.com\/leblogmoto\/2007\/05\/30\/givi-masque-ant\/","title":{"rendered":"Givi : Masque anti-pollution"},"content":{"rendered":"<p><a href=\"http:\/\/blogs.thesocialmedia.com\/leblogmoto\/files\/2012\/07\/masque_anti_pollution.jpg\"><img loading=\"lazy\" decoding=\"async\" height=\"250\" alt=\"Masque_anti_pollution\" src=\"http:\/\/www.leblogmoto.com\/images\/2007\/05\/30\/masque_anti_pollution.jpg\" width=\"250\"  \/><\/a> Il est vrai qu&rsquo;\u00e0 moto ou \u00e0 scooter, nous sommes plus soumis \u00e0 la pollution que les automobilistes. C&rsquo;est dans cette id\u00e9e que <a href=\"http:\/\/www.givi.fr\/\">Givi<\/a> a d\u00e9cid\u00e9 de concevoir un masque antipollution adaptable sur ses casques jet et la plupart des casques jet du march\u00e9. Le mat\u00e9riau utilis\u00e9 est la mousse polyur\u00e9thane noire avec filtre de respiration et sa fixation se fait avec des oeillets. Il permet aussi de prot\u00e9ger ceux qui ont un jet \u00e0 \u00e9cran court contre les intemp\u00e9ries que cela soit en hiver ou sous la pluie.<br \/>Son prix est contenu : 35\u20ac<br \/>Il est disponible sur <a href=\"http:\/\/www.givi.fr\/\">Givi.fr<\/a> ou pour plus d&rsquo;infos sur les points de vente : 04 72 25 79 41 <\/p>\n","protected":false},"excerpt":{"rendered":"<p>Il est vrai qu&rsquo;\u00e0 moto ou \u00e0 scooter, nous sommes plus soumis \u00e0 la pollution que les automobilistes. C&rsquo;est dans cette id\u00e9e que Givi a d\u00e9cid\u00e9 de concevoir un masque antipollution adaptable sur ses casques jet et la plupart des casques jet du march\u00e9. Le mat\u00e9riau utilis\u00e9 est la mousse polyur\u00e9thane noire avec filtre de [&hellip;]<\/p>\n","protected":false},"author":329,"featured_media":0,"comment_status":"open","ping_status":"open","sticky":false,"template":"","format":"standard","meta":{"footnotes":""},"categories":[80],"tags":[],"class_list":["post-1349","post","type-post","status-publish","format-standard","hentry","category-trucs-et-astuces"],"yoast_head":"<!-- This site is optimized with the Yoast SEO plugin v26.0 - https:\/\/yoast.com\/wordpress\/plugins\/seo\/ -->\n<title>Givi : Masque anti-pollution - leblogmoto.com<\/title>\n<meta name=\"robots\" content=\"index, follow, max-snippet:-1, max-image-preview:large, max-video-preview:-1\" \/>\n<link rel=\"canonical\" href=\"https:\/\/blogs.thesocialmedia.com\/leblogmoto\/2007\/05\/30\/givi-masque-ant\/\" \/>\n<meta name=\"twitter:card\" content=\"summary_large_image\" \/>\n<meta name=\"twitter:title\" content=\"Givi : Masque anti-pollution - leblogmoto.com\" \/>\n<meta name=\"twitter:description\" content=\"Il est vrai qu&rsquo;\u00e0 moto ou \u00e0 scooter, nous sommes plus soumis \u00e0 la pollution que les automobilistes. C&rsquo;est dans cette id\u00e9e que Givi a d\u00e9cid\u00e9 de concevoir un masque antipollution adaptable sur ses casques jet et la plupart des casques jet du march\u00e9. Le mat\u00e9riau utilis\u00e9 est la mousse polyur\u00e9thane noire avec filtre de [&hellip;]\" \/>\n<meta name=\"twitter:image\" content=\"http:\/\/www.leblogmoto.com\/images\/2007\/05\/30\/masque_anti_pollution.jpg\" \/>\n<meta name=\"twitter:label1\" content=\"\u00c9crit par\" \/>\n\t<meta name=\"twitter:data1\" content=\"gregory boucaud\" \/>\n\t<meta name=\"twitter:label2\" content=\"Dur\u00e9e de lecture estim\u00e9e\" \/>\n\t<meta name=\"twitter:data2\" content=\"1 minute\" \/>\n<script type=\"application\/ld+json\" class=\"yoast-schema-graph\">{\"@context\":\"https:\/\/schema.org\",\"@graph\":[{\"@type\":\"WebPage\",\"@id\":\"https:\/\/blogs.thesocialmedia.com\/leblogmoto\/2007\/05\/30\/givi-masque-ant\/\",\"url\":\"https:\/\/blogs.thesocialmedia.com\/leblogmoto\/2007\/05\/30\/givi-masque-ant\/\",\"name\":\"Givi : Masque anti-pollution - leblogmoto.com\",\"isPartOf\":{\"@id\":\"https:\/\/blogs.thesocialmedia.com\/leblogmoto\/#website\"},\"primaryImageOfPage\":{\"@id\":\"https:\/\/blogs.thesocialmedia.com\/leblogmoto\/2007\/05\/30\/givi-masque-ant\/#primaryimage\"},\"image\":{\"@id\":\"https:\/\/blogs.thesocialmedia.com\/leblogmoto\/2007\/05\/30\/givi-masque-ant\/#primaryimage\"},\"thumbnailUrl\":\"http:\/\/www.leblogmoto.com\/images\/2007\/05\/30\/masque_anti_pollution.jpg\",\"datePublished\":\"2007-05-30T22:06:35+00:00\",\"dateModified\":\"2012-07-11T14:40:45+00:00\",\"author\":{\"@id\":\"https:\/\/blogs.thesocialmedia.com\/leblogmoto\/#\/schema\/person\/769623f89741cc3381675029a37764f8\"},\"breadcrumb\":{\"@id\":\"https:\/\/blogs.thesocialmedia.com\/leblogmoto\/2007\/05\/30\/givi-masque-ant\/#breadcrumb\"},\"inLanguage\":\"fr-FR\",\"potentialAction\":[{\"@type\":\"ReadAction\",\"target\":[\"https:\/\/blogs.thesocialmedia.com\/leblogmoto\/2007\/05\/30\/givi-masque-ant\/\"]}]},{\"@type\":\"ImageObject\",\"inLanguage\":\"fr-FR\",\"@id\":\"https:\/\/blogs.thesocialmedia.com\/leblogmoto\/2007\/05\/30\/givi-masque-ant\/#primaryimage\",\"url\":\"http:\/\/www.leblogmoto.com\/images\/2007\/05\/30\/masque_anti_pollution.jpg\",\"contentUrl\":\"http:\/\/www.leblogmoto.com\/images\/2007\/05\/30\/masque_anti_pollution.jpg\"},{\"@type\":\"BreadcrumbList\",\"@id\":\"https:\/\/blogs.thesocialmedia.com\/leblogmoto\/2007\/05\/30\/givi-masque-ant\/#breadcrumb\",\"itemListElement\":[{\"@type\":\"ListItem\",\"position\":1,\"name\":\"Accueil\",\"item\":\"https:\/\/blogs.thesocialmedia.com\/leblogmoto\/\"},{\"@type\":\"ListItem\",\"position\":2,\"name\":\"Givi : Masque anti-pollution\"}]},{\"@type\":\"WebSite\",\"@id\":\"https:\/\/blogs.thesocialmedia.com\/leblogmoto\/#website\",\"url\":\"https:\/\/blogs.thesocialmedia.com\/leblogmoto\/\",\"name\":\"leblogmoto\",\"description\":\"Toute l&#039;actualit\u00e9 des 2 roues\",\"potentialAction\":[{\"@type\":\"SearchAction\",\"target\":{\"@type\":\"EntryPoint\",\"urlTemplate\":\"https:\/\/blogs.thesocialmedia.com\/leblogmoto\/?s={search_term_string}\"},\"query-input\":{\"@type\":\"PropertyValueSpecification\",\"valueRequired\":true,\"valueName\":\"search_term_string\"}}],\"inLanguage\":\"fr-FR\"},{\"@type\":\"Person\",\"@id\":\"https:\/\/blogs.thesocialmedia.com\/leblogmoto\/#\/schema\/person\/769623f89741cc3381675029a37764f8\",\"name\":\"gregory boucaud\",\"image\":{\"@type\":\"ImageObject\",\"inLanguage\":\"fr-FR\",\"@id\":\"https:\/\/blogs.thesocialmedia.com\/leblogmoto\/#\/schema\/person\/image\/\",\"url\":\"https:\/\/secure.gravatar.com\/avatar\/?s=96&d=mm&r=g\",\"contentUrl\":\"https:\/\/secure.gravatar.com\/avatar\/?s=96&d=mm&r=g\",\"caption\":\"gregory boucaud\"},\"url\":\"https:\/\/blogs.thesocialmedia.com\/leblogmoto\/author\/gregory-boucaud\/\"}]}<\/script>\n<!-- \/ Yoast SEO plugin. -->","yoast_head_json":{"title":"Givi : Masque anti-pollution - leblogmoto.com","robots":{"index":"index","follow":"follow","max-snippet":"max-snippet:-1","max-image-preview":"max-image-preview:large","max-video-preview":"max-video-preview:-1"},"canonical":"https:\/\/blogs.thesocialmedia.com\/leblogmoto\/2007\/05\/30\/givi-masque-ant\/","twitter_card":"summary_large_image","twitter_title":"Givi : Masque anti-pollution - leblogmoto.com","twitter_description":"Il est vrai qu&rsquo;\u00e0 moto ou \u00e0 scooter, nous sommes plus soumis \u00e0 la pollution que les automobilistes. C&rsquo;est dans cette id\u00e9e que Givi a d\u00e9cid\u00e9 de concevoir un masque antipollution adaptable sur ses casques jet et la plupart des casques jet du march\u00e9. Le mat\u00e9riau utilis\u00e9 est la mousse polyur\u00e9thane noire avec filtre de [&hellip;]","twitter_image":"http:\/\/www.leblogmoto.com\/images\/2007\/05\/30\/masque_anti_pollution.jpg","twitter_misc":{"\u00c9crit par":"gregory boucaud","Dur\u00e9e de lecture estim\u00e9e":"1 minute"},"schema":{"@context":"https:\/\/schema.org","@graph":[{"@type":"WebPage","@id":"https:\/\/blogs.thesocialmedia.com\/leblogmoto\/2007\/05\/30\/givi-masque-ant\/","url":"https:\/\/blogs.thesocialmedia.com\/leblogmoto\/2007\/05\/30\/givi-masque-ant\/","name":"Givi : Masque anti-pollution - leblogmoto.com","isPartOf":{"@id":"https:\/\/blogs.thesocialmedia.com\/leblogmoto\/#website"},"primaryImageOfPage":{"@id":"https:\/\/blogs.thesocialmedia.com\/leblogmoto\/2007\/05\/30\/givi-masque-ant\/#primaryimage"},"image":{"@id":"https:\/\/blogs.thesocialmedia.com\/leblogmoto\/2007\/05\/30\/givi-masque-ant\/#primaryimage"},"thumbnailUrl":"http:\/\/www.leblogmoto.com\/images\/2007\/05\/30\/masque_anti_pollution.jpg","datePublished":"2007-05-30T22:06:35+00:00","dateModified":"2012-07-11T14:40:45+00:00","author":{"@id":"https:\/\/blogs.thesocialmedia.com\/leblogmoto\/#\/schema\/person\/769623f89741cc3381675029a37764f8"},"breadcrumb":{"@id":"https:\/\/blogs.thesocialmedia.com\/leblogmoto\/2007\/05\/30\/givi-masque-ant\/#breadcrumb"},"inLanguage":"fr-FR","potentialAction":[{"@type":"ReadAction","target":["https:\/\/blogs.thesocialmedia.com\/leblogmoto\/2007\/05\/30\/givi-masque-ant\/"]}]},{"@type":"ImageObject","inLanguage":"fr-FR","@id":"https:\/\/blogs.thesocialmedia.com\/leblogmoto\/2007\/05\/30\/givi-masque-ant\/#primaryimage","url":"http:\/\/www.leblogmoto.com\/images\/2007\/05\/30\/masque_anti_pollution.jpg","contentUrl":"http:\/\/www.leblogmoto.com\/images\/2007\/05\/30\/masque_anti_pollution.jpg"},{"@type":"BreadcrumbList","@id":"https:\/\/blogs.thesocialmedia.com\/leblogmoto\/2007\/05\/30\/givi-masque-ant\/#breadcrumb","itemListElement":[{"@type":"ListItem","position":1,"name":"Accueil","item":"https:\/\/blogs.thesocialmedia.com\/leblogmoto\/"},{"@type":"ListItem","position":2,"name":"Givi : Masque anti-pollution"}]},{"@type":"WebSite","@id":"https:\/\/blogs.thesocialmedia.com\/leblogmoto\/#website","url":"https:\/\/blogs.thesocialmedia.com\/leblogmoto\/","name":"leblogmoto","description":"Toute l&#039;actualit\u00e9 des 2 roues","potentialAction":[{"@type":"SearchAction","target":{"@type":"EntryPoint","urlTemplate":"https:\/\/blogs.thesocialmedia.com\/leblogmoto\/?s={search_term_string}"},"query-input":{"@type":"PropertyValueSpecification","valueRequired":true,"valueName":"search_term_string"}}],"inLanguage":"fr-FR"},{"@type":"Person","@id":"https:\/\/blogs.thesocialmedia.com\/leblogmoto\/#\/schema\/person\/769623f89741cc3381675029a37764f8","name":"gregory boucaud","image":{"@type":"ImageObject","inLanguage":"fr-FR","@id":"https:\/\/blogs.thesocialmedia.com\/leblogmoto\/#\/schema\/person\/image\/","url":"https:\/\/secure.gravatar.com\/avatar\/?s=96&d=mm&r=g","contentUrl":"https:\/\/secure.gravatar.com\/avatar\/?s=96&d=mm&r=g","caption":"gregory boucaud"},"url":"https:\/\/blogs.thesocialmedia.com\/leblogmoto\/author\/gregory-boucaud\/"}]}},"_links":{"self":[{"href":"https:\/\/blogs.thesocialmedia.com\/leblogmoto\/wp-json\/wp\/v2\/posts\/1349","targetHints":{"allow":["GET"]}}],"collection":[{"href":"https:\/\/blogs.thesocialmedia.com\/leblogmoto\/wp-json\/wp\/v2\/posts"}],"about":[{"href":"https:\/\/blogs.thesocialmedia.com\/leblogmoto\/wp-json\/wp\/v2\/types\/post"}],"author":[{"embeddable":true,"href":"https:\/\/blogs.thesocialmedia.com\/leblogmoto\/wp-json\/wp\/v2\/users\/329"}],"replies":[{"embeddable":true,"href":"https:\/\/blogs.thesocialmedia.com\/leblogmoto\/wp-json\/wp\/v2\/comments?post=1349"}],"version-history":[{"count":2,"href":"https:\/\/blogs.thesocialmedia.com\/leblogmoto\/wp-json\/wp\/v2\/posts\/1349\/revisions"}],"predecessor-version":[{"id":8460,"href":"https:\/\/blogs.thesocialmedia.com\/leblogmoto\/wp-json\/wp\/v2\/posts\/1349\/revisions\/8460"}],"wp:attachment":[{"href":"https:\/\/blogs.thesocialmedia.com\/leblogmoto\/wp-json\/wp\/v2\/media?parent=1349"}],"wp:term":[{"taxonomy":"category","embeddable":true,"href":"https:\/\/blogs.thesocialmedia.com\/leblogmoto\/wp-json\/wp\/v2\/categories?post=1349"},{"taxonomy":"post_tag","embeddable":true,"href":"https:\/\/blogs.thesocialmedia.com\/leblogmoto\/wp-json\/wp\/v2\/tags?post=1349"}],"curies":[{"name":"wp","href":"https:\/\/api.w.org\/{rel}","templated":true}]}}