{"id":1350,"date":"2007-05-30T21:32:22","date_gmt":"2007-05-30T21:32:22","guid":{"rendered":"http:\/\/blogs.thesocialmedia.com\/leblogmoto\/2007\/05\/30\/honda-cbr-days\/"},"modified":"2012-07-11T14:40:44","modified_gmt":"2012-07-11T14:40:44","slug":"honda-cbr-days","status":"publish","type":"post","link":"https:\/\/blogs.thesocialmedia.com\/leblogmoto\/2007\/05\/30\/honda-cbr-days\/","title":{"rendered":"Honda : CBR Days"},"content":{"rendered":"<p><a href=\"http:\/\/blogs.thesocialmedia.com\/leblogmoto\/files\/2012\/07\/cbrdays07.jpg\"><img loading=\"lazy\" decoding=\"async\" height=\"154\" alt=\"Cbrdays07\" src=\"http:\/\/www.leblogmoto.com\/images\/2007\/05\/30\/cbrdays07.jpg\" width=\"470\"  \/><\/a> Pour les amateurs de la Honda CBR, il y a la troisi\u00e8me \u00e9dition des CBR Days organis\u00e9s les 9 et 10 juin 2007 par le CyBeR <a href=\"http:\/\/www.lagambas.com\">Moto-club lagambas.com<\/a>. <\/p>\n<p>Cet \u00e9v\u00e8nement se d\u00e9roulera en Loz\u00e8re, dans les alentours de MARVEJOLS. MARVEJOLS \u00e9tant situ\u00e9 \u00e0 6 kms de l&rsquo;autoroute A75, \u00e0 160kms au sud de CLERMONT FERRAND, et \u00e0 70kms au nord de MILLAU. Le d\u00e9partement de la Loz\u00e8re \u00e0 la particularit\u00e9 d&rsquo;offrir des routes superbes avec de nombreux virages. Les itin\u00e9raires pr\u00e9vus pour les 09 et 10<span lang=\"fr\"> juin 2007<\/span> vous feront d\u00e9couvrir une partie du d\u00e9partement<span lang=\"fr\"> de la Loz\u00e8re.<\/span> Sachez que nous ferons environ 330 kms le samedi ce qui est un peu plus que les autres ann\u00e9es.<\/p>\n<p>Rendez-vous donc le samedi 09 aux alentours de 09H00 sur place, n\u00e9anmoins sachez qu&rsquo;il y aura un barbecue le vendredi 08 juin au soir. Donc si vous d\u00e9sirez y participer il vous faudra donc arriver le vendredi dans l&rsquo;apr\u00e8s midi. <\/p>\n<p><strong>Au programme :<\/strong> Divers balades dont vous verrez le d\u00e9tail sur le site ci-dessous.<\/p>\n<p><strong>Tarifs :<\/strong> <\/p>\n<p>Pour les membres adh\u00e9rents au <a href=\"http:\/\/www.lagambas.com\">CyBeR Moto-club lagambas.com<\/a> :<br \/>Le tarif est de <span lang=\"fr\">70<\/span>\u20ac (par membre) pour les deux jours CBR Days et \u00e9ventuellement de 10\u20ac suppl\u00e9mentaires pour l&rsquo;ap\u00e9ritif\/barbecue, soit un total de 80\u20ac pour l&rsquo;ensemble. Si vous ne d\u00e9sirez pas participer \u00e0 l&rsquo;ap\u00e9ro\/barbecue vous ne r\u00e9glerez que 70\u20ac.<br \/>Pour b\u00e9n\u00e9ficier de ce tarif, vous devez bien sur \u00eatre \u00e0 jour de votre cotisation \u00e0 la date du rassemblement. <\/p>\n<p>Pour les participants non adh\u00e9rents au <a href=\"http:\/\/www.lagambas.com\">CyBeR Moto-club lagambas.com<\/a> :<br \/>Le tarif est de <span lang=\"fr\">85<\/span>\u20ac (par personne) pour les deux jours CBR Days et \u00e9ventuellement de 14\u20ac suppl\u00e9mentaires pour l&rsquo;ap\u00e9ritif\/barbecue, soit un total de 99\u20ac pour l&rsquo;ensemble. Si vous ne d\u00e9sirez pas participer \u00e0 l&rsquo;ap\u00e9ro\/barbecue vous ne r\u00e9glerez que 85\u20ac.\u20ac<\/p>\n<p>Pour plus d&rsquo;information, rendez-vous sur <a href=\"http:\/\/www.lagambas.com\">Lagambas.com<\/a> et pour l&rsquo;inscription <a href=\"http:\/\/www.lagambas.com\/cbrdays\/2007\/bulletin_inscription.pdf\">ici<\/a>.<\/p>\n<p>Alors si vous avez un CBR et que vous souhaitez faire une balade ce week-end l\u00e0, n&rsquo;h\u00e9sitez pas car le nombre de places est limit\u00e9 \u00e0 quarante personnes.<\/p>\n<p>Source : <a href=\"http:\/\/www.lagambas.com\/cbrdays\/2007\/bulletin_inscription.pdf\">Lagambas<\/a><\/p>\n","protected":false},"excerpt":{"rendered":"<p>Pour les amateurs de la Honda CBR, il y a la troisi\u00e8me \u00e9dition des CBR Days organis\u00e9s les 9 et 10 juin 2007 par le CyBeR Moto-club lagambas.com. Cet \u00e9v\u00e8nement se d\u00e9roulera en Loz\u00e8re, dans les alentours de MARVEJOLS. MARVEJOLS \u00e9tant situ\u00e9 \u00e0 6 kms de l&rsquo;autoroute A75, \u00e0 160kms au sud de CLERMONT FERRAND, [&hellip;]<\/p>\n","protected":false},"author":329,"featured_media":0,"comment_status":"open","ping_status":"open","sticky":false,"template":"","format":"standard","meta":{"footnotes":""},"categories":[14],"tags":[],"class_list":["post-1350","post","type-post","status-publish","format-standard","hentry","category-honda"],"yoast_head":"<!-- This site is optimized with the Yoast SEO plugin v26.0 - https:\/\/yoast.com\/wordpress\/plugins\/seo\/ -->\n<title>Honda : CBR Days - leblogmoto.com<\/title>\n<meta name=\"robots\" content=\"index, follow, max-snippet:-1, max-image-preview:large, max-video-preview:-1\" \/>\n<link rel=\"canonical\" href=\"https:\/\/blogs.thesocialmedia.com\/leblogmoto\/2007\/05\/30\/honda-cbr-days\/\" \/>\n<meta name=\"twitter:card\" content=\"summary_large_image\" \/>\n<meta name=\"twitter:title\" content=\"Honda : CBR Days - leblogmoto.com\" \/>\n<meta name=\"twitter:description\" content=\"Pour les amateurs de la Honda CBR, il y a la troisi\u00e8me \u00e9dition des CBR Days organis\u00e9s les 9 et 10 juin 2007 par le CyBeR Moto-club lagambas.com. Cet \u00e9v\u00e8nement se d\u00e9roulera en Loz\u00e8re, dans les alentours de MARVEJOLS. MARVEJOLS \u00e9tant situ\u00e9 \u00e0 6 kms de l&rsquo;autoroute A75, \u00e0 160kms au sud de CLERMONT FERRAND, [&hellip;]\" \/>\n<meta name=\"twitter:image\" content=\"http:\/\/www.leblogmoto.com\/images\/2007\/05\/30\/cbrdays07.jpg\" \/>\n<meta name=\"twitter:label1\" content=\"\u00c9crit par\" \/>\n\t<meta name=\"twitter:data1\" content=\"gregory boucaud\" \/>\n\t<meta name=\"twitter:label2\" content=\"Dur\u00e9e de lecture estim\u00e9e\" \/>\n\t<meta name=\"twitter:data2\" content=\"2 minutes\" \/>\n<script type=\"application\/ld+json\" class=\"yoast-schema-graph\">{\"@context\":\"https:\/\/schema.org\",\"@graph\":[{\"@type\":\"WebPage\",\"@id\":\"https:\/\/blogs.thesocialmedia.com\/leblogmoto\/2007\/05\/30\/honda-cbr-days\/\",\"url\":\"https:\/\/blogs.thesocialmedia.com\/leblogmoto\/2007\/05\/30\/honda-cbr-days\/\",\"name\":\"Honda : CBR Days - leblogmoto.com\",\"isPartOf\":{\"@id\":\"https:\/\/blogs.thesocialmedia.com\/leblogmoto\/#website\"},\"primaryImageOfPage\":{\"@id\":\"https:\/\/blogs.thesocialmedia.com\/leblogmoto\/2007\/05\/30\/honda-cbr-days\/#primaryimage\"},\"image\":{\"@id\":\"https:\/\/blogs.thesocialmedia.com\/leblogmoto\/2007\/05\/30\/honda-cbr-days\/#primaryimage\"},\"thumbnailUrl\":\"http:\/\/www.leblogmoto.com\/images\/2007\/05\/30\/cbrdays07.jpg\",\"datePublished\":\"2007-05-30T21:32:22+00:00\",\"dateModified\":\"2012-07-11T14:40:44+00:00\",\"author\":{\"@id\":\"https:\/\/blogs.thesocialmedia.com\/leblogmoto\/#\/schema\/person\/769623f89741cc3381675029a37764f8\"},\"breadcrumb\":{\"@id\":\"https:\/\/blogs.thesocialmedia.com\/leblogmoto\/2007\/05\/30\/honda-cbr-days\/#breadcrumb\"},\"inLanguage\":\"fr-FR\",\"potentialAction\":[{\"@type\":\"ReadAction\",\"target\":[\"https:\/\/blogs.thesocialmedia.com\/leblogmoto\/2007\/05\/30\/honda-cbr-days\/\"]}]},{\"@type\":\"ImageObject\",\"inLanguage\":\"fr-FR\",\"@id\":\"https:\/\/blogs.thesocialmedia.com\/leblogmoto\/2007\/05\/30\/honda-cbr-days\/#primaryimage\",\"url\":\"http:\/\/www.leblogmoto.com\/images\/2007\/05\/30\/cbrdays07.jpg\",\"contentUrl\":\"http:\/\/www.leblogmoto.com\/images\/2007\/05\/30\/cbrdays07.jpg\"},{\"@type\":\"BreadcrumbList\",\"@id\":\"https:\/\/blogs.thesocialmedia.com\/leblogmoto\/2007\/05\/30\/honda-cbr-days\/#breadcrumb\",\"itemListElement\":[{\"@type\":\"ListItem\",\"position\":1,\"name\":\"Accueil\",\"item\":\"https:\/\/blogs.thesocialmedia.com\/leblogmoto\/\"},{\"@type\":\"ListItem\",\"position\":2,\"name\":\"Honda : CBR Days\"}]},{\"@type\":\"WebSite\",\"@id\":\"https:\/\/blogs.thesocialmedia.com\/leblogmoto\/#website\",\"url\":\"https:\/\/blogs.thesocialmedia.com\/leblogmoto\/\",\"name\":\"leblogmoto\",\"description\":\"Toute l&#039;actualit\u00e9 des 2 roues\",\"potentialAction\":[{\"@type\":\"SearchAction\",\"target\":{\"@type\":\"EntryPoint\",\"urlTemplate\":\"https:\/\/blogs.thesocialmedia.com\/leblogmoto\/?s={search_term_string}\"},\"query-input\":{\"@type\":\"PropertyValueSpecification\",\"valueRequired\":true,\"valueName\":\"search_term_string\"}}],\"inLanguage\":\"fr-FR\"},{\"@type\":\"Person\",\"@id\":\"https:\/\/blogs.thesocialmedia.com\/leblogmoto\/#\/schema\/person\/769623f89741cc3381675029a37764f8\",\"name\":\"gregory boucaud\",\"image\":{\"@type\":\"ImageObject\",\"inLanguage\":\"fr-FR\",\"@id\":\"https:\/\/blogs.thesocialmedia.com\/leblogmoto\/#\/schema\/person\/image\/\",\"url\":\"https:\/\/secure.gravatar.com\/avatar\/?s=96&d=mm&r=g\",\"contentUrl\":\"https:\/\/secure.gravatar.com\/avatar\/?s=96&d=mm&r=g\",\"caption\":\"gregory boucaud\"},\"url\":\"https:\/\/blogs.thesocialmedia.com\/leblogmoto\/author\/gregory-boucaud\/\"}]}<\/script>\n<!-- \/ Yoast SEO plugin. -->","yoast_head_json":{"title":"Honda : CBR Days - leblogmoto.com","robots":{"index":"index","follow":"follow","max-snippet":"max-snippet:-1","max-image-preview":"max-image-preview:large","max-video-preview":"max-video-preview:-1"},"canonical":"https:\/\/blogs.thesocialmedia.com\/leblogmoto\/2007\/05\/30\/honda-cbr-days\/","twitter_card":"summary_large_image","twitter_title":"Honda : CBR Days - leblogmoto.com","twitter_description":"Pour les amateurs de la Honda CBR, il y a la troisi\u00e8me \u00e9dition des CBR Days organis\u00e9s les 9 et 10 juin 2007 par le CyBeR Moto-club lagambas.com. Cet \u00e9v\u00e8nement se d\u00e9roulera en Loz\u00e8re, dans les alentours de MARVEJOLS. MARVEJOLS \u00e9tant situ\u00e9 \u00e0 6 kms de l&rsquo;autoroute A75, \u00e0 160kms au sud de CLERMONT FERRAND, [&hellip;]","twitter_image":"http:\/\/www.leblogmoto.com\/images\/2007\/05\/30\/cbrdays07.jpg","twitter_misc":{"\u00c9crit par":"gregory boucaud","Dur\u00e9e de lecture estim\u00e9e":"2 minutes"},"schema":{"@context":"https:\/\/schema.org","@graph":[{"@type":"WebPage","@id":"https:\/\/blogs.thesocialmedia.com\/leblogmoto\/2007\/05\/30\/honda-cbr-days\/","url":"https:\/\/blogs.thesocialmedia.com\/leblogmoto\/2007\/05\/30\/honda-cbr-days\/","name":"Honda : CBR Days - leblogmoto.com","isPartOf":{"@id":"https:\/\/blogs.thesocialmedia.com\/leblogmoto\/#website"},"primaryImageOfPage":{"@id":"https:\/\/blogs.thesocialmedia.com\/leblogmoto\/2007\/05\/30\/honda-cbr-days\/#primaryimage"},"image":{"@id":"https:\/\/blogs.thesocialmedia.com\/leblogmoto\/2007\/05\/30\/honda-cbr-days\/#primaryimage"},"thumbnailUrl":"http:\/\/www.leblogmoto.com\/images\/2007\/05\/30\/cbrdays07.jpg","datePublished":"2007-05-30T21:32:22+00:00","dateModified":"2012-07-11T14:40:44+00:00","author":{"@id":"https:\/\/blogs.thesocialmedia.com\/leblogmoto\/#\/schema\/person\/769623f89741cc3381675029a37764f8"},"breadcrumb":{"@id":"https:\/\/blogs.thesocialmedia.com\/leblogmoto\/2007\/05\/30\/honda-cbr-days\/#breadcrumb"},"inLanguage":"fr-FR","potentialAction":[{"@type":"ReadAction","target":["https:\/\/blogs.thesocialmedia.com\/leblogmoto\/2007\/05\/30\/honda-cbr-days\/"]}]},{"@type":"ImageObject","inLanguage":"fr-FR","@id":"https:\/\/blogs.thesocialmedia.com\/leblogmoto\/2007\/05\/30\/honda-cbr-days\/#primaryimage","url":"http:\/\/www.leblogmoto.com\/images\/2007\/05\/30\/cbrdays07.jpg","contentUrl":"http:\/\/www.leblogmoto.com\/images\/2007\/05\/30\/cbrdays07.jpg"},{"@type":"BreadcrumbList","@id":"https:\/\/blogs.thesocialmedia.com\/leblogmoto\/2007\/05\/30\/honda-cbr-days\/#breadcrumb","itemListElement":[{"@type":"ListItem","position":1,"name":"Accueil","item":"https:\/\/blogs.thesocialmedia.com\/leblogmoto\/"},{"@type":"ListItem","position":2,"name":"Honda : CBR Days"}]},{"@type":"WebSite","@id":"https:\/\/blogs.thesocialmedia.com\/leblogmoto\/#website","url":"https:\/\/blogs.thesocialmedia.com\/leblogmoto\/","name":"leblogmoto","description":"Toute l&#039;actualit\u00e9 des 2 roues","potentialAction":[{"@type":"SearchAction","target":{"@type":"EntryPoint","urlTemplate":"https:\/\/blogs.thesocialmedia.com\/leblogmoto\/?s={search_term_string}"},"query-input":{"@type":"PropertyValueSpecification","valueRequired":true,"valueName":"search_term_string"}}],"inLanguage":"fr-FR"},{"@type":"Person","@id":"https:\/\/blogs.thesocialmedia.com\/leblogmoto\/#\/schema\/person\/769623f89741cc3381675029a37764f8","name":"gregory boucaud","image":{"@type":"ImageObject","inLanguage":"fr-FR","@id":"https:\/\/blogs.thesocialmedia.com\/leblogmoto\/#\/schema\/person\/image\/","url":"https:\/\/secure.gravatar.com\/avatar\/?s=96&d=mm&r=g","contentUrl":"https:\/\/secure.gravatar.com\/avatar\/?s=96&d=mm&r=g","caption":"gregory boucaud"},"url":"https:\/\/blogs.thesocialmedia.com\/leblogmoto\/author\/gregory-boucaud\/"}]}},"_links":{"self":[{"href":"https:\/\/blogs.thesocialmedia.com\/leblogmoto\/wp-json\/wp\/v2\/posts\/1350","targetHints":{"allow":["GET"]}}],"collection":[{"href":"https:\/\/blogs.thesocialmedia.com\/leblogmoto\/wp-json\/wp\/v2\/posts"}],"about":[{"href":"https:\/\/blogs.thesocialmedia.com\/leblogmoto\/wp-json\/wp\/v2\/types\/post"}],"author":[{"embeddable":true,"href":"https:\/\/blogs.thesocialmedia.com\/leblogmoto\/wp-json\/wp\/v2\/users\/329"}],"replies":[{"embeddable":true,"href":"https:\/\/blogs.thesocialmedia.com\/leblogmoto\/wp-json\/wp\/v2\/comments?post=1350"}],"version-history":[{"count":2,"href":"https:\/\/blogs.thesocialmedia.com\/leblogmoto\/wp-json\/wp\/v2\/posts\/1350\/revisions"}],"predecessor-version":[{"id":8458,"href":"https:\/\/blogs.thesocialmedia.com\/leblogmoto\/wp-json\/wp\/v2\/posts\/1350\/revisions\/8458"}],"wp:attachment":[{"href":"https:\/\/blogs.thesocialmedia.com\/leblogmoto\/wp-json\/wp\/v2\/media?parent=1350"}],"wp:term":[{"taxonomy":"category","embeddable":true,"href":"https:\/\/blogs.thesocialmedia.com\/leblogmoto\/wp-json\/wp\/v2\/categories?post=1350"},{"taxonomy":"post_tag","embeddable":true,"href":"https:\/\/blogs.thesocialmedia.com\/leblogmoto\/wp-json\/wp\/v2\/tags?post=1350"}],"curies":[{"name":"wp","href":"https:\/\/api.w.org\/{rel}","templated":true}]}}