{"id":1353,"date":"2007-05-29T21:28:26","date_gmt":"2007-05-29T21:28:26","guid":{"rendered":"http:\/\/blogs.thesocialmedia.com\/leblogmoto\/2007\/05\/29\/ffmc-incohrence\/"},"modified":"2012-07-11T14:40:38","modified_gmt":"2012-07-11T14:40:38","slug":"ffmc-incohrence","status":"publish","type":"post","link":"https:\/\/blogs.thesocialmedia.com\/leblogmoto\/2007\/05\/29\/ffmc-incohrence\/","title":{"rendered":"FFMC : Incoh\u00e9rence dans le discours du gouvernement"},"content":{"rendered":"<p><a href=\"http:\/\/blogs.thesocialmedia.com\/leblogmoto\/files\/2012\/07\/panneau_radar_fixe.jpg\"><img loading=\"lazy\" decoding=\"async\" height=\"200\" alt=\"Panneau_radar_fixe\" src=\"http:\/\/www.leblogmoto.com\/images\/2007\/05\/29\/panneau_radar_fixe.jpg\" width=\"250\"  \/><\/a> Depuis l&rsquo;\u00e9lection du nouveau Pr\u00e9sident de la R\u00e9publique M. <a href=\"http:\/\/fr.wikipedia.org\/wiki\/Sarkozy\">Nicolas Sarkozy<\/a>, de nouvelles mesures sont en train d&rsquo;\u00eatre mises en place. Actuellement, ce sont les panneaux indiquant la proximit\u00e9 de radars automatiques qui sont remis en cause, c&rsquo;est donc pour cela que la <a href=\"http:\/\/www.ffmc.asso.fr\/\">FFMC<\/a> a d\u00e9cid\u00e9 de r\u00e9pondre \u00e0 cette mesure si jamais elle vient \u00e0 \u00eatre emmploy\u00e9.<\/p>\n<p>&quot;Alors que les radars automatiques continuent de flasher all\u00e8grement les v\u00e9hicules, (pr\u00e8s de 3 500 000 infractions constat\u00e9es en 2006, plus 8 millions de points retir\u00e9s) cela ne semble pas encore suffisant pour le gouvernement dont le secr\u00e9taire d\u2019\u00e9tat aux transports, Dominique Bussereau envisage la suppression des panneaux permettant leur signalisation&quot; annonce la <a href=\"http:\/\/www.ffmc.asso.fr\/\">FFMC<\/a>.<\/p>\n<p><a href=\"http:\/\/www.ffmc.asso.fr\/\">Elle<\/a> ajoute aussi que &quot;Pourtant, ces radars cens\u00e9s \u00eatre positionn\u00e9s dans des endroits accidentog\u00e8nes (mais aussi plus s\u00fbrement aux endroits o\u00f9 ils rapportent) devaient \u00eatre des \u2018outils de pr\u00e9vention\u2019 afin de faire ralentir les automobilistes. Avec cette annonce, l\u2019hypocrisie de ces bandits manchots \u00e9clate au grand jour : il s\u2019agit bien de pi\u00e9ger les usagers de la route, de faire rentrer les sous et non plus de faire ralentir la circulation.&quot;<\/p>\n<p>Cela soul\u00e8ve donc la question de la &quot;discrimination \u00e9conomique devant la sanction, entre ceux qui ont les moyens d\u2019avoir le mat\u00e9riel n\u00e9cessaire (GPS, infos radars, abonnement internet, \u2026) et les autres qui ne le peuvent pas.&quot;<\/p>\n<p>En conclusion, la <a href=\"http:\/\/www.ffmc.asso.fr\/\">FFMC<\/a> pense que &quot;ces annonces n\u2019augurent rien de bon, et si les d\u00e9cisions attendront sans doute la p\u00e9riode estivale (et les r\u00e9sultats des \u00e9lections l\u00e9gislatives\u2026), il est regrettable que les usagers de la route continuent d\u2019\u00eatre les vaches \u00e0 lait d\u2019un syst\u00e8me de transports devenant jour apr\u00e8s jour de plus en plus ouvertement r\u00e9pressif.&quot;<\/p>\n<p>C&rsquo;est vrai que sur le principe, nous devons nous soumettre au Code de la Route en repectant les limitations de vitesse. Seulement nous ne sommes pas des machines et donc nous ne sommes pas \u00e0 l&rsquo;abris d&rsquo;un petit \u00e9garement en d\u00e9passer la vitesse autoris\u00e9e de quelques km\/h (disons 5 ou 6), mais \u00e7a suffit pour se faire prendre. Alors mesure utile ou machine \u00e0 sous qu&rsquo;en pensez-vous ?<\/p>\n<p>Source : <a href=\"http:\/\/www.ffmc.asso.fr\/\">FFMC<\/a><\/p>\n","protected":false},"excerpt":{"rendered":"<p>Depuis l&rsquo;\u00e9lection du nouveau Pr\u00e9sident de la R\u00e9publique M. Nicolas Sarkozy, de nouvelles mesures sont en train d&rsquo;\u00eatre mises en place. Actuellement, ce sont les panneaux indiquant la proximit\u00e9 de radars automatiques qui sont remis en cause, c&rsquo;est donc pour cela que la FFMC a d\u00e9cid\u00e9 de r\u00e9pondre \u00e0 cette mesure si jamais elle vient [&hellip;]<\/p>\n","protected":false},"author":329,"featured_media":0,"comment_status":"open","ping_status":"open","sticky":false,"template":"","format":"standard","meta":{"footnotes":""},"categories":[3],"tags":[],"class_list":["post-1353","post","type-post","status-publish","format-standard","hentry","category-actualite"],"yoast_head":"<!-- This site is optimized with the Yoast SEO plugin v26.0 - https:\/\/yoast.com\/wordpress\/plugins\/seo\/ -->\n<title>FFMC : Incoh\u00e9rence dans le discours du gouvernement - leblogmoto.com<\/title>\n<meta name=\"robots\" content=\"index, follow, max-snippet:-1, max-image-preview:large, max-video-preview:-1\" \/>\n<link rel=\"canonical\" href=\"https:\/\/blogs.thesocialmedia.com\/leblogmoto\/2007\/05\/29\/ffmc-incohrence\/\" \/>\n<meta name=\"twitter:card\" content=\"summary_large_image\" \/>\n<meta name=\"twitter:title\" content=\"FFMC : Incoh\u00e9rence dans le discours du gouvernement - leblogmoto.com\" \/>\n<meta name=\"twitter:description\" content=\"Depuis l&rsquo;\u00e9lection du nouveau Pr\u00e9sident de la R\u00e9publique M. Nicolas Sarkozy, de nouvelles mesures sont en train d&rsquo;\u00eatre mises en place. Actuellement, ce sont les panneaux indiquant la proximit\u00e9 de radars automatiques qui sont remis en cause, c&rsquo;est donc pour cela que la FFMC a d\u00e9cid\u00e9 de r\u00e9pondre \u00e0 cette mesure si jamais elle vient [&hellip;]\" \/>\n<meta name=\"twitter:image\" content=\"http:\/\/www.leblogmoto.com\/images\/2007\/05\/29\/panneau_radar_fixe.jpg\" \/>\n<meta name=\"twitter:label1\" content=\"\u00c9crit par\" \/>\n\t<meta name=\"twitter:data1\" content=\"gregory boucaud\" \/>\n\t<meta name=\"twitter:label2\" content=\"Dur\u00e9e de lecture estim\u00e9e\" \/>\n\t<meta name=\"twitter:data2\" content=\"2 minutes\" \/>\n<script type=\"application\/ld+json\" class=\"yoast-schema-graph\">{\"@context\":\"https:\/\/schema.org\",\"@graph\":[{\"@type\":\"WebPage\",\"@id\":\"https:\/\/blogs.thesocialmedia.com\/leblogmoto\/2007\/05\/29\/ffmc-incohrence\/\",\"url\":\"https:\/\/blogs.thesocialmedia.com\/leblogmoto\/2007\/05\/29\/ffmc-incohrence\/\",\"name\":\"FFMC : Incoh\u00e9rence dans le discours du gouvernement - leblogmoto.com\",\"isPartOf\":{\"@id\":\"https:\/\/blogs.thesocialmedia.com\/leblogmoto\/#website\"},\"primaryImageOfPage\":{\"@id\":\"https:\/\/blogs.thesocialmedia.com\/leblogmoto\/2007\/05\/29\/ffmc-incohrence\/#primaryimage\"},\"image\":{\"@id\":\"https:\/\/blogs.thesocialmedia.com\/leblogmoto\/2007\/05\/29\/ffmc-incohrence\/#primaryimage\"},\"thumbnailUrl\":\"http:\/\/www.leblogmoto.com\/images\/2007\/05\/29\/panneau_radar_fixe.jpg\",\"datePublished\":\"2007-05-29T21:28:26+00:00\",\"dateModified\":\"2012-07-11T14:40:38+00:00\",\"author\":{\"@id\":\"https:\/\/blogs.thesocialmedia.com\/leblogmoto\/#\/schema\/person\/769623f89741cc3381675029a37764f8\"},\"breadcrumb\":{\"@id\":\"https:\/\/blogs.thesocialmedia.com\/leblogmoto\/2007\/05\/29\/ffmc-incohrence\/#breadcrumb\"},\"inLanguage\":\"fr-FR\",\"potentialAction\":[{\"@type\":\"ReadAction\",\"target\":[\"https:\/\/blogs.thesocialmedia.com\/leblogmoto\/2007\/05\/29\/ffmc-incohrence\/\"]}]},{\"@type\":\"ImageObject\",\"inLanguage\":\"fr-FR\",\"@id\":\"https:\/\/blogs.thesocialmedia.com\/leblogmoto\/2007\/05\/29\/ffmc-incohrence\/#primaryimage\",\"url\":\"http:\/\/www.leblogmoto.com\/images\/2007\/05\/29\/panneau_radar_fixe.jpg\",\"contentUrl\":\"http:\/\/www.leblogmoto.com\/images\/2007\/05\/29\/panneau_radar_fixe.jpg\"},{\"@type\":\"BreadcrumbList\",\"@id\":\"https:\/\/blogs.thesocialmedia.com\/leblogmoto\/2007\/05\/29\/ffmc-incohrence\/#breadcrumb\",\"itemListElement\":[{\"@type\":\"ListItem\",\"position\":1,\"name\":\"Accueil\",\"item\":\"https:\/\/blogs.thesocialmedia.com\/leblogmoto\/\"},{\"@type\":\"ListItem\",\"position\":2,\"name\":\"FFMC : Incoh\u00e9rence dans le discours du gouvernement\"}]},{\"@type\":\"WebSite\",\"@id\":\"https:\/\/blogs.thesocialmedia.com\/leblogmoto\/#website\",\"url\":\"https:\/\/blogs.thesocialmedia.com\/leblogmoto\/\",\"name\":\"leblogmoto\",\"description\":\"Toute l&#039;actualit\u00e9 des 2 roues\",\"potentialAction\":[{\"@type\":\"SearchAction\",\"target\":{\"@type\":\"EntryPoint\",\"urlTemplate\":\"https:\/\/blogs.thesocialmedia.com\/leblogmoto\/?s={search_term_string}\"},\"query-input\":{\"@type\":\"PropertyValueSpecification\",\"valueRequired\":true,\"valueName\":\"search_term_string\"}}],\"inLanguage\":\"fr-FR\"},{\"@type\":\"Person\",\"@id\":\"https:\/\/blogs.thesocialmedia.com\/leblogmoto\/#\/schema\/person\/769623f89741cc3381675029a37764f8\",\"name\":\"gregory boucaud\",\"image\":{\"@type\":\"ImageObject\",\"inLanguage\":\"fr-FR\",\"@id\":\"https:\/\/blogs.thesocialmedia.com\/leblogmoto\/#\/schema\/person\/image\/\",\"url\":\"https:\/\/secure.gravatar.com\/avatar\/?s=96&d=mm&r=g\",\"contentUrl\":\"https:\/\/secure.gravatar.com\/avatar\/?s=96&d=mm&r=g\",\"caption\":\"gregory boucaud\"},\"url\":\"https:\/\/blogs.thesocialmedia.com\/leblogmoto\/author\/gregory-boucaud\/\"}]}<\/script>\n<!-- \/ Yoast SEO plugin. -->","yoast_head_json":{"title":"FFMC : Incoh\u00e9rence dans le discours du gouvernement - leblogmoto.com","robots":{"index":"index","follow":"follow","max-snippet":"max-snippet:-1","max-image-preview":"max-image-preview:large","max-video-preview":"max-video-preview:-1"},"canonical":"https:\/\/blogs.thesocialmedia.com\/leblogmoto\/2007\/05\/29\/ffmc-incohrence\/","twitter_card":"summary_large_image","twitter_title":"FFMC : Incoh\u00e9rence dans le discours du gouvernement - leblogmoto.com","twitter_description":"Depuis l&rsquo;\u00e9lection du nouveau Pr\u00e9sident de la R\u00e9publique M. Nicolas Sarkozy, de nouvelles mesures sont en train d&rsquo;\u00eatre mises en place. Actuellement, ce sont les panneaux indiquant la proximit\u00e9 de radars automatiques qui sont remis en cause, c&rsquo;est donc pour cela que la FFMC a d\u00e9cid\u00e9 de r\u00e9pondre \u00e0 cette mesure si jamais elle vient [&hellip;]","twitter_image":"http:\/\/www.leblogmoto.com\/images\/2007\/05\/29\/panneau_radar_fixe.jpg","twitter_misc":{"\u00c9crit par":"gregory boucaud","Dur\u00e9e de lecture estim\u00e9e":"2 minutes"},"schema":{"@context":"https:\/\/schema.org","@graph":[{"@type":"WebPage","@id":"https:\/\/blogs.thesocialmedia.com\/leblogmoto\/2007\/05\/29\/ffmc-incohrence\/","url":"https:\/\/blogs.thesocialmedia.com\/leblogmoto\/2007\/05\/29\/ffmc-incohrence\/","name":"FFMC : Incoh\u00e9rence dans le discours du gouvernement - leblogmoto.com","isPartOf":{"@id":"https:\/\/blogs.thesocialmedia.com\/leblogmoto\/#website"},"primaryImageOfPage":{"@id":"https:\/\/blogs.thesocialmedia.com\/leblogmoto\/2007\/05\/29\/ffmc-incohrence\/#primaryimage"},"image":{"@id":"https:\/\/blogs.thesocialmedia.com\/leblogmoto\/2007\/05\/29\/ffmc-incohrence\/#primaryimage"},"thumbnailUrl":"http:\/\/www.leblogmoto.com\/images\/2007\/05\/29\/panneau_radar_fixe.jpg","datePublished":"2007-05-29T21:28:26+00:00","dateModified":"2012-07-11T14:40:38+00:00","author":{"@id":"https:\/\/blogs.thesocialmedia.com\/leblogmoto\/#\/schema\/person\/769623f89741cc3381675029a37764f8"},"breadcrumb":{"@id":"https:\/\/blogs.thesocialmedia.com\/leblogmoto\/2007\/05\/29\/ffmc-incohrence\/#breadcrumb"},"inLanguage":"fr-FR","potentialAction":[{"@type":"ReadAction","target":["https:\/\/blogs.thesocialmedia.com\/leblogmoto\/2007\/05\/29\/ffmc-incohrence\/"]}]},{"@type":"ImageObject","inLanguage":"fr-FR","@id":"https:\/\/blogs.thesocialmedia.com\/leblogmoto\/2007\/05\/29\/ffmc-incohrence\/#primaryimage","url":"http:\/\/www.leblogmoto.com\/images\/2007\/05\/29\/panneau_radar_fixe.jpg","contentUrl":"http:\/\/www.leblogmoto.com\/images\/2007\/05\/29\/panneau_radar_fixe.jpg"},{"@type":"BreadcrumbList","@id":"https:\/\/blogs.thesocialmedia.com\/leblogmoto\/2007\/05\/29\/ffmc-incohrence\/#breadcrumb","itemListElement":[{"@type":"ListItem","position":1,"name":"Accueil","item":"https:\/\/blogs.thesocialmedia.com\/leblogmoto\/"},{"@type":"ListItem","position":2,"name":"FFMC : Incoh\u00e9rence dans le discours du gouvernement"}]},{"@type":"WebSite","@id":"https:\/\/blogs.thesocialmedia.com\/leblogmoto\/#website","url":"https:\/\/blogs.thesocialmedia.com\/leblogmoto\/","name":"leblogmoto","description":"Toute l&#039;actualit\u00e9 des 2 roues","potentialAction":[{"@type":"SearchAction","target":{"@type":"EntryPoint","urlTemplate":"https:\/\/blogs.thesocialmedia.com\/leblogmoto\/?s={search_term_string}"},"query-input":{"@type":"PropertyValueSpecification","valueRequired":true,"valueName":"search_term_string"}}],"inLanguage":"fr-FR"},{"@type":"Person","@id":"https:\/\/blogs.thesocialmedia.com\/leblogmoto\/#\/schema\/person\/769623f89741cc3381675029a37764f8","name":"gregory boucaud","image":{"@type":"ImageObject","inLanguage":"fr-FR","@id":"https:\/\/blogs.thesocialmedia.com\/leblogmoto\/#\/schema\/person\/image\/","url":"https:\/\/secure.gravatar.com\/avatar\/?s=96&d=mm&r=g","contentUrl":"https:\/\/secure.gravatar.com\/avatar\/?s=96&d=mm&r=g","caption":"gregory boucaud"},"url":"https:\/\/blogs.thesocialmedia.com\/leblogmoto\/author\/gregory-boucaud\/"}]}},"_links":{"self":[{"href":"https:\/\/blogs.thesocialmedia.com\/leblogmoto\/wp-json\/wp\/v2\/posts\/1353","targetHints":{"allow":["GET"]}}],"collection":[{"href":"https:\/\/blogs.thesocialmedia.com\/leblogmoto\/wp-json\/wp\/v2\/posts"}],"about":[{"href":"https:\/\/blogs.thesocialmedia.com\/leblogmoto\/wp-json\/wp\/v2\/types\/post"}],"author":[{"embeddable":true,"href":"https:\/\/blogs.thesocialmedia.com\/leblogmoto\/wp-json\/wp\/v2\/users\/329"}],"replies":[{"embeddable":true,"href":"https:\/\/blogs.thesocialmedia.com\/leblogmoto\/wp-json\/wp\/v2\/comments?post=1353"}],"version-history":[{"count":2,"href":"https:\/\/blogs.thesocialmedia.com\/leblogmoto\/wp-json\/wp\/v2\/posts\/1353\/revisions"}],"predecessor-version":[{"id":8452,"href":"https:\/\/blogs.thesocialmedia.com\/leblogmoto\/wp-json\/wp\/v2\/posts\/1353\/revisions\/8452"}],"wp:attachment":[{"href":"https:\/\/blogs.thesocialmedia.com\/leblogmoto\/wp-json\/wp\/v2\/media?parent=1353"}],"wp:term":[{"taxonomy":"category","embeddable":true,"href":"https:\/\/blogs.thesocialmedia.com\/leblogmoto\/wp-json\/wp\/v2\/categories?post=1353"},{"taxonomy":"post_tag","embeddable":true,"href":"https:\/\/blogs.thesocialmedia.com\/leblogmoto\/wp-json\/wp\/v2\/tags?post=1353"}],"curies":[{"name":"wp","href":"https:\/\/api.w.org\/{rel}","templated":true}]}}