{"id":1355,"date":"2007-05-28T20:22:06","date_gmt":"2007-05-28T20:22:06","guid":{"rendered":"http:\/\/blogs.thesocialmedia.com\/leblogmoto\/2007\/05\/28\/peugeot-black-s\/"},"modified":"2012-07-11T14:40:34","modified_gmt":"2012-07-11T14:40:34","slug":"peugeot-black-s","status":"publish","type":"post","link":"https:\/\/blogs.thesocialmedia.com\/leblogmoto\/2007\/05\/28\/peugeot-black-s\/","title":{"rendered":"Peugeot : Black Sat"},"content":{"rendered":"<p><a href=\"http:\/\/blogs.thesocialmedia.com\/leblogmoto\/files\/2012\/07\/blacksat.jpg\"><img loading=\"lazy\" decoding=\"async\" height=\"326\" alt=\"Blacksat\" src=\"http:\/\/www.leblogmoto.com\/images\/2007\/05\/28\/blacksat.jpg\" width=\"250\"  \/><\/a> En juin prochain, le <a href=\"http:\/\/www.peugeot-motocycles.com\/\">Peugeot<\/a> Black Sat sera disponible. Mais pourquoi Black Sat ? En 2006, Peugeot commercialisait son Satellis qui culmine mainteant dans la t\u00eate des ventes de Scooters de 125 cm3, ainsi pour sortir un nouveau mod\u00e8le, la <a href=\"http:\/\/www.peugeot-motocycles.com\/\">marque au Lion<\/a> sort un mod\u00e8le &quot;Black&quot; du Satelis repr\u00e9sentant un peu la face noire de ce mod\u00e8le. Ce qu&rsquo;il apporte en plus du Satelis compressor standard est sa couleur noire, son desgin et sa sellerie personnalis\u00e9e.<br \/>Vous aurez d&rsquo;ailleurs la possibilit\u00e9 d&rsquo;essayer ce scooteur lors des <a href=\"http:\/\/www.leblogmoto.com\/2007\/05\/stunt_bike_show.html#more\">Stunt Bike Show<\/a> les 16 et 17 juin sur le circuit de Carole. L&rsquo;occasion pour vous d&rsquo;appr\u00e9cier ce nouveau scooteur sur la partie sinueuse du circuit. Sachez aussi que le reste de la gamme scooter <a href=\"http:\/\/www.peugeot-motocycles.com\/\">Peugeot<\/a> 125 \u00e0 compresseur sera aussi disponible pour un essai.<\/p>\n<p>R\u00e9servations : 0892 692 694 <\/p>\n","protected":false},"excerpt":{"rendered":"<p>En juin prochain, le Peugeot Black Sat sera disponible. Mais pourquoi Black Sat ? En 2006, Peugeot commercialisait son Satellis qui culmine mainteant dans la t\u00eate des ventes de Scooters de 125 cm3, ainsi pour sortir un nouveau mod\u00e8le, la marque au Lion sort un mod\u00e8le &quot;Black&quot; du Satelis repr\u00e9sentant un peu la face noire [&hellip;]<\/p>\n","protected":false},"author":329,"featured_media":0,"comment_status":"open","ping_status":"open","sticky":false,"template":"","format":"standard","meta":{"footnotes":""},"categories":[71],"tags":[],"class_list":["post-1355","post","type-post","status-publish","format-standard","hentry","category-peugeot"],"yoast_head":"<!-- This site is optimized with the Yoast SEO plugin v26.0 - https:\/\/yoast.com\/wordpress\/plugins\/seo\/ -->\n<title>Peugeot : Black Sat - leblogmoto.com<\/title>\n<meta name=\"robots\" content=\"index, follow, max-snippet:-1, max-image-preview:large, max-video-preview:-1\" \/>\n<link rel=\"canonical\" href=\"https:\/\/blogs.thesocialmedia.com\/leblogmoto\/2007\/05\/28\/peugeot-black-s\/\" \/>\n<meta name=\"twitter:card\" content=\"summary_large_image\" \/>\n<meta name=\"twitter:title\" content=\"Peugeot : Black Sat - leblogmoto.com\" \/>\n<meta name=\"twitter:description\" content=\"En juin prochain, le Peugeot Black Sat sera disponible. Mais pourquoi Black Sat ? En 2006, Peugeot commercialisait son Satellis qui culmine mainteant dans la t\u00eate des ventes de Scooters de 125 cm3, ainsi pour sortir un nouveau mod\u00e8le, la marque au Lion sort un mod\u00e8le &quot;Black&quot; du Satelis repr\u00e9sentant un peu la face noire [&hellip;]\" \/>\n<meta name=\"twitter:image\" content=\"http:\/\/www.leblogmoto.com\/images\/2007\/05\/28\/blacksat.jpg\" \/>\n<meta name=\"twitter:label1\" content=\"\u00c9crit par\" \/>\n\t<meta name=\"twitter:data1\" content=\"gregory boucaud\" \/>\n\t<meta name=\"twitter:label2\" content=\"Dur\u00e9e de lecture estim\u00e9e\" \/>\n\t<meta name=\"twitter:data2\" content=\"1 minute\" \/>\n<script type=\"application\/ld+json\" class=\"yoast-schema-graph\">{\"@context\":\"https:\/\/schema.org\",\"@graph\":[{\"@type\":\"WebPage\",\"@id\":\"https:\/\/blogs.thesocialmedia.com\/leblogmoto\/2007\/05\/28\/peugeot-black-s\/\",\"url\":\"https:\/\/blogs.thesocialmedia.com\/leblogmoto\/2007\/05\/28\/peugeot-black-s\/\",\"name\":\"Peugeot : Black Sat - leblogmoto.com\",\"isPartOf\":{\"@id\":\"https:\/\/blogs.thesocialmedia.com\/leblogmoto\/#website\"},\"primaryImageOfPage\":{\"@id\":\"https:\/\/blogs.thesocialmedia.com\/leblogmoto\/2007\/05\/28\/peugeot-black-s\/#primaryimage\"},\"image\":{\"@id\":\"https:\/\/blogs.thesocialmedia.com\/leblogmoto\/2007\/05\/28\/peugeot-black-s\/#primaryimage\"},\"thumbnailUrl\":\"http:\/\/www.leblogmoto.com\/images\/2007\/05\/28\/blacksat.jpg\",\"datePublished\":\"2007-05-28T20:22:06+00:00\",\"dateModified\":\"2012-07-11T14:40:34+00:00\",\"author\":{\"@id\":\"https:\/\/blogs.thesocialmedia.com\/leblogmoto\/#\/schema\/person\/769623f89741cc3381675029a37764f8\"},\"breadcrumb\":{\"@id\":\"https:\/\/blogs.thesocialmedia.com\/leblogmoto\/2007\/05\/28\/peugeot-black-s\/#breadcrumb\"},\"inLanguage\":\"fr-FR\",\"potentialAction\":[{\"@type\":\"ReadAction\",\"target\":[\"https:\/\/blogs.thesocialmedia.com\/leblogmoto\/2007\/05\/28\/peugeot-black-s\/\"]}]},{\"@type\":\"ImageObject\",\"inLanguage\":\"fr-FR\",\"@id\":\"https:\/\/blogs.thesocialmedia.com\/leblogmoto\/2007\/05\/28\/peugeot-black-s\/#primaryimage\",\"url\":\"http:\/\/www.leblogmoto.com\/images\/2007\/05\/28\/blacksat.jpg\",\"contentUrl\":\"http:\/\/www.leblogmoto.com\/images\/2007\/05\/28\/blacksat.jpg\"},{\"@type\":\"BreadcrumbList\",\"@id\":\"https:\/\/blogs.thesocialmedia.com\/leblogmoto\/2007\/05\/28\/peugeot-black-s\/#breadcrumb\",\"itemListElement\":[{\"@type\":\"ListItem\",\"position\":1,\"name\":\"Accueil\",\"item\":\"https:\/\/blogs.thesocialmedia.com\/leblogmoto\/\"},{\"@type\":\"ListItem\",\"position\":2,\"name\":\"Peugeot : Black Sat\"}]},{\"@type\":\"WebSite\",\"@id\":\"https:\/\/blogs.thesocialmedia.com\/leblogmoto\/#website\",\"url\":\"https:\/\/blogs.thesocialmedia.com\/leblogmoto\/\",\"name\":\"leblogmoto\",\"description\":\"Toute l&#039;actualit\u00e9 des 2 roues\",\"potentialAction\":[{\"@type\":\"SearchAction\",\"target\":{\"@type\":\"EntryPoint\",\"urlTemplate\":\"https:\/\/blogs.thesocialmedia.com\/leblogmoto\/?s={search_term_string}\"},\"query-input\":{\"@type\":\"PropertyValueSpecification\",\"valueRequired\":true,\"valueName\":\"search_term_string\"}}],\"inLanguage\":\"fr-FR\"},{\"@type\":\"Person\",\"@id\":\"https:\/\/blogs.thesocialmedia.com\/leblogmoto\/#\/schema\/person\/769623f89741cc3381675029a37764f8\",\"name\":\"gregory boucaud\",\"image\":{\"@type\":\"ImageObject\",\"inLanguage\":\"fr-FR\",\"@id\":\"https:\/\/blogs.thesocialmedia.com\/leblogmoto\/#\/schema\/person\/image\/\",\"url\":\"https:\/\/secure.gravatar.com\/avatar\/?s=96&d=mm&r=g\",\"contentUrl\":\"https:\/\/secure.gravatar.com\/avatar\/?s=96&d=mm&r=g\",\"caption\":\"gregory boucaud\"},\"url\":\"https:\/\/blogs.thesocialmedia.com\/leblogmoto\/author\/gregory-boucaud\/\"}]}<\/script>\n<!-- \/ Yoast SEO plugin. -->","yoast_head_json":{"title":"Peugeot : Black Sat - leblogmoto.com","robots":{"index":"index","follow":"follow","max-snippet":"max-snippet:-1","max-image-preview":"max-image-preview:large","max-video-preview":"max-video-preview:-1"},"canonical":"https:\/\/blogs.thesocialmedia.com\/leblogmoto\/2007\/05\/28\/peugeot-black-s\/","twitter_card":"summary_large_image","twitter_title":"Peugeot : Black Sat - leblogmoto.com","twitter_description":"En juin prochain, le Peugeot Black Sat sera disponible. Mais pourquoi Black Sat ? En 2006, Peugeot commercialisait son Satellis qui culmine mainteant dans la t\u00eate des ventes de Scooters de 125 cm3, ainsi pour sortir un nouveau mod\u00e8le, la marque au Lion sort un mod\u00e8le &quot;Black&quot; du Satelis repr\u00e9sentant un peu la face noire [&hellip;]","twitter_image":"http:\/\/www.leblogmoto.com\/images\/2007\/05\/28\/blacksat.jpg","twitter_misc":{"\u00c9crit par":"gregory boucaud","Dur\u00e9e de lecture estim\u00e9e":"1 minute"},"schema":{"@context":"https:\/\/schema.org","@graph":[{"@type":"WebPage","@id":"https:\/\/blogs.thesocialmedia.com\/leblogmoto\/2007\/05\/28\/peugeot-black-s\/","url":"https:\/\/blogs.thesocialmedia.com\/leblogmoto\/2007\/05\/28\/peugeot-black-s\/","name":"Peugeot : Black Sat - leblogmoto.com","isPartOf":{"@id":"https:\/\/blogs.thesocialmedia.com\/leblogmoto\/#website"},"primaryImageOfPage":{"@id":"https:\/\/blogs.thesocialmedia.com\/leblogmoto\/2007\/05\/28\/peugeot-black-s\/#primaryimage"},"image":{"@id":"https:\/\/blogs.thesocialmedia.com\/leblogmoto\/2007\/05\/28\/peugeot-black-s\/#primaryimage"},"thumbnailUrl":"http:\/\/www.leblogmoto.com\/images\/2007\/05\/28\/blacksat.jpg","datePublished":"2007-05-28T20:22:06+00:00","dateModified":"2012-07-11T14:40:34+00:00","author":{"@id":"https:\/\/blogs.thesocialmedia.com\/leblogmoto\/#\/schema\/person\/769623f89741cc3381675029a37764f8"},"breadcrumb":{"@id":"https:\/\/blogs.thesocialmedia.com\/leblogmoto\/2007\/05\/28\/peugeot-black-s\/#breadcrumb"},"inLanguage":"fr-FR","potentialAction":[{"@type":"ReadAction","target":["https:\/\/blogs.thesocialmedia.com\/leblogmoto\/2007\/05\/28\/peugeot-black-s\/"]}]},{"@type":"ImageObject","inLanguage":"fr-FR","@id":"https:\/\/blogs.thesocialmedia.com\/leblogmoto\/2007\/05\/28\/peugeot-black-s\/#primaryimage","url":"http:\/\/www.leblogmoto.com\/images\/2007\/05\/28\/blacksat.jpg","contentUrl":"http:\/\/www.leblogmoto.com\/images\/2007\/05\/28\/blacksat.jpg"},{"@type":"BreadcrumbList","@id":"https:\/\/blogs.thesocialmedia.com\/leblogmoto\/2007\/05\/28\/peugeot-black-s\/#breadcrumb","itemListElement":[{"@type":"ListItem","position":1,"name":"Accueil","item":"https:\/\/blogs.thesocialmedia.com\/leblogmoto\/"},{"@type":"ListItem","position":2,"name":"Peugeot : Black Sat"}]},{"@type":"WebSite","@id":"https:\/\/blogs.thesocialmedia.com\/leblogmoto\/#website","url":"https:\/\/blogs.thesocialmedia.com\/leblogmoto\/","name":"leblogmoto","description":"Toute l&#039;actualit\u00e9 des 2 roues","potentialAction":[{"@type":"SearchAction","target":{"@type":"EntryPoint","urlTemplate":"https:\/\/blogs.thesocialmedia.com\/leblogmoto\/?s={search_term_string}"},"query-input":{"@type":"PropertyValueSpecification","valueRequired":true,"valueName":"search_term_string"}}],"inLanguage":"fr-FR"},{"@type":"Person","@id":"https:\/\/blogs.thesocialmedia.com\/leblogmoto\/#\/schema\/person\/769623f89741cc3381675029a37764f8","name":"gregory boucaud","image":{"@type":"ImageObject","inLanguage":"fr-FR","@id":"https:\/\/blogs.thesocialmedia.com\/leblogmoto\/#\/schema\/person\/image\/","url":"https:\/\/secure.gravatar.com\/avatar\/?s=96&d=mm&r=g","contentUrl":"https:\/\/secure.gravatar.com\/avatar\/?s=96&d=mm&r=g","caption":"gregory boucaud"},"url":"https:\/\/blogs.thesocialmedia.com\/leblogmoto\/author\/gregory-boucaud\/"}]}},"_links":{"self":[{"href":"https:\/\/blogs.thesocialmedia.com\/leblogmoto\/wp-json\/wp\/v2\/posts\/1355","targetHints":{"allow":["GET"]}}],"collection":[{"href":"https:\/\/blogs.thesocialmedia.com\/leblogmoto\/wp-json\/wp\/v2\/posts"}],"about":[{"href":"https:\/\/blogs.thesocialmedia.com\/leblogmoto\/wp-json\/wp\/v2\/types\/post"}],"author":[{"embeddable":true,"href":"https:\/\/blogs.thesocialmedia.com\/leblogmoto\/wp-json\/wp\/v2\/users\/329"}],"replies":[{"embeddable":true,"href":"https:\/\/blogs.thesocialmedia.com\/leblogmoto\/wp-json\/wp\/v2\/comments?post=1355"}],"version-history":[{"count":2,"href":"https:\/\/blogs.thesocialmedia.com\/leblogmoto\/wp-json\/wp\/v2\/posts\/1355\/revisions"}],"predecessor-version":[{"id":8447,"href":"https:\/\/blogs.thesocialmedia.com\/leblogmoto\/wp-json\/wp\/v2\/posts\/1355\/revisions\/8447"}],"wp:attachment":[{"href":"https:\/\/blogs.thesocialmedia.com\/leblogmoto\/wp-json\/wp\/v2\/media?parent=1355"}],"wp:term":[{"taxonomy":"category","embeddable":true,"href":"https:\/\/blogs.thesocialmedia.com\/leblogmoto\/wp-json\/wp\/v2\/categories?post=1355"},{"taxonomy":"post_tag","embeddable":true,"href":"https:\/\/blogs.thesocialmedia.com\/leblogmoto\/wp-json\/wp\/v2\/tags?post=1355"}],"curies":[{"name":"wp","href":"https:\/\/api.w.org\/{rel}","templated":true}]}}