{"id":1357,"date":"2007-05-28T19:45:48","date_gmt":"2007-05-28T19:45:48","guid":{"rendered":"http:\/\/blogs.thesocialmedia.com\/leblogmoto\/2007\/05\/28\/schuberth-j1-un\/"},"modified":"2012-07-11T14:40:31","modified_gmt":"2012-07-11T14:40:31","slug":"schuberth-j1-un","status":"publish","type":"post","link":"https:\/\/blogs.thesocialmedia.com\/leblogmoto\/2007\/05\/28\/schuberth-j1-un\/","title":{"rendered":"Schuberth J1 : Un jet \u00e0 arceau"},"content":{"rendered":"<p><a href=\"http:\/\/blogs.thesocialmedia.com\/leblogmoto\/files\/2012\/07\/schuberth_j1.jpg\"><img loading=\"lazy\" decoding=\"async\" height=\"250\" alt=\"Schuberth_j1\" src=\"http:\/\/www.leblogmoto.com\/images\/2007\/05\/28\/schuberth_j1.jpg\" width=\"250\"  \/><\/a> Comme vous avez du surement le voir sur la photo, le <a href=\"http:\/\/www.schuberth.com\/\">Schuberth<\/a> J1 est avant tout un jet mais il propose une protection sup\u00e9rieure \u00e0 tous les autres jets gr\u00e2ce \u00e0 son arceau.<br \/>La marque allemande lance ainsi son premier jet avec en plus un grand \u00e9cran et une visi\u00e8re int\u00e9rieure pare-soleil r\u00e9tractable. Tout cela pour un poids contenu (1,5 kg) gr\u00e2ce \u00e0 une calotte en fibre. Autres \u00e9l\u00e9ments int\u00e9ressant, le bruit, puisque celui-ci avoisine les 92 dB \u00e0 100 km\/h selon les donn\u00e9es constructeur, le syst\u00e8me anti roll-off et anti \u00e9jection du casque en cas de chute, l&rsquo;int\u00e9rieur d\u00e9montable et lavable etc&#8230;<\/p>\n<p>Pour ce qui est de la d\u00e9formation optique du \u00e0 la visi\u00e8re bomb\u00e9e de 2,5 mm d\u2019\u00e9paisseur, celle-ci est&nbsp; conforme \u00e0 la classe 1 optique (peu de d\u00e9formation visuelle).<br \/>Mais tout cela a un prix, puisque le <a href=\"http:\/\/www.schuberth.com\/\">Schuberth<\/a> co\u00fbte la bagatelle de 479\u20ac.<br \/>Alors pour ceux qui voudraient un jet avec l\u00e9g\u00e8rement plus de protection sans pour autant tomber dans le modulable, ce casque pourrait \u00eatre une bonne alternative \u00e0 condition d&rsquo;avoir les moyens&#8230;<\/p>\n<p><strong>Casque Jet <\/strong><a href=\"http:\/\/www.schuberth.com\/\"><strong>Schuberth<\/strong><\/a><strong> J1 :<\/strong> <br \/>&#8211; calotte en fibre S.T.R.O.N.G <br \/>&#8211; visi\u00e8re int\u00e9grale 2,5 mm d&rsquo;\u00e9paisseur, trait\u00e9e anti-rayure et anti-bu\u00e9e <br \/>&#8211; visi\u00e8re int\u00e9rieure pare-soleil anti-bu\u00e9e sur les deux faces <br \/>&#8211; int\u00e9rieur en mousses anti-bact\u00e9ries semi d\u00e9montables <br \/>&#8211; syst\u00e8me de fermeture rapide <br \/>&#8211; tailles : du 52 au 62 &#8211; poids : 1500 grammes <br \/>&#8211; coloris : noir, noir mat, gris <br \/>&#8211; prix : \u00e0 partir de 479 \u20ac <br \/>&#8211; infos : RMF au 03 25 43 37 37 <\/p>\n<p>Source : <a href=\"http:\/\/www.webcarnews.com\/\">Web Car News<\/a>, <a href=\"http:\/\/www.moto-station.com\/\">Moto-Station<\/a><\/p>\n","protected":false},"excerpt":{"rendered":"<p>Comme vous avez du surement le voir sur la photo, le Schuberth J1 est avant tout un jet mais il propose une protection sup\u00e9rieure \u00e0 tous les autres jets gr\u00e2ce \u00e0 son arceau.La marque allemande lance ainsi son premier jet avec en plus un grand \u00e9cran et une visi\u00e8re int\u00e9rieure pare-soleil r\u00e9tractable. Tout cela pour [&hellip;]<\/p>\n","protected":false},"author":329,"featured_media":0,"comment_status":"open","ping_status":"open","sticky":false,"template":"","format":"standard","meta":{"footnotes":""},"categories":[27],"tags":[],"class_list":["post-1357","post","type-post","status-publish","format-standard","hentry","category-securite"],"yoast_head":"<!-- This site is optimized with the Yoast SEO plugin v26.0 - https:\/\/yoast.com\/wordpress\/plugins\/seo\/ -->\n<title>Schuberth J1 : Un jet \u00e0 arceau - leblogmoto.com<\/title>\n<meta name=\"robots\" content=\"index, follow, max-snippet:-1, max-image-preview:large, max-video-preview:-1\" \/>\n<link rel=\"canonical\" href=\"https:\/\/blogs.thesocialmedia.com\/leblogmoto\/2007\/05\/28\/schuberth-j1-un\/\" \/>\n<meta name=\"twitter:card\" content=\"summary_large_image\" \/>\n<meta name=\"twitter:title\" content=\"Schuberth J1 : Un jet \u00e0 arceau - leblogmoto.com\" \/>\n<meta name=\"twitter:description\" content=\"Comme vous avez du surement le voir sur la photo, le Schuberth J1 est avant tout un jet mais il propose une protection sup\u00e9rieure \u00e0 tous les autres jets gr\u00e2ce \u00e0 son arceau.La marque allemande lance ainsi son premier jet avec en plus un grand \u00e9cran et une visi\u00e8re int\u00e9rieure pare-soleil r\u00e9tractable. Tout cela pour [&hellip;]\" \/>\n<meta name=\"twitter:image\" content=\"http:\/\/www.leblogmoto.com\/images\/2007\/05\/28\/schuberth_j1.jpg\" \/>\n<meta name=\"twitter:label1\" content=\"\u00c9crit par\" \/>\n\t<meta name=\"twitter:data1\" content=\"gregory boucaud\" \/>\n\t<meta name=\"twitter:label2\" content=\"Dur\u00e9e de lecture estim\u00e9e\" \/>\n\t<meta name=\"twitter:data2\" content=\"1 minute\" \/>\n<script type=\"application\/ld+json\" class=\"yoast-schema-graph\">{\"@context\":\"https:\/\/schema.org\",\"@graph\":[{\"@type\":\"WebPage\",\"@id\":\"https:\/\/blogs.thesocialmedia.com\/leblogmoto\/2007\/05\/28\/schuberth-j1-un\/\",\"url\":\"https:\/\/blogs.thesocialmedia.com\/leblogmoto\/2007\/05\/28\/schuberth-j1-un\/\",\"name\":\"Schuberth J1 : Un jet \u00e0 arceau - leblogmoto.com\",\"isPartOf\":{\"@id\":\"https:\/\/blogs.thesocialmedia.com\/leblogmoto\/#website\"},\"primaryImageOfPage\":{\"@id\":\"https:\/\/blogs.thesocialmedia.com\/leblogmoto\/2007\/05\/28\/schuberth-j1-un\/#primaryimage\"},\"image\":{\"@id\":\"https:\/\/blogs.thesocialmedia.com\/leblogmoto\/2007\/05\/28\/schuberth-j1-un\/#primaryimage\"},\"thumbnailUrl\":\"http:\/\/www.leblogmoto.com\/images\/2007\/05\/28\/schuberth_j1.jpg\",\"datePublished\":\"2007-05-28T19:45:48+00:00\",\"dateModified\":\"2012-07-11T14:40:31+00:00\",\"author\":{\"@id\":\"https:\/\/blogs.thesocialmedia.com\/leblogmoto\/#\/schema\/person\/769623f89741cc3381675029a37764f8\"},\"breadcrumb\":{\"@id\":\"https:\/\/blogs.thesocialmedia.com\/leblogmoto\/2007\/05\/28\/schuberth-j1-un\/#breadcrumb\"},\"inLanguage\":\"fr-FR\",\"potentialAction\":[{\"@type\":\"ReadAction\",\"target\":[\"https:\/\/blogs.thesocialmedia.com\/leblogmoto\/2007\/05\/28\/schuberth-j1-un\/\"]}]},{\"@type\":\"ImageObject\",\"inLanguage\":\"fr-FR\",\"@id\":\"https:\/\/blogs.thesocialmedia.com\/leblogmoto\/2007\/05\/28\/schuberth-j1-un\/#primaryimage\",\"url\":\"http:\/\/www.leblogmoto.com\/images\/2007\/05\/28\/schuberth_j1.jpg\",\"contentUrl\":\"http:\/\/www.leblogmoto.com\/images\/2007\/05\/28\/schuberth_j1.jpg\"},{\"@type\":\"BreadcrumbList\",\"@id\":\"https:\/\/blogs.thesocialmedia.com\/leblogmoto\/2007\/05\/28\/schuberth-j1-un\/#breadcrumb\",\"itemListElement\":[{\"@type\":\"ListItem\",\"position\":1,\"name\":\"Accueil\",\"item\":\"https:\/\/blogs.thesocialmedia.com\/leblogmoto\/\"},{\"@type\":\"ListItem\",\"position\":2,\"name\":\"Schuberth J1 : Un jet \u00e0 arceau\"}]},{\"@type\":\"WebSite\",\"@id\":\"https:\/\/blogs.thesocialmedia.com\/leblogmoto\/#website\",\"url\":\"https:\/\/blogs.thesocialmedia.com\/leblogmoto\/\",\"name\":\"leblogmoto\",\"description\":\"Toute l&#039;actualit\u00e9 des 2 roues\",\"potentialAction\":[{\"@type\":\"SearchAction\",\"target\":{\"@type\":\"EntryPoint\",\"urlTemplate\":\"https:\/\/blogs.thesocialmedia.com\/leblogmoto\/?s={search_term_string}\"},\"query-input\":{\"@type\":\"PropertyValueSpecification\",\"valueRequired\":true,\"valueName\":\"search_term_string\"}}],\"inLanguage\":\"fr-FR\"},{\"@type\":\"Person\",\"@id\":\"https:\/\/blogs.thesocialmedia.com\/leblogmoto\/#\/schema\/person\/769623f89741cc3381675029a37764f8\",\"name\":\"gregory boucaud\",\"image\":{\"@type\":\"ImageObject\",\"inLanguage\":\"fr-FR\",\"@id\":\"https:\/\/blogs.thesocialmedia.com\/leblogmoto\/#\/schema\/person\/image\/\",\"url\":\"https:\/\/secure.gravatar.com\/avatar\/?s=96&d=mm&r=g\",\"contentUrl\":\"https:\/\/secure.gravatar.com\/avatar\/?s=96&d=mm&r=g\",\"caption\":\"gregory boucaud\"},\"url\":\"https:\/\/blogs.thesocialmedia.com\/leblogmoto\/author\/gregory-boucaud\/\"}]}<\/script>\n<!-- \/ Yoast SEO plugin. -->","yoast_head_json":{"title":"Schuberth J1 : Un jet \u00e0 arceau - leblogmoto.com","robots":{"index":"index","follow":"follow","max-snippet":"max-snippet:-1","max-image-preview":"max-image-preview:large","max-video-preview":"max-video-preview:-1"},"canonical":"https:\/\/blogs.thesocialmedia.com\/leblogmoto\/2007\/05\/28\/schuberth-j1-un\/","twitter_card":"summary_large_image","twitter_title":"Schuberth J1 : Un jet \u00e0 arceau - leblogmoto.com","twitter_description":"Comme vous avez du surement le voir sur la photo, le Schuberth J1 est avant tout un jet mais il propose une protection sup\u00e9rieure \u00e0 tous les autres jets gr\u00e2ce \u00e0 son arceau.La marque allemande lance ainsi son premier jet avec en plus un grand \u00e9cran et une visi\u00e8re int\u00e9rieure pare-soleil r\u00e9tractable. Tout cela pour [&hellip;]","twitter_image":"http:\/\/www.leblogmoto.com\/images\/2007\/05\/28\/schuberth_j1.jpg","twitter_misc":{"\u00c9crit par":"gregory boucaud","Dur\u00e9e de lecture estim\u00e9e":"1 minute"},"schema":{"@context":"https:\/\/schema.org","@graph":[{"@type":"WebPage","@id":"https:\/\/blogs.thesocialmedia.com\/leblogmoto\/2007\/05\/28\/schuberth-j1-un\/","url":"https:\/\/blogs.thesocialmedia.com\/leblogmoto\/2007\/05\/28\/schuberth-j1-un\/","name":"Schuberth J1 : Un jet \u00e0 arceau - leblogmoto.com","isPartOf":{"@id":"https:\/\/blogs.thesocialmedia.com\/leblogmoto\/#website"},"primaryImageOfPage":{"@id":"https:\/\/blogs.thesocialmedia.com\/leblogmoto\/2007\/05\/28\/schuberth-j1-un\/#primaryimage"},"image":{"@id":"https:\/\/blogs.thesocialmedia.com\/leblogmoto\/2007\/05\/28\/schuberth-j1-un\/#primaryimage"},"thumbnailUrl":"http:\/\/www.leblogmoto.com\/images\/2007\/05\/28\/schuberth_j1.jpg","datePublished":"2007-05-28T19:45:48+00:00","dateModified":"2012-07-11T14:40:31+00:00","author":{"@id":"https:\/\/blogs.thesocialmedia.com\/leblogmoto\/#\/schema\/person\/769623f89741cc3381675029a37764f8"},"breadcrumb":{"@id":"https:\/\/blogs.thesocialmedia.com\/leblogmoto\/2007\/05\/28\/schuberth-j1-un\/#breadcrumb"},"inLanguage":"fr-FR","potentialAction":[{"@type":"ReadAction","target":["https:\/\/blogs.thesocialmedia.com\/leblogmoto\/2007\/05\/28\/schuberth-j1-un\/"]}]},{"@type":"ImageObject","inLanguage":"fr-FR","@id":"https:\/\/blogs.thesocialmedia.com\/leblogmoto\/2007\/05\/28\/schuberth-j1-un\/#primaryimage","url":"http:\/\/www.leblogmoto.com\/images\/2007\/05\/28\/schuberth_j1.jpg","contentUrl":"http:\/\/www.leblogmoto.com\/images\/2007\/05\/28\/schuberth_j1.jpg"},{"@type":"BreadcrumbList","@id":"https:\/\/blogs.thesocialmedia.com\/leblogmoto\/2007\/05\/28\/schuberth-j1-un\/#breadcrumb","itemListElement":[{"@type":"ListItem","position":1,"name":"Accueil","item":"https:\/\/blogs.thesocialmedia.com\/leblogmoto\/"},{"@type":"ListItem","position":2,"name":"Schuberth J1 : Un jet \u00e0 arceau"}]},{"@type":"WebSite","@id":"https:\/\/blogs.thesocialmedia.com\/leblogmoto\/#website","url":"https:\/\/blogs.thesocialmedia.com\/leblogmoto\/","name":"leblogmoto","description":"Toute l&#039;actualit\u00e9 des 2 roues","potentialAction":[{"@type":"SearchAction","target":{"@type":"EntryPoint","urlTemplate":"https:\/\/blogs.thesocialmedia.com\/leblogmoto\/?s={search_term_string}"},"query-input":{"@type":"PropertyValueSpecification","valueRequired":true,"valueName":"search_term_string"}}],"inLanguage":"fr-FR"},{"@type":"Person","@id":"https:\/\/blogs.thesocialmedia.com\/leblogmoto\/#\/schema\/person\/769623f89741cc3381675029a37764f8","name":"gregory boucaud","image":{"@type":"ImageObject","inLanguage":"fr-FR","@id":"https:\/\/blogs.thesocialmedia.com\/leblogmoto\/#\/schema\/person\/image\/","url":"https:\/\/secure.gravatar.com\/avatar\/?s=96&d=mm&r=g","contentUrl":"https:\/\/secure.gravatar.com\/avatar\/?s=96&d=mm&r=g","caption":"gregory boucaud"},"url":"https:\/\/blogs.thesocialmedia.com\/leblogmoto\/author\/gregory-boucaud\/"}]}},"_links":{"self":[{"href":"https:\/\/blogs.thesocialmedia.com\/leblogmoto\/wp-json\/wp\/v2\/posts\/1357","targetHints":{"allow":["GET"]}}],"collection":[{"href":"https:\/\/blogs.thesocialmedia.com\/leblogmoto\/wp-json\/wp\/v2\/posts"}],"about":[{"href":"https:\/\/blogs.thesocialmedia.com\/leblogmoto\/wp-json\/wp\/v2\/types\/post"}],"author":[{"embeddable":true,"href":"https:\/\/blogs.thesocialmedia.com\/leblogmoto\/wp-json\/wp\/v2\/users\/329"}],"replies":[{"embeddable":true,"href":"https:\/\/blogs.thesocialmedia.com\/leblogmoto\/wp-json\/wp\/v2\/comments?post=1357"}],"version-history":[{"count":2,"href":"https:\/\/blogs.thesocialmedia.com\/leblogmoto\/wp-json\/wp\/v2\/posts\/1357\/revisions"}],"predecessor-version":[{"id":8443,"href":"https:\/\/blogs.thesocialmedia.com\/leblogmoto\/wp-json\/wp\/v2\/posts\/1357\/revisions\/8443"}],"wp:attachment":[{"href":"https:\/\/blogs.thesocialmedia.com\/leblogmoto\/wp-json\/wp\/v2\/media?parent=1357"}],"wp:term":[{"taxonomy":"category","embeddable":true,"href":"https:\/\/blogs.thesocialmedia.com\/leblogmoto\/wp-json\/wp\/v2\/categories?post=1357"},{"taxonomy":"post_tag","embeddable":true,"href":"https:\/\/blogs.thesocialmedia.com\/leblogmoto\/wp-json\/wp\/v2\/tags?post=1357"}],"curies":[{"name":"wp","href":"https:\/\/api.w.org\/{rel}","templated":true}]}}