{"id":1358,"date":"2007-05-28T19:18:52","date_gmt":"2007-05-28T19:18:52","guid":{"rendered":"http:\/\/blogs.thesocialmedia.com\/leblogmoto\/2007\/05\/28\/bagster-reporta\/"},"modified":"2012-07-11T14:40:30","modified_gmt":"2012-07-11T14:40:30","slug":"bagster-reporta","status":"publish","type":"post","link":"https:\/\/blogs.thesocialmedia.com\/leblogmoto\/2007\/05\/28\/bagster-reporta\/","title":{"rendered":"Bagster : Reportage"},"content":{"rendered":"<p><a href=\"http:\/\/blogs.thesocialmedia.com\/leblogmoto\/files\/2012\/07\/logo_bagster.jpg\"><img loading=\"lazy\" decoding=\"async\" height=\"43\" alt=\"Logo_bagster\" src=\"http:\/\/www.leblogmoto.com\/images\/2007\/05\/28\/logo_bagster.jpg\" width=\"250\"  \/><\/a> Soci\u00e9t\u00e9 cr\u00e9\u00e9e en 1984 et bas\u00e9e \u00e0 la Fert\u00e9 Mass\u00e9 dans l&rsquo;Orne (61), <a href=\"http:\/\/www.bagster.com\/fr\/moto\/showroom.php\">Bagster<\/a> fabrique, entre autres, des accessoires motos comme la bagagerie, la sellerie et les protections export\u00e9s dans 35 pays dans le monde&#8230;<\/p>\n<p>Pour mieux se rendre compte de l&rsquo;atmosph\u00e8re <a href=\"http:\/\/www.bagster.com\/fr\/moto\/showroom.php\">Bagster<\/a>, je vous ai trouv\u00e9 un reportage effectu\u00e9 par <a href=\"http:\/\/normandie.france3.fr\/emissions\/23949634-fr.php\">Label Normandie<\/a>. Mais je ne vais pas trop m&rsquo;\u00e9tendre et vous laisser regarder cette vid\u00e9o. N&rsquo;h\u00e9sitez pas \u00e0 faire des remarques \ud83d\ude09<\/p>\n<div><embed src=\"http:\/\/www.dailymotion.com\/swf\/7l6DCJd5R1XbsbTG4\" width=\"470\" height=\"335\" type=\"application\/x-shockwave-flash\"><\/embed><br \/><strong><a href=\"http:\/\/www.dailymotion.com\/video\/x1orzo_bagster\">Bagster<\/a><\/strong><em> envoy\u00e9 par <a href=\"http:\/\/www.dailymotion.com\/titi3861\">titi3861<\/a><\/em><\/div>\n","protected":false},"excerpt":{"rendered":"<p>Soci\u00e9t\u00e9 cr\u00e9\u00e9e en 1984 et bas\u00e9e \u00e0 la Fert\u00e9 Mass\u00e9 dans l&rsquo;Orne (61), Bagster fabrique, entre autres, des accessoires motos comme la bagagerie, la sellerie et les protections export\u00e9s dans 35 pays dans le monde&#8230; Pour mieux se rendre compte de l&rsquo;atmosph\u00e8re Bagster, je vous ai trouv\u00e9 un reportage effectu\u00e9 par Label Normandie. Mais je [&hellip;]<\/p>\n","protected":false},"author":329,"featured_media":0,"comment_status":"open","ping_status":"open","sticky":false,"template":"","format":"standard","meta":{"footnotes":""},"categories":[12],"tags":[],"class_list":["post-1358","post","type-post","status-publish","format-standard","hentry","category-videos"],"yoast_head":"<!-- This site is optimized with the Yoast SEO plugin v26.0 - https:\/\/yoast.com\/wordpress\/plugins\/seo\/ -->\n<title>Bagster : Reportage - leblogmoto.com<\/title>\n<meta name=\"robots\" content=\"index, follow, max-snippet:-1, max-image-preview:large, max-video-preview:-1\" \/>\n<link rel=\"canonical\" href=\"https:\/\/blogs.thesocialmedia.com\/leblogmoto\/2007\/05\/28\/bagster-reporta\/\" \/>\n<meta name=\"twitter:card\" content=\"summary_large_image\" \/>\n<meta name=\"twitter:title\" content=\"Bagster : Reportage - leblogmoto.com\" \/>\n<meta name=\"twitter:description\" content=\"Soci\u00e9t\u00e9 cr\u00e9\u00e9e en 1984 et bas\u00e9e \u00e0 la Fert\u00e9 Mass\u00e9 dans l&rsquo;Orne (61), Bagster fabrique, entre autres, des accessoires motos comme la bagagerie, la sellerie et les protections export\u00e9s dans 35 pays dans le monde&#8230; Pour mieux se rendre compte de l&rsquo;atmosph\u00e8re Bagster, je vous ai trouv\u00e9 un reportage effectu\u00e9 par Label Normandie. Mais je [&hellip;]\" \/>\n<meta name=\"twitter:image\" content=\"http:\/\/www.leblogmoto.com\/images\/2007\/05\/28\/logo_bagster.jpg\" \/>\n<meta name=\"twitter:label1\" content=\"\u00c9crit par\" \/>\n\t<meta name=\"twitter:data1\" content=\"gregory boucaud\" \/>\n<script type=\"application\/ld+json\" class=\"yoast-schema-graph\">{\"@context\":\"https:\/\/schema.org\",\"@graph\":[{\"@type\":\"WebPage\",\"@id\":\"https:\/\/blogs.thesocialmedia.com\/leblogmoto\/2007\/05\/28\/bagster-reporta\/\",\"url\":\"https:\/\/blogs.thesocialmedia.com\/leblogmoto\/2007\/05\/28\/bagster-reporta\/\",\"name\":\"Bagster : Reportage - leblogmoto.com\",\"isPartOf\":{\"@id\":\"https:\/\/blogs.thesocialmedia.com\/leblogmoto\/#website\"},\"primaryImageOfPage\":{\"@id\":\"https:\/\/blogs.thesocialmedia.com\/leblogmoto\/2007\/05\/28\/bagster-reporta\/#primaryimage\"},\"image\":{\"@id\":\"https:\/\/blogs.thesocialmedia.com\/leblogmoto\/2007\/05\/28\/bagster-reporta\/#primaryimage\"},\"thumbnailUrl\":\"http:\/\/www.leblogmoto.com\/images\/2007\/05\/28\/logo_bagster.jpg\",\"datePublished\":\"2007-05-28T19:18:52+00:00\",\"dateModified\":\"2012-07-11T14:40:30+00:00\",\"author\":{\"@id\":\"https:\/\/blogs.thesocialmedia.com\/leblogmoto\/#\/schema\/person\/769623f89741cc3381675029a37764f8\"},\"breadcrumb\":{\"@id\":\"https:\/\/blogs.thesocialmedia.com\/leblogmoto\/2007\/05\/28\/bagster-reporta\/#breadcrumb\"},\"inLanguage\":\"fr-FR\",\"potentialAction\":[{\"@type\":\"ReadAction\",\"target\":[\"https:\/\/blogs.thesocialmedia.com\/leblogmoto\/2007\/05\/28\/bagster-reporta\/\"]}]},{\"@type\":\"ImageObject\",\"inLanguage\":\"fr-FR\",\"@id\":\"https:\/\/blogs.thesocialmedia.com\/leblogmoto\/2007\/05\/28\/bagster-reporta\/#primaryimage\",\"url\":\"http:\/\/www.leblogmoto.com\/images\/2007\/05\/28\/logo_bagster.jpg\",\"contentUrl\":\"http:\/\/www.leblogmoto.com\/images\/2007\/05\/28\/logo_bagster.jpg\"},{\"@type\":\"BreadcrumbList\",\"@id\":\"https:\/\/blogs.thesocialmedia.com\/leblogmoto\/2007\/05\/28\/bagster-reporta\/#breadcrumb\",\"itemListElement\":[{\"@type\":\"ListItem\",\"position\":1,\"name\":\"Accueil\",\"item\":\"https:\/\/blogs.thesocialmedia.com\/leblogmoto\/\"},{\"@type\":\"ListItem\",\"position\":2,\"name\":\"Bagster : Reportage\"}]},{\"@type\":\"WebSite\",\"@id\":\"https:\/\/blogs.thesocialmedia.com\/leblogmoto\/#website\",\"url\":\"https:\/\/blogs.thesocialmedia.com\/leblogmoto\/\",\"name\":\"leblogmoto\",\"description\":\"Toute l&#039;actualit\u00e9 des 2 roues\",\"potentialAction\":[{\"@type\":\"SearchAction\",\"target\":{\"@type\":\"EntryPoint\",\"urlTemplate\":\"https:\/\/blogs.thesocialmedia.com\/leblogmoto\/?s={search_term_string}\"},\"query-input\":{\"@type\":\"PropertyValueSpecification\",\"valueRequired\":true,\"valueName\":\"search_term_string\"}}],\"inLanguage\":\"fr-FR\"},{\"@type\":\"Person\",\"@id\":\"https:\/\/blogs.thesocialmedia.com\/leblogmoto\/#\/schema\/person\/769623f89741cc3381675029a37764f8\",\"name\":\"gregory boucaud\",\"image\":{\"@type\":\"ImageObject\",\"inLanguage\":\"fr-FR\",\"@id\":\"https:\/\/blogs.thesocialmedia.com\/leblogmoto\/#\/schema\/person\/image\/\",\"url\":\"https:\/\/secure.gravatar.com\/avatar\/?s=96&d=mm&r=g\",\"contentUrl\":\"https:\/\/secure.gravatar.com\/avatar\/?s=96&d=mm&r=g\",\"caption\":\"gregory boucaud\"},\"url\":\"https:\/\/blogs.thesocialmedia.com\/leblogmoto\/author\/gregory-boucaud\/\"}]}<\/script>\n<!-- \/ Yoast SEO plugin. -->","yoast_head_json":{"title":"Bagster : Reportage - leblogmoto.com","robots":{"index":"index","follow":"follow","max-snippet":"max-snippet:-1","max-image-preview":"max-image-preview:large","max-video-preview":"max-video-preview:-1"},"canonical":"https:\/\/blogs.thesocialmedia.com\/leblogmoto\/2007\/05\/28\/bagster-reporta\/","twitter_card":"summary_large_image","twitter_title":"Bagster : Reportage - leblogmoto.com","twitter_description":"Soci\u00e9t\u00e9 cr\u00e9\u00e9e en 1984 et bas\u00e9e \u00e0 la Fert\u00e9 Mass\u00e9 dans l&rsquo;Orne (61), Bagster fabrique, entre autres, des accessoires motos comme la bagagerie, la sellerie et les protections export\u00e9s dans 35 pays dans le monde&#8230; Pour mieux se rendre compte de l&rsquo;atmosph\u00e8re Bagster, je vous ai trouv\u00e9 un reportage effectu\u00e9 par Label Normandie. Mais je [&hellip;]","twitter_image":"http:\/\/www.leblogmoto.com\/images\/2007\/05\/28\/logo_bagster.jpg","twitter_misc":{"\u00c9crit par":"gregory boucaud"},"schema":{"@context":"https:\/\/schema.org","@graph":[{"@type":"WebPage","@id":"https:\/\/blogs.thesocialmedia.com\/leblogmoto\/2007\/05\/28\/bagster-reporta\/","url":"https:\/\/blogs.thesocialmedia.com\/leblogmoto\/2007\/05\/28\/bagster-reporta\/","name":"Bagster : Reportage - leblogmoto.com","isPartOf":{"@id":"https:\/\/blogs.thesocialmedia.com\/leblogmoto\/#website"},"primaryImageOfPage":{"@id":"https:\/\/blogs.thesocialmedia.com\/leblogmoto\/2007\/05\/28\/bagster-reporta\/#primaryimage"},"image":{"@id":"https:\/\/blogs.thesocialmedia.com\/leblogmoto\/2007\/05\/28\/bagster-reporta\/#primaryimage"},"thumbnailUrl":"http:\/\/www.leblogmoto.com\/images\/2007\/05\/28\/logo_bagster.jpg","datePublished":"2007-05-28T19:18:52+00:00","dateModified":"2012-07-11T14:40:30+00:00","author":{"@id":"https:\/\/blogs.thesocialmedia.com\/leblogmoto\/#\/schema\/person\/769623f89741cc3381675029a37764f8"},"breadcrumb":{"@id":"https:\/\/blogs.thesocialmedia.com\/leblogmoto\/2007\/05\/28\/bagster-reporta\/#breadcrumb"},"inLanguage":"fr-FR","potentialAction":[{"@type":"ReadAction","target":["https:\/\/blogs.thesocialmedia.com\/leblogmoto\/2007\/05\/28\/bagster-reporta\/"]}]},{"@type":"ImageObject","inLanguage":"fr-FR","@id":"https:\/\/blogs.thesocialmedia.com\/leblogmoto\/2007\/05\/28\/bagster-reporta\/#primaryimage","url":"http:\/\/www.leblogmoto.com\/images\/2007\/05\/28\/logo_bagster.jpg","contentUrl":"http:\/\/www.leblogmoto.com\/images\/2007\/05\/28\/logo_bagster.jpg"},{"@type":"BreadcrumbList","@id":"https:\/\/blogs.thesocialmedia.com\/leblogmoto\/2007\/05\/28\/bagster-reporta\/#breadcrumb","itemListElement":[{"@type":"ListItem","position":1,"name":"Accueil","item":"https:\/\/blogs.thesocialmedia.com\/leblogmoto\/"},{"@type":"ListItem","position":2,"name":"Bagster : Reportage"}]},{"@type":"WebSite","@id":"https:\/\/blogs.thesocialmedia.com\/leblogmoto\/#website","url":"https:\/\/blogs.thesocialmedia.com\/leblogmoto\/","name":"leblogmoto","description":"Toute l&#039;actualit\u00e9 des 2 roues","potentialAction":[{"@type":"SearchAction","target":{"@type":"EntryPoint","urlTemplate":"https:\/\/blogs.thesocialmedia.com\/leblogmoto\/?s={search_term_string}"},"query-input":{"@type":"PropertyValueSpecification","valueRequired":true,"valueName":"search_term_string"}}],"inLanguage":"fr-FR"},{"@type":"Person","@id":"https:\/\/blogs.thesocialmedia.com\/leblogmoto\/#\/schema\/person\/769623f89741cc3381675029a37764f8","name":"gregory boucaud","image":{"@type":"ImageObject","inLanguage":"fr-FR","@id":"https:\/\/blogs.thesocialmedia.com\/leblogmoto\/#\/schema\/person\/image\/","url":"https:\/\/secure.gravatar.com\/avatar\/?s=96&d=mm&r=g","contentUrl":"https:\/\/secure.gravatar.com\/avatar\/?s=96&d=mm&r=g","caption":"gregory boucaud"},"url":"https:\/\/blogs.thesocialmedia.com\/leblogmoto\/author\/gregory-boucaud\/"}]}},"_links":{"self":[{"href":"https:\/\/blogs.thesocialmedia.com\/leblogmoto\/wp-json\/wp\/v2\/posts\/1358","targetHints":{"allow":["GET"]}}],"collection":[{"href":"https:\/\/blogs.thesocialmedia.com\/leblogmoto\/wp-json\/wp\/v2\/posts"}],"about":[{"href":"https:\/\/blogs.thesocialmedia.com\/leblogmoto\/wp-json\/wp\/v2\/types\/post"}],"author":[{"embeddable":true,"href":"https:\/\/blogs.thesocialmedia.com\/leblogmoto\/wp-json\/wp\/v2\/users\/329"}],"replies":[{"embeddable":true,"href":"https:\/\/blogs.thesocialmedia.com\/leblogmoto\/wp-json\/wp\/v2\/comments?post=1358"}],"version-history":[{"count":2,"href":"https:\/\/blogs.thesocialmedia.com\/leblogmoto\/wp-json\/wp\/v2\/posts\/1358\/revisions"}],"predecessor-version":[{"id":8441,"href":"https:\/\/blogs.thesocialmedia.com\/leblogmoto\/wp-json\/wp\/v2\/posts\/1358\/revisions\/8441"}],"wp:attachment":[{"href":"https:\/\/blogs.thesocialmedia.com\/leblogmoto\/wp-json\/wp\/v2\/media?parent=1358"}],"wp:term":[{"taxonomy":"category","embeddable":true,"href":"https:\/\/blogs.thesocialmedia.com\/leblogmoto\/wp-json\/wp\/v2\/categories?post=1358"},{"taxonomy":"post_tag","embeddable":true,"href":"https:\/\/blogs.thesocialmedia.com\/leblogmoto\/wp-json\/wp\/v2\/tags?post=1358"}],"curies":[{"name":"wp","href":"https:\/\/api.w.org\/{rel}","templated":true}]}}