{"id":1359,"date":"2007-05-28T00:20:53","date_gmt":"2007-05-28T00:20:53","guid":{"rendered":"http:\/\/blogs.thesocialmedia.com\/leblogmoto\/2007\/05\/28\/ixs-veste-femme\/"},"modified":"2012-07-11T14:40:29","modified_gmt":"2012-07-11T14:40:29","slug":"ixs-veste-femme","status":"publish","type":"post","link":"https:\/\/blogs.thesocialmedia.com\/leblogmoto\/2007\/05\/28\/ixs-veste-femme\/","title":{"rendered":"IXS : Veste femme CHEYENNE"},"content":{"rendered":"<p><a href=\"http:\/\/blogs.thesocialmedia.com\/leblogmoto\/files\/2012\/07\/x56501l.jpg\"><img loading=\"lazy\" decoding=\"async\" height=\"291\" alt=\"X56501l\" src=\"http:\/\/www.leblogmoto.com\/images\/2007\/05\/27\/x56501l.jpg\" width=\"250\"  \/><\/a>&nbsp; C&rsquo;est bient\u00f4t l&rsquo;\u00e9t\u00e9 et certains motards (et motardes) ressortent de leur hibernage. Ce n&rsquo;est pas une raison pour oublier les s\u00e9curit\u00e9s \u00e9l\u00e9mentaires lorsque l&rsquo;on conduit une moto. Nous nous attarderons aujourd&rsquo;hui sur cette veste du suisse <a href=\"http:\/\/www.ixs-fashion.com\">IXS<\/a> mod\u00e8le Cheyenne pour les femmes, disponible en noir, bleu-noir, orange-noir et rose-noir. Selon <a href=\"http:\/\/www.ixs-fashion.com\/\">IXS<\/a>, cette veste serait parfaitement imperm\u00e9able et disponible \u00e0 un prix peu \u00e9lev\u00e9 (150 \u20ac). Conforme aux normes CE pour les protections \u00e9paules et coudes, elle sera aussi pratique car elle propose 4 poches ext\u00e9rieures, 2 poches int\u00e9rieures ainsi qu&rsquo;une doublure amovible.<\/p>\n<div>Voici ses caract\u00e9risques:<\/p>\n<p>600D et 330D Polyoxford<br \/>\u00b7 Futterliner soltoTEX\u00ae parfaitement imperm\u00e9able<br \/>\u00b7 fermeture labyrinthe int\u00e9rieure<br \/>\u00b7 col confort<br \/>\u00b7 manches \u00e0 forme ergonomique<br \/>\u00b7 manches individuellement r\u00e9glables en Chamude<br \/>\u00b7 doublure thermique amovible<br \/>\u00b7 empi\u00e8cements de taille et largeur des hanches r\u00e9glable<br \/>\u00b7 protections CE pour \u00e9paules et coudes<br \/>\u00b7 rembourrage dorsale TecnoFoam (ult\u00e9rieurement int\u00e9grable CE)<br \/>\u00b7 4 poches ext\u00e9rieures et 2 poches int\u00e9rieures<br \/>\u00b7 glissi\u00e8re de raccord<\/p>\n<p><strong>Tailles : <\/strong><br \/>Dames DXS &#8211; D3XL <\/p>\n<p>En conclusions mesdames (mesdemoiselles), si vous souhaitez changer de blouson, celui-ci pourrait s&rsquo;av\u00e9rer \u00eatre une bonne affaire&#8230;<\/p><\/div>\n<div>Source : <a href=\"http:\/\/www.ixs-fashion.com\/\">IXS<\/a><\/div>\n","protected":false},"excerpt":{"rendered":"<p>&nbsp; C&rsquo;est bient\u00f4t l&rsquo;\u00e9t\u00e9 et certains motards (et motardes) ressortent de leur hibernage. Ce n&rsquo;est pas une raison pour oublier les s\u00e9curit\u00e9s \u00e9l\u00e9mentaires lorsque l&rsquo;on conduit une moto. Nous nous attarderons aujourd&rsquo;hui sur cette veste du suisse IXS mod\u00e8le Cheyenne pour les femmes, disponible en noir, bleu-noir, orange-noir et rose-noir. Selon IXS, cette veste serait [&hellip;]<\/p>\n","protected":false},"author":329,"featured_media":0,"comment_status":"open","ping_status":"open","sticky":false,"template":"","format":"standard","meta":{"footnotes":""},"categories":[27],"tags":[],"class_list":["post-1359","post","type-post","status-publish","format-standard","hentry","category-securite"],"yoast_head":"<!-- This site is optimized with the Yoast SEO plugin v26.0 - https:\/\/yoast.com\/wordpress\/plugins\/seo\/ -->\n<title>IXS : Veste femme CHEYENNE - leblogmoto.com<\/title>\n<meta name=\"robots\" content=\"index, follow, max-snippet:-1, max-image-preview:large, max-video-preview:-1\" \/>\n<link rel=\"canonical\" href=\"https:\/\/blogs.thesocialmedia.com\/leblogmoto\/2007\/05\/28\/ixs-veste-femme\/\" \/>\n<meta name=\"twitter:card\" content=\"summary_large_image\" \/>\n<meta name=\"twitter:title\" content=\"IXS : Veste femme CHEYENNE - leblogmoto.com\" \/>\n<meta name=\"twitter:description\" content=\"&nbsp; C&rsquo;est bient\u00f4t l&rsquo;\u00e9t\u00e9 et certains motards (et motardes) ressortent de leur hibernage. Ce n&rsquo;est pas une raison pour oublier les s\u00e9curit\u00e9s \u00e9l\u00e9mentaires lorsque l&rsquo;on conduit une moto. Nous nous attarderons aujourd&rsquo;hui sur cette veste du suisse IXS mod\u00e8le Cheyenne pour les femmes, disponible en noir, bleu-noir, orange-noir et rose-noir. Selon IXS, cette veste serait [&hellip;]\" \/>\n<meta name=\"twitter:image\" content=\"http:\/\/www.leblogmoto.com\/images\/2007\/05\/27\/x56501l.jpg\" \/>\n<meta name=\"twitter:label1\" content=\"\u00c9crit par\" \/>\n\t<meta name=\"twitter:data1\" content=\"gregory boucaud\" \/>\n\t<meta name=\"twitter:label2\" content=\"Dur\u00e9e de lecture estim\u00e9e\" \/>\n\t<meta name=\"twitter:data2\" content=\"1 minute\" \/>\n<script type=\"application\/ld+json\" class=\"yoast-schema-graph\">{\"@context\":\"https:\/\/schema.org\",\"@graph\":[{\"@type\":\"WebPage\",\"@id\":\"https:\/\/blogs.thesocialmedia.com\/leblogmoto\/2007\/05\/28\/ixs-veste-femme\/\",\"url\":\"https:\/\/blogs.thesocialmedia.com\/leblogmoto\/2007\/05\/28\/ixs-veste-femme\/\",\"name\":\"IXS : Veste femme CHEYENNE - leblogmoto.com\",\"isPartOf\":{\"@id\":\"https:\/\/blogs.thesocialmedia.com\/leblogmoto\/#website\"},\"primaryImageOfPage\":{\"@id\":\"https:\/\/blogs.thesocialmedia.com\/leblogmoto\/2007\/05\/28\/ixs-veste-femme\/#primaryimage\"},\"image\":{\"@id\":\"https:\/\/blogs.thesocialmedia.com\/leblogmoto\/2007\/05\/28\/ixs-veste-femme\/#primaryimage\"},\"thumbnailUrl\":\"http:\/\/www.leblogmoto.com\/images\/2007\/05\/27\/x56501l.jpg\",\"datePublished\":\"2007-05-28T00:20:53+00:00\",\"dateModified\":\"2012-07-11T14:40:29+00:00\",\"author\":{\"@id\":\"https:\/\/blogs.thesocialmedia.com\/leblogmoto\/#\/schema\/person\/769623f89741cc3381675029a37764f8\"},\"breadcrumb\":{\"@id\":\"https:\/\/blogs.thesocialmedia.com\/leblogmoto\/2007\/05\/28\/ixs-veste-femme\/#breadcrumb\"},\"inLanguage\":\"fr-FR\",\"potentialAction\":[{\"@type\":\"ReadAction\",\"target\":[\"https:\/\/blogs.thesocialmedia.com\/leblogmoto\/2007\/05\/28\/ixs-veste-femme\/\"]}]},{\"@type\":\"ImageObject\",\"inLanguage\":\"fr-FR\",\"@id\":\"https:\/\/blogs.thesocialmedia.com\/leblogmoto\/2007\/05\/28\/ixs-veste-femme\/#primaryimage\",\"url\":\"http:\/\/www.leblogmoto.com\/images\/2007\/05\/27\/x56501l.jpg\",\"contentUrl\":\"http:\/\/www.leblogmoto.com\/images\/2007\/05\/27\/x56501l.jpg\"},{\"@type\":\"BreadcrumbList\",\"@id\":\"https:\/\/blogs.thesocialmedia.com\/leblogmoto\/2007\/05\/28\/ixs-veste-femme\/#breadcrumb\",\"itemListElement\":[{\"@type\":\"ListItem\",\"position\":1,\"name\":\"Accueil\",\"item\":\"https:\/\/blogs.thesocialmedia.com\/leblogmoto\/\"},{\"@type\":\"ListItem\",\"position\":2,\"name\":\"IXS : Veste femme CHEYENNE\"}]},{\"@type\":\"WebSite\",\"@id\":\"https:\/\/blogs.thesocialmedia.com\/leblogmoto\/#website\",\"url\":\"https:\/\/blogs.thesocialmedia.com\/leblogmoto\/\",\"name\":\"leblogmoto\",\"description\":\"Toute l&#039;actualit\u00e9 des 2 roues\",\"potentialAction\":[{\"@type\":\"SearchAction\",\"target\":{\"@type\":\"EntryPoint\",\"urlTemplate\":\"https:\/\/blogs.thesocialmedia.com\/leblogmoto\/?s={search_term_string}\"},\"query-input\":{\"@type\":\"PropertyValueSpecification\",\"valueRequired\":true,\"valueName\":\"search_term_string\"}}],\"inLanguage\":\"fr-FR\"},{\"@type\":\"Person\",\"@id\":\"https:\/\/blogs.thesocialmedia.com\/leblogmoto\/#\/schema\/person\/769623f89741cc3381675029a37764f8\",\"name\":\"gregory boucaud\",\"image\":{\"@type\":\"ImageObject\",\"inLanguage\":\"fr-FR\",\"@id\":\"https:\/\/blogs.thesocialmedia.com\/leblogmoto\/#\/schema\/person\/image\/\",\"url\":\"https:\/\/secure.gravatar.com\/avatar\/?s=96&d=mm&r=g\",\"contentUrl\":\"https:\/\/secure.gravatar.com\/avatar\/?s=96&d=mm&r=g\",\"caption\":\"gregory boucaud\"},\"url\":\"https:\/\/blogs.thesocialmedia.com\/leblogmoto\/author\/gregory-boucaud\/\"}]}<\/script>\n<!-- \/ Yoast SEO plugin. -->","yoast_head_json":{"title":"IXS : Veste femme CHEYENNE - leblogmoto.com","robots":{"index":"index","follow":"follow","max-snippet":"max-snippet:-1","max-image-preview":"max-image-preview:large","max-video-preview":"max-video-preview:-1"},"canonical":"https:\/\/blogs.thesocialmedia.com\/leblogmoto\/2007\/05\/28\/ixs-veste-femme\/","twitter_card":"summary_large_image","twitter_title":"IXS : Veste femme CHEYENNE - leblogmoto.com","twitter_description":"&nbsp; C&rsquo;est bient\u00f4t l&rsquo;\u00e9t\u00e9 et certains motards (et motardes) ressortent de leur hibernage. Ce n&rsquo;est pas une raison pour oublier les s\u00e9curit\u00e9s \u00e9l\u00e9mentaires lorsque l&rsquo;on conduit une moto. Nous nous attarderons aujourd&rsquo;hui sur cette veste du suisse IXS mod\u00e8le Cheyenne pour les femmes, disponible en noir, bleu-noir, orange-noir et rose-noir. Selon IXS, cette veste serait [&hellip;]","twitter_image":"http:\/\/www.leblogmoto.com\/images\/2007\/05\/27\/x56501l.jpg","twitter_misc":{"\u00c9crit par":"gregory boucaud","Dur\u00e9e de lecture estim\u00e9e":"1 minute"},"schema":{"@context":"https:\/\/schema.org","@graph":[{"@type":"WebPage","@id":"https:\/\/blogs.thesocialmedia.com\/leblogmoto\/2007\/05\/28\/ixs-veste-femme\/","url":"https:\/\/blogs.thesocialmedia.com\/leblogmoto\/2007\/05\/28\/ixs-veste-femme\/","name":"IXS : Veste femme CHEYENNE - leblogmoto.com","isPartOf":{"@id":"https:\/\/blogs.thesocialmedia.com\/leblogmoto\/#website"},"primaryImageOfPage":{"@id":"https:\/\/blogs.thesocialmedia.com\/leblogmoto\/2007\/05\/28\/ixs-veste-femme\/#primaryimage"},"image":{"@id":"https:\/\/blogs.thesocialmedia.com\/leblogmoto\/2007\/05\/28\/ixs-veste-femme\/#primaryimage"},"thumbnailUrl":"http:\/\/www.leblogmoto.com\/images\/2007\/05\/27\/x56501l.jpg","datePublished":"2007-05-28T00:20:53+00:00","dateModified":"2012-07-11T14:40:29+00:00","author":{"@id":"https:\/\/blogs.thesocialmedia.com\/leblogmoto\/#\/schema\/person\/769623f89741cc3381675029a37764f8"},"breadcrumb":{"@id":"https:\/\/blogs.thesocialmedia.com\/leblogmoto\/2007\/05\/28\/ixs-veste-femme\/#breadcrumb"},"inLanguage":"fr-FR","potentialAction":[{"@type":"ReadAction","target":["https:\/\/blogs.thesocialmedia.com\/leblogmoto\/2007\/05\/28\/ixs-veste-femme\/"]}]},{"@type":"ImageObject","inLanguage":"fr-FR","@id":"https:\/\/blogs.thesocialmedia.com\/leblogmoto\/2007\/05\/28\/ixs-veste-femme\/#primaryimage","url":"http:\/\/www.leblogmoto.com\/images\/2007\/05\/27\/x56501l.jpg","contentUrl":"http:\/\/www.leblogmoto.com\/images\/2007\/05\/27\/x56501l.jpg"},{"@type":"BreadcrumbList","@id":"https:\/\/blogs.thesocialmedia.com\/leblogmoto\/2007\/05\/28\/ixs-veste-femme\/#breadcrumb","itemListElement":[{"@type":"ListItem","position":1,"name":"Accueil","item":"https:\/\/blogs.thesocialmedia.com\/leblogmoto\/"},{"@type":"ListItem","position":2,"name":"IXS : Veste femme CHEYENNE"}]},{"@type":"WebSite","@id":"https:\/\/blogs.thesocialmedia.com\/leblogmoto\/#website","url":"https:\/\/blogs.thesocialmedia.com\/leblogmoto\/","name":"leblogmoto","description":"Toute l&#039;actualit\u00e9 des 2 roues","potentialAction":[{"@type":"SearchAction","target":{"@type":"EntryPoint","urlTemplate":"https:\/\/blogs.thesocialmedia.com\/leblogmoto\/?s={search_term_string}"},"query-input":{"@type":"PropertyValueSpecification","valueRequired":true,"valueName":"search_term_string"}}],"inLanguage":"fr-FR"},{"@type":"Person","@id":"https:\/\/blogs.thesocialmedia.com\/leblogmoto\/#\/schema\/person\/769623f89741cc3381675029a37764f8","name":"gregory boucaud","image":{"@type":"ImageObject","inLanguage":"fr-FR","@id":"https:\/\/blogs.thesocialmedia.com\/leblogmoto\/#\/schema\/person\/image\/","url":"https:\/\/secure.gravatar.com\/avatar\/?s=96&d=mm&r=g","contentUrl":"https:\/\/secure.gravatar.com\/avatar\/?s=96&d=mm&r=g","caption":"gregory boucaud"},"url":"https:\/\/blogs.thesocialmedia.com\/leblogmoto\/author\/gregory-boucaud\/"}]}},"_links":{"self":[{"href":"https:\/\/blogs.thesocialmedia.com\/leblogmoto\/wp-json\/wp\/v2\/posts\/1359","targetHints":{"allow":["GET"]}}],"collection":[{"href":"https:\/\/blogs.thesocialmedia.com\/leblogmoto\/wp-json\/wp\/v2\/posts"}],"about":[{"href":"https:\/\/blogs.thesocialmedia.com\/leblogmoto\/wp-json\/wp\/v2\/types\/post"}],"author":[{"embeddable":true,"href":"https:\/\/blogs.thesocialmedia.com\/leblogmoto\/wp-json\/wp\/v2\/users\/329"}],"replies":[{"embeddable":true,"href":"https:\/\/blogs.thesocialmedia.com\/leblogmoto\/wp-json\/wp\/v2\/comments?post=1359"}],"version-history":[{"count":2,"href":"https:\/\/blogs.thesocialmedia.com\/leblogmoto\/wp-json\/wp\/v2\/posts\/1359\/revisions"}],"predecessor-version":[{"id":8439,"href":"https:\/\/blogs.thesocialmedia.com\/leblogmoto\/wp-json\/wp\/v2\/posts\/1359\/revisions\/8439"}],"wp:attachment":[{"href":"https:\/\/blogs.thesocialmedia.com\/leblogmoto\/wp-json\/wp\/v2\/media?parent=1359"}],"wp:term":[{"taxonomy":"category","embeddable":true,"href":"https:\/\/blogs.thesocialmedia.com\/leblogmoto\/wp-json\/wp\/v2\/categories?post=1359"},{"taxonomy":"post_tag","embeddable":true,"href":"https:\/\/blogs.thesocialmedia.com\/leblogmoto\/wp-json\/wp\/v2\/tags?post=1359"}],"curies":[{"name":"wp","href":"https:\/\/api.w.org\/{rel}","templated":true}]}}