{"id":1361,"date":"2007-05-27T23:32:56","date_gmt":"2007-05-27T23:32:56","guid":{"rendered":"http:\/\/blogs.thesocialmedia.com\/leblogmoto\/2007\/05\/27\/yamaha-recrutem\/"},"modified":"2012-07-11T14:40:25","modified_gmt":"2012-07-11T14:40:25","slug":"yamaha-recrutem","status":"publish","type":"post","link":"https:\/\/blogs.thesocialmedia.com\/leblogmoto\/2007\/05\/27\/yamaha-recrutem\/","title":{"rendered":"Yamaha : Recrutement pour le r\u00e9seau de concessionnaires"},"content":{"rendered":"<p><a href=\"http:\/\/blogs.thesocialmedia.com\/leblogmoto\/files\/2012\/07\/yam_logo.gif\"><img loading=\"lazy\" decoding=\"async\" height=\"252\" alt=\"Yam_logo\" src=\"http:\/\/www.leblogmoto.com\/images\/2007\/05\/27\/yam_logo.gif\" width=\"250\"  \/><\/a> Pour les jeunes qui voudraient travailler dans le domaine de la moto, <a href=\"http:\/\/www2.yamaha-motor.fr\/\">Yamaha<\/a> a mis en place des formations aux m\u00e9tiers de la vente motos, de la vente de pi\u00e8ces et accessoires ou de la r\u00e9paration. Ces formations seront en alternance et dureront entre 12 et 24 mois (\u00e0 partir d&rsquo;octobre 2007) donc si vous \u00eates motiv\u00e9s, ouverts et \u00e2g\u00e9s entre 18 et 25 ans vous pouvez envoyer un dossier de candidature. Lanc\u00e9 en 2001, ce programme est un partenariat entre <a href=\"http:\/\/www2.yamaha-motor.fr\/\">Yamaha Motor France<\/a> et l&rsquo;ANFA (Association Nationale pour la Formation Automobile, organisme de formation de la branche) .<\/p>\n<p>Pour la vente de motos, il faut le niveau BAC \u00e0 BAC +2. Pour \u00eatre vendeur de pi\u00e8ces et accessoires, il faut le niveau BAC, et enfin pour les techniciens, un niveau BEP maintenance v\u00e9hicule automobile dominante cycle et motocycle est requis.<br \/>La formation vendeurs motos est assur\u00e9e par l\u2019ISVA (Institut Sup\u00e9rieur De la Vente Automobile \u00e0 Suresne 92) et les formations vendeurs pi\u00e8ces et accessoires et techniciens se d\u00e9rouleront \u00e0 l\u2019INCM (l\u2019Institut national du cycle et du motocycle \u00e0 Paris 75). <\/p>\n<p>Rappelons qu&rsquo;entre 2001 \u00e0 2005, ce ne sont pas moins de 100 jeunes qui ont suivi ou suivent actuellement cette formation dans plus de 25 concessions <a href=\"http:\/\/www2.yamaha-motor.fr\/\">Yamaha<\/a>. Actuellement, environs 60 d&rsquo;entre eux travaillent dans la moto gr\u00e2ce \u00e0 ce programme. <\/p>\n<p>Si vous \u00eates int\u00e9ress\u00e9, envoyez un CV et une lettre de motivation \u00e0 :<br \/><a href=\"http:\/\/www2.yamaha-motor.fr\/\">Yamaha Motor France<\/a> <br \/>SEV Motos &#8211; Formation <br \/>5 Avenue du Fief &#8211; BP 19251 95078 <br \/>CERGY PONTOISE CEDEX <\/p>\n<p>T\u00e9l : 01 34 30 31 62 <br \/>Fax : 01 34 30 32 77 <br \/>E-mail : <a href=\"mailto:institut.yamaha@yamaha-motor.fr\">institut.yamaha@yamaha-motor.fr<\/a><\/p>\n<p>Sources : <a href=\"http:\/\/www.yamaha-motor.fr\/\">Yamaha<\/a>, <a href=\"http:\/\/www.moto-net.com\/\">Moto-Net<\/a>, <a href=\"http:\/\/www.moto-station.com\">Moto-Station<\/a><\/p>\n","protected":false},"excerpt":{"rendered":"<p>Pour les jeunes qui voudraient travailler dans le domaine de la moto, Yamaha a mis en place des formations aux m\u00e9tiers de la vente motos, de la vente de pi\u00e8ces et accessoires ou de la r\u00e9paration. Ces formations seront en alternance et dureront entre 12 et 24 mois (\u00e0 partir d&rsquo;octobre 2007) donc si vous [&hellip;]<\/p>\n","protected":false},"author":329,"featured_media":0,"comment_status":"open","ping_status":"open","sticky":false,"template":"","format":"standard","meta":{"footnotes":""},"categories":[3,44],"tags":[],"class_list":["post-1361","post","type-post","status-publish","format-standard","hentry","category-actualite","category-yamaha"],"yoast_head":"<!-- This site is optimized with the Yoast SEO plugin v26.0 - https:\/\/yoast.com\/wordpress\/plugins\/seo\/ -->\n<title>Yamaha : Recrutement pour le r\u00e9seau de concessionnaires - leblogmoto.com<\/title>\n<meta name=\"robots\" content=\"index, follow, max-snippet:-1, max-image-preview:large, max-video-preview:-1\" \/>\n<link rel=\"canonical\" href=\"https:\/\/blogs.thesocialmedia.com\/leblogmoto\/2007\/05\/27\/yamaha-recrutem\/\" \/>\n<meta name=\"twitter:card\" content=\"summary_large_image\" \/>\n<meta name=\"twitter:title\" content=\"Yamaha : Recrutement pour le r\u00e9seau de concessionnaires - leblogmoto.com\" \/>\n<meta name=\"twitter:description\" content=\"Pour les jeunes qui voudraient travailler dans le domaine de la moto, Yamaha a mis en place des formations aux m\u00e9tiers de la vente motos, de la vente de pi\u00e8ces et accessoires ou de la r\u00e9paration. Ces formations seront en alternance et dureront entre 12 et 24 mois (\u00e0 partir d&rsquo;octobre 2007) donc si vous [&hellip;]\" \/>\n<meta name=\"twitter:image\" content=\"http:\/\/www.leblogmoto.com\/images\/2007\/05\/27\/yam_logo.gif\" \/>\n<meta name=\"twitter:label1\" content=\"\u00c9crit par\" \/>\n\t<meta name=\"twitter:data1\" content=\"gregory boucaud\" \/>\n\t<meta name=\"twitter:label2\" content=\"Dur\u00e9e de lecture estim\u00e9e\" \/>\n\t<meta name=\"twitter:data2\" content=\"1 minute\" \/>\n<script type=\"application\/ld+json\" class=\"yoast-schema-graph\">{\"@context\":\"https:\/\/schema.org\",\"@graph\":[{\"@type\":\"WebPage\",\"@id\":\"https:\/\/blogs.thesocialmedia.com\/leblogmoto\/2007\/05\/27\/yamaha-recrutem\/\",\"url\":\"https:\/\/blogs.thesocialmedia.com\/leblogmoto\/2007\/05\/27\/yamaha-recrutem\/\",\"name\":\"Yamaha : Recrutement pour le r\u00e9seau de concessionnaires - leblogmoto.com\",\"isPartOf\":{\"@id\":\"https:\/\/blogs.thesocialmedia.com\/leblogmoto\/#website\"},\"primaryImageOfPage\":{\"@id\":\"https:\/\/blogs.thesocialmedia.com\/leblogmoto\/2007\/05\/27\/yamaha-recrutem\/#primaryimage\"},\"image\":{\"@id\":\"https:\/\/blogs.thesocialmedia.com\/leblogmoto\/2007\/05\/27\/yamaha-recrutem\/#primaryimage\"},\"thumbnailUrl\":\"http:\/\/www.leblogmoto.com\/images\/2007\/05\/27\/yam_logo.gif\",\"datePublished\":\"2007-05-27T23:32:56+00:00\",\"dateModified\":\"2012-07-11T14:40:25+00:00\",\"author\":{\"@id\":\"https:\/\/blogs.thesocialmedia.com\/leblogmoto\/#\/schema\/person\/769623f89741cc3381675029a37764f8\"},\"breadcrumb\":{\"@id\":\"https:\/\/blogs.thesocialmedia.com\/leblogmoto\/2007\/05\/27\/yamaha-recrutem\/#breadcrumb\"},\"inLanguage\":\"fr-FR\",\"potentialAction\":[{\"@type\":\"ReadAction\",\"target\":[\"https:\/\/blogs.thesocialmedia.com\/leblogmoto\/2007\/05\/27\/yamaha-recrutem\/\"]}]},{\"@type\":\"ImageObject\",\"inLanguage\":\"fr-FR\",\"@id\":\"https:\/\/blogs.thesocialmedia.com\/leblogmoto\/2007\/05\/27\/yamaha-recrutem\/#primaryimage\",\"url\":\"http:\/\/www.leblogmoto.com\/images\/2007\/05\/27\/yam_logo.gif\",\"contentUrl\":\"http:\/\/www.leblogmoto.com\/images\/2007\/05\/27\/yam_logo.gif\"},{\"@type\":\"BreadcrumbList\",\"@id\":\"https:\/\/blogs.thesocialmedia.com\/leblogmoto\/2007\/05\/27\/yamaha-recrutem\/#breadcrumb\",\"itemListElement\":[{\"@type\":\"ListItem\",\"position\":1,\"name\":\"Accueil\",\"item\":\"https:\/\/blogs.thesocialmedia.com\/leblogmoto\/\"},{\"@type\":\"ListItem\",\"position\":2,\"name\":\"Yamaha : Recrutement pour le r\u00e9seau de concessionnaires\"}]},{\"@type\":\"WebSite\",\"@id\":\"https:\/\/blogs.thesocialmedia.com\/leblogmoto\/#website\",\"url\":\"https:\/\/blogs.thesocialmedia.com\/leblogmoto\/\",\"name\":\"leblogmoto\",\"description\":\"Toute l&#039;actualit\u00e9 des 2 roues\",\"potentialAction\":[{\"@type\":\"SearchAction\",\"target\":{\"@type\":\"EntryPoint\",\"urlTemplate\":\"https:\/\/blogs.thesocialmedia.com\/leblogmoto\/?s={search_term_string}\"},\"query-input\":{\"@type\":\"PropertyValueSpecification\",\"valueRequired\":true,\"valueName\":\"search_term_string\"}}],\"inLanguage\":\"fr-FR\"},{\"@type\":\"Person\",\"@id\":\"https:\/\/blogs.thesocialmedia.com\/leblogmoto\/#\/schema\/person\/769623f89741cc3381675029a37764f8\",\"name\":\"gregory boucaud\",\"image\":{\"@type\":\"ImageObject\",\"inLanguage\":\"fr-FR\",\"@id\":\"https:\/\/blogs.thesocialmedia.com\/leblogmoto\/#\/schema\/person\/image\/\",\"url\":\"https:\/\/secure.gravatar.com\/avatar\/?s=96&d=mm&r=g\",\"contentUrl\":\"https:\/\/secure.gravatar.com\/avatar\/?s=96&d=mm&r=g\",\"caption\":\"gregory boucaud\"},\"url\":\"https:\/\/blogs.thesocialmedia.com\/leblogmoto\/author\/gregory-boucaud\/\"}]}<\/script>\n<!-- \/ Yoast SEO plugin. -->","yoast_head_json":{"title":"Yamaha : Recrutement pour le r\u00e9seau de concessionnaires - leblogmoto.com","robots":{"index":"index","follow":"follow","max-snippet":"max-snippet:-1","max-image-preview":"max-image-preview:large","max-video-preview":"max-video-preview:-1"},"canonical":"https:\/\/blogs.thesocialmedia.com\/leblogmoto\/2007\/05\/27\/yamaha-recrutem\/","twitter_card":"summary_large_image","twitter_title":"Yamaha : Recrutement pour le r\u00e9seau de concessionnaires - leblogmoto.com","twitter_description":"Pour les jeunes qui voudraient travailler dans le domaine de la moto, Yamaha a mis en place des formations aux m\u00e9tiers de la vente motos, de la vente de pi\u00e8ces et accessoires ou de la r\u00e9paration. Ces formations seront en alternance et dureront entre 12 et 24 mois (\u00e0 partir d&rsquo;octobre 2007) donc si vous [&hellip;]","twitter_image":"http:\/\/www.leblogmoto.com\/images\/2007\/05\/27\/yam_logo.gif","twitter_misc":{"\u00c9crit par":"gregory boucaud","Dur\u00e9e de lecture estim\u00e9e":"1 minute"},"schema":{"@context":"https:\/\/schema.org","@graph":[{"@type":"WebPage","@id":"https:\/\/blogs.thesocialmedia.com\/leblogmoto\/2007\/05\/27\/yamaha-recrutem\/","url":"https:\/\/blogs.thesocialmedia.com\/leblogmoto\/2007\/05\/27\/yamaha-recrutem\/","name":"Yamaha : Recrutement pour le r\u00e9seau de concessionnaires - leblogmoto.com","isPartOf":{"@id":"https:\/\/blogs.thesocialmedia.com\/leblogmoto\/#website"},"primaryImageOfPage":{"@id":"https:\/\/blogs.thesocialmedia.com\/leblogmoto\/2007\/05\/27\/yamaha-recrutem\/#primaryimage"},"image":{"@id":"https:\/\/blogs.thesocialmedia.com\/leblogmoto\/2007\/05\/27\/yamaha-recrutem\/#primaryimage"},"thumbnailUrl":"http:\/\/www.leblogmoto.com\/images\/2007\/05\/27\/yam_logo.gif","datePublished":"2007-05-27T23:32:56+00:00","dateModified":"2012-07-11T14:40:25+00:00","author":{"@id":"https:\/\/blogs.thesocialmedia.com\/leblogmoto\/#\/schema\/person\/769623f89741cc3381675029a37764f8"},"breadcrumb":{"@id":"https:\/\/blogs.thesocialmedia.com\/leblogmoto\/2007\/05\/27\/yamaha-recrutem\/#breadcrumb"},"inLanguage":"fr-FR","potentialAction":[{"@type":"ReadAction","target":["https:\/\/blogs.thesocialmedia.com\/leblogmoto\/2007\/05\/27\/yamaha-recrutem\/"]}]},{"@type":"ImageObject","inLanguage":"fr-FR","@id":"https:\/\/blogs.thesocialmedia.com\/leblogmoto\/2007\/05\/27\/yamaha-recrutem\/#primaryimage","url":"http:\/\/www.leblogmoto.com\/images\/2007\/05\/27\/yam_logo.gif","contentUrl":"http:\/\/www.leblogmoto.com\/images\/2007\/05\/27\/yam_logo.gif"},{"@type":"BreadcrumbList","@id":"https:\/\/blogs.thesocialmedia.com\/leblogmoto\/2007\/05\/27\/yamaha-recrutem\/#breadcrumb","itemListElement":[{"@type":"ListItem","position":1,"name":"Accueil","item":"https:\/\/blogs.thesocialmedia.com\/leblogmoto\/"},{"@type":"ListItem","position":2,"name":"Yamaha : Recrutement pour le r\u00e9seau de concessionnaires"}]},{"@type":"WebSite","@id":"https:\/\/blogs.thesocialmedia.com\/leblogmoto\/#website","url":"https:\/\/blogs.thesocialmedia.com\/leblogmoto\/","name":"leblogmoto","description":"Toute l&#039;actualit\u00e9 des 2 roues","potentialAction":[{"@type":"SearchAction","target":{"@type":"EntryPoint","urlTemplate":"https:\/\/blogs.thesocialmedia.com\/leblogmoto\/?s={search_term_string}"},"query-input":{"@type":"PropertyValueSpecification","valueRequired":true,"valueName":"search_term_string"}}],"inLanguage":"fr-FR"},{"@type":"Person","@id":"https:\/\/blogs.thesocialmedia.com\/leblogmoto\/#\/schema\/person\/769623f89741cc3381675029a37764f8","name":"gregory boucaud","image":{"@type":"ImageObject","inLanguage":"fr-FR","@id":"https:\/\/blogs.thesocialmedia.com\/leblogmoto\/#\/schema\/person\/image\/","url":"https:\/\/secure.gravatar.com\/avatar\/?s=96&d=mm&r=g","contentUrl":"https:\/\/secure.gravatar.com\/avatar\/?s=96&d=mm&r=g","caption":"gregory boucaud"},"url":"https:\/\/blogs.thesocialmedia.com\/leblogmoto\/author\/gregory-boucaud\/"}]}},"_links":{"self":[{"href":"https:\/\/blogs.thesocialmedia.com\/leblogmoto\/wp-json\/wp\/v2\/posts\/1361","targetHints":{"allow":["GET"]}}],"collection":[{"href":"https:\/\/blogs.thesocialmedia.com\/leblogmoto\/wp-json\/wp\/v2\/posts"}],"about":[{"href":"https:\/\/blogs.thesocialmedia.com\/leblogmoto\/wp-json\/wp\/v2\/types\/post"}],"author":[{"embeddable":true,"href":"https:\/\/blogs.thesocialmedia.com\/leblogmoto\/wp-json\/wp\/v2\/users\/329"}],"replies":[{"embeddable":true,"href":"https:\/\/blogs.thesocialmedia.com\/leblogmoto\/wp-json\/wp\/v2\/comments?post=1361"}],"version-history":[{"count":2,"href":"https:\/\/blogs.thesocialmedia.com\/leblogmoto\/wp-json\/wp\/v2\/posts\/1361\/revisions"}],"predecessor-version":[{"id":8435,"href":"https:\/\/blogs.thesocialmedia.com\/leblogmoto\/wp-json\/wp\/v2\/posts\/1361\/revisions\/8435"}],"wp:attachment":[{"href":"https:\/\/blogs.thesocialmedia.com\/leblogmoto\/wp-json\/wp\/v2\/media?parent=1361"}],"wp:term":[{"taxonomy":"category","embeddable":true,"href":"https:\/\/blogs.thesocialmedia.com\/leblogmoto\/wp-json\/wp\/v2\/categories?post=1361"},{"taxonomy":"post_tag","embeddable":true,"href":"https:\/\/blogs.thesocialmedia.com\/leblogmoto\/wp-json\/wp\/v2\/tags?post=1361"}],"curies":[{"name":"wp","href":"https:\/\/api.w.org\/{rel}","templated":true}]}}