{"id":1363,"date":"2007-05-25T16:45:30","date_gmt":"2007-05-25T16:45:30","guid":{"rendered":"http:\/\/blogs.thesocialmedia.com\/leblogmoto\/2007\/05\/25\/ducati-hyper-da\/"},"modified":"2012-07-11T14:40:23","modified_gmt":"2012-07-11T14:40:23","slug":"ducati-hyper-da","status":"publish","type":"post","link":"https:\/\/blogs.thesocialmedia.com\/leblogmoto\/2007\/05\/25\/ducati-hyper-da\/","title":{"rendered":"Ducati : Hyper Days"},"content":{"rendered":"<p><a href=\"http:\/\/blogs.thesocialmedia.com\/leblogmoto\/files\/2012\/07\/hypermotard3_1_2.jpg\"><img loading=\"lazy\" decoding=\"async\" height=\"161\" alt=\"Hypermotard3_1_2\" src=\"http:\/\/www.leblogmoto.com\/images\/2007\/05\/25\/hypermotard3_1_2.jpg\" width=\"250\"  \/><\/a> Ca y est, l&rsquo;Hypermotard a ses <a href=\"http:\/\/www.ducati.com\/od\/ducatifrance\/fr\/index.jhtml\">Hyper Days<\/a>. L&rsquo;occasion pour vous d&rsquo;aller l&rsquo;essayer et d&rsquo;enfin ressentir ce qu&rsquo;est le concept d&rsquo;Hyper.<br \/>Vous avez surement du voir la <a href=\"http:\/\/www.leblogmoto.com\/2007\/05\/la_ducati_hyper.html\">vid\u00e9o de Ruben Xaus<\/a> qu&rsquo;Albin vous a pr\u00e9sent\u00e9, ainsi vous avez d\u00e9j\u00e0 une id\u00e9e de ce que la belle a dans le ventre. M&rsquo;enfin se rendre compte par soi-m\u00eame est toujours mieux&#8230; Alors rendez-vous du 7 au 9 juin chez vos concessionnaires <a href=\"http:\/\/www.ducati.com\/od\/ducatifrance\/fr\/index.jhtml\">Ducati<\/a>.<\/p>\n<p>Pour plus d&rsquo;information : <a href=\"http:\/\/www.ducati.com\/\">www.ducati.com<\/a><\/p>\n","protected":false},"excerpt":{"rendered":"<p>Ca y est, l&rsquo;Hypermotard a ses Hyper Days. L&rsquo;occasion pour vous d&rsquo;aller l&rsquo;essayer et d&rsquo;enfin ressentir ce qu&rsquo;est le concept d&rsquo;Hyper.Vous avez surement du voir la vid\u00e9o de Ruben Xaus qu&rsquo;Albin vous a pr\u00e9sent\u00e9, ainsi vous avez d\u00e9j\u00e0 une id\u00e9e de ce que la belle a dans le ventre. M&rsquo;enfin se rendre compte par soi-m\u00eame [&hellip;]<\/p>\n","protected":false},"author":329,"featured_media":0,"comment_status":"open","ping_status":"open","sticky":false,"template":"","format":"standard","meta":{"footnotes":""},"categories":[41],"tags":[],"class_list":["post-1363","post","type-post","status-publish","format-standard","hentry","category-ducati"],"yoast_head":"<!-- This site is optimized with the Yoast SEO plugin v26.0 - https:\/\/yoast.com\/wordpress\/plugins\/seo\/ -->\n<title>Ducati : Hyper Days - leblogmoto.com<\/title>\n<meta name=\"robots\" content=\"index, follow, max-snippet:-1, max-image-preview:large, max-video-preview:-1\" \/>\n<link rel=\"canonical\" href=\"https:\/\/blogs.thesocialmedia.com\/leblogmoto\/2007\/05\/25\/ducati-hyper-da\/\" \/>\n<meta name=\"twitter:card\" content=\"summary_large_image\" \/>\n<meta name=\"twitter:title\" content=\"Ducati : Hyper Days - leblogmoto.com\" \/>\n<meta name=\"twitter:description\" content=\"Ca y est, l&rsquo;Hypermotard a ses Hyper Days. L&rsquo;occasion pour vous d&rsquo;aller l&rsquo;essayer et d&rsquo;enfin ressentir ce qu&rsquo;est le concept d&rsquo;Hyper.Vous avez surement du voir la vid\u00e9o de Ruben Xaus qu&rsquo;Albin vous a pr\u00e9sent\u00e9, ainsi vous avez d\u00e9j\u00e0 une id\u00e9e de ce que la belle a dans le ventre. M&rsquo;enfin se rendre compte par soi-m\u00eame [&hellip;]\" \/>\n<meta name=\"twitter:image\" content=\"http:\/\/www.leblogmoto.com\/images\/2007\/05\/25\/hypermotard3_1_2.jpg\" \/>\n<meta name=\"twitter:label1\" content=\"\u00c9crit par\" \/>\n\t<meta name=\"twitter:data1\" content=\"gregory boucaud\" \/>\n<script type=\"application\/ld+json\" class=\"yoast-schema-graph\">{\"@context\":\"https:\/\/schema.org\",\"@graph\":[{\"@type\":\"WebPage\",\"@id\":\"https:\/\/blogs.thesocialmedia.com\/leblogmoto\/2007\/05\/25\/ducati-hyper-da\/\",\"url\":\"https:\/\/blogs.thesocialmedia.com\/leblogmoto\/2007\/05\/25\/ducati-hyper-da\/\",\"name\":\"Ducati : Hyper Days - leblogmoto.com\",\"isPartOf\":{\"@id\":\"https:\/\/blogs.thesocialmedia.com\/leblogmoto\/#website\"},\"primaryImageOfPage\":{\"@id\":\"https:\/\/blogs.thesocialmedia.com\/leblogmoto\/2007\/05\/25\/ducati-hyper-da\/#primaryimage\"},\"image\":{\"@id\":\"https:\/\/blogs.thesocialmedia.com\/leblogmoto\/2007\/05\/25\/ducati-hyper-da\/#primaryimage\"},\"thumbnailUrl\":\"http:\/\/www.leblogmoto.com\/images\/2007\/05\/25\/hypermotard3_1_2.jpg\",\"datePublished\":\"2007-05-25T16:45:30+00:00\",\"dateModified\":\"2012-07-11T14:40:23+00:00\",\"author\":{\"@id\":\"https:\/\/blogs.thesocialmedia.com\/leblogmoto\/#\/schema\/person\/769623f89741cc3381675029a37764f8\"},\"breadcrumb\":{\"@id\":\"https:\/\/blogs.thesocialmedia.com\/leblogmoto\/2007\/05\/25\/ducati-hyper-da\/#breadcrumb\"},\"inLanguage\":\"fr-FR\",\"potentialAction\":[{\"@type\":\"ReadAction\",\"target\":[\"https:\/\/blogs.thesocialmedia.com\/leblogmoto\/2007\/05\/25\/ducati-hyper-da\/\"]}]},{\"@type\":\"ImageObject\",\"inLanguage\":\"fr-FR\",\"@id\":\"https:\/\/blogs.thesocialmedia.com\/leblogmoto\/2007\/05\/25\/ducati-hyper-da\/#primaryimage\",\"url\":\"http:\/\/www.leblogmoto.com\/images\/2007\/05\/25\/hypermotard3_1_2.jpg\",\"contentUrl\":\"http:\/\/www.leblogmoto.com\/images\/2007\/05\/25\/hypermotard3_1_2.jpg\"},{\"@type\":\"BreadcrumbList\",\"@id\":\"https:\/\/blogs.thesocialmedia.com\/leblogmoto\/2007\/05\/25\/ducati-hyper-da\/#breadcrumb\",\"itemListElement\":[{\"@type\":\"ListItem\",\"position\":1,\"name\":\"Accueil\",\"item\":\"https:\/\/blogs.thesocialmedia.com\/leblogmoto\/\"},{\"@type\":\"ListItem\",\"position\":2,\"name\":\"Ducati : Hyper Days\"}]},{\"@type\":\"WebSite\",\"@id\":\"https:\/\/blogs.thesocialmedia.com\/leblogmoto\/#website\",\"url\":\"https:\/\/blogs.thesocialmedia.com\/leblogmoto\/\",\"name\":\"leblogmoto\",\"description\":\"Toute l&#039;actualit\u00e9 des 2 roues\",\"potentialAction\":[{\"@type\":\"SearchAction\",\"target\":{\"@type\":\"EntryPoint\",\"urlTemplate\":\"https:\/\/blogs.thesocialmedia.com\/leblogmoto\/?s={search_term_string}\"},\"query-input\":{\"@type\":\"PropertyValueSpecification\",\"valueRequired\":true,\"valueName\":\"search_term_string\"}}],\"inLanguage\":\"fr-FR\"},{\"@type\":\"Person\",\"@id\":\"https:\/\/blogs.thesocialmedia.com\/leblogmoto\/#\/schema\/person\/769623f89741cc3381675029a37764f8\",\"name\":\"gregory boucaud\",\"image\":{\"@type\":\"ImageObject\",\"inLanguage\":\"fr-FR\",\"@id\":\"https:\/\/blogs.thesocialmedia.com\/leblogmoto\/#\/schema\/person\/image\/\",\"url\":\"https:\/\/secure.gravatar.com\/avatar\/?s=96&d=mm&r=g\",\"contentUrl\":\"https:\/\/secure.gravatar.com\/avatar\/?s=96&d=mm&r=g\",\"caption\":\"gregory boucaud\"},\"url\":\"https:\/\/blogs.thesocialmedia.com\/leblogmoto\/author\/gregory-boucaud\/\"}]}<\/script>\n<!-- \/ Yoast SEO plugin. -->","yoast_head_json":{"title":"Ducati : Hyper Days - leblogmoto.com","robots":{"index":"index","follow":"follow","max-snippet":"max-snippet:-1","max-image-preview":"max-image-preview:large","max-video-preview":"max-video-preview:-1"},"canonical":"https:\/\/blogs.thesocialmedia.com\/leblogmoto\/2007\/05\/25\/ducati-hyper-da\/","twitter_card":"summary_large_image","twitter_title":"Ducati : Hyper Days - leblogmoto.com","twitter_description":"Ca y est, l&rsquo;Hypermotard a ses Hyper Days. L&rsquo;occasion pour vous d&rsquo;aller l&rsquo;essayer et d&rsquo;enfin ressentir ce qu&rsquo;est le concept d&rsquo;Hyper.Vous avez surement du voir la vid\u00e9o de Ruben Xaus qu&rsquo;Albin vous a pr\u00e9sent\u00e9, ainsi vous avez d\u00e9j\u00e0 une id\u00e9e de ce que la belle a dans le ventre. M&rsquo;enfin se rendre compte par soi-m\u00eame [&hellip;]","twitter_image":"http:\/\/www.leblogmoto.com\/images\/2007\/05\/25\/hypermotard3_1_2.jpg","twitter_misc":{"\u00c9crit par":"gregory boucaud"},"schema":{"@context":"https:\/\/schema.org","@graph":[{"@type":"WebPage","@id":"https:\/\/blogs.thesocialmedia.com\/leblogmoto\/2007\/05\/25\/ducati-hyper-da\/","url":"https:\/\/blogs.thesocialmedia.com\/leblogmoto\/2007\/05\/25\/ducati-hyper-da\/","name":"Ducati : Hyper Days - leblogmoto.com","isPartOf":{"@id":"https:\/\/blogs.thesocialmedia.com\/leblogmoto\/#website"},"primaryImageOfPage":{"@id":"https:\/\/blogs.thesocialmedia.com\/leblogmoto\/2007\/05\/25\/ducati-hyper-da\/#primaryimage"},"image":{"@id":"https:\/\/blogs.thesocialmedia.com\/leblogmoto\/2007\/05\/25\/ducati-hyper-da\/#primaryimage"},"thumbnailUrl":"http:\/\/www.leblogmoto.com\/images\/2007\/05\/25\/hypermotard3_1_2.jpg","datePublished":"2007-05-25T16:45:30+00:00","dateModified":"2012-07-11T14:40:23+00:00","author":{"@id":"https:\/\/blogs.thesocialmedia.com\/leblogmoto\/#\/schema\/person\/769623f89741cc3381675029a37764f8"},"breadcrumb":{"@id":"https:\/\/blogs.thesocialmedia.com\/leblogmoto\/2007\/05\/25\/ducati-hyper-da\/#breadcrumb"},"inLanguage":"fr-FR","potentialAction":[{"@type":"ReadAction","target":["https:\/\/blogs.thesocialmedia.com\/leblogmoto\/2007\/05\/25\/ducati-hyper-da\/"]}]},{"@type":"ImageObject","inLanguage":"fr-FR","@id":"https:\/\/blogs.thesocialmedia.com\/leblogmoto\/2007\/05\/25\/ducati-hyper-da\/#primaryimage","url":"http:\/\/www.leblogmoto.com\/images\/2007\/05\/25\/hypermotard3_1_2.jpg","contentUrl":"http:\/\/www.leblogmoto.com\/images\/2007\/05\/25\/hypermotard3_1_2.jpg"},{"@type":"BreadcrumbList","@id":"https:\/\/blogs.thesocialmedia.com\/leblogmoto\/2007\/05\/25\/ducati-hyper-da\/#breadcrumb","itemListElement":[{"@type":"ListItem","position":1,"name":"Accueil","item":"https:\/\/blogs.thesocialmedia.com\/leblogmoto\/"},{"@type":"ListItem","position":2,"name":"Ducati : Hyper Days"}]},{"@type":"WebSite","@id":"https:\/\/blogs.thesocialmedia.com\/leblogmoto\/#website","url":"https:\/\/blogs.thesocialmedia.com\/leblogmoto\/","name":"leblogmoto","description":"Toute l&#039;actualit\u00e9 des 2 roues","potentialAction":[{"@type":"SearchAction","target":{"@type":"EntryPoint","urlTemplate":"https:\/\/blogs.thesocialmedia.com\/leblogmoto\/?s={search_term_string}"},"query-input":{"@type":"PropertyValueSpecification","valueRequired":true,"valueName":"search_term_string"}}],"inLanguage":"fr-FR"},{"@type":"Person","@id":"https:\/\/blogs.thesocialmedia.com\/leblogmoto\/#\/schema\/person\/769623f89741cc3381675029a37764f8","name":"gregory boucaud","image":{"@type":"ImageObject","inLanguage":"fr-FR","@id":"https:\/\/blogs.thesocialmedia.com\/leblogmoto\/#\/schema\/person\/image\/","url":"https:\/\/secure.gravatar.com\/avatar\/?s=96&d=mm&r=g","contentUrl":"https:\/\/secure.gravatar.com\/avatar\/?s=96&d=mm&r=g","caption":"gregory boucaud"},"url":"https:\/\/blogs.thesocialmedia.com\/leblogmoto\/author\/gregory-boucaud\/"}]}},"_links":{"self":[{"href":"https:\/\/blogs.thesocialmedia.com\/leblogmoto\/wp-json\/wp\/v2\/posts\/1363","targetHints":{"allow":["GET"]}}],"collection":[{"href":"https:\/\/blogs.thesocialmedia.com\/leblogmoto\/wp-json\/wp\/v2\/posts"}],"about":[{"href":"https:\/\/blogs.thesocialmedia.com\/leblogmoto\/wp-json\/wp\/v2\/types\/post"}],"author":[{"embeddable":true,"href":"https:\/\/blogs.thesocialmedia.com\/leblogmoto\/wp-json\/wp\/v2\/users\/329"}],"replies":[{"embeddable":true,"href":"https:\/\/blogs.thesocialmedia.com\/leblogmoto\/wp-json\/wp\/v2\/comments?post=1363"}],"version-history":[{"count":2,"href":"https:\/\/blogs.thesocialmedia.com\/leblogmoto\/wp-json\/wp\/v2\/posts\/1363\/revisions"}],"predecessor-version":[{"id":8431,"href":"https:\/\/blogs.thesocialmedia.com\/leblogmoto\/wp-json\/wp\/v2\/posts\/1363\/revisions\/8431"}],"wp:attachment":[{"href":"https:\/\/blogs.thesocialmedia.com\/leblogmoto\/wp-json\/wp\/v2\/media?parent=1363"}],"wp:term":[{"taxonomy":"category","embeddable":true,"href":"https:\/\/blogs.thesocialmedia.com\/leblogmoto\/wp-json\/wp\/v2\/categories?post=1363"},{"taxonomy":"post_tag","embeddable":true,"href":"https:\/\/blogs.thesocialmedia.com\/leblogmoto\/wp-json\/wp\/v2\/tags?post=1363"}],"curies":[{"name":"wp","href":"https:\/\/api.w.org\/{rel}","templated":true}]}}