{"id":1367,"date":"2007-05-22T21:40:48","date_gmt":"2007-05-22T21:40:48","guid":{"rendered":"http:\/\/blogs.thesocialmedia.com\/leblogmoto\/2007\/05\/22\/bimota-tesi-3d\/"},"modified":"2012-07-11T14:40:17","modified_gmt":"2012-07-11T14:40:17","slug":"bimota-tesi-3d","status":"publish","type":"post","link":"https:\/\/blogs.thesocialmedia.com\/leblogmoto\/2007\/05\/22\/bimota-tesi-3d\/","title":{"rendered":"Bimota : Tesi 3D, bient\u00f4t dans vos concessions&#8230;"},"content":{"rendered":"<p><a href=\"http:\/\/blogs.thesocialmedia.com\/leblogmoto\/files\/2012\/07\/tesi3d.jpg\"><img loading=\"lazy\" decoding=\"async\" height=\"167\" alt=\"Tesi3d\" src=\"http:\/\/www.leblogmoto.com\/images\/2007\/05\/22\/tesi3d.jpg\" width=\"249\"  \/><\/a> Nous vous avions d\u00e9j\u00e0 parl\u00e9 de la <a href=\"http:\/\/www.leblogmoto.com\/2006\/02\/bimota_tesi_2d_.html#more\">Tesi 2D<\/a> sur le Blog Moto. Bien voici que <a href=\"http:\/\/www.bimota.it\/\">Bimota<\/a> annonce la sortie de la Tesi 3D pour ce mois-ci. Elabor\u00e9e avec un ch\u00e2ssis futuriste, avec un monobras oscillant avant semblable \u00e0 ceux dispos\u00e9s \u00e0 l&rsquo;arri\u00e8re des DB5 et DB6 mais surtout un moteur de 1100cm3 animera cette moto. <\/p>\n<p><a href=\"http:\/\/www.bimota.it\/\">L&rsquo;usine de Rimini<\/a> aura r\u00e9ussit \u00e0 prouver son savoir-faire en mati\u00e8re de chassis, seulement ce n&rsquo;est pas tout puisque cette moto propose aussi un cadre en alliage d&rsquo;aluminium, des jantes en alu forg\u00e9, des pinces de disque radial, le tout dans un habillage en carbone.<br \/>Que manque-t-il \u00e0 cette moto ? Ah oui, son prix qui est d&rsquo;environ 29 000\u20ac.<br \/>De toutes fa\u00e7ons c&rsquo;\u00e9tait pr\u00e9visible, c&rsquo;est le prix pour rouler en s\u00e9rie limit\u00e9e <a href=\"http:\/\/www.bimota.it\/\">Bimota<\/a> \ud83d\ude09<\/p>\n","protected":false},"excerpt":{"rendered":"<p>Nous vous avions d\u00e9j\u00e0 parl\u00e9 de la Tesi 2D sur le Blog Moto. Bien voici que Bimota annonce la sortie de la Tesi 3D pour ce mois-ci. Elabor\u00e9e avec un ch\u00e2ssis futuriste, avec un monobras oscillant avant semblable \u00e0 ceux dispos\u00e9s \u00e0 l&rsquo;arri\u00e8re des DB5 et DB6 mais surtout un moteur de 1100cm3 animera cette [&hellip;]<\/p>\n","protected":false},"author":329,"featured_media":0,"comment_status":"open","ping_status":"open","sticky":false,"template":"","format":"standard","meta":{"footnotes":""},"categories":[3],"tags":[],"class_list":["post-1367","post","type-post","status-publish","format-standard","hentry","category-actualite"],"yoast_head":"<!-- This site is optimized with the Yoast SEO plugin v26.0 - https:\/\/yoast.com\/wordpress\/plugins\/seo\/ -->\n<title>Bimota : Tesi 3D, bient\u00f4t dans vos concessions... - leblogmoto.com<\/title>\n<meta name=\"robots\" content=\"index, follow, max-snippet:-1, max-image-preview:large, max-video-preview:-1\" \/>\n<link rel=\"canonical\" href=\"https:\/\/blogs.thesocialmedia.com\/leblogmoto\/2007\/05\/22\/bimota-tesi-3d\/\" \/>\n<meta name=\"twitter:card\" content=\"summary_large_image\" \/>\n<meta name=\"twitter:title\" content=\"Bimota : Tesi 3D, bient\u00f4t dans vos concessions... - leblogmoto.com\" \/>\n<meta name=\"twitter:description\" content=\"Nous vous avions d\u00e9j\u00e0 parl\u00e9 de la Tesi 2D sur le Blog Moto. Bien voici que Bimota annonce la sortie de la Tesi 3D pour ce mois-ci. Elabor\u00e9e avec un ch\u00e2ssis futuriste, avec un monobras oscillant avant semblable \u00e0 ceux dispos\u00e9s \u00e0 l&rsquo;arri\u00e8re des DB5 et DB6 mais surtout un moteur de 1100cm3 animera cette [&hellip;]\" \/>\n<meta name=\"twitter:image\" content=\"http:\/\/www.leblogmoto.com\/images\/2007\/05\/22\/tesi3d.jpg\" \/>\n<meta name=\"twitter:label1\" content=\"\u00c9crit par\" \/>\n\t<meta name=\"twitter:data1\" content=\"gregory boucaud\" \/>\n\t<meta name=\"twitter:label2\" content=\"Dur\u00e9e de lecture estim\u00e9e\" \/>\n\t<meta name=\"twitter:data2\" content=\"1 minute\" \/>\n<script type=\"application\/ld+json\" class=\"yoast-schema-graph\">{\"@context\":\"https:\/\/schema.org\",\"@graph\":[{\"@type\":\"WebPage\",\"@id\":\"https:\/\/blogs.thesocialmedia.com\/leblogmoto\/2007\/05\/22\/bimota-tesi-3d\/\",\"url\":\"https:\/\/blogs.thesocialmedia.com\/leblogmoto\/2007\/05\/22\/bimota-tesi-3d\/\",\"name\":\"Bimota : Tesi 3D, bient\u00f4t dans vos concessions... - leblogmoto.com\",\"isPartOf\":{\"@id\":\"https:\/\/blogs.thesocialmedia.com\/leblogmoto\/#website\"},\"primaryImageOfPage\":{\"@id\":\"https:\/\/blogs.thesocialmedia.com\/leblogmoto\/2007\/05\/22\/bimota-tesi-3d\/#primaryimage\"},\"image\":{\"@id\":\"https:\/\/blogs.thesocialmedia.com\/leblogmoto\/2007\/05\/22\/bimota-tesi-3d\/#primaryimage\"},\"thumbnailUrl\":\"http:\/\/www.leblogmoto.com\/images\/2007\/05\/22\/tesi3d.jpg\",\"datePublished\":\"2007-05-22T21:40:48+00:00\",\"dateModified\":\"2012-07-11T14:40:17+00:00\",\"author\":{\"@id\":\"https:\/\/blogs.thesocialmedia.com\/leblogmoto\/#\/schema\/person\/769623f89741cc3381675029a37764f8\"},\"breadcrumb\":{\"@id\":\"https:\/\/blogs.thesocialmedia.com\/leblogmoto\/2007\/05\/22\/bimota-tesi-3d\/#breadcrumb\"},\"inLanguage\":\"fr-FR\",\"potentialAction\":[{\"@type\":\"ReadAction\",\"target\":[\"https:\/\/blogs.thesocialmedia.com\/leblogmoto\/2007\/05\/22\/bimota-tesi-3d\/\"]}]},{\"@type\":\"ImageObject\",\"inLanguage\":\"fr-FR\",\"@id\":\"https:\/\/blogs.thesocialmedia.com\/leblogmoto\/2007\/05\/22\/bimota-tesi-3d\/#primaryimage\",\"url\":\"http:\/\/www.leblogmoto.com\/images\/2007\/05\/22\/tesi3d.jpg\",\"contentUrl\":\"http:\/\/www.leblogmoto.com\/images\/2007\/05\/22\/tesi3d.jpg\"},{\"@type\":\"BreadcrumbList\",\"@id\":\"https:\/\/blogs.thesocialmedia.com\/leblogmoto\/2007\/05\/22\/bimota-tesi-3d\/#breadcrumb\",\"itemListElement\":[{\"@type\":\"ListItem\",\"position\":1,\"name\":\"Accueil\",\"item\":\"https:\/\/blogs.thesocialmedia.com\/leblogmoto\/\"},{\"@type\":\"ListItem\",\"position\":2,\"name\":\"Bimota : Tesi 3D, bient\u00f4t dans vos concessions&#8230;\"}]},{\"@type\":\"WebSite\",\"@id\":\"https:\/\/blogs.thesocialmedia.com\/leblogmoto\/#website\",\"url\":\"https:\/\/blogs.thesocialmedia.com\/leblogmoto\/\",\"name\":\"leblogmoto\",\"description\":\"Toute l&#039;actualit\u00e9 des 2 roues\",\"potentialAction\":[{\"@type\":\"SearchAction\",\"target\":{\"@type\":\"EntryPoint\",\"urlTemplate\":\"https:\/\/blogs.thesocialmedia.com\/leblogmoto\/?s={search_term_string}\"},\"query-input\":{\"@type\":\"PropertyValueSpecification\",\"valueRequired\":true,\"valueName\":\"search_term_string\"}}],\"inLanguage\":\"fr-FR\"},{\"@type\":\"Person\",\"@id\":\"https:\/\/blogs.thesocialmedia.com\/leblogmoto\/#\/schema\/person\/769623f89741cc3381675029a37764f8\",\"name\":\"gregory boucaud\",\"image\":{\"@type\":\"ImageObject\",\"inLanguage\":\"fr-FR\",\"@id\":\"https:\/\/blogs.thesocialmedia.com\/leblogmoto\/#\/schema\/person\/image\/\",\"url\":\"https:\/\/secure.gravatar.com\/avatar\/?s=96&d=mm&r=g\",\"contentUrl\":\"https:\/\/secure.gravatar.com\/avatar\/?s=96&d=mm&r=g\",\"caption\":\"gregory boucaud\"},\"url\":\"https:\/\/blogs.thesocialmedia.com\/leblogmoto\/author\/gregory-boucaud\/\"}]}<\/script>\n<!-- \/ Yoast SEO plugin. -->","yoast_head_json":{"title":"Bimota : Tesi 3D, bient\u00f4t dans vos concessions... - leblogmoto.com","robots":{"index":"index","follow":"follow","max-snippet":"max-snippet:-1","max-image-preview":"max-image-preview:large","max-video-preview":"max-video-preview:-1"},"canonical":"https:\/\/blogs.thesocialmedia.com\/leblogmoto\/2007\/05\/22\/bimota-tesi-3d\/","twitter_card":"summary_large_image","twitter_title":"Bimota : Tesi 3D, bient\u00f4t dans vos concessions... - leblogmoto.com","twitter_description":"Nous vous avions d\u00e9j\u00e0 parl\u00e9 de la Tesi 2D sur le Blog Moto. Bien voici que Bimota annonce la sortie de la Tesi 3D pour ce mois-ci. Elabor\u00e9e avec un ch\u00e2ssis futuriste, avec un monobras oscillant avant semblable \u00e0 ceux dispos\u00e9s \u00e0 l&rsquo;arri\u00e8re des DB5 et DB6 mais surtout un moteur de 1100cm3 animera cette [&hellip;]","twitter_image":"http:\/\/www.leblogmoto.com\/images\/2007\/05\/22\/tesi3d.jpg","twitter_misc":{"\u00c9crit par":"gregory boucaud","Dur\u00e9e de lecture estim\u00e9e":"1 minute"},"schema":{"@context":"https:\/\/schema.org","@graph":[{"@type":"WebPage","@id":"https:\/\/blogs.thesocialmedia.com\/leblogmoto\/2007\/05\/22\/bimota-tesi-3d\/","url":"https:\/\/blogs.thesocialmedia.com\/leblogmoto\/2007\/05\/22\/bimota-tesi-3d\/","name":"Bimota : Tesi 3D, bient\u00f4t dans vos concessions... - leblogmoto.com","isPartOf":{"@id":"https:\/\/blogs.thesocialmedia.com\/leblogmoto\/#website"},"primaryImageOfPage":{"@id":"https:\/\/blogs.thesocialmedia.com\/leblogmoto\/2007\/05\/22\/bimota-tesi-3d\/#primaryimage"},"image":{"@id":"https:\/\/blogs.thesocialmedia.com\/leblogmoto\/2007\/05\/22\/bimota-tesi-3d\/#primaryimage"},"thumbnailUrl":"http:\/\/www.leblogmoto.com\/images\/2007\/05\/22\/tesi3d.jpg","datePublished":"2007-05-22T21:40:48+00:00","dateModified":"2012-07-11T14:40:17+00:00","author":{"@id":"https:\/\/blogs.thesocialmedia.com\/leblogmoto\/#\/schema\/person\/769623f89741cc3381675029a37764f8"},"breadcrumb":{"@id":"https:\/\/blogs.thesocialmedia.com\/leblogmoto\/2007\/05\/22\/bimota-tesi-3d\/#breadcrumb"},"inLanguage":"fr-FR","potentialAction":[{"@type":"ReadAction","target":["https:\/\/blogs.thesocialmedia.com\/leblogmoto\/2007\/05\/22\/bimota-tesi-3d\/"]}]},{"@type":"ImageObject","inLanguage":"fr-FR","@id":"https:\/\/blogs.thesocialmedia.com\/leblogmoto\/2007\/05\/22\/bimota-tesi-3d\/#primaryimage","url":"http:\/\/www.leblogmoto.com\/images\/2007\/05\/22\/tesi3d.jpg","contentUrl":"http:\/\/www.leblogmoto.com\/images\/2007\/05\/22\/tesi3d.jpg"},{"@type":"BreadcrumbList","@id":"https:\/\/blogs.thesocialmedia.com\/leblogmoto\/2007\/05\/22\/bimota-tesi-3d\/#breadcrumb","itemListElement":[{"@type":"ListItem","position":1,"name":"Accueil","item":"https:\/\/blogs.thesocialmedia.com\/leblogmoto\/"},{"@type":"ListItem","position":2,"name":"Bimota : Tesi 3D, bient\u00f4t dans vos concessions&#8230;"}]},{"@type":"WebSite","@id":"https:\/\/blogs.thesocialmedia.com\/leblogmoto\/#website","url":"https:\/\/blogs.thesocialmedia.com\/leblogmoto\/","name":"leblogmoto","description":"Toute l&#039;actualit\u00e9 des 2 roues","potentialAction":[{"@type":"SearchAction","target":{"@type":"EntryPoint","urlTemplate":"https:\/\/blogs.thesocialmedia.com\/leblogmoto\/?s={search_term_string}"},"query-input":{"@type":"PropertyValueSpecification","valueRequired":true,"valueName":"search_term_string"}}],"inLanguage":"fr-FR"},{"@type":"Person","@id":"https:\/\/blogs.thesocialmedia.com\/leblogmoto\/#\/schema\/person\/769623f89741cc3381675029a37764f8","name":"gregory boucaud","image":{"@type":"ImageObject","inLanguage":"fr-FR","@id":"https:\/\/blogs.thesocialmedia.com\/leblogmoto\/#\/schema\/person\/image\/","url":"https:\/\/secure.gravatar.com\/avatar\/?s=96&d=mm&r=g","contentUrl":"https:\/\/secure.gravatar.com\/avatar\/?s=96&d=mm&r=g","caption":"gregory boucaud"},"url":"https:\/\/blogs.thesocialmedia.com\/leblogmoto\/author\/gregory-boucaud\/"}]}},"_links":{"self":[{"href":"https:\/\/blogs.thesocialmedia.com\/leblogmoto\/wp-json\/wp\/v2\/posts\/1367","targetHints":{"allow":["GET"]}}],"collection":[{"href":"https:\/\/blogs.thesocialmedia.com\/leblogmoto\/wp-json\/wp\/v2\/posts"}],"about":[{"href":"https:\/\/blogs.thesocialmedia.com\/leblogmoto\/wp-json\/wp\/v2\/types\/post"}],"author":[{"embeddable":true,"href":"https:\/\/blogs.thesocialmedia.com\/leblogmoto\/wp-json\/wp\/v2\/users\/329"}],"replies":[{"embeddable":true,"href":"https:\/\/blogs.thesocialmedia.com\/leblogmoto\/wp-json\/wp\/v2\/comments?post=1367"}],"version-history":[{"count":2,"href":"https:\/\/blogs.thesocialmedia.com\/leblogmoto\/wp-json\/wp\/v2\/posts\/1367\/revisions"}],"predecessor-version":[{"id":8423,"href":"https:\/\/blogs.thesocialmedia.com\/leblogmoto\/wp-json\/wp\/v2\/posts\/1367\/revisions\/8423"}],"wp:attachment":[{"href":"https:\/\/blogs.thesocialmedia.com\/leblogmoto\/wp-json\/wp\/v2\/media?parent=1367"}],"wp:term":[{"taxonomy":"category","embeddable":true,"href":"https:\/\/blogs.thesocialmedia.com\/leblogmoto\/wp-json\/wp\/v2\/categories?post=1367"},{"taxonomy":"post_tag","embeddable":true,"href":"https:\/\/blogs.thesocialmedia.com\/leblogmoto\/wp-json\/wp\/v2\/tags?post=1367"}],"curies":[{"name":"wp","href":"https:\/\/api.w.org\/{rel}","templated":true}]}}