{"id":1368,"date":"2007-05-21T03:23:41","date_gmt":"2007-05-21T03:23:41","guid":{"rendered":"http:\/\/blogs.thesocialmedia.com\/leblogmoto\/2007\/05\/21\/premier-succs-p\/"},"modified":"2012-07-11T14:40:15","modified_gmt":"2012-07-11T14:40:15","slug":"premier-succs-p","status":"publish","type":"post","link":"https:\/\/blogs.thesocialmedia.com\/leblogmoto\/2007\/05\/21\/premier-succs-p\/","title":{"rendered":"Premier succ\u00e8s pour Chris Vermeulen en Moto GP"},"content":{"rendered":"<p><a href=\"http:\/\/blogs.thesocialmedia.com\/leblogmoto\/files\/2012\/07\/vermeulen.jpg\"><img loading=\"lazy\" decoding=\"async\" width=\"250\" height=\"165\"  src=\"http:\/\/www.leblogmoto.com\/images\/2007\/05\/20\/vermeulen.jpg\" alt=\"Vermeulen\" style=\"margin: 0px 5px 5px 0px;float: left\" \/><\/a> A l&rsquo;aise sous la pluie, l&rsquo;australien avait manqu\u00e9 la victoire l&rsquo;ann\u00e9e derni\u00e8re \u00e0 Philip Island sous des trombes d&rsquo;eau identiques. Engag\u00e9 par le Team Suzuki Rizzla depuis 2 ans <a href=\"http:\/\/www.chrisvermeulen.com\/\">Chris Vermeulen<\/a> s&rsquo;impose pour la premi\u00e8re fois de sa carri\u00e8re en Grand Prix. Champion du monde en Supersport 2003 et second en Superbike en 2005 il aura 25 ans le 19 juin prochain. Il permet \u00e0 Suzuki de renouer avec la victoire en Moto GP. <\/p>\n<p>Partis en fond de grille, les fran\u00e7ais Randy De Puniet (Kawasaki &#8211; Bridgestone) et Sylvain Guintoli (Yamaha &#8211; Dunlop) ont fait r\u00eaver les 70000 spectateurs pendant 8 tours en prenant la t\u00eate de la course devant le grattin des pilotes mondiaux. Contrairement aux pr\u00e9visions m\u00e9t\u00e9orologiques de Michelin la pluie s&rsquo;est intensifi\u00e9e et va provoquer de nombreuses chutes, dont celle des deux fran\u00e7ais. Randy de Puniet s&rsquo;est excus\u00e9 de cette faute aupr\u00e8s de son \u00e9quipe et de son abandon suite \u00e0 des douleurs \u00e0 l&rsquo;\u00e9paule. Ces brefs instants en t\u00eate lui ont donn\u00e9 une assurance qu&rsquo;il esp\u00e8re payante pour les prochaines courses. <\/p>\n<p><a href=\"http:\/\/clabedan.typepad.com\/.shared\/image.html?\/photos\/uncategorized\/2007\/05\/20\/vermeulen_finish.jpg\"><img loading=\"lazy\" decoding=\"async\" width=\"250\" height=\"165\"  alt=\"Vermeulen_finish\" src=\"http:\/\/www.leblogmoto.com\/images\/2007\/05\/20\/vermeulen_finish.jpg\" style=\"margin: 0px 5px 5px 0px;float: left\" \/><\/a> Chris Vermeulen rentre alors \u00e0 son stand, un tour plus t\u00f4t que les autres, pour changer de moto et prendre le mulet \u00e9quip\u00e9 de pneus pluie. Malgr\u00e9 quelques grosses frayeurs en raison de la pluie et de l&rsquo;aquaplanning, iI gardera la t\u00eate de la course jusqu&rsquo;\u00e0 la fin.<\/p>\n<p> <\/p>\n<p><span style=\"text-decoration: underline\"><br \/><\/span><\/p>\n<p> Bridgestone occupe les trois premi\u00e8res places et Michelin en voit de toutes les couleurs avec Valentino Rossi. Depuis l&rsquo;arriv\u00e9e des 800 cm3 en Moto GP Michelin n&rsquo;avait jamais effectu\u00e9 de tests sous la pluie&#8230; Ce premier test grandeur nature permet \u00e0 Marco M\u00e9landri de finir second avec un temps au tour meilleur en moyenne de 6 secondes sur Valentino Rossi qui termine quand m\u00eame 6\u00e8me. Jean-Philippe Weber, le responsable des activit\u00e9s sportives de Michelin, a d\u00e9clar\u00e9 \u00abNous avons \u00e9t\u00e9 trop conservateurs dans le choix de la gomme pluie, trop dure. C&rsquo;est totalement de notre faute. Quand la pluie a redoubl\u00e9, Valentino ne pouvait plus rien faire.\u00bb<\/p>\n<p>Bridgestone a lou\u00e9 de nombreuses fois le circuit du Castellet pendant l&rsquo;hiver pour tester ses pneus sur une piste arros\u00e9e artificiellement. <\/p>\n<p> Casey Stoner (Ducati &#8211; Bridgestone) finit troisi\u00e8me et compte maintenant 21 points d&rsquo;avance sur Valentino Rossi. Rattrapage pour Michelin lors de la prochaine \u00e9preuve le 3 juin en Italie.<\/p>\n<p> <embed width=\"410\" height=\"400\" src=\"http:\/\/www.vsocial.com\/ups\/fb6c8b852352890fbe2bc330efd58502\"><\/embed> <embed width=\"410\" height=\"400\" src=\"http:\/\/www.vsocial.com\/ups\/f95418732df757b1417bb524f12ff52b\"><\/embed> <embed width=\"410\" height=\"400\" src=\"http:\/\/www.vsocial.com\/ups\/f8a5f24445e35344a201dcf6ee935e4c\"><\/embed> <embed width=\"410\" height=\"400\" src=\"http:\/\/www.vsocial.com\/ups\/34fc62af9c1e058caa00b39ea11cb676\"><\/embed> <\/p>\n<p>Toutes les photos de la victoire sur le site officiel de <a href=\"http:\/\/www.suzuki-motogp.com\/\"><span>Rizla Suzuki MotoGP<\/span><\/a><\/p>\n","protected":false},"excerpt":{"rendered":"<p>A l&rsquo;aise sous la pluie, l&rsquo;australien avait manqu\u00e9 la victoire l&rsquo;ann\u00e9e derni\u00e8re \u00e0 Philip Island sous des trombes d&rsquo;eau identiques. Engag\u00e9 par le Team Suzuki Rizzla depuis 2 ans Chris Vermeulen s&rsquo;impose pour la premi\u00e8re fois de sa carri\u00e8re en Grand Prix. Champion du monde en Supersport 2003 et second en Superbike en 2005 il [&hellip;]<\/p>\n","protected":false},"author":323,"featured_media":0,"comment_status":"open","ping_status":"open","sticky":false,"template":"","format":"standard","meta":{"footnotes":""},"categories":[22,12],"tags":[],"class_list":["post-1368","post","type-post","status-publish","format-standard","hentry","category-motogp","category-videos"],"yoast_head":"<!-- This site is optimized with the Yoast SEO plugin v26.0 - https:\/\/yoast.com\/wordpress\/plugins\/seo\/ -->\n<title>Premier succ\u00e8s pour Chris Vermeulen en Moto GP - leblogmoto.com<\/title>\n<meta name=\"robots\" content=\"index, follow, max-snippet:-1, max-image-preview:large, max-video-preview:-1\" \/>\n<link rel=\"canonical\" href=\"https:\/\/blogs.thesocialmedia.com\/leblogmoto\/2007\/05\/21\/premier-succs-p\/\" \/>\n<meta name=\"twitter:card\" content=\"summary_large_image\" \/>\n<meta name=\"twitter:title\" content=\"Premier succ\u00e8s pour Chris Vermeulen en Moto GP - leblogmoto.com\" \/>\n<meta name=\"twitter:description\" content=\"A l&rsquo;aise sous la pluie, l&rsquo;australien avait manqu\u00e9 la victoire l&rsquo;ann\u00e9e derni\u00e8re \u00e0 Philip Island sous des trombes d&rsquo;eau identiques. Engag\u00e9 par le Team Suzuki Rizzla depuis 2 ans Chris Vermeulen s&rsquo;impose pour la premi\u00e8re fois de sa carri\u00e8re en Grand Prix. Champion du monde en Supersport 2003 et second en Superbike en 2005 il [&hellip;]\" \/>\n<meta name=\"twitter:image\" content=\"http:\/\/www.leblogmoto.com\/images\/2007\/05\/20\/vermeulen.jpg\" \/>\n<meta name=\"twitter:label1\" content=\"\u00c9crit par\" \/>\n\t<meta name=\"twitter:data1\" content=\"albin le guyader\" \/>\n\t<meta name=\"twitter:label2\" content=\"Dur\u00e9e de lecture estim\u00e9e\" \/>\n\t<meta name=\"twitter:data2\" content=\"2 minutes\" \/>\n<script type=\"application\/ld+json\" class=\"yoast-schema-graph\">{\"@context\":\"https:\/\/schema.org\",\"@graph\":[{\"@type\":\"WebPage\",\"@id\":\"https:\/\/blogs.thesocialmedia.com\/leblogmoto\/2007\/05\/21\/premier-succs-p\/\",\"url\":\"https:\/\/blogs.thesocialmedia.com\/leblogmoto\/2007\/05\/21\/premier-succs-p\/\",\"name\":\"Premier succ\u00e8s pour Chris Vermeulen en Moto GP - leblogmoto.com\",\"isPartOf\":{\"@id\":\"https:\/\/blogs.thesocialmedia.com\/leblogmoto\/#website\"},\"primaryImageOfPage\":{\"@id\":\"https:\/\/blogs.thesocialmedia.com\/leblogmoto\/2007\/05\/21\/premier-succs-p\/#primaryimage\"},\"image\":{\"@id\":\"https:\/\/blogs.thesocialmedia.com\/leblogmoto\/2007\/05\/21\/premier-succs-p\/#primaryimage\"},\"thumbnailUrl\":\"http:\/\/www.leblogmoto.com\/images\/2007\/05\/20\/vermeulen.jpg\",\"datePublished\":\"2007-05-21T03:23:41+00:00\",\"dateModified\":\"2012-07-11T14:40:15+00:00\",\"author\":{\"@id\":\"https:\/\/blogs.thesocialmedia.com\/leblogmoto\/#\/schema\/person\/b496d27c898c29a39678e2425cafb9ae\"},\"breadcrumb\":{\"@id\":\"https:\/\/blogs.thesocialmedia.com\/leblogmoto\/2007\/05\/21\/premier-succs-p\/#breadcrumb\"},\"inLanguage\":\"fr-FR\",\"potentialAction\":[{\"@type\":\"ReadAction\",\"target\":[\"https:\/\/blogs.thesocialmedia.com\/leblogmoto\/2007\/05\/21\/premier-succs-p\/\"]}]},{\"@type\":\"ImageObject\",\"inLanguage\":\"fr-FR\",\"@id\":\"https:\/\/blogs.thesocialmedia.com\/leblogmoto\/2007\/05\/21\/premier-succs-p\/#primaryimage\",\"url\":\"http:\/\/www.leblogmoto.com\/images\/2007\/05\/20\/vermeulen.jpg\",\"contentUrl\":\"http:\/\/www.leblogmoto.com\/images\/2007\/05\/20\/vermeulen.jpg\"},{\"@type\":\"BreadcrumbList\",\"@id\":\"https:\/\/blogs.thesocialmedia.com\/leblogmoto\/2007\/05\/21\/premier-succs-p\/#breadcrumb\",\"itemListElement\":[{\"@type\":\"ListItem\",\"position\":1,\"name\":\"Accueil\",\"item\":\"https:\/\/blogs.thesocialmedia.com\/leblogmoto\/\"},{\"@type\":\"ListItem\",\"position\":2,\"name\":\"Premier succ\u00e8s pour Chris Vermeulen en Moto GP\"}]},{\"@type\":\"WebSite\",\"@id\":\"https:\/\/blogs.thesocialmedia.com\/leblogmoto\/#website\",\"url\":\"https:\/\/blogs.thesocialmedia.com\/leblogmoto\/\",\"name\":\"leblogmoto\",\"description\":\"Toute l&#039;actualit\u00e9 des 2 roues\",\"potentialAction\":[{\"@type\":\"SearchAction\",\"target\":{\"@type\":\"EntryPoint\",\"urlTemplate\":\"https:\/\/blogs.thesocialmedia.com\/leblogmoto\/?s={search_term_string}\"},\"query-input\":{\"@type\":\"PropertyValueSpecification\",\"valueRequired\":true,\"valueName\":\"search_term_string\"}}],\"inLanguage\":\"fr-FR\"},{\"@type\":\"Person\",\"@id\":\"https:\/\/blogs.thesocialmedia.com\/leblogmoto\/#\/schema\/person\/b496d27c898c29a39678e2425cafb9ae\",\"name\":\"albin le guyader\",\"image\":{\"@type\":\"ImageObject\",\"inLanguage\":\"fr-FR\",\"@id\":\"https:\/\/blogs.thesocialmedia.com\/leblogmoto\/#\/schema\/person\/image\/\",\"url\":\"https:\/\/secure.gravatar.com\/avatar\/?s=96&d=mm&r=g\",\"contentUrl\":\"https:\/\/secure.gravatar.com\/avatar\/?s=96&d=mm&r=g\",\"caption\":\"albin le guyader\"},\"url\":\"https:\/\/blogs.thesocialmedia.com\/leblogmoto\/author\/albin-le-guyader\/\"}]}<\/script>\n<!-- \/ Yoast SEO plugin. -->","yoast_head_json":{"title":"Premier succ\u00e8s pour Chris Vermeulen en Moto GP - leblogmoto.com","robots":{"index":"index","follow":"follow","max-snippet":"max-snippet:-1","max-image-preview":"max-image-preview:large","max-video-preview":"max-video-preview:-1"},"canonical":"https:\/\/blogs.thesocialmedia.com\/leblogmoto\/2007\/05\/21\/premier-succs-p\/","twitter_card":"summary_large_image","twitter_title":"Premier succ\u00e8s pour Chris Vermeulen en Moto GP - leblogmoto.com","twitter_description":"A l&rsquo;aise sous la pluie, l&rsquo;australien avait manqu\u00e9 la victoire l&rsquo;ann\u00e9e derni\u00e8re \u00e0 Philip Island sous des trombes d&rsquo;eau identiques. Engag\u00e9 par le Team Suzuki Rizzla depuis 2 ans Chris Vermeulen s&rsquo;impose pour la premi\u00e8re fois de sa carri\u00e8re en Grand Prix. Champion du monde en Supersport 2003 et second en Superbike en 2005 il [&hellip;]","twitter_image":"http:\/\/www.leblogmoto.com\/images\/2007\/05\/20\/vermeulen.jpg","twitter_misc":{"\u00c9crit par":"albin le guyader","Dur\u00e9e de lecture estim\u00e9e":"2 minutes"},"schema":{"@context":"https:\/\/schema.org","@graph":[{"@type":"WebPage","@id":"https:\/\/blogs.thesocialmedia.com\/leblogmoto\/2007\/05\/21\/premier-succs-p\/","url":"https:\/\/blogs.thesocialmedia.com\/leblogmoto\/2007\/05\/21\/premier-succs-p\/","name":"Premier succ\u00e8s pour Chris Vermeulen en Moto GP - leblogmoto.com","isPartOf":{"@id":"https:\/\/blogs.thesocialmedia.com\/leblogmoto\/#website"},"primaryImageOfPage":{"@id":"https:\/\/blogs.thesocialmedia.com\/leblogmoto\/2007\/05\/21\/premier-succs-p\/#primaryimage"},"image":{"@id":"https:\/\/blogs.thesocialmedia.com\/leblogmoto\/2007\/05\/21\/premier-succs-p\/#primaryimage"},"thumbnailUrl":"http:\/\/www.leblogmoto.com\/images\/2007\/05\/20\/vermeulen.jpg","datePublished":"2007-05-21T03:23:41+00:00","dateModified":"2012-07-11T14:40:15+00:00","author":{"@id":"https:\/\/blogs.thesocialmedia.com\/leblogmoto\/#\/schema\/person\/b496d27c898c29a39678e2425cafb9ae"},"breadcrumb":{"@id":"https:\/\/blogs.thesocialmedia.com\/leblogmoto\/2007\/05\/21\/premier-succs-p\/#breadcrumb"},"inLanguage":"fr-FR","potentialAction":[{"@type":"ReadAction","target":["https:\/\/blogs.thesocialmedia.com\/leblogmoto\/2007\/05\/21\/premier-succs-p\/"]}]},{"@type":"ImageObject","inLanguage":"fr-FR","@id":"https:\/\/blogs.thesocialmedia.com\/leblogmoto\/2007\/05\/21\/premier-succs-p\/#primaryimage","url":"http:\/\/www.leblogmoto.com\/images\/2007\/05\/20\/vermeulen.jpg","contentUrl":"http:\/\/www.leblogmoto.com\/images\/2007\/05\/20\/vermeulen.jpg"},{"@type":"BreadcrumbList","@id":"https:\/\/blogs.thesocialmedia.com\/leblogmoto\/2007\/05\/21\/premier-succs-p\/#breadcrumb","itemListElement":[{"@type":"ListItem","position":1,"name":"Accueil","item":"https:\/\/blogs.thesocialmedia.com\/leblogmoto\/"},{"@type":"ListItem","position":2,"name":"Premier succ\u00e8s pour Chris Vermeulen en Moto GP"}]},{"@type":"WebSite","@id":"https:\/\/blogs.thesocialmedia.com\/leblogmoto\/#website","url":"https:\/\/blogs.thesocialmedia.com\/leblogmoto\/","name":"leblogmoto","description":"Toute l&#039;actualit\u00e9 des 2 roues","potentialAction":[{"@type":"SearchAction","target":{"@type":"EntryPoint","urlTemplate":"https:\/\/blogs.thesocialmedia.com\/leblogmoto\/?s={search_term_string}"},"query-input":{"@type":"PropertyValueSpecification","valueRequired":true,"valueName":"search_term_string"}}],"inLanguage":"fr-FR"},{"@type":"Person","@id":"https:\/\/blogs.thesocialmedia.com\/leblogmoto\/#\/schema\/person\/b496d27c898c29a39678e2425cafb9ae","name":"albin le guyader","image":{"@type":"ImageObject","inLanguage":"fr-FR","@id":"https:\/\/blogs.thesocialmedia.com\/leblogmoto\/#\/schema\/person\/image\/","url":"https:\/\/secure.gravatar.com\/avatar\/?s=96&d=mm&r=g","contentUrl":"https:\/\/secure.gravatar.com\/avatar\/?s=96&d=mm&r=g","caption":"albin le guyader"},"url":"https:\/\/blogs.thesocialmedia.com\/leblogmoto\/author\/albin-le-guyader\/"}]}},"_links":{"self":[{"href":"https:\/\/blogs.thesocialmedia.com\/leblogmoto\/wp-json\/wp\/v2\/posts\/1368","targetHints":{"allow":["GET"]}}],"collection":[{"href":"https:\/\/blogs.thesocialmedia.com\/leblogmoto\/wp-json\/wp\/v2\/posts"}],"about":[{"href":"https:\/\/blogs.thesocialmedia.com\/leblogmoto\/wp-json\/wp\/v2\/types\/post"}],"author":[{"embeddable":true,"href":"https:\/\/blogs.thesocialmedia.com\/leblogmoto\/wp-json\/wp\/v2\/users\/323"}],"replies":[{"embeddable":true,"href":"https:\/\/blogs.thesocialmedia.com\/leblogmoto\/wp-json\/wp\/v2\/comments?post=1368"}],"version-history":[{"count":2,"href":"https:\/\/blogs.thesocialmedia.com\/leblogmoto\/wp-json\/wp\/v2\/posts\/1368\/revisions"}],"predecessor-version":[{"id":8421,"href":"https:\/\/blogs.thesocialmedia.com\/leblogmoto\/wp-json\/wp\/v2\/posts\/1368\/revisions\/8421"}],"wp:attachment":[{"href":"https:\/\/blogs.thesocialmedia.com\/leblogmoto\/wp-json\/wp\/v2\/media?parent=1368"}],"wp:term":[{"taxonomy":"category","embeddable":true,"href":"https:\/\/blogs.thesocialmedia.com\/leblogmoto\/wp-json\/wp\/v2\/categories?post=1368"},{"taxonomy":"post_tag","embeddable":true,"href":"https:\/\/blogs.thesocialmedia.com\/leblogmoto\/wp-json\/wp\/v2\/tags?post=1368"}],"curies":[{"name":"wp","href":"https:\/\/api.w.org\/{rel}","templated":true}]}}