{"id":137,"date":"2009-05-21T14:31:00","date_gmt":"2009-05-21T14:31:00","guid":{"rendered":"http:\/\/blogs.thesocialmedia.com\/leblogmoto\/2009\/05\/21\/moto-solaire\/"},"modified":"2012-07-11T17:27:29","modified_gmt":"2012-07-11T17:27:29","slug":"moto-solaire","status":"publish","type":"post","link":"https:\/\/blogs.thesocialmedia.com\/leblogmoto\/2009\/05\/21\/moto-solaire\/","title":{"rendered":"La premi\u00e8re moto solaire&#8230;"},"content":{"rendered":"<p><a href=\"http:\/\/blogs.thesocialmedia.com\/leblogmoto\/files\/2012\/07\/6a00d83451b18369e201156fa81b6d970c-pi.jpg\"><img decoding=\"async\" alt=\"SolarFlyer\" class=\"at-xid-6a00d83451b18369e201156fa81b6d970c \" src=\"http:\/\/blogs.thesocialmedia.com\/leblogmoto\/files\/2012\/07\/6a00d83451b18369e201156fa81b6d970c-500wi.jpg\"><\/a> <\/p>\n<p>Richard Gryzch est tr\u00e8s radin. Comme il a remarqu\u00e9 qu&rsquo;il n&rsquo;y a pas encore de compteur entre le soleil et son porte monnaie, il a choisi de travailler sur un prototype \u00e9quip\u00e9 de batteries rechargeables gr\u00e2ce \u00e0 des panneaux solaires dispos\u00e9s un peu au hasard de la place trouv\u00e9e sur son protype, la Solar Flyer&#8230; <\/p>\n<p>Richard Gryzch est tellement persuad\u00e9 du bienfait de l&rsquo;\u00e9lectricit\u00e9 et de ses panneaux solaires qu&rsquo;il pense que son prototype sera un jour expos\u00e9 dans un mus\u00e9e. Il ne comprend pas pourquoi les machines promises depuis des mois par les constructeurs lors des salons ne sont pas encore en vente libre. Il revendique \u00eatre le premier inventeur de la moto solaire car la sienne ne dort pas dans un carton mais roule tous les jours.<\/p>\n<p>Avec ses faibles moyens il arrive \u00e0 une vitesse de pointe de presque 150 km\/h et une autonomie d&rsquo;un peu plus de 80 km. Il recharge encore ses batteries sur le secteur gr\u00e2ce \u00e0 une prise et l&rsquo;\u00e9nergie collect\u00e9e en provenance du soleil est d&rsquo;environ 3%. Juste avec les rayons du soleil il lui faudrait attendre plus de deux jours d&rsquo;intense canicule pour pouvoir repartir. Le temps de mourir de soif.<\/p>\n<p>Mais Robert Gryzch esp\u00e8re bient\u00f4t diminuer consid\u00e9rablement le temps de recharge et augmenter l&rsquo;autonomie \u00e0 presque 500 km. Il r\u00eave qu&rsquo;un jour un simple petit panneau solaire \u00ab\u00a0<em>high tech<\/em>\u00a0\u00bb puisse suffire \u00e0 faire rouler une moto pour sa ballade quotidienne&#8230;<\/p>\n<p>DayPortPlayer.newPlayer({articleID:\u00a0\u00bb21384&Prime;,bannerAdObjectID:\u00a0\u00bb35&Prime;,videoAdObjectID:\u00a0\u00bb34&Prime;,videoAdConDefID:\u00a0\u00bb11&Prime;,playerInstanceID:\u00a0\u00bb24FAD9E0-DC70-2532-414F-7E6F051C4C2F\u00a0\u00bb,domain:\u00a0\u00bbknxv.dayport.com\u00a0\u00bb,rootCategory:\u00a0\u00bbnull\u00a0\u00bb,categoryID:\u00a0\u00bb3&Prime;,accPos:\u00a0\u00bbCCTVI.LIVINGGREEN\u00a0\u00bb,accSite:\u00a0\u00bbKNXV\u00a0\u00bb});<\/p>\n<p>Un reportage de la cha\u00eene <a href=\"http:\/\/www.abc15.com\/content\/news\/green\/story\/Apache-Junction-man-invents-solar-powered\/5YpiC7ZGh0aQZEMakN7Rtg.cspx?rss=704\" target=\"_blank\">ABC15<\/a><\/p>\n","protected":false},"excerpt":{"rendered":"<p>Richard Gryzch est tr\u00e8s radin. Comme il a remarqu\u00e9 qu&rsquo;il n&rsquo;y a pas encore de compteur entre le soleil et son porte monnaie, il a choisi de travailler sur un prototype \u00e9quip\u00e9 de batteries rechargeables gr\u00e2ce \u00e0 des panneaux solaires dispos\u00e9s un peu au hasard de la place trouv\u00e9e sur son protype, la Solar Flyer&#8230; [&hellip;]<\/p>\n","protected":false},"author":323,"featured_media":13621,"comment_status":"open","ping_status":"open","sticky":false,"template":"","format":"standard","meta":{"footnotes":""},"categories":[3,16,30,48,12],"tags":[],"class_list":["post-137","post","type-post","status-publish","format-standard","has-post-thumbnail","hentry","category-actualite","category-art-moto","category-bio-carburantsvehicules-propres","category-science","category-videos"],"yoast_head":"<!-- This site is optimized with the Yoast SEO plugin v26.0 - https:\/\/yoast.com\/wordpress\/plugins\/seo\/ -->\n<title>La premi\u00e8re moto solaire... - leblogmoto.com<\/title>\n<meta name=\"robots\" content=\"index, follow, max-snippet:-1, max-image-preview:large, max-video-preview:-1\" \/>\n<link rel=\"canonical\" href=\"https:\/\/blogs.thesocialmedia.com\/leblogmoto\/2009\/05\/21\/moto-solaire\/\" \/>\n<meta name=\"twitter:card\" content=\"summary_large_image\" \/>\n<meta name=\"twitter:title\" content=\"La premi\u00e8re moto solaire... - leblogmoto.com\" \/>\n<meta name=\"twitter:description\" content=\"Richard Gryzch est tr\u00e8s radin. Comme il a remarqu\u00e9 qu&rsquo;il n&rsquo;y a pas encore de compteur entre le soleil et son porte monnaie, il a choisi de travailler sur un prototype \u00e9quip\u00e9 de batteries rechargeables gr\u00e2ce \u00e0 des panneaux solaires dispos\u00e9s un peu au hasard de la place trouv\u00e9e sur son protype, la Solar Flyer&#8230; [&hellip;]\" \/>\n<meta name=\"twitter:image\" content=\"https:\/\/blogs.thesocialmedia.com\/leblogmoto\/files\/2012\/07\/6a00d83451b18369e201156fa81b6d970c-500wi.jpg\" \/>\n<meta name=\"twitter:label1\" content=\"\u00c9crit par\" \/>\n\t<meta name=\"twitter:data1\" content=\"albin le guyader\" \/>\n\t<meta name=\"twitter:label2\" content=\"Dur\u00e9e de lecture estim\u00e9e\" \/>\n\t<meta name=\"twitter:data2\" content=\"1 minute\" \/>\n<script type=\"application\/ld+json\" class=\"yoast-schema-graph\">{\"@context\":\"https:\/\/schema.org\",\"@graph\":[{\"@type\":\"WebPage\",\"@id\":\"https:\/\/blogs.thesocialmedia.com\/leblogmoto\/2009\/05\/21\/moto-solaire\/\",\"url\":\"https:\/\/blogs.thesocialmedia.com\/leblogmoto\/2009\/05\/21\/moto-solaire\/\",\"name\":\"La premi\u00e8re moto solaire... - leblogmoto.com\",\"isPartOf\":{\"@id\":\"https:\/\/blogs.thesocialmedia.com\/leblogmoto\/#website\"},\"primaryImageOfPage\":{\"@id\":\"https:\/\/blogs.thesocialmedia.com\/leblogmoto\/2009\/05\/21\/moto-solaire\/#primaryimage\"},\"image\":{\"@id\":\"https:\/\/blogs.thesocialmedia.com\/leblogmoto\/2009\/05\/21\/moto-solaire\/#primaryimage\"},\"thumbnailUrl\":\"https:\/\/blogs.thesocialmedia.com\/leblogmoto\/files\/2012\/07\/6a00d83451b18369e201156fa81b6d970c-500wi.jpg\",\"datePublished\":\"2009-05-21T14:31:00+00:00\",\"dateModified\":\"2012-07-11T17:27:29+00:00\",\"author\":{\"@id\":\"https:\/\/blogs.thesocialmedia.com\/leblogmoto\/#\/schema\/person\/b496d27c898c29a39678e2425cafb9ae\"},\"breadcrumb\":{\"@id\":\"https:\/\/blogs.thesocialmedia.com\/leblogmoto\/2009\/05\/21\/moto-solaire\/#breadcrumb\"},\"inLanguage\":\"fr-FR\",\"potentialAction\":[{\"@type\":\"ReadAction\",\"target\":[\"https:\/\/blogs.thesocialmedia.com\/leblogmoto\/2009\/05\/21\/moto-solaire\/\"]}]},{\"@type\":\"ImageObject\",\"inLanguage\":\"fr-FR\",\"@id\":\"https:\/\/blogs.thesocialmedia.com\/leblogmoto\/2009\/05\/21\/moto-solaire\/#primaryimage\",\"url\":\"https:\/\/blogs.thesocialmedia.com\/leblogmoto\/files\/2012\/07\/6a00d83451b18369e201156fa81b6d970c-500wi.jpg\",\"contentUrl\":\"https:\/\/blogs.thesocialmedia.com\/leblogmoto\/files\/2012\/07\/6a00d83451b18369e201156fa81b6d970c-500wi.jpg\",\"width\":\"500\",\"height\":\"383\"},{\"@type\":\"BreadcrumbList\",\"@id\":\"https:\/\/blogs.thesocialmedia.com\/leblogmoto\/2009\/05\/21\/moto-solaire\/#breadcrumb\",\"itemListElement\":[{\"@type\":\"ListItem\",\"position\":1,\"name\":\"Accueil\",\"item\":\"https:\/\/blogs.thesocialmedia.com\/leblogmoto\/\"},{\"@type\":\"ListItem\",\"position\":2,\"name\":\"La premi\u00e8re moto solaire&#8230;\"}]},{\"@type\":\"WebSite\",\"@id\":\"https:\/\/blogs.thesocialmedia.com\/leblogmoto\/#website\",\"url\":\"https:\/\/blogs.thesocialmedia.com\/leblogmoto\/\",\"name\":\"leblogmoto\",\"description\":\"Toute l&#039;actualit\u00e9 des 2 roues\",\"potentialAction\":[{\"@type\":\"SearchAction\",\"target\":{\"@type\":\"EntryPoint\",\"urlTemplate\":\"https:\/\/blogs.thesocialmedia.com\/leblogmoto\/?s={search_term_string}\"},\"query-input\":{\"@type\":\"PropertyValueSpecification\",\"valueRequired\":true,\"valueName\":\"search_term_string\"}}],\"inLanguage\":\"fr-FR\"},{\"@type\":\"Person\",\"@id\":\"https:\/\/blogs.thesocialmedia.com\/leblogmoto\/#\/schema\/person\/b496d27c898c29a39678e2425cafb9ae\",\"name\":\"albin le guyader\",\"image\":{\"@type\":\"ImageObject\",\"inLanguage\":\"fr-FR\",\"@id\":\"https:\/\/blogs.thesocialmedia.com\/leblogmoto\/#\/schema\/person\/image\/\",\"url\":\"https:\/\/secure.gravatar.com\/avatar\/?s=96&d=mm&r=g\",\"contentUrl\":\"https:\/\/secure.gravatar.com\/avatar\/?s=96&d=mm&r=g\",\"caption\":\"albin le guyader\"},\"url\":\"https:\/\/blogs.thesocialmedia.com\/leblogmoto\/author\/albin-le-guyader\/\"}]}<\/script>\n<!-- \/ Yoast SEO plugin. -->","yoast_head_json":{"title":"La premi\u00e8re moto solaire... - leblogmoto.com","robots":{"index":"index","follow":"follow","max-snippet":"max-snippet:-1","max-image-preview":"max-image-preview:large","max-video-preview":"max-video-preview:-1"},"canonical":"https:\/\/blogs.thesocialmedia.com\/leblogmoto\/2009\/05\/21\/moto-solaire\/","twitter_card":"summary_large_image","twitter_title":"La premi\u00e8re moto solaire... - leblogmoto.com","twitter_description":"Richard Gryzch est tr\u00e8s radin. Comme il a remarqu\u00e9 qu&rsquo;il n&rsquo;y a pas encore de compteur entre le soleil et son porte monnaie, il a choisi de travailler sur un prototype \u00e9quip\u00e9 de batteries rechargeables gr\u00e2ce \u00e0 des panneaux solaires dispos\u00e9s un peu au hasard de la place trouv\u00e9e sur son protype, la Solar Flyer&#8230; [&hellip;]","twitter_image":"https:\/\/blogs.thesocialmedia.com\/leblogmoto\/files\/2012\/07\/6a00d83451b18369e201156fa81b6d970c-500wi.jpg","twitter_misc":{"\u00c9crit par":"albin le guyader","Dur\u00e9e de lecture estim\u00e9e":"1 minute"},"schema":{"@context":"https:\/\/schema.org","@graph":[{"@type":"WebPage","@id":"https:\/\/blogs.thesocialmedia.com\/leblogmoto\/2009\/05\/21\/moto-solaire\/","url":"https:\/\/blogs.thesocialmedia.com\/leblogmoto\/2009\/05\/21\/moto-solaire\/","name":"La premi\u00e8re moto solaire... - leblogmoto.com","isPartOf":{"@id":"https:\/\/blogs.thesocialmedia.com\/leblogmoto\/#website"},"primaryImageOfPage":{"@id":"https:\/\/blogs.thesocialmedia.com\/leblogmoto\/2009\/05\/21\/moto-solaire\/#primaryimage"},"image":{"@id":"https:\/\/blogs.thesocialmedia.com\/leblogmoto\/2009\/05\/21\/moto-solaire\/#primaryimage"},"thumbnailUrl":"https:\/\/blogs.thesocialmedia.com\/leblogmoto\/files\/2012\/07\/6a00d83451b18369e201156fa81b6d970c-500wi.jpg","datePublished":"2009-05-21T14:31:00+00:00","dateModified":"2012-07-11T17:27:29+00:00","author":{"@id":"https:\/\/blogs.thesocialmedia.com\/leblogmoto\/#\/schema\/person\/b496d27c898c29a39678e2425cafb9ae"},"breadcrumb":{"@id":"https:\/\/blogs.thesocialmedia.com\/leblogmoto\/2009\/05\/21\/moto-solaire\/#breadcrumb"},"inLanguage":"fr-FR","potentialAction":[{"@type":"ReadAction","target":["https:\/\/blogs.thesocialmedia.com\/leblogmoto\/2009\/05\/21\/moto-solaire\/"]}]},{"@type":"ImageObject","inLanguage":"fr-FR","@id":"https:\/\/blogs.thesocialmedia.com\/leblogmoto\/2009\/05\/21\/moto-solaire\/#primaryimage","url":"https:\/\/blogs.thesocialmedia.com\/leblogmoto\/files\/2012\/07\/6a00d83451b18369e201156fa81b6d970c-500wi.jpg","contentUrl":"https:\/\/blogs.thesocialmedia.com\/leblogmoto\/files\/2012\/07\/6a00d83451b18369e201156fa81b6d970c-500wi.jpg","width":"500","height":"383"},{"@type":"BreadcrumbList","@id":"https:\/\/blogs.thesocialmedia.com\/leblogmoto\/2009\/05\/21\/moto-solaire\/#breadcrumb","itemListElement":[{"@type":"ListItem","position":1,"name":"Accueil","item":"https:\/\/blogs.thesocialmedia.com\/leblogmoto\/"},{"@type":"ListItem","position":2,"name":"La premi\u00e8re moto solaire&#8230;"}]},{"@type":"WebSite","@id":"https:\/\/blogs.thesocialmedia.com\/leblogmoto\/#website","url":"https:\/\/blogs.thesocialmedia.com\/leblogmoto\/","name":"leblogmoto","description":"Toute l&#039;actualit\u00e9 des 2 roues","potentialAction":[{"@type":"SearchAction","target":{"@type":"EntryPoint","urlTemplate":"https:\/\/blogs.thesocialmedia.com\/leblogmoto\/?s={search_term_string}"},"query-input":{"@type":"PropertyValueSpecification","valueRequired":true,"valueName":"search_term_string"}}],"inLanguage":"fr-FR"},{"@type":"Person","@id":"https:\/\/blogs.thesocialmedia.com\/leblogmoto\/#\/schema\/person\/b496d27c898c29a39678e2425cafb9ae","name":"albin le guyader","image":{"@type":"ImageObject","inLanguage":"fr-FR","@id":"https:\/\/blogs.thesocialmedia.com\/leblogmoto\/#\/schema\/person\/image\/","url":"https:\/\/secure.gravatar.com\/avatar\/?s=96&d=mm&r=g","contentUrl":"https:\/\/secure.gravatar.com\/avatar\/?s=96&d=mm&r=g","caption":"albin le guyader"},"url":"https:\/\/blogs.thesocialmedia.com\/leblogmoto\/author\/albin-le-guyader\/"}]}},"_links":{"self":[{"href":"https:\/\/blogs.thesocialmedia.com\/leblogmoto\/wp-json\/wp\/v2\/posts\/137","targetHints":{"allow":["GET"]}}],"collection":[{"href":"https:\/\/blogs.thesocialmedia.com\/leblogmoto\/wp-json\/wp\/v2\/posts"}],"about":[{"href":"https:\/\/blogs.thesocialmedia.com\/leblogmoto\/wp-json\/wp\/v2\/types\/post"}],"author":[{"embeddable":true,"href":"https:\/\/blogs.thesocialmedia.com\/leblogmoto\/wp-json\/wp\/v2\/users\/323"}],"replies":[{"embeddable":true,"href":"https:\/\/blogs.thesocialmedia.com\/leblogmoto\/wp-json\/wp\/v2\/comments?post=137"}],"version-history":[{"count":2,"href":"https:\/\/blogs.thesocialmedia.com\/leblogmoto\/wp-json\/wp\/v2\/posts\/137\/revisions"}],"predecessor-version":[{"id":13623,"href":"https:\/\/blogs.thesocialmedia.com\/leblogmoto\/wp-json\/wp\/v2\/posts\/137\/revisions\/13623"}],"wp:featuredmedia":[{"embeddable":true,"href":"https:\/\/blogs.thesocialmedia.com\/leblogmoto\/wp-json\/wp\/v2\/media\/13621"}],"wp:attachment":[{"href":"https:\/\/blogs.thesocialmedia.com\/leblogmoto\/wp-json\/wp\/v2\/media?parent=137"}],"wp:term":[{"taxonomy":"category","embeddable":true,"href":"https:\/\/blogs.thesocialmedia.com\/leblogmoto\/wp-json\/wp\/v2\/categories?post=137"},{"taxonomy":"post_tag","embeddable":true,"href":"https:\/\/blogs.thesocialmedia.com\/leblogmoto\/wp-json\/wp\/v2\/tags?post=137"}],"curies":[{"name":"wp","href":"https:\/\/api.w.org\/{rel}","templated":true}]}}