{"id":1370,"date":"2007-05-20T21:15:45","date_gmt":"2007-05-20T21:15:45","guid":{"rendered":"http:\/\/blogs.thesocialmedia.com\/leblogmoto\/2007\/05\/20\/bmw-f800s-sport\/"},"modified":"2012-07-11T14:40:12","modified_gmt":"2012-07-11T14:40:12","slug":"bmw-f800s-sport","status":"publish","type":"post","link":"https:\/\/blogs.thesocialmedia.com\/leblogmoto\/2007\/05\/20\/bmw-f800s-sport\/","title":{"rendered":"BMW : F800S \u00e9dition Sport"},"content":{"rendered":"<p><a href=\"http:\/\/blogs.thesocialmedia.com\/leblogmoto\/files\/2012\/07\/bmw_f800sport.jpg\"><img loading=\"lazy\" decoding=\"async\" height=\"177\" alt=\"Bmw_f800sport\" src=\"http:\/\/www.leblogmoto.com\/images\/2007\/05\/20\/bmw_f800sport.jpg\" width=\"250\"  \/><\/a> Cette \u00e9dition Sport de la <a href=\"http:\/\/www.bmw-motorrad.com.fr\/fr\/fr\/index.html\">F800S Sport<\/a> propose en plus de la version normale un kit d\u00e9velopp\u00e9 avec <a href=\"http:\/\/www.ac-schnitzer.de\/en\/bmw-motorcycles\/\">AC Schnitzer<\/a> compos\u00e9 d&rsquo;un spoiler, d&rsquo;un \u00e9chappement <a href=\"http:\/\/www.akrapovic-ai.si\/\">Akrapovic<\/a> et d&rsquo;un cache selle pour la place passager. Sachez de plus que ce kit est install\u00e9 en apr\u00e8s-vente mais n&rsquo;est disponible qu&rsquo;en Belgique et au Luxembourg, il y en a certains qui ont de la chance&#8230;<\/p>\n<p>Pour le moment, nous ne savons pas si <a href=\"http:\/\/www.bmw-motorrad.com.fr\/fr\/fr\/index.html\">BMW Motorsport<\/a> va \u00e9tendre ce kit \u00e0 tous les autres pays, mais qui sait ?<\/p>\n<p>Source : <a href=\"http:\/\/www.vroom.be\/\">Vroom<\/a><\/p>\n","protected":false},"excerpt":{"rendered":"<p>Cette \u00e9dition Sport de la F800S Sport propose en plus de la version normale un kit d\u00e9velopp\u00e9 avec AC Schnitzer compos\u00e9 d&rsquo;un spoiler, d&rsquo;un \u00e9chappement Akrapovic et d&rsquo;un cache selle pour la place passager. Sachez de plus que ce kit est install\u00e9 en apr\u00e8s-vente mais n&rsquo;est disponible qu&rsquo;en Belgique et au Luxembourg, il y en [&hellip;]<\/p>\n","protected":false},"author":329,"featured_media":0,"comment_status":"open","ping_status":"open","sticky":false,"template":"","format":"standard","meta":{"footnotes":""},"categories":[7],"tags":[],"class_list":["post-1370","post","type-post","status-publish","format-standard","hentry","category-bmw"],"yoast_head":"<!-- This site is optimized with the Yoast SEO plugin v26.0 - https:\/\/yoast.com\/wordpress\/plugins\/seo\/ -->\n<title>BMW : F800S \u00e9dition Sport - leblogmoto.com<\/title>\n<meta name=\"robots\" content=\"index, follow, max-snippet:-1, max-image-preview:large, max-video-preview:-1\" \/>\n<link rel=\"canonical\" href=\"https:\/\/blogs.thesocialmedia.com\/leblogmoto\/2007\/05\/20\/bmw-f800s-sport\/\" \/>\n<meta name=\"twitter:card\" content=\"summary_large_image\" \/>\n<meta name=\"twitter:title\" content=\"BMW : F800S \u00e9dition Sport - leblogmoto.com\" \/>\n<meta name=\"twitter:description\" content=\"Cette \u00e9dition Sport de la F800S Sport propose en plus de la version normale un kit d\u00e9velopp\u00e9 avec AC Schnitzer compos\u00e9 d&rsquo;un spoiler, d&rsquo;un \u00e9chappement Akrapovic et d&rsquo;un cache selle pour la place passager. Sachez de plus que ce kit est install\u00e9 en apr\u00e8s-vente mais n&rsquo;est disponible qu&rsquo;en Belgique et au Luxembourg, il y en [&hellip;]\" \/>\n<meta name=\"twitter:image\" content=\"http:\/\/www.leblogmoto.com\/images\/2007\/05\/20\/bmw_f800sport.jpg\" \/>\n<meta name=\"twitter:label1\" content=\"\u00c9crit par\" \/>\n\t<meta name=\"twitter:data1\" content=\"gregory boucaud\" \/>\n<script type=\"application\/ld+json\" class=\"yoast-schema-graph\">{\"@context\":\"https:\/\/schema.org\",\"@graph\":[{\"@type\":\"WebPage\",\"@id\":\"https:\/\/blogs.thesocialmedia.com\/leblogmoto\/2007\/05\/20\/bmw-f800s-sport\/\",\"url\":\"https:\/\/blogs.thesocialmedia.com\/leblogmoto\/2007\/05\/20\/bmw-f800s-sport\/\",\"name\":\"BMW : F800S \u00e9dition Sport - leblogmoto.com\",\"isPartOf\":{\"@id\":\"https:\/\/blogs.thesocialmedia.com\/leblogmoto\/#website\"},\"primaryImageOfPage\":{\"@id\":\"https:\/\/blogs.thesocialmedia.com\/leblogmoto\/2007\/05\/20\/bmw-f800s-sport\/#primaryimage\"},\"image\":{\"@id\":\"https:\/\/blogs.thesocialmedia.com\/leblogmoto\/2007\/05\/20\/bmw-f800s-sport\/#primaryimage\"},\"thumbnailUrl\":\"http:\/\/www.leblogmoto.com\/images\/2007\/05\/20\/bmw_f800sport.jpg\",\"datePublished\":\"2007-05-20T21:15:45+00:00\",\"dateModified\":\"2012-07-11T14:40:12+00:00\",\"author\":{\"@id\":\"https:\/\/blogs.thesocialmedia.com\/leblogmoto\/#\/schema\/person\/769623f89741cc3381675029a37764f8\"},\"breadcrumb\":{\"@id\":\"https:\/\/blogs.thesocialmedia.com\/leblogmoto\/2007\/05\/20\/bmw-f800s-sport\/#breadcrumb\"},\"inLanguage\":\"fr-FR\",\"potentialAction\":[{\"@type\":\"ReadAction\",\"target\":[\"https:\/\/blogs.thesocialmedia.com\/leblogmoto\/2007\/05\/20\/bmw-f800s-sport\/\"]}]},{\"@type\":\"ImageObject\",\"inLanguage\":\"fr-FR\",\"@id\":\"https:\/\/blogs.thesocialmedia.com\/leblogmoto\/2007\/05\/20\/bmw-f800s-sport\/#primaryimage\",\"url\":\"http:\/\/www.leblogmoto.com\/images\/2007\/05\/20\/bmw_f800sport.jpg\",\"contentUrl\":\"http:\/\/www.leblogmoto.com\/images\/2007\/05\/20\/bmw_f800sport.jpg\"},{\"@type\":\"BreadcrumbList\",\"@id\":\"https:\/\/blogs.thesocialmedia.com\/leblogmoto\/2007\/05\/20\/bmw-f800s-sport\/#breadcrumb\",\"itemListElement\":[{\"@type\":\"ListItem\",\"position\":1,\"name\":\"Accueil\",\"item\":\"https:\/\/blogs.thesocialmedia.com\/leblogmoto\/\"},{\"@type\":\"ListItem\",\"position\":2,\"name\":\"BMW : F800S \u00e9dition Sport\"}]},{\"@type\":\"WebSite\",\"@id\":\"https:\/\/blogs.thesocialmedia.com\/leblogmoto\/#website\",\"url\":\"https:\/\/blogs.thesocialmedia.com\/leblogmoto\/\",\"name\":\"leblogmoto\",\"description\":\"Toute l&#039;actualit\u00e9 des 2 roues\",\"potentialAction\":[{\"@type\":\"SearchAction\",\"target\":{\"@type\":\"EntryPoint\",\"urlTemplate\":\"https:\/\/blogs.thesocialmedia.com\/leblogmoto\/?s={search_term_string}\"},\"query-input\":{\"@type\":\"PropertyValueSpecification\",\"valueRequired\":true,\"valueName\":\"search_term_string\"}}],\"inLanguage\":\"fr-FR\"},{\"@type\":\"Person\",\"@id\":\"https:\/\/blogs.thesocialmedia.com\/leblogmoto\/#\/schema\/person\/769623f89741cc3381675029a37764f8\",\"name\":\"gregory boucaud\",\"image\":{\"@type\":\"ImageObject\",\"inLanguage\":\"fr-FR\",\"@id\":\"https:\/\/blogs.thesocialmedia.com\/leblogmoto\/#\/schema\/person\/image\/\",\"url\":\"https:\/\/secure.gravatar.com\/avatar\/?s=96&d=mm&r=g\",\"contentUrl\":\"https:\/\/secure.gravatar.com\/avatar\/?s=96&d=mm&r=g\",\"caption\":\"gregory boucaud\"},\"url\":\"https:\/\/blogs.thesocialmedia.com\/leblogmoto\/author\/gregory-boucaud\/\"}]}<\/script>\n<!-- \/ Yoast SEO plugin. -->","yoast_head_json":{"title":"BMW : F800S \u00e9dition Sport - leblogmoto.com","robots":{"index":"index","follow":"follow","max-snippet":"max-snippet:-1","max-image-preview":"max-image-preview:large","max-video-preview":"max-video-preview:-1"},"canonical":"https:\/\/blogs.thesocialmedia.com\/leblogmoto\/2007\/05\/20\/bmw-f800s-sport\/","twitter_card":"summary_large_image","twitter_title":"BMW : F800S \u00e9dition Sport - leblogmoto.com","twitter_description":"Cette \u00e9dition Sport de la F800S Sport propose en plus de la version normale un kit d\u00e9velopp\u00e9 avec AC Schnitzer compos\u00e9 d&rsquo;un spoiler, d&rsquo;un \u00e9chappement Akrapovic et d&rsquo;un cache selle pour la place passager. Sachez de plus que ce kit est install\u00e9 en apr\u00e8s-vente mais n&rsquo;est disponible qu&rsquo;en Belgique et au Luxembourg, il y en [&hellip;]","twitter_image":"http:\/\/www.leblogmoto.com\/images\/2007\/05\/20\/bmw_f800sport.jpg","twitter_misc":{"\u00c9crit par":"gregory boucaud"},"schema":{"@context":"https:\/\/schema.org","@graph":[{"@type":"WebPage","@id":"https:\/\/blogs.thesocialmedia.com\/leblogmoto\/2007\/05\/20\/bmw-f800s-sport\/","url":"https:\/\/blogs.thesocialmedia.com\/leblogmoto\/2007\/05\/20\/bmw-f800s-sport\/","name":"BMW : F800S \u00e9dition Sport - leblogmoto.com","isPartOf":{"@id":"https:\/\/blogs.thesocialmedia.com\/leblogmoto\/#website"},"primaryImageOfPage":{"@id":"https:\/\/blogs.thesocialmedia.com\/leblogmoto\/2007\/05\/20\/bmw-f800s-sport\/#primaryimage"},"image":{"@id":"https:\/\/blogs.thesocialmedia.com\/leblogmoto\/2007\/05\/20\/bmw-f800s-sport\/#primaryimage"},"thumbnailUrl":"http:\/\/www.leblogmoto.com\/images\/2007\/05\/20\/bmw_f800sport.jpg","datePublished":"2007-05-20T21:15:45+00:00","dateModified":"2012-07-11T14:40:12+00:00","author":{"@id":"https:\/\/blogs.thesocialmedia.com\/leblogmoto\/#\/schema\/person\/769623f89741cc3381675029a37764f8"},"breadcrumb":{"@id":"https:\/\/blogs.thesocialmedia.com\/leblogmoto\/2007\/05\/20\/bmw-f800s-sport\/#breadcrumb"},"inLanguage":"fr-FR","potentialAction":[{"@type":"ReadAction","target":["https:\/\/blogs.thesocialmedia.com\/leblogmoto\/2007\/05\/20\/bmw-f800s-sport\/"]}]},{"@type":"ImageObject","inLanguage":"fr-FR","@id":"https:\/\/blogs.thesocialmedia.com\/leblogmoto\/2007\/05\/20\/bmw-f800s-sport\/#primaryimage","url":"http:\/\/www.leblogmoto.com\/images\/2007\/05\/20\/bmw_f800sport.jpg","contentUrl":"http:\/\/www.leblogmoto.com\/images\/2007\/05\/20\/bmw_f800sport.jpg"},{"@type":"BreadcrumbList","@id":"https:\/\/blogs.thesocialmedia.com\/leblogmoto\/2007\/05\/20\/bmw-f800s-sport\/#breadcrumb","itemListElement":[{"@type":"ListItem","position":1,"name":"Accueil","item":"https:\/\/blogs.thesocialmedia.com\/leblogmoto\/"},{"@type":"ListItem","position":2,"name":"BMW : F800S \u00e9dition Sport"}]},{"@type":"WebSite","@id":"https:\/\/blogs.thesocialmedia.com\/leblogmoto\/#website","url":"https:\/\/blogs.thesocialmedia.com\/leblogmoto\/","name":"leblogmoto","description":"Toute l&#039;actualit\u00e9 des 2 roues","potentialAction":[{"@type":"SearchAction","target":{"@type":"EntryPoint","urlTemplate":"https:\/\/blogs.thesocialmedia.com\/leblogmoto\/?s={search_term_string}"},"query-input":{"@type":"PropertyValueSpecification","valueRequired":true,"valueName":"search_term_string"}}],"inLanguage":"fr-FR"},{"@type":"Person","@id":"https:\/\/blogs.thesocialmedia.com\/leblogmoto\/#\/schema\/person\/769623f89741cc3381675029a37764f8","name":"gregory boucaud","image":{"@type":"ImageObject","inLanguage":"fr-FR","@id":"https:\/\/blogs.thesocialmedia.com\/leblogmoto\/#\/schema\/person\/image\/","url":"https:\/\/secure.gravatar.com\/avatar\/?s=96&d=mm&r=g","contentUrl":"https:\/\/secure.gravatar.com\/avatar\/?s=96&d=mm&r=g","caption":"gregory boucaud"},"url":"https:\/\/blogs.thesocialmedia.com\/leblogmoto\/author\/gregory-boucaud\/"}]}},"_links":{"self":[{"href":"https:\/\/blogs.thesocialmedia.com\/leblogmoto\/wp-json\/wp\/v2\/posts\/1370","targetHints":{"allow":["GET"]}}],"collection":[{"href":"https:\/\/blogs.thesocialmedia.com\/leblogmoto\/wp-json\/wp\/v2\/posts"}],"about":[{"href":"https:\/\/blogs.thesocialmedia.com\/leblogmoto\/wp-json\/wp\/v2\/types\/post"}],"author":[{"embeddable":true,"href":"https:\/\/blogs.thesocialmedia.com\/leblogmoto\/wp-json\/wp\/v2\/users\/329"}],"replies":[{"embeddable":true,"href":"https:\/\/blogs.thesocialmedia.com\/leblogmoto\/wp-json\/wp\/v2\/comments?post=1370"}],"version-history":[{"count":2,"href":"https:\/\/blogs.thesocialmedia.com\/leblogmoto\/wp-json\/wp\/v2\/posts\/1370\/revisions"}],"predecessor-version":[{"id":8417,"href":"https:\/\/blogs.thesocialmedia.com\/leblogmoto\/wp-json\/wp\/v2\/posts\/1370\/revisions\/8417"}],"wp:attachment":[{"href":"https:\/\/blogs.thesocialmedia.com\/leblogmoto\/wp-json\/wp\/v2\/media?parent=1370"}],"wp:term":[{"taxonomy":"category","embeddable":true,"href":"https:\/\/blogs.thesocialmedia.com\/leblogmoto\/wp-json\/wp\/v2\/categories?post=1370"},{"taxonomy":"post_tag","embeddable":true,"href":"https:\/\/blogs.thesocialmedia.com\/leblogmoto\/wp-json\/wp\/v2\/tags?post=1370"}],"curies":[{"name":"wp","href":"https:\/\/api.w.org\/{rel}","templated":true}]}}