{"id":1372,"date":"2007-05-20T16:29:12","date_gmt":"2007-05-20T16:29:12","guid":{"rendered":"http:\/\/blogs.thesocialmedia.com\/leblogmoto\/2007\/05\/20\/jack-findlay-es\/"},"modified":"2012-07-11T14:40:08","modified_gmt":"2012-07-11T14:40:08","slug":"jack-findlay-es","status":"publish","type":"post","link":"https:\/\/blogs.thesocialmedia.com\/leblogmoto\/2007\/05\/20\/jack-findlay-es\/","title":{"rendered":"N\u00e9crologie : D\u00e9c\u00e8s de Jack Findlay"},"content":{"rendered":"<p><a href=\"http:\/\/blogs.thesocialmedia.com\/leblogmoto\/files\/2012\/07\/jada3.jpg\"><img loading=\"lazy\" decoding=\"async\" height=\"289\" alt=\"Jada3\" src=\"http:\/\/www.leblogmoto.com\/images\/2007\/05\/20\/jada3.jpg\" width=\"250\"  \/><\/a> Jack Findlay est d\u00e9c\u00e9d\u00e9 le 19 mars 2007 \u00e0 l&rsquo;\u00e2ge de 71 ans.<br \/>Ancien directeur technique des <a href=\"http:\/\/www.motogp.com\/fr\/motogp\/index.htm\">Grands Prix Moto<\/a>, il avait pris sa retraite en 2002. Mais c&rsquo;\u00e9tait aussi un pilote des <a href=\"http:\/\/www.motogp.com\/fr\/motogp\/index.htm\">Moto GP<\/a> qui avait la plus grande participation \u00e0 son actif (21 saisons de 1958 \u00e0 1978). On le voit d&rsquo;ailleurs sur la photo de gauche chevauchant la Jada qu&rsquo;il avait construit avec <span>Daniele Fontana sur la base d&rsquo;un moteur 500cm3 Suzuki. <br \/>Premier \u00e0 gagner avec des Michelin, premier \u00e0 gagner avec une Suzuki 500 cm3 et premier \u00e0 gagner avec un moteur 2 temps, ce pilote aura eu beaucoup de m\u00e9rites.<\/span><\/p>\n<p>D&rsquo;ailleurs, le film &quot;Continental Circus&quot;, le championnat du monde qui se d\u00e9roulait, \u00e0 l&rsquo;\u00e9poque seulement en Europe, de J\u00e9r\u00f4me Lapperousaz tourn\u00e9 en 1967 retrace le d\u00e9but de sa carri\u00e8re.<\/p>\n<p>Rendons hommage \u00e0 cet homme qui fait parti de l&rsquo;histoire du <a href=\"http:\/\/www.motogp.com\/fr\/motogp\/index.htm\">Moto GP<\/a>.<\/p>\n<p>Sources : <a href=\"http:\/\/www.motomag.com\/\">Motomag<\/a>, <a href=\"http:\/\/www.ozebook.com\/\">Ozebook<\/a>, <a href=\"dvdtoile.com\">DvDtoile<\/a><\/p>\n","protected":false},"excerpt":{"rendered":"<p>Jack Findlay est d\u00e9c\u00e9d\u00e9 le 19 mars 2007 \u00e0 l&rsquo;\u00e2ge de 71 ans.Ancien directeur technique des Grands Prix Moto, il avait pris sa retraite en 2002. Mais c&rsquo;\u00e9tait aussi un pilote des Moto GP qui avait la plus grande participation \u00e0 son actif (21 saisons de 1958 \u00e0 1978). On le voit d&rsquo;ailleurs sur la [&hellip;]<\/p>\n","protected":false},"author":329,"featured_media":0,"comment_status":"open","ping_status":"open","sticky":false,"template":"","format":"standard","meta":{"footnotes":""},"categories":[3],"tags":[],"class_list":["post-1372","post","type-post","status-publish","format-standard","hentry","category-actualite"],"yoast_head":"<!-- This site is optimized with the Yoast SEO plugin v26.0 - https:\/\/yoast.com\/wordpress\/plugins\/seo\/ -->\n<title>N\u00e9crologie : D\u00e9c\u00e8s de Jack Findlay - leblogmoto.com<\/title>\n<meta name=\"robots\" content=\"index, follow, max-snippet:-1, max-image-preview:large, max-video-preview:-1\" \/>\n<link rel=\"canonical\" href=\"https:\/\/blogs.thesocialmedia.com\/leblogmoto\/2007\/05\/20\/jack-findlay-es\/\" \/>\n<meta name=\"twitter:card\" content=\"summary_large_image\" \/>\n<meta name=\"twitter:title\" content=\"N\u00e9crologie : D\u00e9c\u00e8s de Jack Findlay - leblogmoto.com\" \/>\n<meta name=\"twitter:description\" content=\"Jack Findlay est d\u00e9c\u00e9d\u00e9 le 19 mars 2007 \u00e0 l&rsquo;\u00e2ge de 71 ans.Ancien directeur technique des Grands Prix Moto, il avait pris sa retraite en 2002. Mais c&rsquo;\u00e9tait aussi un pilote des Moto GP qui avait la plus grande participation \u00e0 son actif (21 saisons de 1958 \u00e0 1978). On le voit d&rsquo;ailleurs sur la [&hellip;]\" \/>\n<meta name=\"twitter:image\" content=\"http:\/\/www.leblogmoto.com\/images\/2007\/05\/20\/jada3.jpg\" \/>\n<meta name=\"twitter:label1\" content=\"\u00c9crit par\" \/>\n\t<meta name=\"twitter:data1\" content=\"gregory boucaud\" \/>\n\t<meta name=\"twitter:label2\" content=\"Dur\u00e9e de lecture estim\u00e9e\" \/>\n\t<meta name=\"twitter:data2\" content=\"1 minute\" \/>\n<script type=\"application\/ld+json\" class=\"yoast-schema-graph\">{\"@context\":\"https:\/\/schema.org\",\"@graph\":[{\"@type\":\"WebPage\",\"@id\":\"https:\/\/blogs.thesocialmedia.com\/leblogmoto\/2007\/05\/20\/jack-findlay-es\/\",\"url\":\"https:\/\/blogs.thesocialmedia.com\/leblogmoto\/2007\/05\/20\/jack-findlay-es\/\",\"name\":\"N\u00e9crologie : D\u00e9c\u00e8s de Jack Findlay - leblogmoto.com\",\"isPartOf\":{\"@id\":\"https:\/\/blogs.thesocialmedia.com\/leblogmoto\/#website\"},\"primaryImageOfPage\":{\"@id\":\"https:\/\/blogs.thesocialmedia.com\/leblogmoto\/2007\/05\/20\/jack-findlay-es\/#primaryimage\"},\"image\":{\"@id\":\"https:\/\/blogs.thesocialmedia.com\/leblogmoto\/2007\/05\/20\/jack-findlay-es\/#primaryimage\"},\"thumbnailUrl\":\"http:\/\/www.leblogmoto.com\/images\/2007\/05\/20\/jada3.jpg\",\"datePublished\":\"2007-05-20T16:29:12+00:00\",\"dateModified\":\"2012-07-11T14:40:08+00:00\",\"author\":{\"@id\":\"https:\/\/blogs.thesocialmedia.com\/leblogmoto\/#\/schema\/person\/769623f89741cc3381675029a37764f8\"},\"breadcrumb\":{\"@id\":\"https:\/\/blogs.thesocialmedia.com\/leblogmoto\/2007\/05\/20\/jack-findlay-es\/#breadcrumb\"},\"inLanguage\":\"fr-FR\",\"potentialAction\":[{\"@type\":\"ReadAction\",\"target\":[\"https:\/\/blogs.thesocialmedia.com\/leblogmoto\/2007\/05\/20\/jack-findlay-es\/\"]}]},{\"@type\":\"ImageObject\",\"inLanguage\":\"fr-FR\",\"@id\":\"https:\/\/blogs.thesocialmedia.com\/leblogmoto\/2007\/05\/20\/jack-findlay-es\/#primaryimage\",\"url\":\"http:\/\/www.leblogmoto.com\/images\/2007\/05\/20\/jada3.jpg\",\"contentUrl\":\"http:\/\/www.leblogmoto.com\/images\/2007\/05\/20\/jada3.jpg\"},{\"@type\":\"BreadcrumbList\",\"@id\":\"https:\/\/blogs.thesocialmedia.com\/leblogmoto\/2007\/05\/20\/jack-findlay-es\/#breadcrumb\",\"itemListElement\":[{\"@type\":\"ListItem\",\"position\":1,\"name\":\"Accueil\",\"item\":\"https:\/\/blogs.thesocialmedia.com\/leblogmoto\/\"},{\"@type\":\"ListItem\",\"position\":2,\"name\":\"N\u00e9crologie : D\u00e9c\u00e8s de Jack Findlay\"}]},{\"@type\":\"WebSite\",\"@id\":\"https:\/\/blogs.thesocialmedia.com\/leblogmoto\/#website\",\"url\":\"https:\/\/blogs.thesocialmedia.com\/leblogmoto\/\",\"name\":\"leblogmoto\",\"description\":\"Toute l&#039;actualit\u00e9 des 2 roues\",\"potentialAction\":[{\"@type\":\"SearchAction\",\"target\":{\"@type\":\"EntryPoint\",\"urlTemplate\":\"https:\/\/blogs.thesocialmedia.com\/leblogmoto\/?s={search_term_string}\"},\"query-input\":{\"@type\":\"PropertyValueSpecification\",\"valueRequired\":true,\"valueName\":\"search_term_string\"}}],\"inLanguage\":\"fr-FR\"},{\"@type\":\"Person\",\"@id\":\"https:\/\/blogs.thesocialmedia.com\/leblogmoto\/#\/schema\/person\/769623f89741cc3381675029a37764f8\",\"name\":\"gregory boucaud\",\"image\":{\"@type\":\"ImageObject\",\"inLanguage\":\"fr-FR\",\"@id\":\"https:\/\/blogs.thesocialmedia.com\/leblogmoto\/#\/schema\/person\/image\/\",\"url\":\"https:\/\/secure.gravatar.com\/avatar\/?s=96&d=mm&r=g\",\"contentUrl\":\"https:\/\/secure.gravatar.com\/avatar\/?s=96&d=mm&r=g\",\"caption\":\"gregory boucaud\"},\"url\":\"https:\/\/blogs.thesocialmedia.com\/leblogmoto\/author\/gregory-boucaud\/\"}]}<\/script>\n<!-- \/ Yoast SEO plugin. -->","yoast_head_json":{"title":"N\u00e9crologie : D\u00e9c\u00e8s de Jack Findlay - leblogmoto.com","robots":{"index":"index","follow":"follow","max-snippet":"max-snippet:-1","max-image-preview":"max-image-preview:large","max-video-preview":"max-video-preview:-1"},"canonical":"https:\/\/blogs.thesocialmedia.com\/leblogmoto\/2007\/05\/20\/jack-findlay-es\/","twitter_card":"summary_large_image","twitter_title":"N\u00e9crologie : D\u00e9c\u00e8s de Jack Findlay - leblogmoto.com","twitter_description":"Jack Findlay est d\u00e9c\u00e9d\u00e9 le 19 mars 2007 \u00e0 l&rsquo;\u00e2ge de 71 ans.Ancien directeur technique des Grands Prix Moto, il avait pris sa retraite en 2002. Mais c&rsquo;\u00e9tait aussi un pilote des Moto GP qui avait la plus grande participation \u00e0 son actif (21 saisons de 1958 \u00e0 1978). On le voit d&rsquo;ailleurs sur la [&hellip;]","twitter_image":"http:\/\/www.leblogmoto.com\/images\/2007\/05\/20\/jada3.jpg","twitter_misc":{"\u00c9crit par":"gregory boucaud","Dur\u00e9e de lecture estim\u00e9e":"1 minute"},"schema":{"@context":"https:\/\/schema.org","@graph":[{"@type":"WebPage","@id":"https:\/\/blogs.thesocialmedia.com\/leblogmoto\/2007\/05\/20\/jack-findlay-es\/","url":"https:\/\/blogs.thesocialmedia.com\/leblogmoto\/2007\/05\/20\/jack-findlay-es\/","name":"N\u00e9crologie : D\u00e9c\u00e8s de Jack Findlay - leblogmoto.com","isPartOf":{"@id":"https:\/\/blogs.thesocialmedia.com\/leblogmoto\/#website"},"primaryImageOfPage":{"@id":"https:\/\/blogs.thesocialmedia.com\/leblogmoto\/2007\/05\/20\/jack-findlay-es\/#primaryimage"},"image":{"@id":"https:\/\/blogs.thesocialmedia.com\/leblogmoto\/2007\/05\/20\/jack-findlay-es\/#primaryimage"},"thumbnailUrl":"http:\/\/www.leblogmoto.com\/images\/2007\/05\/20\/jada3.jpg","datePublished":"2007-05-20T16:29:12+00:00","dateModified":"2012-07-11T14:40:08+00:00","author":{"@id":"https:\/\/blogs.thesocialmedia.com\/leblogmoto\/#\/schema\/person\/769623f89741cc3381675029a37764f8"},"breadcrumb":{"@id":"https:\/\/blogs.thesocialmedia.com\/leblogmoto\/2007\/05\/20\/jack-findlay-es\/#breadcrumb"},"inLanguage":"fr-FR","potentialAction":[{"@type":"ReadAction","target":["https:\/\/blogs.thesocialmedia.com\/leblogmoto\/2007\/05\/20\/jack-findlay-es\/"]}]},{"@type":"ImageObject","inLanguage":"fr-FR","@id":"https:\/\/blogs.thesocialmedia.com\/leblogmoto\/2007\/05\/20\/jack-findlay-es\/#primaryimage","url":"http:\/\/www.leblogmoto.com\/images\/2007\/05\/20\/jada3.jpg","contentUrl":"http:\/\/www.leblogmoto.com\/images\/2007\/05\/20\/jada3.jpg"},{"@type":"BreadcrumbList","@id":"https:\/\/blogs.thesocialmedia.com\/leblogmoto\/2007\/05\/20\/jack-findlay-es\/#breadcrumb","itemListElement":[{"@type":"ListItem","position":1,"name":"Accueil","item":"https:\/\/blogs.thesocialmedia.com\/leblogmoto\/"},{"@type":"ListItem","position":2,"name":"N\u00e9crologie : D\u00e9c\u00e8s de Jack Findlay"}]},{"@type":"WebSite","@id":"https:\/\/blogs.thesocialmedia.com\/leblogmoto\/#website","url":"https:\/\/blogs.thesocialmedia.com\/leblogmoto\/","name":"leblogmoto","description":"Toute l&#039;actualit\u00e9 des 2 roues","potentialAction":[{"@type":"SearchAction","target":{"@type":"EntryPoint","urlTemplate":"https:\/\/blogs.thesocialmedia.com\/leblogmoto\/?s={search_term_string}"},"query-input":{"@type":"PropertyValueSpecification","valueRequired":true,"valueName":"search_term_string"}}],"inLanguage":"fr-FR"},{"@type":"Person","@id":"https:\/\/blogs.thesocialmedia.com\/leblogmoto\/#\/schema\/person\/769623f89741cc3381675029a37764f8","name":"gregory boucaud","image":{"@type":"ImageObject","inLanguage":"fr-FR","@id":"https:\/\/blogs.thesocialmedia.com\/leblogmoto\/#\/schema\/person\/image\/","url":"https:\/\/secure.gravatar.com\/avatar\/?s=96&d=mm&r=g","contentUrl":"https:\/\/secure.gravatar.com\/avatar\/?s=96&d=mm&r=g","caption":"gregory boucaud"},"url":"https:\/\/blogs.thesocialmedia.com\/leblogmoto\/author\/gregory-boucaud\/"}]}},"_links":{"self":[{"href":"https:\/\/blogs.thesocialmedia.com\/leblogmoto\/wp-json\/wp\/v2\/posts\/1372","targetHints":{"allow":["GET"]}}],"collection":[{"href":"https:\/\/blogs.thesocialmedia.com\/leblogmoto\/wp-json\/wp\/v2\/posts"}],"about":[{"href":"https:\/\/blogs.thesocialmedia.com\/leblogmoto\/wp-json\/wp\/v2\/types\/post"}],"author":[{"embeddable":true,"href":"https:\/\/blogs.thesocialmedia.com\/leblogmoto\/wp-json\/wp\/v2\/users\/329"}],"replies":[{"embeddable":true,"href":"https:\/\/blogs.thesocialmedia.com\/leblogmoto\/wp-json\/wp\/v2\/comments?post=1372"}],"version-history":[{"count":2,"href":"https:\/\/blogs.thesocialmedia.com\/leblogmoto\/wp-json\/wp\/v2\/posts\/1372\/revisions"}],"predecessor-version":[{"id":8413,"href":"https:\/\/blogs.thesocialmedia.com\/leblogmoto\/wp-json\/wp\/v2\/posts\/1372\/revisions\/8413"}],"wp:attachment":[{"href":"https:\/\/blogs.thesocialmedia.com\/leblogmoto\/wp-json\/wp\/v2\/media?parent=1372"}],"wp:term":[{"taxonomy":"category","embeddable":true,"href":"https:\/\/blogs.thesocialmedia.com\/leblogmoto\/wp-json\/wp\/v2\/categories?post=1372"},{"taxonomy":"post_tag","embeddable":true,"href":"https:\/\/blogs.thesocialmedia.com\/leblogmoto\/wp-json\/wp\/v2\/tags?post=1372"}],"curies":[{"name":"wp","href":"https:\/\/api.w.org\/{rel}","templated":true}]}}