{"id":1373,"date":"2007-05-19T22:19:08","date_gmt":"2007-05-19T22:19:08","guid":{"rendered":"http:\/\/blogs.thesocialmedia.com\/leblogmoto\/2007\/05\/19\/les-brescoudos\/"},"modified":"2012-07-11T14:40:07","modified_gmt":"2012-07-11T14:40:07","slug":"les-brescoudos","status":"publish","type":"post","link":"https:\/\/blogs.thesocialmedia.com\/leblogmoto\/2007\/05\/19\/les-brescoudos\/","title":{"rendered":"Les Brescoudos remettent \u00e7a !"},"content":{"rendered":"<p><a href=\"http:\/\/blogs.thesocialmedia.com\/leblogmoto\/files\/2012\/07\/aff07_3.jpg\"><img decoding=\"async\"  alt=\"Aff07_3\" src=\"http:\/\/www.leblogmoto.com\/images\/2007\/05\/19\/aff07_3.jpg\" style=\"margin: 0px 5px 5px 0px;float: left;width: 199px;height: 298px\" \/><\/a> Avis aux amateurs d&rsquo;Harley Davidson, Goldwin, trikes et autres customs, les <a href=\"http:\/\/www.brescoudos.com\/index.html\">Brescoudos<\/a> vous donnent rendez-vous du 25 ao\u00fbt au 2 septembre 2007 au Cap d&rsquo;Adge. Au programme de ce 19\u00e8me rassemblement : une semaine de folie, de f\u00eate et de balades dans toute la r\u00e9gion de l&rsquo;H\u00e9rault. <br \/>Tirant leur nom d&rsquo;un <a href=\"http:\/\/www.tourinfos.com\/fr\/r0011\/d0034\/m0001\/j0007\/p002748.htm\">fort du Cap<\/a> d&rsquo;Agde, les Brescoudos vous feront d\u00e9couvrir la r\u00e9gion d&rsquo;Agde \u00e0 Narbonne avec des \u00e9tapes \u00e0 B\u00e9ziers, Marseillan plage, Lignan sur Orb. <br \/>C\u00f4t\u00e9 animations, quatre concerts pr\u00e9vus avec CharlElie Couture, parrain de l&rsquo;\u00e9v\u00e9nement,&nbsp; Miss Dominique (Nouvelle Star), CACCV et Jean Jacques Miltreau. Mais aussi les habituels concours : top 100 des plus belles motos, tatouages, \u00e9lection de Miss Brescoudos et la b\u00e9n\u00e9diction des motos par le p\u00e8re Guy GILBERT.<\/p>\n<p>Presque victime de son succ\u00e8s, ce rassemblement a accueilli plusieurs milliers de motos l&rsquo;ann\u00e9e derni\u00e8re, preuve, si besoin il en est, de la qualit\u00e9 de l&rsquo;\u00e9v\u00e8nement. <\/p>\n<p>Les tarifs d\u00e9pendent de la dur\u00e9e de votre participation. Il faudra compter de 60\u20ac (1er et 2 septembre) \u00e0 120\u20ac (les 9 jours).<\/p>\n<p>Retrouvez toutes les informations sur le site officiel des <a href=\"http:\/\/www.brescoudos.com\/index.html\">Brescoudos<\/a>.<\/p>\n","protected":false},"excerpt":{"rendered":"<p>Avis aux amateurs d&rsquo;Harley Davidson, Goldwin, trikes et autres customs, les Brescoudos vous donnent rendez-vous du 25 ao\u00fbt au 2 septembre 2007 au Cap d&rsquo;Adge. Au programme de ce 19\u00e8me rassemblement : une semaine de folie, de f\u00eate et de balades dans toute la r\u00e9gion de l&rsquo;H\u00e9rault. Tirant leur nom d&rsquo;un fort du Cap d&rsquo;Agde, [&hellip;]<\/p>\n","protected":false},"author":331,"featured_media":0,"comment_status":"open","ping_status":"open","sticky":false,"template":"","format":"standard","meta":{"footnotes":""},"categories":[3],"tags":[99,100,101,103,102],"class_list":["post-1373","post","type-post","status-publish","format-standard","hentry","category-actualite","tag-agde","tag-brescoudos","tag-guy-gilbert","tag-harley","tag-miss-dominique"],"yoast_head":"<!-- This site is optimized with the Yoast SEO plugin v26.0 - https:\/\/yoast.com\/wordpress\/plugins\/seo\/ -->\n<title>Les Brescoudos remettent \u00e7a ! - leblogmoto.com<\/title>\n<meta name=\"robots\" content=\"index, follow, max-snippet:-1, max-image-preview:large, max-video-preview:-1\" \/>\n<link rel=\"canonical\" href=\"https:\/\/blogs.thesocialmedia.com\/leblogmoto\/2007\/05\/19\/les-brescoudos\/\" \/>\n<meta name=\"twitter:card\" content=\"summary_large_image\" \/>\n<meta name=\"twitter:title\" content=\"Les Brescoudos remettent \u00e7a ! - leblogmoto.com\" \/>\n<meta name=\"twitter:description\" content=\"Avis aux amateurs d&rsquo;Harley Davidson, Goldwin, trikes et autres customs, les Brescoudos vous donnent rendez-vous du 25 ao\u00fbt au 2 septembre 2007 au Cap d&rsquo;Adge. Au programme de ce 19\u00e8me rassemblement : une semaine de folie, de f\u00eate et de balades dans toute la r\u00e9gion de l&rsquo;H\u00e9rault. Tirant leur nom d&rsquo;un fort du Cap d&rsquo;Agde, [&hellip;]\" \/>\n<meta name=\"twitter:image\" content=\"http:\/\/www.leblogmoto.com\/images\/2007\/05\/19\/aff07_3.jpg\" \/>\n<meta name=\"twitter:label1\" content=\"\u00c9crit par\" \/>\n\t<meta name=\"twitter:data1\" content=\"nicolas gehin\" \/>\n\t<meta name=\"twitter:label2\" content=\"Dur\u00e9e de lecture estim\u00e9e\" \/>\n\t<meta name=\"twitter:data2\" content=\"1 minute\" \/>\n<script type=\"application\/ld+json\" class=\"yoast-schema-graph\">{\"@context\":\"https:\/\/schema.org\",\"@graph\":[{\"@type\":\"WebPage\",\"@id\":\"https:\/\/blogs.thesocialmedia.com\/leblogmoto\/2007\/05\/19\/les-brescoudos\/\",\"url\":\"https:\/\/blogs.thesocialmedia.com\/leblogmoto\/2007\/05\/19\/les-brescoudos\/\",\"name\":\"Les Brescoudos remettent \u00e7a ! - leblogmoto.com\",\"isPartOf\":{\"@id\":\"https:\/\/blogs.thesocialmedia.com\/leblogmoto\/#website\"},\"primaryImageOfPage\":{\"@id\":\"https:\/\/blogs.thesocialmedia.com\/leblogmoto\/2007\/05\/19\/les-brescoudos\/#primaryimage\"},\"image\":{\"@id\":\"https:\/\/blogs.thesocialmedia.com\/leblogmoto\/2007\/05\/19\/les-brescoudos\/#primaryimage\"},\"thumbnailUrl\":\"http:\/\/www.leblogmoto.com\/images\/2007\/05\/19\/aff07_3.jpg\",\"datePublished\":\"2007-05-19T22:19:08+00:00\",\"dateModified\":\"2012-07-11T14:40:07+00:00\",\"author\":{\"@id\":\"https:\/\/blogs.thesocialmedia.com\/leblogmoto\/#\/schema\/person\/46fe3ed364ad3153421e8604c6e3305f\"},\"breadcrumb\":{\"@id\":\"https:\/\/blogs.thesocialmedia.com\/leblogmoto\/2007\/05\/19\/les-brescoudos\/#breadcrumb\"},\"inLanguage\":\"fr-FR\",\"potentialAction\":[{\"@type\":\"ReadAction\",\"target\":[\"https:\/\/blogs.thesocialmedia.com\/leblogmoto\/2007\/05\/19\/les-brescoudos\/\"]}]},{\"@type\":\"ImageObject\",\"inLanguage\":\"fr-FR\",\"@id\":\"https:\/\/blogs.thesocialmedia.com\/leblogmoto\/2007\/05\/19\/les-brescoudos\/#primaryimage\",\"url\":\"http:\/\/www.leblogmoto.com\/images\/2007\/05\/19\/aff07_3.jpg\",\"contentUrl\":\"http:\/\/www.leblogmoto.com\/images\/2007\/05\/19\/aff07_3.jpg\"},{\"@type\":\"BreadcrumbList\",\"@id\":\"https:\/\/blogs.thesocialmedia.com\/leblogmoto\/2007\/05\/19\/les-brescoudos\/#breadcrumb\",\"itemListElement\":[{\"@type\":\"ListItem\",\"position\":1,\"name\":\"Accueil\",\"item\":\"https:\/\/blogs.thesocialmedia.com\/leblogmoto\/\"},{\"@type\":\"ListItem\",\"position\":2,\"name\":\"Les Brescoudos remettent \u00e7a !\"}]},{\"@type\":\"WebSite\",\"@id\":\"https:\/\/blogs.thesocialmedia.com\/leblogmoto\/#website\",\"url\":\"https:\/\/blogs.thesocialmedia.com\/leblogmoto\/\",\"name\":\"leblogmoto\",\"description\":\"Toute l&#039;actualit\u00e9 des 2 roues\",\"potentialAction\":[{\"@type\":\"SearchAction\",\"target\":{\"@type\":\"EntryPoint\",\"urlTemplate\":\"https:\/\/blogs.thesocialmedia.com\/leblogmoto\/?s={search_term_string}\"},\"query-input\":{\"@type\":\"PropertyValueSpecification\",\"valueRequired\":true,\"valueName\":\"search_term_string\"}}],\"inLanguage\":\"fr-FR\"},{\"@type\":\"Person\",\"@id\":\"https:\/\/blogs.thesocialmedia.com\/leblogmoto\/#\/schema\/person\/46fe3ed364ad3153421e8604c6e3305f\",\"name\":\"nicolas gehin\",\"image\":{\"@type\":\"ImageObject\",\"inLanguage\":\"fr-FR\",\"@id\":\"https:\/\/blogs.thesocialmedia.com\/leblogmoto\/#\/schema\/person\/image\/\",\"url\":\"https:\/\/secure.gravatar.com\/avatar\/?s=96&d=mm&r=g\",\"contentUrl\":\"https:\/\/secure.gravatar.com\/avatar\/?s=96&d=mm&r=g\",\"caption\":\"nicolas gehin\"},\"url\":\"https:\/\/blogs.thesocialmedia.com\/leblogmoto\/author\/nicolas-gehin\/\"}]}<\/script>\n<!-- \/ Yoast SEO plugin. -->","yoast_head_json":{"title":"Les Brescoudos remettent \u00e7a ! - leblogmoto.com","robots":{"index":"index","follow":"follow","max-snippet":"max-snippet:-1","max-image-preview":"max-image-preview:large","max-video-preview":"max-video-preview:-1"},"canonical":"https:\/\/blogs.thesocialmedia.com\/leblogmoto\/2007\/05\/19\/les-brescoudos\/","twitter_card":"summary_large_image","twitter_title":"Les Brescoudos remettent \u00e7a ! - leblogmoto.com","twitter_description":"Avis aux amateurs d&rsquo;Harley Davidson, Goldwin, trikes et autres customs, les Brescoudos vous donnent rendez-vous du 25 ao\u00fbt au 2 septembre 2007 au Cap d&rsquo;Adge. Au programme de ce 19\u00e8me rassemblement : une semaine de folie, de f\u00eate et de balades dans toute la r\u00e9gion de l&rsquo;H\u00e9rault. Tirant leur nom d&rsquo;un fort du Cap d&rsquo;Agde, [&hellip;]","twitter_image":"http:\/\/www.leblogmoto.com\/images\/2007\/05\/19\/aff07_3.jpg","twitter_misc":{"\u00c9crit par":"nicolas gehin","Dur\u00e9e de lecture estim\u00e9e":"1 minute"},"schema":{"@context":"https:\/\/schema.org","@graph":[{"@type":"WebPage","@id":"https:\/\/blogs.thesocialmedia.com\/leblogmoto\/2007\/05\/19\/les-brescoudos\/","url":"https:\/\/blogs.thesocialmedia.com\/leblogmoto\/2007\/05\/19\/les-brescoudos\/","name":"Les Brescoudos remettent \u00e7a ! - leblogmoto.com","isPartOf":{"@id":"https:\/\/blogs.thesocialmedia.com\/leblogmoto\/#website"},"primaryImageOfPage":{"@id":"https:\/\/blogs.thesocialmedia.com\/leblogmoto\/2007\/05\/19\/les-brescoudos\/#primaryimage"},"image":{"@id":"https:\/\/blogs.thesocialmedia.com\/leblogmoto\/2007\/05\/19\/les-brescoudos\/#primaryimage"},"thumbnailUrl":"http:\/\/www.leblogmoto.com\/images\/2007\/05\/19\/aff07_3.jpg","datePublished":"2007-05-19T22:19:08+00:00","dateModified":"2012-07-11T14:40:07+00:00","author":{"@id":"https:\/\/blogs.thesocialmedia.com\/leblogmoto\/#\/schema\/person\/46fe3ed364ad3153421e8604c6e3305f"},"breadcrumb":{"@id":"https:\/\/blogs.thesocialmedia.com\/leblogmoto\/2007\/05\/19\/les-brescoudos\/#breadcrumb"},"inLanguage":"fr-FR","potentialAction":[{"@type":"ReadAction","target":["https:\/\/blogs.thesocialmedia.com\/leblogmoto\/2007\/05\/19\/les-brescoudos\/"]}]},{"@type":"ImageObject","inLanguage":"fr-FR","@id":"https:\/\/blogs.thesocialmedia.com\/leblogmoto\/2007\/05\/19\/les-brescoudos\/#primaryimage","url":"http:\/\/www.leblogmoto.com\/images\/2007\/05\/19\/aff07_3.jpg","contentUrl":"http:\/\/www.leblogmoto.com\/images\/2007\/05\/19\/aff07_3.jpg"},{"@type":"BreadcrumbList","@id":"https:\/\/blogs.thesocialmedia.com\/leblogmoto\/2007\/05\/19\/les-brescoudos\/#breadcrumb","itemListElement":[{"@type":"ListItem","position":1,"name":"Accueil","item":"https:\/\/blogs.thesocialmedia.com\/leblogmoto\/"},{"@type":"ListItem","position":2,"name":"Les Brescoudos remettent \u00e7a !"}]},{"@type":"WebSite","@id":"https:\/\/blogs.thesocialmedia.com\/leblogmoto\/#website","url":"https:\/\/blogs.thesocialmedia.com\/leblogmoto\/","name":"leblogmoto","description":"Toute l&#039;actualit\u00e9 des 2 roues","potentialAction":[{"@type":"SearchAction","target":{"@type":"EntryPoint","urlTemplate":"https:\/\/blogs.thesocialmedia.com\/leblogmoto\/?s={search_term_string}"},"query-input":{"@type":"PropertyValueSpecification","valueRequired":true,"valueName":"search_term_string"}}],"inLanguage":"fr-FR"},{"@type":"Person","@id":"https:\/\/blogs.thesocialmedia.com\/leblogmoto\/#\/schema\/person\/46fe3ed364ad3153421e8604c6e3305f","name":"nicolas gehin","image":{"@type":"ImageObject","inLanguage":"fr-FR","@id":"https:\/\/blogs.thesocialmedia.com\/leblogmoto\/#\/schema\/person\/image\/","url":"https:\/\/secure.gravatar.com\/avatar\/?s=96&d=mm&r=g","contentUrl":"https:\/\/secure.gravatar.com\/avatar\/?s=96&d=mm&r=g","caption":"nicolas gehin"},"url":"https:\/\/blogs.thesocialmedia.com\/leblogmoto\/author\/nicolas-gehin\/"}]}},"_links":{"self":[{"href":"https:\/\/blogs.thesocialmedia.com\/leblogmoto\/wp-json\/wp\/v2\/posts\/1373","targetHints":{"allow":["GET"]}}],"collection":[{"href":"https:\/\/blogs.thesocialmedia.com\/leblogmoto\/wp-json\/wp\/v2\/posts"}],"about":[{"href":"https:\/\/blogs.thesocialmedia.com\/leblogmoto\/wp-json\/wp\/v2\/types\/post"}],"author":[{"embeddable":true,"href":"https:\/\/blogs.thesocialmedia.com\/leblogmoto\/wp-json\/wp\/v2\/users\/331"}],"replies":[{"embeddable":true,"href":"https:\/\/blogs.thesocialmedia.com\/leblogmoto\/wp-json\/wp\/v2\/comments?post=1373"}],"version-history":[{"count":2,"href":"https:\/\/blogs.thesocialmedia.com\/leblogmoto\/wp-json\/wp\/v2\/posts\/1373\/revisions"}],"predecessor-version":[{"id":8411,"href":"https:\/\/blogs.thesocialmedia.com\/leblogmoto\/wp-json\/wp\/v2\/posts\/1373\/revisions\/8411"}],"wp:attachment":[{"href":"https:\/\/blogs.thesocialmedia.com\/leblogmoto\/wp-json\/wp\/v2\/media?parent=1373"}],"wp:term":[{"taxonomy":"category","embeddable":true,"href":"https:\/\/blogs.thesocialmedia.com\/leblogmoto\/wp-json\/wp\/v2\/categories?post=1373"},{"taxonomy":"post_tag","embeddable":true,"href":"https:\/\/blogs.thesocialmedia.com\/leblogmoto\/wp-json\/wp\/v2\/tags?post=1373"}],"curies":[{"name":"wp","href":"https:\/\/api.w.org\/{rel}","templated":true}]}}