{"id":1377,"date":"2007-05-17T20:15:48","date_gmt":"2007-05-17T20:15:48","guid":{"rendered":"http:\/\/blogs.thesocialmedia.com\/leblogmoto\/2007\/05\/17\/journes-coyotte\/"},"modified":"2012-07-11T14:40:03","modified_gmt":"2012-07-11T14:40:03","slug":"journes-coyotte","status":"publish","type":"post","link":"https:\/\/blogs.thesocialmedia.com\/leblogmoto\/2007\/05\/17\/journes-coyotte\/","title":{"rendered":"Journ\u00e9es Coyotte"},"content":{"rendered":"<p><a href=\"http:\/\/blogs.thesocialmedia.com\/leblogmoto\/files\/2012\/07\/journees2007.jpg\"><img loading=\"lazy\" decoding=\"async\" height=\"352\" alt=\"Journees2007\" src=\"http:\/\/www.leblogmoto.com\/images\/2007\/05\/17\/journees2007.jpg\" width=\"250\"  \/><\/a> Amateurs de motos anciennes (avant 1980) si vous habitez du c\u00f4t\u00e9 du <a href=\"http:\/\/www.circuit-nogaro.com\/\">circuit Paul Armagnac<\/a> de Nogaro (Gers), vous pourrez vous rendre \u00e0 la 10\u00e8me \u00e9dition des Journ\u00e9es Coyote organis\u00e9es par l&rsquo;association Coyote Racing Team le 4 et 5 ao\u00fbt 2007, de plus l&rsquo;entr\u00e9e sera gratuite.<br \/>Au programme, des manches dans les cat\u00e9gories Vintage, Classic, Side-Cars et 2 Temps avec toujours la fameuse bourse d&rsquo;\u00e9change de pi\u00e8ces d\u00e9tach\u00e9es&#8230;<br \/>L&rsquo;inscription \u00e0 ces manches ainsi qu&rsquo;\u00e0 la bourse d&rsquo;\u00e9change est disponible sur cette <a href=\"http:\/\/coyote.racing.team.free.fr\/index.html\">page<\/a> et doit \u00eatre effectu\u00e9e avant le 15 juin 2007.<\/p>\n<p>Il faudra compter:<br \/>&#8211; 160 \u20ac pour les pilotes solos et 165\u20ac pour les sides caristes (assurance pour le week-end).<br \/>&#8211; 40\u20ac pour l&#8217;emplacement pour la bourse d&rsquo;\u00e9change (60\u20ac pour les professionnels).<br \/>&#8211; 25\u20ac pour le repas du samedi soir.<\/p>\n<p>Bref un week-end bien rempli et l&rsquo;occasion de voir certaines &quot;mamies&quot;&#8230;<\/p>\n<p>Pour plus d&rsquo;informations : Tel : 06 20 50 40 71 ou <a href=\"http:\/\/www.coyote-racing-team.com\/\">www.coyote-racing-team.com<\/a><\/p>\n","protected":false},"excerpt":{"rendered":"<p>Amateurs de motos anciennes (avant 1980) si vous habitez du c\u00f4t\u00e9 du circuit Paul Armagnac de Nogaro (Gers), vous pourrez vous rendre \u00e0 la 10\u00e8me \u00e9dition des Journ\u00e9es Coyote organis\u00e9es par l&rsquo;association Coyote Racing Team le 4 et 5 ao\u00fbt 2007, de plus l&rsquo;entr\u00e9e sera gratuite.Au programme, des manches dans les cat\u00e9gories Vintage, Classic, Side-Cars [&hellip;]<\/p>\n","protected":false},"author":329,"featured_media":0,"comment_status":"open","ping_status":"open","sticky":false,"template":"","format":"standard","meta":{"footnotes":""},"categories":[10],"tags":[],"class_list":["post-1377","post","type-post","status-publish","format-standard","hentry","category-meetings"],"yoast_head":"<!-- This site is optimized with the Yoast SEO plugin v26.0 - https:\/\/yoast.com\/wordpress\/plugins\/seo\/ -->\n<title>Journ\u00e9es Coyotte - leblogmoto.com<\/title>\n<meta name=\"robots\" content=\"index, follow, max-snippet:-1, max-image-preview:large, max-video-preview:-1\" \/>\n<link rel=\"canonical\" href=\"https:\/\/blogs.thesocialmedia.com\/leblogmoto\/2007\/05\/17\/journes-coyotte\/\" \/>\n<meta name=\"twitter:card\" content=\"summary_large_image\" \/>\n<meta name=\"twitter:title\" content=\"Journ\u00e9es Coyotte - leblogmoto.com\" \/>\n<meta name=\"twitter:description\" content=\"Amateurs de motos anciennes (avant 1980) si vous habitez du c\u00f4t\u00e9 du circuit Paul Armagnac de Nogaro (Gers), vous pourrez vous rendre \u00e0 la 10\u00e8me \u00e9dition des Journ\u00e9es Coyote organis\u00e9es par l&rsquo;association Coyote Racing Team le 4 et 5 ao\u00fbt 2007, de plus l&rsquo;entr\u00e9e sera gratuite.Au programme, des manches dans les cat\u00e9gories Vintage, Classic, Side-Cars [&hellip;]\" \/>\n<meta name=\"twitter:image\" content=\"http:\/\/www.leblogmoto.com\/images\/2007\/05\/17\/journees2007.jpg\" \/>\n<meta name=\"twitter:label1\" content=\"\u00c9crit par\" \/>\n\t<meta name=\"twitter:data1\" content=\"gregory boucaud\" \/>\n\t<meta name=\"twitter:label2\" content=\"Dur\u00e9e de lecture estim\u00e9e\" \/>\n\t<meta name=\"twitter:data2\" content=\"1 minute\" \/>\n<script type=\"application\/ld+json\" class=\"yoast-schema-graph\">{\"@context\":\"https:\/\/schema.org\",\"@graph\":[{\"@type\":\"WebPage\",\"@id\":\"https:\/\/blogs.thesocialmedia.com\/leblogmoto\/2007\/05\/17\/journes-coyotte\/\",\"url\":\"https:\/\/blogs.thesocialmedia.com\/leblogmoto\/2007\/05\/17\/journes-coyotte\/\",\"name\":\"Journ\u00e9es Coyotte - leblogmoto.com\",\"isPartOf\":{\"@id\":\"https:\/\/blogs.thesocialmedia.com\/leblogmoto\/#website\"},\"primaryImageOfPage\":{\"@id\":\"https:\/\/blogs.thesocialmedia.com\/leblogmoto\/2007\/05\/17\/journes-coyotte\/#primaryimage\"},\"image\":{\"@id\":\"https:\/\/blogs.thesocialmedia.com\/leblogmoto\/2007\/05\/17\/journes-coyotte\/#primaryimage\"},\"thumbnailUrl\":\"http:\/\/www.leblogmoto.com\/images\/2007\/05\/17\/journees2007.jpg\",\"datePublished\":\"2007-05-17T20:15:48+00:00\",\"dateModified\":\"2012-07-11T14:40:03+00:00\",\"author\":{\"@id\":\"https:\/\/blogs.thesocialmedia.com\/leblogmoto\/#\/schema\/person\/769623f89741cc3381675029a37764f8\"},\"breadcrumb\":{\"@id\":\"https:\/\/blogs.thesocialmedia.com\/leblogmoto\/2007\/05\/17\/journes-coyotte\/#breadcrumb\"},\"inLanguage\":\"fr-FR\",\"potentialAction\":[{\"@type\":\"ReadAction\",\"target\":[\"https:\/\/blogs.thesocialmedia.com\/leblogmoto\/2007\/05\/17\/journes-coyotte\/\"]}]},{\"@type\":\"ImageObject\",\"inLanguage\":\"fr-FR\",\"@id\":\"https:\/\/blogs.thesocialmedia.com\/leblogmoto\/2007\/05\/17\/journes-coyotte\/#primaryimage\",\"url\":\"http:\/\/www.leblogmoto.com\/images\/2007\/05\/17\/journees2007.jpg\",\"contentUrl\":\"http:\/\/www.leblogmoto.com\/images\/2007\/05\/17\/journees2007.jpg\"},{\"@type\":\"BreadcrumbList\",\"@id\":\"https:\/\/blogs.thesocialmedia.com\/leblogmoto\/2007\/05\/17\/journes-coyotte\/#breadcrumb\",\"itemListElement\":[{\"@type\":\"ListItem\",\"position\":1,\"name\":\"Accueil\",\"item\":\"https:\/\/blogs.thesocialmedia.com\/leblogmoto\/\"},{\"@type\":\"ListItem\",\"position\":2,\"name\":\"Journ\u00e9es Coyotte\"}]},{\"@type\":\"WebSite\",\"@id\":\"https:\/\/blogs.thesocialmedia.com\/leblogmoto\/#website\",\"url\":\"https:\/\/blogs.thesocialmedia.com\/leblogmoto\/\",\"name\":\"leblogmoto\",\"description\":\"Toute l&#039;actualit\u00e9 des 2 roues\",\"potentialAction\":[{\"@type\":\"SearchAction\",\"target\":{\"@type\":\"EntryPoint\",\"urlTemplate\":\"https:\/\/blogs.thesocialmedia.com\/leblogmoto\/?s={search_term_string}\"},\"query-input\":{\"@type\":\"PropertyValueSpecification\",\"valueRequired\":true,\"valueName\":\"search_term_string\"}}],\"inLanguage\":\"fr-FR\"},{\"@type\":\"Person\",\"@id\":\"https:\/\/blogs.thesocialmedia.com\/leblogmoto\/#\/schema\/person\/769623f89741cc3381675029a37764f8\",\"name\":\"gregory boucaud\",\"image\":{\"@type\":\"ImageObject\",\"inLanguage\":\"fr-FR\",\"@id\":\"https:\/\/blogs.thesocialmedia.com\/leblogmoto\/#\/schema\/person\/image\/\",\"url\":\"https:\/\/secure.gravatar.com\/avatar\/?s=96&d=mm&r=g\",\"contentUrl\":\"https:\/\/secure.gravatar.com\/avatar\/?s=96&d=mm&r=g\",\"caption\":\"gregory boucaud\"},\"url\":\"https:\/\/blogs.thesocialmedia.com\/leblogmoto\/author\/gregory-boucaud\/\"}]}<\/script>\n<!-- \/ Yoast SEO plugin. -->","yoast_head_json":{"title":"Journ\u00e9es Coyotte - leblogmoto.com","robots":{"index":"index","follow":"follow","max-snippet":"max-snippet:-1","max-image-preview":"max-image-preview:large","max-video-preview":"max-video-preview:-1"},"canonical":"https:\/\/blogs.thesocialmedia.com\/leblogmoto\/2007\/05\/17\/journes-coyotte\/","twitter_card":"summary_large_image","twitter_title":"Journ\u00e9es Coyotte - leblogmoto.com","twitter_description":"Amateurs de motos anciennes (avant 1980) si vous habitez du c\u00f4t\u00e9 du circuit Paul Armagnac de Nogaro (Gers), vous pourrez vous rendre \u00e0 la 10\u00e8me \u00e9dition des Journ\u00e9es Coyote organis\u00e9es par l&rsquo;association Coyote Racing Team le 4 et 5 ao\u00fbt 2007, de plus l&rsquo;entr\u00e9e sera gratuite.Au programme, des manches dans les cat\u00e9gories Vintage, Classic, Side-Cars [&hellip;]","twitter_image":"http:\/\/www.leblogmoto.com\/images\/2007\/05\/17\/journees2007.jpg","twitter_misc":{"\u00c9crit par":"gregory boucaud","Dur\u00e9e de lecture estim\u00e9e":"1 minute"},"schema":{"@context":"https:\/\/schema.org","@graph":[{"@type":"WebPage","@id":"https:\/\/blogs.thesocialmedia.com\/leblogmoto\/2007\/05\/17\/journes-coyotte\/","url":"https:\/\/blogs.thesocialmedia.com\/leblogmoto\/2007\/05\/17\/journes-coyotte\/","name":"Journ\u00e9es Coyotte - leblogmoto.com","isPartOf":{"@id":"https:\/\/blogs.thesocialmedia.com\/leblogmoto\/#website"},"primaryImageOfPage":{"@id":"https:\/\/blogs.thesocialmedia.com\/leblogmoto\/2007\/05\/17\/journes-coyotte\/#primaryimage"},"image":{"@id":"https:\/\/blogs.thesocialmedia.com\/leblogmoto\/2007\/05\/17\/journes-coyotte\/#primaryimage"},"thumbnailUrl":"http:\/\/www.leblogmoto.com\/images\/2007\/05\/17\/journees2007.jpg","datePublished":"2007-05-17T20:15:48+00:00","dateModified":"2012-07-11T14:40:03+00:00","author":{"@id":"https:\/\/blogs.thesocialmedia.com\/leblogmoto\/#\/schema\/person\/769623f89741cc3381675029a37764f8"},"breadcrumb":{"@id":"https:\/\/blogs.thesocialmedia.com\/leblogmoto\/2007\/05\/17\/journes-coyotte\/#breadcrumb"},"inLanguage":"fr-FR","potentialAction":[{"@type":"ReadAction","target":["https:\/\/blogs.thesocialmedia.com\/leblogmoto\/2007\/05\/17\/journes-coyotte\/"]}]},{"@type":"ImageObject","inLanguage":"fr-FR","@id":"https:\/\/blogs.thesocialmedia.com\/leblogmoto\/2007\/05\/17\/journes-coyotte\/#primaryimage","url":"http:\/\/www.leblogmoto.com\/images\/2007\/05\/17\/journees2007.jpg","contentUrl":"http:\/\/www.leblogmoto.com\/images\/2007\/05\/17\/journees2007.jpg"},{"@type":"BreadcrumbList","@id":"https:\/\/blogs.thesocialmedia.com\/leblogmoto\/2007\/05\/17\/journes-coyotte\/#breadcrumb","itemListElement":[{"@type":"ListItem","position":1,"name":"Accueil","item":"https:\/\/blogs.thesocialmedia.com\/leblogmoto\/"},{"@type":"ListItem","position":2,"name":"Journ\u00e9es Coyotte"}]},{"@type":"WebSite","@id":"https:\/\/blogs.thesocialmedia.com\/leblogmoto\/#website","url":"https:\/\/blogs.thesocialmedia.com\/leblogmoto\/","name":"leblogmoto","description":"Toute l&#039;actualit\u00e9 des 2 roues","potentialAction":[{"@type":"SearchAction","target":{"@type":"EntryPoint","urlTemplate":"https:\/\/blogs.thesocialmedia.com\/leblogmoto\/?s={search_term_string}"},"query-input":{"@type":"PropertyValueSpecification","valueRequired":true,"valueName":"search_term_string"}}],"inLanguage":"fr-FR"},{"@type":"Person","@id":"https:\/\/blogs.thesocialmedia.com\/leblogmoto\/#\/schema\/person\/769623f89741cc3381675029a37764f8","name":"gregory boucaud","image":{"@type":"ImageObject","inLanguage":"fr-FR","@id":"https:\/\/blogs.thesocialmedia.com\/leblogmoto\/#\/schema\/person\/image\/","url":"https:\/\/secure.gravatar.com\/avatar\/?s=96&d=mm&r=g","contentUrl":"https:\/\/secure.gravatar.com\/avatar\/?s=96&d=mm&r=g","caption":"gregory boucaud"},"url":"https:\/\/blogs.thesocialmedia.com\/leblogmoto\/author\/gregory-boucaud\/"}]}},"_links":{"self":[{"href":"https:\/\/blogs.thesocialmedia.com\/leblogmoto\/wp-json\/wp\/v2\/posts\/1377","targetHints":{"allow":["GET"]}}],"collection":[{"href":"https:\/\/blogs.thesocialmedia.com\/leblogmoto\/wp-json\/wp\/v2\/posts"}],"about":[{"href":"https:\/\/blogs.thesocialmedia.com\/leblogmoto\/wp-json\/wp\/v2\/types\/post"}],"author":[{"embeddable":true,"href":"https:\/\/blogs.thesocialmedia.com\/leblogmoto\/wp-json\/wp\/v2\/users\/329"}],"replies":[{"embeddable":true,"href":"https:\/\/blogs.thesocialmedia.com\/leblogmoto\/wp-json\/wp\/v2\/comments?post=1377"}],"version-history":[{"count":2,"href":"https:\/\/blogs.thesocialmedia.com\/leblogmoto\/wp-json\/wp\/v2\/posts\/1377\/revisions"}],"predecessor-version":[{"id":8407,"href":"https:\/\/blogs.thesocialmedia.com\/leblogmoto\/wp-json\/wp\/v2\/posts\/1377\/revisions\/8407"}],"wp:attachment":[{"href":"https:\/\/blogs.thesocialmedia.com\/leblogmoto\/wp-json\/wp\/v2\/media?parent=1377"}],"wp:term":[{"taxonomy":"category","embeddable":true,"href":"https:\/\/blogs.thesocialmedia.com\/leblogmoto\/wp-json\/wp\/v2\/categories?post=1377"},{"taxonomy":"post_tag","embeddable":true,"href":"https:\/\/blogs.thesocialmedia.com\/leblogmoto\/wp-json\/wp\/v2\/tags?post=1377"}],"curies":[{"name":"wp","href":"https:\/\/api.w.org\/{rel}","templated":true}]}}