{"id":1380,"date":"2007-05-17T12:01:48","date_gmt":"2007-05-17T12:01:48","guid":{"rendered":"http:\/\/blogs.thesocialmedia.com\/leblogmoto\/2007\/05\/17\/vido-ca-arrive\/"},"modified":"2012-07-11T13:22:07","modified_gmt":"2012-07-11T13:22:07","slug":"vido-ca-arrive","status":"publish","type":"post","link":"https:\/\/blogs.thesocialmedia.com\/leblogmoto\/2007\/05\/17\/vido-ca-arrive\/","title":{"rendered":"Vid\u00e9o : Ca arrive m\u00eame aux meilleurs&#8230;"},"content":{"rendered":"<div><embed src=\"http:\/\/www.dailymotion.com\/swf\/667mU7ABYbyorh3S\" width=\"470\" height=\"356\" type=\"application\/x-shockwave-flash\"><\/embed><\/div>\n<p>La b\u00eate noire de tous les motards est la chute, qu&rsquo;elle soit avec ou sans gravit\u00e9 celle-ci laisse toujours des traces plus ou moins irr\u00e9versibles. <\/p>\n<p>Seulement, \u00eatre motard c&rsquo;est aussi accepter que l&rsquo;on puisse tomber, ne dit-on pas que ce sont les risques du m\u00e9tier ?<br \/>Comme vous avez pu le voir sur cette vid\u00e9o, c&rsquo;est <a href=\"http:\/\/www.vincent-philippe.com\/\">Vincent Philippe<\/a> qui s&rsquo;est fait avoir. En effet, d&rsquo;apr\u00e8s l&rsquo;auteur de cette vid\u00e9o &quot;la piste \u00e9tait froide et un ptit malin en camion fesait des d\u00e9rapages dans la boue et ensuite a roul\u00e9 dessus&quot;, heureusement pour lui plus de peur que de mal.<br \/>Comme quoi chuter arrive \u00e0 tout le monde m\u00eame aux meilleurs&#8230;<\/p>\n<p>Source : <a href=\"http:\/\/www.dailymotion.com\/video\/x1elw_crash-moto-gp-1000-paris-tuning-sho\"><strong>crash moto gp 1000 paris tuning show<\/strong><\/a><em> envoy\u00e9 par <a href=\"http:\/\/www.dailymotion.com\/fazerillusion\">fazerillusion<\/a><\/em><\/p>\n","protected":false},"excerpt":{"rendered":"<p>La b\u00eate noire de tous les motards est la chute, qu&rsquo;elle soit avec ou sans gravit\u00e9 celle-ci laisse toujours des traces plus ou moins irr\u00e9versibles. Seulement, \u00eatre motard c&rsquo;est aussi accepter que l&rsquo;on puisse tomber, ne dit-on pas que ce sont les risques du m\u00e9tier ?Comme vous avez pu le voir sur cette vid\u00e9o, c&rsquo;est [&hellip;]<\/p>\n","protected":false},"author":329,"featured_media":0,"comment_status":"open","ping_status":"open","sticky":false,"template":"","format":"standard","meta":{"footnotes":""},"categories":[12],"tags":[],"class_list":["post-1380","post","type-post","status-publish","format-standard","hentry","category-videos"],"yoast_head":"<!-- This site is optimized with the Yoast SEO plugin v26.0 - https:\/\/yoast.com\/wordpress\/plugins\/seo\/ -->\n<title>Vid\u00e9o : Ca arrive m\u00eame aux meilleurs... - leblogmoto.com<\/title>\n<meta name=\"robots\" content=\"index, follow, max-snippet:-1, max-image-preview:large, max-video-preview:-1\" \/>\n<link rel=\"canonical\" href=\"https:\/\/blogs.thesocialmedia.com\/leblogmoto\/2007\/05\/17\/vido-ca-arrive\/\" \/>\n<meta name=\"twitter:card\" content=\"summary_large_image\" \/>\n<meta name=\"twitter:title\" content=\"Vid\u00e9o : Ca arrive m\u00eame aux meilleurs... - leblogmoto.com\" \/>\n<meta name=\"twitter:description\" content=\"La b\u00eate noire de tous les motards est la chute, qu&rsquo;elle soit avec ou sans gravit\u00e9 celle-ci laisse toujours des traces plus ou moins irr\u00e9versibles. Seulement, \u00eatre motard c&rsquo;est aussi accepter que l&rsquo;on puisse tomber, ne dit-on pas que ce sont les risques du m\u00e9tier ?Comme vous avez pu le voir sur cette vid\u00e9o, c&rsquo;est [&hellip;]\" \/>\n<meta name=\"twitter:label1\" content=\"\u00c9crit par\" \/>\n\t<meta name=\"twitter:data1\" content=\"gregory boucaud\" \/>\n\t<meta name=\"twitter:label2\" content=\"Dur\u00e9e de lecture estim\u00e9e\" \/>\n\t<meta name=\"twitter:data2\" content=\"1 minute\" \/>\n<script type=\"application\/ld+json\" class=\"yoast-schema-graph\">{\"@context\":\"https:\/\/schema.org\",\"@graph\":[{\"@type\":\"WebPage\",\"@id\":\"https:\/\/blogs.thesocialmedia.com\/leblogmoto\/2007\/05\/17\/vido-ca-arrive\/\",\"url\":\"https:\/\/blogs.thesocialmedia.com\/leblogmoto\/2007\/05\/17\/vido-ca-arrive\/\",\"name\":\"Vid\u00e9o : Ca arrive m\u00eame aux meilleurs... - leblogmoto.com\",\"isPartOf\":{\"@id\":\"https:\/\/blogs.thesocialmedia.com\/leblogmoto\/#website\"},\"datePublished\":\"2007-05-17T12:01:48+00:00\",\"dateModified\":\"2012-07-11T13:22:07+00:00\",\"author\":{\"@id\":\"https:\/\/blogs.thesocialmedia.com\/leblogmoto\/#\/schema\/person\/769623f89741cc3381675029a37764f8\"},\"breadcrumb\":{\"@id\":\"https:\/\/blogs.thesocialmedia.com\/leblogmoto\/2007\/05\/17\/vido-ca-arrive\/#breadcrumb\"},\"inLanguage\":\"fr-FR\",\"potentialAction\":[{\"@type\":\"ReadAction\",\"target\":[\"https:\/\/blogs.thesocialmedia.com\/leblogmoto\/2007\/05\/17\/vido-ca-arrive\/\"]}]},{\"@type\":\"BreadcrumbList\",\"@id\":\"https:\/\/blogs.thesocialmedia.com\/leblogmoto\/2007\/05\/17\/vido-ca-arrive\/#breadcrumb\",\"itemListElement\":[{\"@type\":\"ListItem\",\"position\":1,\"name\":\"Accueil\",\"item\":\"https:\/\/blogs.thesocialmedia.com\/leblogmoto\/\"},{\"@type\":\"ListItem\",\"position\":2,\"name\":\"Vid\u00e9o : Ca arrive m\u00eame aux meilleurs&#8230;\"}]},{\"@type\":\"WebSite\",\"@id\":\"https:\/\/blogs.thesocialmedia.com\/leblogmoto\/#website\",\"url\":\"https:\/\/blogs.thesocialmedia.com\/leblogmoto\/\",\"name\":\"leblogmoto\",\"description\":\"Toute l&#039;actualit\u00e9 des 2 roues\",\"potentialAction\":[{\"@type\":\"SearchAction\",\"target\":{\"@type\":\"EntryPoint\",\"urlTemplate\":\"https:\/\/blogs.thesocialmedia.com\/leblogmoto\/?s={search_term_string}\"},\"query-input\":{\"@type\":\"PropertyValueSpecification\",\"valueRequired\":true,\"valueName\":\"search_term_string\"}}],\"inLanguage\":\"fr-FR\"},{\"@type\":\"Person\",\"@id\":\"https:\/\/blogs.thesocialmedia.com\/leblogmoto\/#\/schema\/person\/769623f89741cc3381675029a37764f8\",\"name\":\"gregory boucaud\",\"image\":{\"@type\":\"ImageObject\",\"inLanguage\":\"fr-FR\",\"@id\":\"https:\/\/blogs.thesocialmedia.com\/leblogmoto\/#\/schema\/person\/image\/\",\"url\":\"https:\/\/secure.gravatar.com\/avatar\/?s=96&d=mm&r=g\",\"contentUrl\":\"https:\/\/secure.gravatar.com\/avatar\/?s=96&d=mm&r=g\",\"caption\":\"gregory boucaud\"},\"url\":\"https:\/\/blogs.thesocialmedia.com\/leblogmoto\/author\/gregory-boucaud\/\"}]}<\/script>\n<!-- \/ Yoast SEO plugin. -->","yoast_head_json":{"title":"Vid\u00e9o : Ca arrive m\u00eame aux meilleurs... - leblogmoto.com","robots":{"index":"index","follow":"follow","max-snippet":"max-snippet:-1","max-image-preview":"max-image-preview:large","max-video-preview":"max-video-preview:-1"},"canonical":"https:\/\/blogs.thesocialmedia.com\/leblogmoto\/2007\/05\/17\/vido-ca-arrive\/","twitter_card":"summary_large_image","twitter_title":"Vid\u00e9o : Ca arrive m\u00eame aux meilleurs... - leblogmoto.com","twitter_description":"La b\u00eate noire de tous les motards est la chute, qu&rsquo;elle soit avec ou sans gravit\u00e9 celle-ci laisse toujours des traces plus ou moins irr\u00e9versibles. Seulement, \u00eatre motard c&rsquo;est aussi accepter que l&rsquo;on puisse tomber, ne dit-on pas que ce sont les risques du m\u00e9tier ?Comme vous avez pu le voir sur cette vid\u00e9o, c&rsquo;est [&hellip;]","twitter_misc":{"\u00c9crit par":"gregory boucaud","Dur\u00e9e de lecture estim\u00e9e":"1 minute"},"schema":{"@context":"https:\/\/schema.org","@graph":[{"@type":"WebPage","@id":"https:\/\/blogs.thesocialmedia.com\/leblogmoto\/2007\/05\/17\/vido-ca-arrive\/","url":"https:\/\/blogs.thesocialmedia.com\/leblogmoto\/2007\/05\/17\/vido-ca-arrive\/","name":"Vid\u00e9o : Ca arrive m\u00eame aux meilleurs... - leblogmoto.com","isPartOf":{"@id":"https:\/\/blogs.thesocialmedia.com\/leblogmoto\/#website"},"datePublished":"2007-05-17T12:01:48+00:00","dateModified":"2012-07-11T13:22:07+00:00","author":{"@id":"https:\/\/blogs.thesocialmedia.com\/leblogmoto\/#\/schema\/person\/769623f89741cc3381675029a37764f8"},"breadcrumb":{"@id":"https:\/\/blogs.thesocialmedia.com\/leblogmoto\/2007\/05\/17\/vido-ca-arrive\/#breadcrumb"},"inLanguage":"fr-FR","potentialAction":[{"@type":"ReadAction","target":["https:\/\/blogs.thesocialmedia.com\/leblogmoto\/2007\/05\/17\/vido-ca-arrive\/"]}]},{"@type":"BreadcrumbList","@id":"https:\/\/blogs.thesocialmedia.com\/leblogmoto\/2007\/05\/17\/vido-ca-arrive\/#breadcrumb","itemListElement":[{"@type":"ListItem","position":1,"name":"Accueil","item":"https:\/\/blogs.thesocialmedia.com\/leblogmoto\/"},{"@type":"ListItem","position":2,"name":"Vid\u00e9o : Ca arrive m\u00eame aux meilleurs&#8230;"}]},{"@type":"WebSite","@id":"https:\/\/blogs.thesocialmedia.com\/leblogmoto\/#website","url":"https:\/\/blogs.thesocialmedia.com\/leblogmoto\/","name":"leblogmoto","description":"Toute l&#039;actualit\u00e9 des 2 roues","potentialAction":[{"@type":"SearchAction","target":{"@type":"EntryPoint","urlTemplate":"https:\/\/blogs.thesocialmedia.com\/leblogmoto\/?s={search_term_string}"},"query-input":{"@type":"PropertyValueSpecification","valueRequired":true,"valueName":"search_term_string"}}],"inLanguage":"fr-FR"},{"@type":"Person","@id":"https:\/\/blogs.thesocialmedia.com\/leblogmoto\/#\/schema\/person\/769623f89741cc3381675029a37764f8","name":"gregory boucaud","image":{"@type":"ImageObject","inLanguage":"fr-FR","@id":"https:\/\/blogs.thesocialmedia.com\/leblogmoto\/#\/schema\/person\/image\/","url":"https:\/\/secure.gravatar.com\/avatar\/?s=96&d=mm&r=g","contentUrl":"https:\/\/secure.gravatar.com\/avatar\/?s=96&d=mm&r=g","caption":"gregory boucaud"},"url":"https:\/\/blogs.thesocialmedia.com\/leblogmoto\/author\/gregory-boucaud\/"}]}},"_links":{"self":[{"href":"https:\/\/blogs.thesocialmedia.com\/leblogmoto\/wp-json\/wp\/v2\/posts\/1380","targetHints":{"allow":["GET"]}}],"collection":[{"href":"https:\/\/blogs.thesocialmedia.com\/leblogmoto\/wp-json\/wp\/v2\/posts"}],"about":[{"href":"https:\/\/blogs.thesocialmedia.com\/leblogmoto\/wp-json\/wp\/v2\/types\/post"}],"author":[{"embeddable":true,"href":"https:\/\/blogs.thesocialmedia.com\/leblogmoto\/wp-json\/wp\/v2\/users\/329"}],"replies":[{"embeddable":true,"href":"https:\/\/blogs.thesocialmedia.com\/leblogmoto\/wp-json\/wp\/v2\/comments?post=1380"}],"version-history":[{"count":1,"href":"https:\/\/blogs.thesocialmedia.com\/leblogmoto\/wp-json\/wp\/v2\/posts\/1380\/revisions"}],"predecessor-version":[{"id":3795,"href":"https:\/\/blogs.thesocialmedia.com\/leblogmoto\/wp-json\/wp\/v2\/posts\/1380\/revisions\/3795"}],"wp:attachment":[{"href":"https:\/\/blogs.thesocialmedia.com\/leblogmoto\/wp-json\/wp\/v2\/media?parent=1380"}],"wp:term":[{"taxonomy":"category","embeddable":true,"href":"https:\/\/blogs.thesocialmedia.com\/leblogmoto\/wp-json\/wp\/v2\/categories?post=1380"},{"taxonomy":"post_tag","embeddable":true,"href":"https:\/\/blogs.thesocialmedia.com\/leblogmoto\/wp-json\/wp\/v2\/tags?post=1380"}],"curies":[{"name":"wp","href":"https:\/\/api.w.org\/{rel}","templated":true}]}}