{"id":1384,"date":"2007-05-17T00:50:28","date_gmt":"2007-05-17T00:50:28","guid":{"rendered":"http:\/\/blogs.thesocialmedia.com\/leblogmoto\/2007\/05\/17\/ducati-1098-elu\/"},"modified":"2012-07-11T14:39:55","modified_gmt":"2012-07-11T14:39:55","slug":"ducati-1098-elu","status":"publish","type":"post","link":"https:\/\/blogs.thesocialmedia.com\/leblogmoto\/2007\/05\/17\/ducati-1098-elu\/","title":{"rendered":"Ducati 1098 : Elue moto de l&rsquo;ann\u00e9e 2007"},"content":{"rendered":"<p><a href=\"http:\/\/blogs.thesocialmedia.com\/leblogmoto\/files\/2012\/07\/ducati1098.jpg\"><img loading=\"lazy\" decoding=\"async\" height=\"187\" alt=\"Ducati1098\" src=\"http:\/\/www.leblogmoto.com\/images\/2007\/05\/15\/ducati1098.jpg\" width=\"250\"  \/><\/a> Les lecteurs de <a href=\"http:\/\/www.motociclismo.it\/\">Motociclismo<\/a> ont du go\u00fbt (ou de la fiert\u00e9 nationale ?) puisqu&rsquo;ils ont \u00e9lu la <a href=\"http:\/\/www.ducati.com\/od\/ducatifrance\/\">Ducati<\/a> 1098, moto de l&rsquo;ann\u00e9e 2007 dans la cat\u00e9gorie des sportives \u00e0 plus de 36000 voix, soit devant l&rsquo;<a href=\"http:\/\/www.leblogmoto.com\/2007\/03\/ducati_hypermot.html\">Hypermotard<\/a> dans la cat\u00e9gorie supermotard de peu.<br \/>Ligne ac\u00e9r\u00e9e, le regard charmeur, les designers de chez <a href=\"http:\/\/www.ducati.com\/od\/ducatifrance\/\">Ducati<\/a> ne se sont pas tromp\u00e9s en nous sortant ce bolide. <br \/>Je pense que c&rsquo;est un bon choix ne serait-ce que pour le design de cette moto ainsi que son son si caract\u00e9risque \u00e0 <a href=\"http:\/\/www.ducati.com\/od\/ducatifrance\/\">l&rsquo;usine de Bologne<\/a>, bref un r\u00e9gal pour les oreilles et la vue.<\/p>\n<p><a href=\"http:\/\/clabedan.typepad.com\/.shared\/image.html?\/photos\/uncategorized\/2007\/05\/15\/hypermotard_01.jpg\"><img loading=\"lazy\" decoding=\"async\" height=\"166\" alt=\"Hypermotard_01\" src=\"http:\/\/www.leblogmoto.com\/images\/2007\/05\/15\/hypermotard_01.jpg\" width=\"250\"  \/><\/a> Classement <a href=\"http:\/\/www.motociclismo.it\/\">Motociclismo<\/a> de la moto de l&rsquo;ann\u00e9e par cat\u00e9gories : (class\u00e9e: premi\u00e8re, deuxi\u00e8me, troisi\u00e8me) <\/p>\n<p>&#8211; <strong>125 cm3 :<\/strong> Aprilia MX, Cagiva Mito, Aprilia RS<br \/>&#8211; <strong>Custom :<\/strong> H-D Night Rod Special,Moto Guzzi California Vintage, Moto Guzzi Bellagio<br \/>&#8211; <strong>Roadster :<\/strong> MV Agusta Brutale 910 R, Ducati Monster S4Rs, Aprilia 750 Shiver<br \/>&#8211; <strong>Trail :<\/strong> BMW R 1200 GS, KTM Adventure 990, BMW R 1200 GS Adventure<br \/>&#8211; <strong>Enduro :<\/strong> Aprilia RXV 4.5, KTM 950 SuperEnduro R, BMW HP2<br \/>&#8211; <strong>Supermotard :<\/strong> <a href=\"http:\/\/www.leblogmoto.com\/2007\/03\/ducati_hypermot.html\">Ducati Hypermotard 1100<\/a>, Aprilia SXV 4,5, KTM 950 Supermoto R<br \/>&#8211; <strong>GT sport :<\/strong> Honda VFR, BMW K 1200 Sport, Ducati ST3 1000<br \/>&#8211;<strong> Sportive :<\/strong> Ducati 1098, Ducati Desmosedici RR, MV Agusta F4 1000 R<br \/>&#8211; <strong>GT :<\/strong> Moto Guzzi Norge 1200, BMW R 1200 RT, Yamaha FJR 1300 AS<br \/>&#8211; <strong>Scooter de plus&nbsp; de 250 cm3 :<\/strong> Yamaha TMax 500, Gilera GP800, Piaggio MP3 400<br \/>&#8211; <strong>Scooter de moins de 250 cm3 :<\/strong> Piaggio MP3 250, Vespa GTS 250ie, Gilera Nexus 125<br \/>&#8211; <strong>50 cm3 :<\/strong> Aprilia RS, Vespa, Fantic Caballero RC<\/p>\n<p>Et vous cher(e)s lecteurs(lectrices) du Blog Moto, \u00eates-vous d&rsquo;accord avec ce choix ?<\/p>\n<p>Source : <a href=\"http:\/\/www.motoblog.it\/\">Motoblog.it<\/a><\/p>\n","protected":false},"excerpt":{"rendered":"<p>Les lecteurs de Motociclismo ont du go\u00fbt (ou de la fiert\u00e9 nationale ?) puisqu&rsquo;ils ont \u00e9lu la Ducati 1098, moto de l&rsquo;ann\u00e9e 2007 dans la cat\u00e9gorie des sportives \u00e0 plus de 36000 voix, soit devant l&rsquo;Hypermotard dans la cat\u00e9gorie supermotard de peu.Ligne ac\u00e9r\u00e9e, le regard charmeur, les designers de chez Ducati ne se sont pas [&hellip;]<\/p>\n","protected":false},"author":329,"featured_media":0,"comment_status":"open","ping_status":"open","sticky":false,"template":"","format":"standard","meta":{"footnotes":""},"categories":[3,41],"tags":[],"class_list":["post-1384","post","type-post","status-publish","format-standard","hentry","category-actualite","category-ducati"],"yoast_head":"<!-- This site is optimized with the Yoast SEO plugin v26.0 - https:\/\/yoast.com\/wordpress\/plugins\/seo\/ -->\n<title>Ducati 1098 : Elue moto de l&#039;ann\u00e9e 2007 - leblogmoto.com<\/title>\n<meta name=\"robots\" content=\"index, follow, max-snippet:-1, max-image-preview:large, max-video-preview:-1\" \/>\n<link rel=\"canonical\" href=\"https:\/\/blogs.thesocialmedia.com\/leblogmoto\/2007\/05\/17\/ducati-1098-elu\/\" \/>\n<meta name=\"twitter:card\" content=\"summary_large_image\" \/>\n<meta name=\"twitter:title\" content=\"Ducati 1098 : Elue moto de l&#039;ann\u00e9e 2007 - leblogmoto.com\" \/>\n<meta name=\"twitter:description\" content=\"Les lecteurs de Motociclismo ont du go\u00fbt (ou de la fiert\u00e9 nationale ?) puisqu&rsquo;ils ont \u00e9lu la Ducati 1098, moto de l&rsquo;ann\u00e9e 2007 dans la cat\u00e9gorie des sportives \u00e0 plus de 36000 voix, soit devant l&rsquo;Hypermotard dans la cat\u00e9gorie supermotard de peu.Ligne ac\u00e9r\u00e9e, le regard charmeur, les designers de chez Ducati ne se sont pas [&hellip;]\" \/>\n<meta name=\"twitter:image\" content=\"http:\/\/www.leblogmoto.com\/images\/2007\/05\/15\/ducati1098.jpg\" \/>\n<meta name=\"twitter:label1\" content=\"\u00c9crit par\" \/>\n\t<meta name=\"twitter:data1\" content=\"gregory boucaud\" \/>\n\t<meta name=\"twitter:label2\" content=\"Dur\u00e9e de lecture estim\u00e9e\" \/>\n\t<meta name=\"twitter:data2\" content=\"1 minute\" \/>\n<script type=\"application\/ld+json\" class=\"yoast-schema-graph\">{\"@context\":\"https:\/\/schema.org\",\"@graph\":[{\"@type\":\"WebPage\",\"@id\":\"https:\/\/blogs.thesocialmedia.com\/leblogmoto\/2007\/05\/17\/ducati-1098-elu\/\",\"url\":\"https:\/\/blogs.thesocialmedia.com\/leblogmoto\/2007\/05\/17\/ducati-1098-elu\/\",\"name\":\"Ducati 1098 : Elue moto de l'ann\u00e9e 2007 - leblogmoto.com\",\"isPartOf\":{\"@id\":\"https:\/\/blogs.thesocialmedia.com\/leblogmoto\/#website\"},\"primaryImageOfPage\":{\"@id\":\"https:\/\/blogs.thesocialmedia.com\/leblogmoto\/2007\/05\/17\/ducati-1098-elu\/#primaryimage\"},\"image\":{\"@id\":\"https:\/\/blogs.thesocialmedia.com\/leblogmoto\/2007\/05\/17\/ducati-1098-elu\/#primaryimage\"},\"thumbnailUrl\":\"http:\/\/www.leblogmoto.com\/images\/2007\/05\/15\/ducati1098.jpg\",\"datePublished\":\"2007-05-17T00:50:28+00:00\",\"dateModified\":\"2012-07-11T14:39:55+00:00\",\"author\":{\"@id\":\"https:\/\/blogs.thesocialmedia.com\/leblogmoto\/#\/schema\/person\/769623f89741cc3381675029a37764f8\"},\"breadcrumb\":{\"@id\":\"https:\/\/blogs.thesocialmedia.com\/leblogmoto\/2007\/05\/17\/ducati-1098-elu\/#breadcrumb\"},\"inLanguage\":\"fr-FR\",\"potentialAction\":[{\"@type\":\"ReadAction\",\"target\":[\"https:\/\/blogs.thesocialmedia.com\/leblogmoto\/2007\/05\/17\/ducati-1098-elu\/\"]}]},{\"@type\":\"ImageObject\",\"inLanguage\":\"fr-FR\",\"@id\":\"https:\/\/blogs.thesocialmedia.com\/leblogmoto\/2007\/05\/17\/ducati-1098-elu\/#primaryimage\",\"url\":\"http:\/\/www.leblogmoto.com\/images\/2007\/05\/15\/ducati1098.jpg\",\"contentUrl\":\"http:\/\/www.leblogmoto.com\/images\/2007\/05\/15\/ducati1098.jpg\"},{\"@type\":\"BreadcrumbList\",\"@id\":\"https:\/\/blogs.thesocialmedia.com\/leblogmoto\/2007\/05\/17\/ducati-1098-elu\/#breadcrumb\",\"itemListElement\":[{\"@type\":\"ListItem\",\"position\":1,\"name\":\"Accueil\",\"item\":\"https:\/\/blogs.thesocialmedia.com\/leblogmoto\/\"},{\"@type\":\"ListItem\",\"position\":2,\"name\":\"Ducati 1098 : Elue moto de l&rsquo;ann\u00e9e 2007\"}]},{\"@type\":\"WebSite\",\"@id\":\"https:\/\/blogs.thesocialmedia.com\/leblogmoto\/#website\",\"url\":\"https:\/\/blogs.thesocialmedia.com\/leblogmoto\/\",\"name\":\"leblogmoto\",\"description\":\"Toute l&#039;actualit\u00e9 des 2 roues\",\"potentialAction\":[{\"@type\":\"SearchAction\",\"target\":{\"@type\":\"EntryPoint\",\"urlTemplate\":\"https:\/\/blogs.thesocialmedia.com\/leblogmoto\/?s={search_term_string}\"},\"query-input\":{\"@type\":\"PropertyValueSpecification\",\"valueRequired\":true,\"valueName\":\"search_term_string\"}}],\"inLanguage\":\"fr-FR\"},{\"@type\":\"Person\",\"@id\":\"https:\/\/blogs.thesocialmedia.com\/leblogmoto\/#\/schema\/person\/769623f89741cc3381675029a37764f8\",\"name\":\"gregory boucaud\",\"image\":{\"@type\":\"ImageObject\",\"inLanguage\":\"fr-FR\",\"@id\":\"https:\/\/blogs.thesocialmedia.com\/leblogmoto\/#\/schema\/person\/image\/\",\"url\":\"https:\/\/secure.gravatar.com\/avatar\/?s=96&d=mm&r=g\",\"contentUrl\":\"https:\/\/secure.gravatar.com\/avatar\/?s=96&d=mm&r=g\",\"caption\":\"gregory boucaud\"},\"url\":\"https:\/\/blogs.thesocialmedia.com\/leblogmoto\/author\/gregory-boucaud\/\"}]}<\/script>\n<!-- \/ Yoast SEO plugin. -->","yoast_head_json":{"title":"Ducati 1098 : Elue moto de l'ann\u00e9e 2007 - leblogmoto.com","robots":{"index":"index","follow":"follow","max-snippet":"max-snippet:-1","max-image-preview":"max-image-preview:large","max-video-preview":"max-video-preview:-1"},"canonical":"https:\/\/blogs.thesocialmedia.com\/leblogmoto\/2007\/05\/17\/ducati-1098-elu\/","twitter_card":"summary_large_image","twitter_title":"Ducati 1098 : Elue moto de l'ann\u00e9e 2007 - leblogmoto.com","twitter_description":"Les lecteurs de Motociclismo ont du go\u00fbt (ou de la fiert\u00e9 nationale ?) puisqu&rsquo;ils ont \u00e9lu la Ducati 1098, moto de l&rsquo;ann\u00e9e 2007 dans la cat\u00e9gorie des sportives \u00e0 plus de 36000 voix, soit devant l&rsquo;Hypermotard dans la cat\u00e9gorie supermotard de peu.Ligne ac\u00e9r\u00e9e, le regard charmeur, les designers de chez Ducati ne se sont pas [&hellip;]","twitter_image":"http:\/\/www.leblogmoto.com\/images\/2007\/05\/15\/ducati1098.jpg","twitter_misc":{"\u00c9crit par":"gregory boucaud","Dur\u00e9e de lecture estim\u00e9e":"1 minute"},"schema":{"@context":"https:\/\/schema.org","@graph":[{"@type":"WebPage","@id":"https:\/\/blogs.thesocialmedia.com\/leblogmoto\/2007\/05\/17\/ducati-1098-elu\/","url":"https:\/\/blogs.thesocialmedia.com\/leblogmoto\/2007\/05\/17\/ducati-1098-elu\/","name":"Ducati 1098 : Elue moto de l'ann\u00e9e 2007 - leblogmoto.com","isPartOf":{"@id":"https:\/\/blogs.thesocialmedia.com\/leblogmoto\/#website"},"primaryImageOfPage":{"@id":"https:\/\/blogs.thesocialmedia.com\/leblogmoto\/2007\/05\/17\/ducati-1098-elu\/#primaryimage"},"image":{"@id":"https:\/\/blogs.thesocialmedia.com\/leblogmoto\/2007\/05\/17\/ducati-1098-elu\/#primaryimage"},"thumbnailUrl":"http:\/\/www.leblogmoto.com\/images\/2007\/05\/15\/ducati1098.jpg","datePublished":"2007-05-17T00:50:28+00:00","dateModified":"2012-07-11T14:39:55+00:00","author":{"@id":"https:\/\/blogs.thesocialmedia.com\/leblogmoto\/#\/schema\/person\/769623f89741cc3381675029a37764f8"},"breadcrumb":{"@id":"https:\/\/blogs.thesocialmedia.com\/leblogmoto\/2007\/05\/17\/ducati-1098-elu\/#breadcrumb"},"inLanguage":"fr-FR","potentialAction":[{"@type":"ReadAction","target":["https:\/\/blogs.thesocialmedia.com\/leblogmoto\/2007\/05\/17\/ducati-1098-elu\/"]}]},{"@type":"ImageObject","inLanguage":"fr-FR","@id":"https:\/\/blogs.thesocialmedia.com\/leblogmoto\/2007\/05\/17\/ducati-1098-elu\/#primaryimage","url":"http:\/\/www.leblogmoto.com\/images\/2007\/05\/15\/ducati1098.jpg","contentUrl":"http:\/\/www.leblogmoto.com\/images\/2007\/05\/15\/ducati1098.jpg"},{"@type":"BreadcrumbList","@id":"https:\/\/blogs.thesocialmedia.com\/leblogmoto\/2007\/05\/17\/ducati-1098-elu\/#breadcrumb","itemListElement":[{"@type":"ListItem","position":1,"name":"Accueil","item":"https:\/\/blogs.thesocialmedia.com\/leblogmoto\/"},{"@type":"ListItem","position":2,"name":"Ducati 1098 : Elue moto de l&rsquo;ann\u00e9e 2007"}]},{"@type":"WebSite","@id":"https:\/\/blogs.thesocialmedia.com\/leblogmoto\/#website","url":"https:\/\/blogs.thesocialmedia.com\/leblogmoto\/","name":"leblogmoto","description":"Toute l&#039;actualit\u00e9 des 2 roues","potentialAction":[{"@type":"SearchAction","target":{"@type":"EntryPoint","urlTemplate":"https:\/\/blogs.thesocialmedia.com\/leblogmoto\/?s={search_term_string}"},"query-input":{"@type":"PropertyValueSpecification","valueRequired":true,"valueName":"search_term_string"}}],"inLanguage":"fr-FR"},{"@type":"Person","@id":"https:\/\/blogs.thesocialmedia.com\/leblogmoto\/#\/schema\/person\/769623f89741cc3381675029a37764f8","name":"gregory boucaud","image":{"@type":"ImageObject","inLanguage":"fr-FR","@id":"https:\/\/blogs.thesocialmedia.com\/leblogmoto\/#\/schema\/person\/image\/","url":"https:\/\/secure.gravatar.com\/avatar\/?s=96&d=mm&r=g","contentUrl":"https:\/\/secure.gravatar.com\/avatar\/?s=96&d=mm&r=g","caption":"gregory boucaud"},"url":"https:\/\/blogs.thesocialmedia.com\/leblogmoto\/author\/gregory-boucaud\/"}]}},"_links":{"self":[{"href":"https:\/\/blogs.thesocialmedia.com\/leblogmoto\/wp-json\/wp\/v2\/posts\/1384","targetHints":{"allow":["GET"]}}],"collection":[{"href":"https:\/\/blogs.thesocialmedia.com\/leblogmoto\/wp-json\/wp\/v2\/posts"}],"about":[{"href":"https:\/\/blogs.thesocialmedia.com\/leblogmoto\/wp-json\/wp\/v2\/types\/post"}],"author":[{"embeddable":true,"href":"https:\/\/blogs.thesocialmedia.com\/leblogmoto\/wp-json\/wp\/v2\/users\/329"}],"replies":[{"embeddable":true,"href":"https:\/\/blogs.thesocialmedia.com\/leblogmoto\/wp-json\/wp\/v2\/comments?post=1384"}],"version-history":[{"count":2,"href":"https:\/\/blogs.thesocialmedia.com\/leblogmoto\/wp-json\/wp\/v2\/posts\/1384\/revisions"}],"predecessor-version":[{"id":8397,"href":"https:\/\/blogs.thesocialmedia.com\/leblogmoto\/wp-json\/wp\/v2\/posts\/1384\/revisions\/8397"}],"wp:attachment":[{"href":"https:\/\/blogs.thesocialmedia.com\/leblogmoto\/wp-json\/wp\/v2\/media?parent=1384"}],"wp:term":[{"taxonomy":"category","embeddable":true,"href":"https:\/\/blogs.thesocialmedia.com\/leblogmoto\/wp-json\/wp\/v2\/categories?post=1384"},{"taxonomy":"post_tag","embeddable":true,"href":"https:\/\/blogs.thesocialmedia.com\/leblogmoto\/wp-json\/wp\/v2\/tags?post=1384"}],"curies":[{"name":"wp","href":"https:\/\/api.w.org\/{rel}","templated":true}]}}