{"id":1385,"date":"2007-05-17T00:46:42","date_gmt":"2007-05-17T00:46:42","guid":{"rendered":"http:\/\/blogs.thesocialmedia.com\/leblogmoto\/2007\/05\/17\/honda-varadero\/"},"modified":"2012-07-11T14:39:54","modified_gmt":"2012-07-11T14:39:54","slug":"honda-varadero","status":"publish","type":"post","link":"https:\/\/blogs.thesocialmedia.com\/leblogmoto\/2007\/05\/17\/honda-varadero\/","title":{"rendered":"Honda : Varadero 125, en t\u00eate des ventes ?"},"content":{"rendered":"<p><a href=\"http:\/\/blogs.thesocialmedia.com\/leblogmoto\/files\/2012\/07\/hondavaradero125traveledition.jpg\"><img loading=\"lazy\" decoding=\"async\" height=\"180\" alt=\"Hondavaradero125traveledition\" src=\"http:\/\/www.leblogmoto.com\/images\/2007\/05\/15\/hondavaradero125traveledition.jpg\" width=\"250\"  \/><\/a> Cette <a href=\"http:\/\/moto.honda.fr\/hm\/index.php\">Honda<\/a> 125 <a href=\"http:\/\/125andthecity.fr\/\">Varadero<\/a> a des allures de grosse cylindr\u00e9e et c&rsquo;est surement \u00e7a qui a plu. En effet, en ce d\u00e9but d&rsquo;ann\u00e9e 2007, elle affiche d\u00e9j\u00e0 2107 immatriculations en 4 mois (dont 816 en avril 2007) ce qui la place l\u00e9gitimement en t\u00eate des ventes des motos de 125cm3.<\/p>\n<p>Rappelons qu&rsquo;en 2007, <a href=\"http:\/\/moto.honda.fr\/hm\/index.php\">Honda<\/a> propose trois versions de cette <a href=\"http:\/\/125andthecity.fr\/\">Varadero<\/a> :<\/p>\n<p>&#8211; <strong>Standard<\/strong> disponible depuis janvier en 3 coloris, Noir, Argent, Rouge . <strong>Prix :<\/strong> 4999\u20ac.<br \/>&#8211; <strong>Deluxe<\/strong> lanc\u00e9e en f\u00e9vrier en 1 coloris, Champagne. <strong>Prix <\/strong>: 5099 \u20ac.<br \/>&#8211; <strong>Travel Edition<\/strong> d\u00e9velopp\u00e9e par <a href=\"http:\/\/moto.honda.fr\/hm\/index.php\">Honda<\/a> et Boxer Design. Cette version se destine essentiellement \u00e0 une client\u00e8le plus GT et plus Touring et propose un bas de car\u00e9nage texture Titanium bross\u00e9e en 3 parties (2 flancs et 1 sabot), un top box 45L avec floating system et un jeu d\u2019autocollants. 3 Coloris idem \u00e0 la version standard, Noir, Argent, Rouge (photo ci-dessus). <strong>Prix<\/strong> : 5599 \u20ac. <\/p>\n<p>Bref, une 125cm3 au prix des 500cm3 actuelles, il faudrait peut-\u00eatre penser \u00e0 passer le permis moto&#8230; \ud83d\ude42<\/p>\n<p>Sources : <a href=\"http:\/\/www.emoto.com\/\">emoto<\/a>, <a href=\"http:\/\/www.moto-infos.com\/\">Moto Infos<\/a>, <a href=\"http:\/\/www.moto-station.com\/\">Moto Station<\/a><\/p>\n","protected":false},"excerpt":{"rendered":"<p>Cette Honda 125 Varadero a des allures de grosse cylindr\u00e9e et c&rsquo;est surement \u00e7a qui a plu. En effet, en ce d\u00e9but d&rsquo;ann\u00e9e 2007, elle affiche d\u00e9j\u00e0 2107 immatriculations en 4 mois (dont 816 en avril 2007) ce qui la place l\u00e9gitimement en t\u00eate des ventes des motos de 125cm3. Rappelons qu&rsquo;en 2007, Honda propose [&hellip;]<\/p>\n","protected":false},"author":329,"featured_media":0,"comment_status":"open","ping_status":"open","sticky":false,"template":"","format":"standard","meta":{"footnotes":""},"categories":[3,14],"tags":[],"class_list":["post-1385","post","type-post","status-publish","format-standard","hentry","category-actualite","category-honda"],"yoast_head":"<!-- This site is optimized with the Yoast SEO plugin v26.0 - https:\/\/yoast.com\/wordpress\/plugins\/seo\/ -->\n<title>Honda : Varadero 125, en t\u00eate des ventes ? - leblogmoto.com<\/title>\n<meta name=\"robots\" content=\"index, follow, max-snippet:-1, max-image-preview:large, max-video-preview:-1\" \/>\n<link rel=\"canonical\" href=\"https:\/\/blogs.thesocialmedia.com\/leblogmoto\/2007\/05\/17\/honda-varadero\/\" \/>\n<meta name=\"twitter:card\" content=\"summary_large_image\" \/>\n<meta name=\"twitter:title\" content=\"Honda : Varadero 125, en t\u00eate des ventes ? - leblogmoto.com\" \/>\n<meta name=\"twitter:description\" content=\"Cette Honda 125 Varadero a des allures de grosse cylindr\u00e9e et c&rsquo;est surement \u00e7a qui a plu. En effet, en ce d\u00e9but d&rsquo;ann\u00e9e 2007, elle affiche d\u00e9j\u00e0 2107 immatriculations en 4 mois (dont 816 en avril 2007) ce qui la place l\u00e9gitimement en t\u00eate des ventes des motos de 125cm3. Rappelons qu&rsquo;en 2007, Honda propose [&hellip;]\" \/>\n<meta name=\"twitter:image\" content=\"http:\/\/www.leblogmoto.com\/images\/2007\/05\/15\/hondavaradero125traveledition.jpg\" \/>\n<meta name=\"twitter:label1\" content=\"\u00c9crit par\" \/>\n\t<meta name=\"twitter:data1\" content=\"gregory boucaud\" \/>\n\t<meta name=\"twitter:label2\" content=\"Dur\u00e9e de lecture estim\u00e9e\" \/>\n\t<meta name=\"twitter:data2\" content=\"1 minute\" \/>\n<script type=\"application\/ld+json\" class=\"yoast-schema-graph\">{\"@context\":\"https:\/\/schema.org\",\"@graph\":[{\"@type\":\"WebPage\",\"@id\":\"https:\/\/blogs.thesocialmedia.com\/leblogmoto\/2007\/05\/17\/honda-varadero\/\",\"url\":\"https:\/\/blogs.thesocialmedia.com\/leblogmoto\/2007\/05\/17\/honda-varadero\/\",\"name\":\"Honda : Varadero 125, en t\u00eate des ventes ? - leblogmoto.com\",\"isPartOf\":{\"@id\":\"https:\/\/blogs.thesocialmedia.com\/leblogmoto\/#website\"},\"primaryImageOfPage\":{\"@id\":\"https:\/\/blogs.thesocialmedia.com\/leblogmoto\/2007\/05\/17\/honda-varadero\/#primaryimage\"},\"image\":{\"@id\":\"https:\/\/blogs.thesocialmedia.com\/leblogmoto\/2007\/05\/17\/honda-varadero\/#primaryimage\"},\"thumbnailUrl\":\"http:\/\/www.leblogmoto.com\/images\/2007\/05\/15\/hondavaradero125traveledition.jpg\",\"datePublished\":\"2007-05-17T00:46:42+00:00\",\"dateModified\":\"2012-07-11T14:39:54+00:00\",\"author\":{\"@id\":\"https:\/\/blogs.thesocialmedia.com\/leblogmoto\/#\/schema\/person\/769623f89741cc3381675029a37764f8\"},\"breadcrumb\":{\"@id\":\"https:\/\/blogs.thesocialmedia.com\/leblogmoto\/2007\/05\/17\/honda-varadero\/#breadcrumb\"},\"inLanguage\":\"fr-FR\",\"potentialAction\":[{\"@type\":\"ReadAction\",\"target\":[\"https:\/\/blogs.thesocialmedia.com\/leblogmoto\/2007\/05\/17\/honda-varadero\/\"]}]},{\"@type\":\"ImageObject\",\"inLanguage\":\"fr-FR\",\"@id\":\"https:\/\/blogs.thesocialmedia.com\/leblogmoto\/2007\/05\/17\/honda-varadero\/#primaryimage\",\"url\":\"http:\/\/www.leblogmoto.com\/images\/2007\/05\/15\/hondavaradero125traveledition.jpg\",\"contentUrl\":\"http:\/\/www.leblogmoto.com\/images\/2007\/05\/15\/hondavaradero125traveledition.jpg\"},{\"@type\":\"BreadcrumbList\",\"@id\":\"https:\/\/blogs.thesocialmedia.com\/leblogmoto\/2007\/05\/17\/honda-varadero\/#breadcrumb\",\"itemListElement\":[{\"@type\":\"ListItem\",\"position\":1,\"name\":\"Accueil\",\"item\":\"https:\/\/blogs.thesocialmedia.com\/leblogmoto\/\"},{\"@type\":\"ListItem\",\"position\":2,\"name\":\"Honda : Varadero 125, en t\u00eate des ventes ?\"}]},{\"@type\":\"WebSite\",\"@id\":\"https:\/\/blogs.thesocialmedia.com\/leblogmoto\/#website\",\"url\":\"https:\/\/blogs.thesocialmedia.com\/leblogmoto\/\",\"name\":\"leblogmoto\",\"description\":\"Toute l&#039;actualit\u00e9 des 2 roues\",\"potentialAction\":[{\"@type\":\"SearchAction\",\"target\":{\"@type\":\"EntryPoint\",\"urlTemplate\":\"https:\/\/blogs.thesocialmedia.com\/leblogmoto\/?s={search_term_string}\"},\"query-input\":{\"@type\":\"PropertyValueSpecification\",\"valueRequired\":true,\"valueName\":\"search_term_string\"}}],\"inLanguage\":\"fr-FR\"},{\"@type\":\"Person\",\"@id\":\"https:\/\/blogs.thesocialmedia.com\/leblogmoto\/#\/schema\/person\/769623f89741cc3381675029a37764f8\",\"name\":\"gregory boucaud\",\"image\":{\"@type\":\"ImageObject\",\"inLanguage\":\"fr-FR\",\"@id\":\"https:\/\/blogs.thesocialmedia.com\/leblogmoto\/#\/schema\/person\/image\/\",\"url\":\"https:\/\/secure.gravatar.com\/avatar\/?s=96&d=mm&r=g\",\"contentUrl\":\"https:\/\/secure.gravatar.com\/avatar\/?s=96&d=mm&r=g\",\"caption\":\"gregory boucaud\"},\"url\":\"https:\/\/blogs.thesocialmedia.com\/leblogmoto\/author\/gregory-boucaud\/\"}]}<\/script>\n<!-- \/ Yoast SEO plugin. -->","yoast_head_json":{"title":"Honda : Varadero 125, en t\u00eate des ventes ? - leblogmoto.com","robots":{"index":"index","follow":"follow","max-snippet":"max-snippet:-1","max-image-preview":"max-image-preview:large","max-video-preview":"max-video-preview:-1"},"canonical":"https:\/\/blogs.thesocialmedia.com\/leblogmoto\/2007\/05\/17\/honda-varadero\/","twitter_card":"summary_large_image","twitter_title":"Honda : Varadero 125, en t\u00eate des ventes ? - leblogmoto.com","twitter_description":"Cette Honda 125 Varadero a des allures de grosse cylindr\u00e9e et c&rsquo;est surement \u00e7a qui a plu. En effet, en ce d\u00e9but d&rsquo;ann\u00e9e 2007, elle affiche d\u00e9j\u00e0 2107 immatriculations en 4 mois (dont 816 en avril 2007) ce qui la place l\u00e9gitimement en t\u00eate des ventes des motos de 125cm3. Rappelons qu&rsquo;en 2007, Honda propose [&hellip;]","twitter_image":"http:\/\/www.leblogmoto.com\/images\/2007\/05\/15\/hondavaradero125traveledition.jpg","twitter_misc":{"\u00c9crit par":"gregory boucaud","Dur\u00e9e de lecture estim\u00e9e":"1 minute"},"schema":{"@context":"https:\/\/schema.org","@graph":[{"@type":"WebPage","@id":"https:\/\/blogs.thesocialmedia.com\/leblogmoto\/2007\/05\/17\/honda-varadero\/","url":"https:\/\/blogs.thesocialmedia.com\/leblogmoto\/2007\/05\/17\/honda-varadero\/","name":"Honda : Varadero 125, en t\u00eate des ventes ? - leblogmoto.com","isPartOf":{"@id":"https:\/\/blogs.thesocialmedia.com\/leblogmoto\/#website"},"primaryImageOfPage":{"@id":"https:\/\/blogs.thesocialmedia.com\/leblogmoto\/2007\/05\/17\/honda-varadero\/#primaryimage"},"image":{"@id":"https:\/\/blogs.thesocialmedia.com\/leblogmoto\/2007\/05\/17\/honda-varadero\/#primaryimage"},"thumbnailUrl":"http:\/\/www.leblogmoto.com\/images\/2007\/05\/15\/hondavaradero125traveledition.jpg","datePublished":"2007-05-17T00:46:42+00:00","dateModified":"2012-07-11T14:39:54+00:00","author":{"@id":"https:\/\/blogs.thesocialmedia.com\/leblogmoto\/#\/schema\/person\/769623f89741cc3381675029a37764f8"},"breadcrumb":{"@id":"https:\/\/blogs.thesocialmedia.com\/leblogmoto\/2007\/05\/17\/honda-varadero\/#breadcrumb"},"inLanguage":"fr-FR","potentialAction":[{"@type":"ReadAction","target":["https:\/\/blogs.thesocialmedia.com\/leblogmoto\/2007\/05\/17\/honda-varadero\/"]}]},{"@type":"ImageObject","inLanguage":"fr-FR","@id":"https:\/\/blogs.thesocialmedia.com\/leblogmoto\/2007\/05\/17\/honda-varadero\/#primaryimage","url":"http:\/\/www.leblogmoto.com\/images\/2007\/05\/15\/hondavaradero125traveledition.jpg","contentUrl":"http:\/\/www.leblogmoto.com\/images\/2007\/05\/15\/hondavaradero125traveledition.jpg"},{"@type":"BreadcrumbList","@id":"https:\/\/blogs.thesocialmedia.com\/leblogmoto\/2007\/05\/17\/honda-varadero\/#breadcrumb","itemListElement":[{"@type":"ListItem","position":1,"name":"Accueil","item":"https:\/\/blogs.thesocialmedia.com\/leblogmoto\/"},{"@type":"ListItem","position":2,"name":"Honda : Varadero 125, en t\u00eate des ventes ?"}]},{"@type":"WebSite","@id":"https:\/\/blogs.thesocialmedia.com\/leblogmoto\/#website","url":"https:\/\/blogs.thesocialmedia.com\/leblogmoto\/","name":"leblogmoto","description":"Toute l&#039;actualit\u00e9 des 2 roues","potentialAction":[{"@type":"SearchAction","target":{"@type":"EntryPoint","urlTemplate":"https:\/\/blogs.thesocialmedia.com\/leblogmoto\/?s={search_term_string}"},"query-input":{"@type":"PropertyValueSpecification","valueRequired":true,"valueName":"search_term_string"}}],"inLanguage":"fr-FR"},{"@type":"Person","@id":"https:\/\/blogs.thesocialmedia.com\/leblogmoto\/#\/schema\/person\/769623f89741cc3381675029a37764f8","name":"gregory boucaud","image":{"@type":"ImageObject","inLanguage":"fr-FR","@id":"https:\/\/blogs.thesocialmedia.com\/leblogmoto\/#\/schema\/person\/image\/","url":"https:\/\/secure.gravatar.com\/avatar\/?s=96&d=mm&r=g","contentUrl":"https:\/\/secure.gravatar.com\/avatar\/?s=96&d=mm&r=g","caption":"gregory boucaud"},"url":"https:\/\/blogs.thesocialmedia.com\/leblogmoto\/author\/gregory-boucaud\/"}]}},"_links":{"self":[{"href":"https:\/\/blogs.thesocialmedia.com\/leblogmoto\/wp-json\/wp\/v2\/posts\/1385","targetHints":{"allow":["GET"]}}],"collection":[{"href":"https:\/\/blogs.thesocialmedia.com\/leblogmoto\/wp-json\/wp\/v2\/posts"}],"about":[{"href":"https:\/\/blogs.thesocialmedia.com\/leblogmoto\/wp-json\/wp\/v2\/types\/post"}],"author":[{"embeddable":true,"href":"https:\/\/blogs.thesocialmedia.com\/leblogmoto\/wp-json\/wp\/v2\/users\/329"}],"replies":[{"embeddable":true,"href":"https:\/\/blogs.thesocialmedia.com\/leblogmoto\/wp-json\/wp\/v2\/comments?post=1385"}],"version-history":[{"count":2,"href":"https:\/\/blogs.thesocialmedia.com\/leblogmoto\/wp-json\/wp\/v2\/posts\/1385\/revisions"}],"predecessor-version":[{"id":8395,"href":"https:\/\/blogs.thesocialmedia.com\/leblogmoto\/wp-json\/wp\/v2\/posts\/1385\/revisions\/8395"}],"wp:attachment":[{"href":"https:\/\/blogs.thesocialmedia.com\/leblogmoto\/wp-json\/wp\/v2\/media?parent=1385"}],"wp:term":[{"taxonomy":"category","embeddable":true,"href":"https:\/\/blogs.thesocialmedia.com\/leblogmoto\/wp-json\/wp\/v2\/categories?post=1385"},{"taxonomy":"post_tag","embeddable":true,"href":"https:\/\/blogs.thesocialmedia.com\/leblogmoto\/wp-json\/wp\/v2\/tags?post=1385"}],"curies":[{"name":"wp","href":"https:\/\/api.w.org\/{rel}","templated":true}]}}