{"id":1386,"date":"2007-05-16T22:51:57","date_gmt":"2007-05-16T22:51:57","guid":{"rendered":"http:\/\/blogs.thesocialmedia.com\/leblogmoto\/2007\/05\/16\/la-rc8-en-phase\/"},"modified":"2012-07-11T14:39:52","modified_gmt":"2012-07-11T14:39:52","slug":"la-rc8-en-phase","status":"publish","type":"post","link":"https:\/\/blogs.thesocialmedia.com\/leblogmoto\/2007\/05\/16\/la-rc8-en-phase\/","title":{"rendered":"La RC8 en phase de test."},"content":{"rendered":"<p><a href=\"http:\/\/blogs.thesocialmedia.com\/leblogmoto\/files\/2012\/07\/rc8.jpg\"><img loading=\"lazy\" decoding=\"async\" width=\"250\" height=\"150\"  src=\"http:\/\/www.leblogmoto.com\/images\/2007\/05\/16\/rc8.jpg\" alt=\"Rc8\" style=\"margin: 0px 5px 5px 0px;float: left\" \/><\/a> <a href=\"http:\/\/www.ktm.fr\/KTM-Ready-to-Race.1.7.html\">KTM<\/a> peaufine sa future sportive RC8. <a href=\"http:\/\/www.ktm-rc8.net\/\">Le blog officiel<\/a> de la marque orange pr\u00e9sente la derni\u00e8re \u00e9tape avant la commercialisation : les tests. <br \/>Du moteur seul aux tests sur routes, en passant par des endurances en soufflerie, rien ne lui est \u00e9pargn\u00e9. Ces v\u00e9rifications devraient permettre \u00e0 <a href=\"http:\/\/www.ktm.fr\/KTM-Ready-to-Race.1.7.html\">KTM<\/a> de sortir un mod\u00e8le abouti, n\u00e9cessaire pour se positionner dans un segment ou la comp\u00e9tition est rude avec notamment <a href=\"http:\/\/www.ducati.com\">Ducati<\/a> bien plac\u00e9 sur les bicylindres. <\/p>\n<p>Pour rappel, cette RC8 promet d&rsquo;exploiter un tout nouveau bloc moteur : un bicylindre de 1150 cm3 annonc\u00e9 \u00e0 170ch (en version libre \u00e9videmment).<\/p>\n<p>Rendez vous \u00e0 l&rsquo;automne chez votre concessionnaire pr\u00e9f\u00e9r\u00e9.<\/p>\n","protected":false},"excerpt":{"rendered":"<p>KTM peaufine sa future sportive RC8. Le blog officiel de la marque orange pr\u00e9sente la derni\u00e8re \u00e9tape avant la commercialisation : les tests. Du moteur seul aux tests sur routes, en passant par des endurances en soufflerie, rien ne lui est \u00e9pargn\u00e9. Ces v\u00e9rifications devraient permettre \u00e0 KTM de sortir un mod\u00e8le abouti, n\u00e9cessaire pour [&hellip;]<\/p>\n","protected":false},"author":331,"featured_media":0,"comment_status":"open","ping_status":"open","sticky":false,"template":"","format":"standard","meta":{"footnotes":""},"categories":[39],"tags":[39,106],"class_list":["post-1386","post","type-post","status-publish","format-standard","hentry","category-ktm","tag-ktm","tag-rc8"],"yoast_head":"<!-- This site is optimized with the Yoast SEO plugin v26.0 - https:\/\/yoast.com\/wordpress\/plugins\/seo\/ -->\n<title>La RC8 en phase de test. - leblogmoto.com<\/title>\n<meta name=\"robots\" content=\"index, follow, max-snippet:-1, max-image-preview:large, max-video-preview:-1\" \/>\n<link rel=\"canonical\" href=\"https:\/\/blogs.thesocialmedia.com\/leblogmoto\/2007\/05\/16\/la-rc8-en-phase\/\" \/>\n<meta name=\"twitter:card\" content=\"summary_large_image\" \/>\n<meta name=\"twitter:title\" content=\"La RC8 en phase de test. - leblogmoto.com\" \/>\n<meta name=\"twitter:description\" content=\"KTM peaufine sa future sportive RC8. Le blog officiel de la marque orange pr\u00e9sente la derni\u00e8re \u00e9tape avant la commercialisation : les tests. Du moteur seul aux tests sur routes, en passant par des endurances en soufflerie, rien ne lui est \u00e9pargn\u00e9. Ces v\u00e9rifications devraient permettre \u00e0 KTM de sortir un mod\u00e8le abouti, n\u00e9cessaire pour [&hellip;]\" \/>\n<meta name=\"twitter:image\" content=\"http:\/\/www.leblogmoto.com\/images\/2007\/05\/16\/rc8.jpg\" \/>\n<meta name=\"twitter:label1\" content=\"\u00c9crit par\" \/>\n\t<meta name=\"twitter:data1\" content=\"nicolas gehin\" \/>\n\t<meta name=\"twitter:label2\" content=\"Dur\u00e9e de lecture estim\u00e9e\" \/>\n\t<meta name=\"twitter:data2\" content=\"1 minute\" \/>\n<script type=\"application\/ld+json\" class=\"yoast-schema-graph\">{\"@context\":\"https:\/\/schema.org\",\"@graph\":[{\"@type\":\"WebPage\",\"@id\":\"https:\/\/blogs.thesocialmedia.com\/leblogmoto\/2007\/05\/16\/la-rc8-en-phase\/\",\"url\":\"https:\/\/blogs.thesocialmedia.com\/leblogmoto\/2007\/05\/16\/la-rc8-en-phase\/\",\"name\":\"La RC8 en phase de test. - leblogmoto.com\",\"isPartOf\":{\"@id\":\"https:\/\/blogs.thesocialmedia.com\/leblogmoto\/#website\"},\"primaryImageOfPage\":{\"@id\":\"https:\/\/blogs.thesocialmedia.com\/leblogmoto\/2007\/05\/16\/la-rc8-en-phase\/#primaryimage\"},\"image\":{\"@id\":\"https:\/\/blogs.thesocialmedia.com\/leblogmoto\/2007\/05\/16\/la-rc8-en-phase\/#primaryimage\"},\"thumbnailUrl\":\"http:\/\/www.leblogmoto.com\/images\/2007\/05\/16\/rc8.jpg\",\"datePublished\":\"2007-05-16T22:51:57+00:00\",\"dateModified\":\"2012-07-11T14:39:52+00:00\",\"author\":{\"@id\":\"https:\/\/blogs.thesocialmedia.com\/leblogmoto\/#\/schema\/person\/46fe3ed364ad3153421e8604c6e3305f\"},\"breadcrumb\":{\"@id\":\"https:\/\/blogs.thesocialmedia.com\/leblogmoto\/2007\/05\/16\/la-rc8-en-phase\/#breadcrumb\"},\"inLanguage\":\"fr-FR\",\"potentialAction\":[{\"@type\":\"ReadAction\",\"target\":[\"https:\/\/blogs.thesocialmedia.com\/leblogmoto\/2007\/05\/16\/la-rc8-en-phase\/\"]}]},{\"@type\":\"ImageObject\",\"inLanguage\":\"fr-FR\",\"@id\":\"https:\/\/blogs.thesocialmedia.com\/leblogmoto\/2007\/05\/16\/la-rc8-en-phase\/#primaryimage\",\"url\":\"http:\/\/www.leblogmoto.com\/images\/2007\/05\/16\/rc8.jpg\",\"contentUrl\":\"http:\/\/www.leblogmoto.com\/images\/2007\/05\/16\/rc8.jpg\"},{\"@type\":\"BreadcrumbList\",\"@id\":\"https:\/\/blogs.thesocialmedia.com\/leblogmoto\/2007\/05\/16\/la-rc8-en-phase\/#breadcrumb\",\"itemListElement\":[{\"@type\":\"ListItem\",\"position\":1,\"name\":\"Accueil\",\"item\":\"https:\/\/blogs.thesocialmedia.com\/leblogmoto\/\"},{\"@type\":\"ListItem\",\"position\":2,\"name\":\"La RC8 en phase de test.\"}]},{\"@type\":\"WebSite\",\"@id\":\"https:\/\/blogs.thesocialmedia.com\/leblogmoto\/#website\",\"url\":\"https:\/\/blogs.thesocialmedia.com\/leblogmoto\/\",\"name\":\"leblogmoto\",\"description\":\"Toute l&#039;actualit\u00e9 des 2 roues\",\"potentialAction\":[{\"@type\":\"SearchAction\",\"target\":{\"@type\":\"EntryPoint\",\"urlTemplate\":\"https:\/\/blogs.thesocialmedia.com\/leblogmoto\/?s={search_term_string}\"},\"query-input\":{\"@type\":\"PropertyValueSpecification\",\"valueRequired\":true,\"valueName\":\"search_term_string\"}}],\"inLanguage\":\"fr-FR\"},{\"@type\":\"Person\",\"@id\":\"https:\/\/blogs.thesocialmedia.com\/leblogmoto\/#\/schema\/person\/46fe3ed364ad3153421e8604c6e3305f\",\"name\":\"nicolas gehin\",\"image\":{\"@type\":\"ImageObject\",\"inLanguage\":\"fr-FR\",\"@id\":\"https:\/\/blogs.thesocialmedia.com\/leblogmoto\/#\/schema\/person\/image\/\",\"url\":\"https:\/\/secure.gravatar.com\/avatar\/?s=96&d=mm&r=g\",\"contentUrl\":\"https:\/\/secure.gravatar.com\/avatar\/?s=96&d=mm&r=g\",\"caption\":\"nicolas gehin\"},\"url\":\"https:\/\/blogs.thesocialmedia.com\/leblogmoto\/author\/nicolas-gehin\/\"}]}<\/script>\n<!-- \/ Yoast SEO plugin. -->","yoast_head_json":{"title":"La RC8 en phase de test. - leblogmoto.com","robots":{"index":"index","follow":"follow","max-snippet":"max-snippet:-1","max-image-preview":"max-image-preview:large","max-video-preview":"max-video-preview:-1"},"canonical":"https:\/\/blogs.thesocialmedia.com\/leblogmoto\/2007\/05\/16\/la-rc8-en-phase\/","twitter_card":"summary_large_image","twitter_title":"La RC8 en phase de test. - leblogmoto.com","twitter_description":"KTM peaufine sa future sportive RC8. Le blog officiel de la marque orange pr\u00e9sente la derni\u00e8re \u00e9tape avant la commercialisation : les tests. Du moteur seul aux tests sur routes, en passant par des endurances en soufflerie, rien ne lui est \u00e9pargn\u00e9. Ces v\u00e9rifications devraient permettre \u00e0 KTM de sortir un mod\u00e8le abouti, n\u00e9cessaire pour [&hellip;]","twitter_image":"http:\/\/www.leblogmoto.com\/images\/2007\/05\/16\/rc8.jpg","twitter_misc":{"\u00c9crit par":"nicolas gehin","Dur\u00e9e de lecture estim\u00e9e":"1 minute"},"schema":{"@context":"https:\/\/schema.org","@graph":[{"@type":"WebPage","@id":"https:\/\/blogs.thesocialmedia.com\/leblogmoto\/2007\/05\/16\/la-rc8-en-phase\/","url":"https:\/\/blogs.thesocialmedia.com\/leblogmoto\/2007\/05\/16\/la-rc8-en-phase\/","name":"La RC8 en phase de test. - leblogmoto.com","isPartOf":{"@id":"https:\/\/blogs.thesocialmedia.com\/leblogmoto\/#website"},"primaryImageOfPage":{"@id":"https:\/\/blogs.thesocialmedia.com\/leblogmoto\/2007\/05\/16\/la-rc8-en-phase\/#primaryimage"},"image":{"@id":"https:\/\/blogs.thesocialmedia.com\/leblogmoto\/2007\/05\/16\/la-rc8-en-phase\/#primaryimage"},"thumbnailUrl":"http:\/\/www.leblogmoto.com\/images\/2007\/05\/16\/rc8.jpg","datePublished":"2007-05-16T22:51:57+00:00","dateModified":"2012-07-11T14:39:52+00:00","author":{"@id":"https:\/\/blogs.thesocialmedia.com\/leblogmoto\/#\/schema\/person\/46fe3ed364ad3153421e8604c6e3305f"},"breadcrumb":{"@id":"https:\/\/blogs.thesocialmedia.com\/leblogmoto\/2007\/05\/16\/la-rc8-en-phase\/#breadcrumb"},"inLanguage":"fr-FR","potentialAction":[{"@type":"ReadAction","target":["https:\/\/blogs.thesocialmedia.com\/leblogmoto\/2007\/05\/16\/la-rc8-en-phase\/"]}]},{"@type":"ImageObject","inLanguage":"fr-FR","@id":"https:\/\/blogs.thesocialmedia.com\/leblogmoto\/2007\/05\/16\/la-rc8-en-phase\/#primaryimage","url":"http:\/\/www.leblogmoto.com\/images\/2007\/05\/16\/rc8.jpg","contentUrl":"http:\/\/www.leblogmoto.com\/images\/2007\/05\/16\/rc8.jpg"},{"@type":"BreadcrumbList","@id":"https:\/\/blogs.thesocialmedia.com\/leblogmoto\/2007\/05\/16\/la-rc8-en-phase\/#breadcrumb","itemListElement":[{"@type":"ListItem","position":1,"name":"Accueil","item":"https:\/\/blogs.thesocialmedia.com\/leblogmoto\/"},{"@type":"ListItem","position":2,"name":"La RC8 en phase de test."}]},{"@type":"WebSite","@id":"https:\/\/blogs.thesocialmedia.com\/leblogmoto\/#website","url":"https:\/\/blogs.thesocialmedia.com\/leblogmoto\/","name":"leblogmoto","description":"Toute l&#039;actualit\u00e9 des 2 roues","potentialAction":[{"@type":"SearchAction","target":{"@type":"EntryPoint","urlTemplate":"https:\/\/blogs.thesocialmedia.com\/leblogmoto\/?s={search_term_string}"},"query-input":{"@type":"PropertyValueSpecification","valueRequired":true,"valueName":"search_term_string"}}],"inLanguage":"fr-FR"},{"@type":"Person","@id":"https:\/\/blogs.thesocialmedia.com\/leblogmoto\/#\/schema\/person\/46fe3ed364ad3153421e8604c6e3305f","name":"nicolas gehin","image":{"@type":"ImageObject","inLanguage":"fr-FR","@id":"https:\/\/blogs.thesocialmedia.com\/leblogmoto\/#\/schema\/person\/image\/","url":"https:\/\/secure.gravatar.com\/avatar\/?s=96&d=mm&r=g","contentUrl":"https:\/\/secure.gravatar.com\/avatar\/?s=96&d=mm&r=g","caption":"nicolas gehin"},"url":"https:\/\/blogs.thesocialmedia.com\/leblogmoto\/author\/nicolas-gehin\/"}]}},"_links":{"self":[{"href":"https:\/\/blogs.thesocialmedia.com\/leblogmoto\/wp-json\/wp\/v2\/posts\/1386","targetHints":{"allow":["GET"]}}],"collection":[{"href":"https:\/\/blogs.thesocialmedia.com\/leblogmoto\/wp-json\/wp\/v2\/posts"}],"about":[{"href":"https:\/\/blogs.thesocialmedia.com\/leblogmoto\/wp-json\/wp\/v2\/types\/post"}],"author":[{"embeddable":true,"href":"https:\/\/blogs.thesocialmedia.com\/leblogmoto\/wp-json\/wp\/v2\/users\/331"}],"replies":[{"embeddable":true,"href":"https:\/\/blogs.thesocialmedia.com\/leblogmoto\/wp-json\/wp\/v2\/comments?post=1386"}],"version-history":[{"count":2,"href":"https:\/\/blogs.thesocialmedia.com\/leblogmoto\/wp-json\/wp\/v2\/posts\/1386\/revisions"}],"predecessor-version":[{"id":8393,"href":"https:\/\/blogs.thesocialmedia.com\/leblogmoto\/wp-json\/wp\/v2\/posts\/1386\/revisions\/8393"}],"wp:attachment":[{"href":"https:\/\/blogs.thesocialmedia.com\/leblogmoto\/wp-json\/wp\/v2\/media?parent=1386"}],"wp:term":[{"taxonomy":"category","embeddable":true,"href":"https:\/\/blogs.thesocialmedia.com\/leblogmoto\/wp-json\/wp\/v2\/categories?post=1386"},{"taxonomy":"post_tag","embeddable":true,"href":"https:\/\/blogs.thesocialmedia.com\/leblogmoto\/wp-json\/wp\/v2\/tags?post=1386"}],"curies":[{"name":"wp","href":"https:\/\/api.w.org\/{rel}","templated":true}]}}