{"id":1388,"date":"2007-05-15T16:18:44","date_gmt":"2007-05-15T16:18:44","guid":{"rendered":"http:\/\/blogs.thesocialmedia.com\/leblogmoto\/2007\/05\/15\/permis-points-m\/"},"modified":"2012-07-11T14:39:50","modified_gmt":"2012-07-11T14:39:50","slug":"permis-points-m","status":"publish","type":"post","link":"https:\/\/blogs.thesocialmedia.com\/leblogmoto\/2007\/05\/15\/permis-points-m\/","title":{"rendered":"Permis \u00e0 points : Modification officielle"},"content":{"rendered":"<p><a href=\"http:\/\/blogs.thesocialmedia.com\/leblogmoto\/files\/2012\/07\/img_47541.jpg\"><img loading=\"lazy\" decoding=\"async\" height=\"344\" alt=\"Img_4754\" src=\"http:\/\/www.leblogmoto.com\/images\/2007\/05\/15\/img_4754.jpg\" width=\"250\"  \/><\/a> Nous vous avions parl\u00e9 de la <a href=\"http:\/\/www.leblogmoto.com\/2007\/03\/du_nouveau_pour.html\">modification du permis \u00e0 points<\/a> en mars 2007, c&rsquo;est aujourd&rsquo;hui officiel gr\u00e2ce au <a href=\"http:\/\/www.legifrance.gouv.fr\/WAspad\/UnTexteDeJorf?numjo=EQUS0752395D\">d\u00e9cr\u00eat n\u00b0 2007-753 du 9 mai 2007<\/a> publi\u00e9 au Journal officiel.<br \/>En r\u00e9sum\u00e9, deux mesures phares vont \u00eatre appliqu\u00e9es. <br \/>Auparavant, les nouveaux d\u00e9tenteurs du permis B se voyaient attribuer un capital de 6 points (depuis 2004) pendant 3 ans (phase probatoire) s&rsquo;il n&rsquo;y avait pas eu de pertes de points entre temps. Pour les permis de conduire obtenus \u00e0 partir du 31 d\u00e9cembre 2007, ce sont 2 points qui seront cr\u00e9dit\u00e9s par an sur votre permis \u00e0 points et ceci &quot;pour mieux inciter les conducteurs en p\u00e9riode probatoire \u00e0 adopter une conduite responsable &quot;. <br \/>La seconde mesure est la mise en place \u00e0 partir du 1er juillet 2007 par le minist\u00e8re de l&rsquo;Int\u00e9rieur d&rsquo;un serveur informatique accessible depuis internet via une connexion s\u00e9curis\u00e9e pour savoir son capital de points \u00e0 tous moments. <\/p>\n<p>Bref, pour ceux qui n&rsquo;ont pas encore pass\u00e9 leur <a href=\"http:\/\/www.leblogmoto.com\/2007\/03\/du_nouveau_pour.html\">permis<\/a>, d\u00e9p\u00eachez-vous pendant qu&rsquo;il en est encore temps.<br \/>Pour les autres, contentez-vous de ne pas trop mettre la poignet dans le coin&#8230;<\/p>\n<p>Source : <a href=\"http:\/\/www.motomag.com\/\">Motomag<\/a><\/p>\n","protected":false},"excerpt":{"rendered":"<p>Nous vous avions parl\u00e9 de la modification du permis \u00e0 points en mars 2007, c&rsquo;est aujourd&rsquo;hui officiel gr\u00e2ce au d\u00e9cr\u00eat n\u00b0 2007-753 du 9 mai 2007 publi\u00e9 au Journal officiel.En r\u00e9sum\u00e9, deux mesures phares vont \u00eatre appliqu\u00e9es. Auparavant, les nouveaux d\u00e9tenteurs du permis B se voyaient attribuer un capital de 6 points (depuis 2004) pendant [&hellip;]<\/p>\n","protected":false},"author":329,"featured_media":0,"comment_status":"open","ping_status":"open","sticky":false,"template":"","format":"standard","meta":{"footnotes":""},"categories":[3],"tags":[],"class_list":["post-1388","post","type-post","status-publish","format-standard","hentry","category-actualite"],"yoast_head":"<!-- This site is optimized with the Yoast SEO plugin v26.0 - https:\/\/yoast.com\/wordpress\/plugins\/seo\/ -->\n<title>Permis \u00e0 points : Modification officielle - leblogmoto.com<\/title>\n<meta name=\"robots\" content=\"index, follow, max-snippet:-1, max-image-preview:large, max-video-preview:-1\" \/>\n<link rel=\"canonical\" href=\"https:\/\/blogs.thesocialmedia.com\/leblogmoto\/2007\/05\/15\/permis-points-m\/\" \/>\n<meta name=\"twitter:card\" content=\"summary_large_image\" \/>\n<meta name=\"twitter:title\" content=\"Permis \u00e0 points : Modification officielle - leblogmoto.com\" \/>\n<meta name=\"twitter:description\" content=\"Nous vous avions parl\u00e9 de la modification du permis \u00e0 points en mars 2007, c&rsquo;est aujourd&rsquo;hui officiel gr\u00e2ce au d\u00e9cr\u00eat n\u00b0 2007-753 du 9 mai 2007 publi\u00e9 au Journal officiel.En r\u00e9sum\u00e9, deux mesures phares vont \u00eatre appliqu\u00e9es. Auparavant, les nouveaux d\u00e9tenteurs du permis B se voyaient attribuer un capital de 6 points (depuis 2004) pendant [&hellip;]\" \/>\n<meta name=\"twitter:image\" content=\"http:\/\/www.leblogmoto.com\/images\/2007\/05\/15\/img_4754.jpg\" \/>\n<meta name=\"twitter:label1\" content=\"\u00c9crit par\" \/>\n\t<meta name=\"twitter:data1\" content=\"gregory boucaud\" \/>\n\t<meta name=\"twitter:label2\" content=\"Dur\u00e9e de lecture estim\u00e9e\" \/>\n\t<meta name=\"twitter:data2\" content=\"1 minute\" \/>\n<script type=\"application\/ld+json\" class=\"yoast-schema-graph\">{\"@context\":\"https:\/\/schema.org\",\"@graph\":[{\"@type\":\"WebPage\",\"@id\":\"https:\/\/blogs.thesocialmedia.com\/leblogmoto\/2007\/05\/15\/permis-points-m\/\",\"url\":\"https:\/\/blogs.thesocialmedia.com\/leblogmoto\/2007\/05\/15\/permis-points-m\/\",\"name\":\"Permis \u00e0 points : Modification officielle - leblogmoto.com\",\"isPartOf\":{\"@id\":\"https:\/\/blogs.thesocialmedia.com\/leblogmoto\/#website\"},\"primaryImageOfPage\":{\"@id\":\"https:\/\/blogs.thesocialmedia.com\/leblogmoto\/2007\/05\/15\/permis-points-m\/#primaryimage\"},\"image\":{\"@id\":\"https:\/\/blogs.thesocialmedia.com\/leblogmoto\/2007\/05\/15\/permis-points-m\/#primaryimage\"},\"thumbnailUrl\":\"http:\/\/www.leblogmoto.com\/images\/2007\/05\/15\/img_4754.jpg\",\"datePublished\":\"2007-05-15T16:18:44+00:00\",\"dateModified\":\"2012-07-11T14:39:50+00:00\",\"author\":{\"@id\":\"https:\/\/blogs.thesocialmedia.com\/leblogmoto\/#\/schema\/person\/769623f89741cc3381675029a37764f8\"},\"breadcrumb\":{\"@id\":\"https:\/\/blogs.thesocialmedia.com\/leblogmoto\/2007\/05\/15\/permis-points-m\/#breadcrumb\"},\"inLanguage\":\"fr-FR\",\"potentialAction\":[{\"@type\":\"ReadAction\",\"target\":[\"https:\/\/blogs.thesocialmedia.com\/leblogmoto\/2007\/05\/15\/permis-points-m\/\"]}]},{\"@type\":\"ImageObject\",\"inLanguage\":\"fr-FR\",\"@id\":\"https:\/\/blogs.thesocialmedia.com\/leblogmoto\/2007\/05\/15\/permis-points-m\/#primaryimage\",\"url\":\"http:\/\/www.leblogmoto.com\/images\/2007\/05\/15\/img_4754.jpg\",\"contentUrl\":\"http:\/\/www.leblogmoto.com\/images\/2007\/05\/15\/img_4754.jpg\"},{\"@type\":\"BreadcrumbList\",\"@id\":\"https:\/\/blogs.thesocialmedia.com\/leblogmoto\/2007\/05\/15\/permis-points-m\/#breadcrumb\",\"itemListElement\":[{\"@type\":\"ListItem\",\"position\":1,\"name\":\"Accueil\",\"item\":\"https:\/\/blogs.thesocialmedia.com\/leblogmoto\/\"},{\"@type\":\"ListItem\",\"position\":2,\"name\":\"Permis \u00e0 points : Modification officielle\"}]},{\"@type\":\"WebSite\",\"@id\":\"https:\/\/blogs.thesocialmedia.com\/leblogmoto\/#website\",\"url\":\"https:\/\/blogs.thesocialmedia.com\/leblogmoto\/\",\"name\":\"leblogmoto\",\"description\":\"Toute l&#039;actualit\u00e9 des 2 roues\",\"potentialAction\":[{\"@type\":\"SearchAction\",\"target\":{\"@type\":\"EntryPoint\",\"urlTemplate\":\"https:\/\/blogs.thesocialmedia.com\/leblogmoto\/?s={search_term_string}\"},\"query-input\":{\"@type\":\"PropertyValueSpecification\",\"valueRequired\":true,\"valueName\":\"search_term_string\"}}],\"inLanguage\":\"fr-FR\"},{\"@type\":\"Person\",\"@id\":\"https:\/\/blogs.thesocialmedia.com\/leblogmoto\/#\/schema\/person\/769623f89741cc3381675029a37764f8\",\"name\":\"gregory boucaud\",\"image\":{\"@type\":\"ImageObject\",\"inLanguage\":\"fr-FR\",\"@id\":\"https:\/\/blogs.thesocialmedia.com\/leblogmoto\/#\/schema\/person\/image\/\",\"url\":\"https:\/\/secure.gravatar.com\/avatar\/?s=96&d=mm&r=g\",\"contentUrl\":\"https:\/\/secure.gravatar.com\/avatar\/?s=96&d=mm&r=g\",\"caption\":\"gregory boucaud\"},\"url\":\"https:\/\/blogs.thesocialmedia.com\/leblogmoto\/author\/gregory-boucaud\/\"}]}<\/script>\n<!-- \/ Yoast SEO plugin. -->","yoast_head_json":{"title":"Permis \u00e0 points : Modification officielle - leblogmoto.com","robots":{"index":"index","follow":"follow","max-snippet":"max-snippet:-1","max-image-preview":"max-image-preview:large","max-video-preview":"max-video-preview:-1"},"canonical":"https:\/\/blogs.thesocialmedia.com\/leblogmoto\/2007\/05\/15\/permis-points-m\/","twitter_card":"summary_large_image","twitter_title":"Permis \u00e0 points : Modification officielle - leblogmoto.com","twitter_description":"Nous vous avions parl\u00e9 de la modification du permis \u00e0 points en mars 2007, c&rsquo;est aujourd&rsquo;hui officiel gr\u00e2ce au d\u00e9cr\u00eat n\u00b0 2007-753 du 9 mai 2007 publi\u00e9 au Journal officiel.En r\u00e9sum\u00e9, deux mesures phares vont \u00eatre appliqu\u00e9es. Auparavant, les nouveaux d\u00e9tenteurs du permis B se voyaient attribuer un capital de 6 points (depuis 2004) pendant [&hellip;]","twitter_image":"http:\/\/www.leblogmoto.com\/images\/2007\/05\/15\/img_4754.jpg","twitter_misc":{"\u00c9crit par":"gregory boucaud","Dur\u00e9e de lecture estim\u00e9e":"1 minute"},"schema":{"@context":"https:\/\/schema.org","@graph":[{"@type":"WebPage","@id":"https:\/\/blogs.thesocialmedia.com\/leblogmoto\/2007\/05\/15\/permis-points-m\/","url":"https:\/\/blogs.thesocialmedia.com\/leblogmoto\/2007\/05\/15\/permis-points-m\/","name":"Permis \u00e0 points : Modification officielle - leblogmoto.com","isPartOf":{"@id":"https:\/\/blogs.thesocialmedia.com\/leblogmoto\/#website"},"primaryImageOfPage":{"@id":"https:\/\/blogs.thesocialmedia.com\/leblogmoto\/2007\/05\/15\/permis-points-m\/#primaryimage"},"image":{"@id":"https:\/\/blogs.thesocialmedia.com\/leblogmoto\/2007\/05\/15\/permis-points-m\/#primaryimage"},"thumbnailUrl":"http:\/\/www.leblogmoto.com\/images\/2007\/05\/15\/img_4754.jpg","datePublished":"2007-05-15T16:18:44+00:00","dateModified":"2012-07-11T14:39:50+00:00","author":{"@id":"https:\/\/blogs.thesocialmedia.com\/leblogmoto\/#\/schema\/person\/769623f89741cc3381675029a37764f8"},"breadcrumb":{"@id":"https:\/\/blogs.thesocialmedia.com\/leblogmoto\/2007\/05\/15\/permis-points-m\/#breadcrumb"},"inLanguage":"fr-FR","potentialAction":[{"@type":"ReadAction","target":["https:\/\/blogs.thesocialmedia.com\/leblogmoto\/2007\/05\/15\/permis-points-m\/"]}]},{"@type":"ImageObject","inLanguage":"fr-FR","@id":"https:\/\/blogs.thesocialmedia.com\/leblogmoto\/2007\/05\/15\/permis-points-m\/#primaryimage","url":"http:\/\/www.leblogmoto.com\/images\/2007\/05\/15\/img_4754.jpg","contentUrl":"http:\/\/www.leblogmoto.com\/images\/2007\/05\/15\/img_4754.jpg"},{"@type":"BreadcrumbList","@id":"https:\/\/blogs.thesocialmedia.com\/leblogmoto\/2007\/05\/15\/permis-points-m\/#breadcrumb","itemListElement":[{"@type":"ListItem","position":1,"name":"Accueil","item":"https:\/\/blogs.thesocialmedia.com\/leblogmoto\/"},{"@type":"ListItem","position":2,"name":"Permis \u00e0 points : Modification officielle"}]},{"@type":"WebSite","@id":"https:\/\/blogs.thesocialmedia.com\/leblogmoto\/#website","url":"https:\/\/blogs.thesocialmedia.com\/leblogmoto\/","name":"leblogmoto","description":"Toute l&#039;actualit\u00e9 des 2 roues","potentialAction":[{"@type":"SearchAction","target":{"@type":"EntryPoint","urlTemplate":"https:\/\/blogs.thesocialmedia.com\/leblogmoto\/?s={search_term_string}"},"query-input":{"@type":"PropertyValueSpecification","valueRequired":true,"valueName":"search_term_string"}}],"inLanguage":"fr-FR"},{"@type":"Person","@id":"https:\/\/blogs.thesocialmedia.com\/leblogmoto\/#\/schema\/person\/769623f89741cc3381675029a37764f8","name":"gregory boucaud","image":{"@type":"ImageObject","inLanguage":"fr-FR","@id":"https:\/\/blogs.thesocialmedia.com\/leblogmoto\/#\/schema\/person\/image\/","url":"https:\/\/secure.gravatar.com\/avatar\/?s=96&d=mm&r=g","contentUrl":"https:\/\/secure.gravatar.com\/avatar\/?s=96&d=mm&r=g","caption":"gregory boucaud"},"url":"https:\/\/blogs.thesocialmedia.com\/leblogmoto\/author\/gregory-boucaud\/"}]}},"_links":{"self":[{"href":"https:\/\/blogs.thesocialmedia.com\/leblogmoto\/wp-json\/wp\/v2\/posts\/1388","targetHints":{"allow":["GET"]}}],"collection":[{"href":"https:\/\/blogs.thesocialmedia.com\/leblogmoto\/wp-json\/wp\/v2\/posts"}],"about":[{"href":"https:\/\/blogs.thesocialmedia.com\/leblogmoto\/wp-json\/wp\/v2\/types\/post"}],"author":[{"embeddable":true,"href":"https:\/\/blogs.thesocialmedia.com\/leblogmoto\/wp-json\/wp\/v2\/users\/329"}],"replies":[{"embeddable":true,"href":"https:\/\/blogs.thesocialmedia.com\/leblogmoto\/wp-json\/wp\/v2\/comments?post=1388"}],"version-history":[{"count":2,"href":"https:\/\/blogs.thesocialmedia.com\/leblogmoto\/wp-json\/wp\/v2\/posts\/1388\/revisions"}],"predecessor-version":[{"id":8391,"href":"https:\/\/blogs.thesocialmedia.com\/leblogmoto\/wp-json\/wp\/v2\/posts\/1388\/revisions\/8391"}],"wp:attachment":[{"href":"https:\/\/blogs.thesocialmedia.com\/leblogmoto\/wp-json\/wp\/v2\/media?parent=1388"}],"wp:term":[{"taxonomy":"category","embeddable":true,"href":"https:\/\/blogs.thesocialmedia.com\/leblogmoto\/wp-json\/wp\/v2\/categories?post=1388"},{"taxonomy":"post_tag","embeddable":true,"href":"https:\/\/blogs.thesocialmedia.com\/leblogmoto\/wp-json\/wp\/v2\/tags?post=1388"}],"curies":[{"name":"wp","href":"https:\/\/api.w.org\/{rel}","templated":true}]}}