{"id":1389,"date":"2007-05-15T15:56:29","date_gmt":"2007-05-15T15:56:29","guid":{"rendered":"http:\/\/blogs.thesocialmedia.com\/leblogmoto\/2007\/05\/15\/belgian-moto-to-1\/"},"modified":"2012-07-11T14:39:49","modified_gmt":"2012-07-11T14:39:49","slug":"belgian-moto-to-1","status":"publish","type":"post","link":"https:\/\/blogs.thesocialmedia.com\/leblogmoto\/2007\/05\/15\/belgian-moto-to-1\/","title":{"rendered":"Belgian Moto Tour : Christian Haquin, pilote officiel KTM"},"content":{"rendered":"<p><a href=\"http:\/\/blogs.thesocialmedia.com\/leblogmoto\/files\/2012\/07\/ktm1.jpg\"><img loading=\"lazy\" decoding=\"async\" height=\"166\" alt=\"Ktm\" src=\"http:\/\/www.leblogmoto.com\/images\/2007\/05\/15\/ktm.jpg\" width=\"250\"  \/><\/a> Christian Haquin sera le pilote officiel KTM pour le <a href=\"http:\/\/www.leblogmoto.com\/2007\/04\/belgian_moto_to.html\">Belgian Moto Tour<\/a> et le Dark Dog Moto Tour 2007. Il prendra le d\u00e9part du Belgian Moto Tour sur une <a href=\"http:\/\/www.ktm.com\/KTM-Ready-to-Race.1.7.html\">KTM<\/a> 990 Super Duke car d&rsquo;apr\u00e8s lui &quot;c&rsquo;est la moto la plus polyvalente et donc la plus adapt\u00e9e \u00e0 ce type de course qui rassemble des \u00e9preuves vari\u00e9es dans diff\u00e9rentes conditions : sur circuit, sur petites routes, de jour, de nuit\u2026&quot;.<\/p>\n<p>Il ne sera pas seul chez la marque autrichienne car Fred Fiorentino&nbsp; prendra le d\u00e9part sur une <a href=\"http:\/\/www.ktm.com\/KTM-Ready-to-Race.1.7.html\">KTM <\/a>690 dont nous avions fait <a href=\"http:\/\/www.leblogmoto.com\/2007\/03\/ktm_690_sm.html\">l&rsquo;essai sur le Blog Moto<\/a>.<br \/>Souhaitons bonne chance \u00e0 tous les pilotes en esp\u00e9rant que la m\u00e9t\u00e9o sera bonne&#8230;<\/p>\n<p>Photo et source : <a href=\"www.vroom.be\">Vroom<\/a><\/p>\n","protected":false},"excerpt":{"rendered":"<p>Christian Haquin sera le pilote officiel KTM pour le Belgian Moto Tour et le Dark Dog Moto Tour 2007. Il prendra le d\u00e9part du Belgian Moto Tour sur une KTM 990 Super Duke car d&rsquo;apr\u00e8s lui &quot;c&rsquo;est la moto la plus polyvalente et donc la plus adapt\u00e9e \u00e0 ce type de course qui rassemble des [&hellip;]<\/p>\n","protected":false},"author":329,"featured_media":0,"comment_status":"open","ping_status":"open","sticky":false,"template":"","format":"standard","meta":{"footnotes":""},"categories":[3],"tags":[],"class_list":["post-1389","post","type-post","status-publish","format-standard","hentry","category-actualite"],"yoast_head":"<!-- This site is optimized with the Yoast SEO plugin v26.0 - https:\/\/yoast.com\/wordpress\/plugins\/seo\/ -->\n<title>Belgian Moto Tour : Christian Haquin, pilote officiel KTM - leblogmoto.com<\/title>\n<meta name=\"robots\" content=\"index, follow, max-snippet:-1, max-image-preview:large, max-video-preview:-1\" \/>\n<link rel=\"canonical\" href=\"https:\/\/blogs.thesocialmedia.com\/leblogmoto\/2007\/05\/15\/belgian-moto-to-1\/\" \/>\n<meta name=\"twitter:card\" content=\"summary_large_image\" \/>\n<meta name=\"twitter:title\" content=\"Belgian Moto Tour : Christian Haquin, pilote officiel KTM - leblogmoto.com\" \/>\n<meta name=\"twitter:description\" content=\"Christian Haquin sera le pilote officiel KTM pour le Belgian Moto Tour et le Dark Dog Moto Tour 2007. Il prendra le d\u00e9part du Belgian Moto Tour sur une KTM 990 Super Duke car d&rsquo;apr\u00e8s lui &quot;c&rsquo;est la moto la plus polyvalente et donc la plus adapt\u00e9e \u00e0 ce type de course qui rassemble des [&hellip;]\" \/>\n<meta name=\"twitter:image\" content=\"http:\/\/www.leblogmoto.com\/images\/2007\/05\/15\/ktm.jpg\" \/>\n<meta name=\"twitter:label1\" content=\"\u00c9crit par\" \/>\n\t<meta name=\"twitter:data1\" content=\"gregory boucaud\" \/>\n\t<meta name=\"twitter:label2\" content=\"Dur\u00e9e de lecture estim\u00e9e\" \/>\n\t<meta name=\"twitter:data2\" content=\"1 minute\" \/>\n<script type=\"application\/ld+json\" class=\"yoast-schema-graph\">{\"@context\":\"https:\/\/schema.org\",\"@graph\":[{\"@type\":\"WebPage\",\"@id\":\"https:\/\/blogs.thesocialmedia.com\/leblogmoto\/2007\/05\/15\/belgian-moto-to-1\/\",\"url\":\"https:\/\/blogs.thesocialmedia.com\/leblogmoto\/2007\/05\/15\/belgian-moto-to-1\/\",\"name\":\"Belgian Moto Tour : Christian Haquin, pilote officiel KTM - leblogmoto.com\",\"isPartOf\":{\"@id\":\"https:\/\/blogs.thesocialmedia.com\/leblogmoto\/#website\"},\"primaryImageOfPage\":{\"@id\":\"https:\/\/blogs.thesocialmedia.com\/leblogmoto\/2007\/05\/15\/belgian-moto-to-1\/#primaryimage\"},\"image\":{\"@id\":\"https:\/\/blogs.thesocialmedia.com\/leblogmoto\/2007\/05\/15\/belgian-moto-to-1\/#primaryimage\"},\"thumbnailUrl\":\"http:\/\/www.leblogmoto.com\/images\/2007\/05\/15\/ktm.jpg\",\"datePublished\":\"2007-05-15T15:56:29+00:00\",\"dateModified\":\"2012-07-11T14:39:49+00:00\",\"author\":{\"@id\":\"https:\/\/blogs.thesocialmedia.com\/leblogmoto\/#\/schema\/person\/769623f89741cc3381675029a37764f8\"},\"breadcrumb\":{\"@id\":\"https:\/\/blogs.thesocialmedia.com\/leblogmoto\/2007\/05\/15\/belgian-moto-to-1\/#breadcrumb\"},\"inLanguage\":\"fr-FR\",\"potentialAction\":[{\"@type\":\"ReadAction\",\"target\":[\"https:\/\/blogs.thesocialmedia.com\/leblogmoto\/2007\/05\/15\/belgian-moto-to-1\/\"]}]},{\"@type\":\"ImageObject\",\"inLanguage\":\"fr-FR\",\"@id\":\"https:\/\/blogs.thesocialmedia.com\/leblogmoto\/2007\/05\/15\/belgian-moto-to-1\/#primaryimage\",\"url\":\"http:\/\/www.leblogmoto.com\/images\/2007\/05\/15\/ktm.jpg\",\"contentUrl\":\"http:\/\/www.leblogmoto.com\/images\/2007\/05\/15\/ktm.jpg\"},{\"@type\":\"BreadcrumbList\",\"@id\":\"https:\/\/blogs.thesocialmedia.com\/leblogmoto\/2007\/05\/15\/belgian-moto-to-1\/#breadcrumb\",\"itemListElement\":[{\"@type\":\"ListItem\",\"position\":1,\"name\":\"Accueil\",\"item\":\"https:\/\/blogs.thesocialmedia.com\/leblogmoto\/\"},{\"@type\":\"ListItem\",\"position\":2,\"name\":\"Belgian Moto Tour : Christian Haquin, pilote officiel KTM\"}]},{\"@type\":\"WebSite\",\"@id\":\"https:\/\/blogs.thesocialmedia.com\/leblogmoto\/#website\",\"url\":\"https:\/\/blogs.thesocialmedia.com\/leblogmoto\/\",\"name\":\"leblogmoto\",\"description\":\"Toute l&#039;actualit\u00e9 des 2 roues\",\"potentialAction\":[{\"@type\":\"SearchAction\",\"target\":{\"@type\":\"EntryPoint\",\"urlTemplate\":\"https:\/\/blogs.thesocialmedia.com\/leblogmoto\/?s={search_term_string}\"},\"query-input\":{\"@type\":\"PropertyValueSpecification\",\"valueRequired\":true,\"valueName\":\"search_term_string\"}}],\"inLanguage\":\"fr-FR\"},{\"@type\":\"Person\",\"@id\":\"https:\/\/blogs.thesocialmedia.com\/leblogmoto\/#\/schema\/person\/769623f89741cc3381675029a37764f8\",\"name\":\"gregory boucaud\",\"image\":{\"@type\":\"ImageObject\",\"inLanguage\":\"fr-FR\",\"@id\":\"https:\/\/blogs.thesocialmedia.com\/leblogmoto\/#\/schema\/person\/image\/\",\"url\":\"https:\/\/secure.gravatar.com\/avatar\/?s=96&d=mm&r=g\",\"contentUrl\":\"https:\/\/secure.gravatar.com\/avatar\/?s=96&d=mm&r=g\",\"caption\":\"gregory boucaud\"},\"url\":\"https:\/\/blogs.thesocialmedia.com\/leblogmoto\/author\/gregory-boucaud\/\"}]}<\/script>\n<!-- \/ Yoast SEO plugin. -->","yoast_head_json":{"title":"Belgian Moto Tour : Christian Haquin, pilote officiel KTM - leblogmoto.com","robots":{"index":"index","follow":"follow","max-snippet":"max-snippet:-1","max-image-preview":"max-image-preview:large","max-video-preview":"max-video-preview:-1"},"canonical":"https:\/\/blogs.thesocialmedia.com\/leblogmoto\/2007\/05\/15\/belgian-moto-to-1\/","twitter_card":"summary_large_image","twitter_title":"Belgian Moto Tour : Christian Haquin, pilote officiel KTM - leblogmoto.com","twitter_description":"Christian Haquin sera le pilote officiel KTM pour le Belgian Moto Tour et le Dark Dog Moto Tour 2007. Il prendra le d\u00e9part du Belgian Moto Tour sur une KTM 990 Super Duke car d&rsquo;apr\u00e8s lui &quot;c&rsquo;est la moto la plus polyvalente et donc la plus adapt\u00e9e \u00e0 ce type de course qui rassemble des [&hellip;]","twitter_image":"http:\/\/www.leblogmoto.com\/images\/2007\/05\/15\/ktm.jpg","twitter_misc":{"\u00c9crit par":"gregory boucaud","Dur\u00e9e de lecture estim\u00e9e":"1 minute"},"schema":{"@context":"https:\/\/schema.org","@graph":[{"@type":"WebPage","@id":"https:\/\/blogs.thesocialmedia.com\/leblogmoto\/2007\/05\/15\/belgian-moto-to-1\/","url":"https:\/\/blogs.thesocialmedia.com\/leblogmoto\/2007\/05\/15\/belgian-moto-to-1\/","name":"Belgian Moto Tour : Christian Haquin, pilote officiel KTM - leblogmoto.com","isPartOf":{"@id":"https:\/\/blogs.thesocialmedia.com\/leblogmoto\/#website"},"primaryImageOfPage":{"@id":"https:\/\/blogs.thesocialmedia.com\/leblogmoto\/2007\/05\/15\/belgian-moto-to-1\/#primaryimage"},"image":{"@id":"https:\/\/blogs.thesocialmedia.com\/leblogmoto\/2007\/05\/15\/belgian-moto-to-1\/#primaryimage"},"thumbnailUrl":"http:\/\/www.leblogmoto.com\/images\/2007\/05\/15\/ktm.jpg","datePublished":"2007-05-15T15:56:29+00:00","dateModified":"2012-07-11T14:39:49+00:00","author":{"@id":"https:\/\/blogs.thesocialmedia.com\/leblogmoto\/#\/schema\/person\/769623f89741cc3381675029a37764f8"},"breadcrumb":{"@id":"https:\/\/blogs.thesocialmedia.com\/leblogmoto\/2007\/05\/15\/belgian-moto-to-1\/#breadcrumb"},"inLanguage":"fr-FR","potentialAction":[{"@type":"ReadAction","target":["https:\/\/blogs.thesocialmedia.com\/leblogmoto\/2007\/05\/15\/belgian-moto-to-1\/"]}]},{"@type":"ImageObject","inLanguage":"fr-FR","@id":"https:\/\/blogs.thesocialmedia.com\/leblogmoto\/2007\/05\/15\/belgian-moto-to-1\/#primaryimage","url":"http:\/\/www.leblogmoto.com\/images\/2007\/05\/15\/ktm.jpg","contentUrl":"http:\/\/www.leblogmoto.com\/images\/2007\/05\/15\/ktm.jpg"},{"@type":"BreadcrumbList","@id":"https:\/\/blogs.thesocialmedia.com\/leblogmoto\/2007\/05\/15\/belgian-moto-to-1\/#breadcrumb","itemListElement":[{"@type":"ListItem","position":1,"name":"Accueil","item":"https:\/\/blogs.thesocialmedia.com\/leblogmoto\/"},{"@type":"ListItem","position":2,"name":"Belgian Moto Tour : Christian Haquin, pilote officiel KTM"}]},{"@type":"WebSite","@id":"https:\/\/blogs.thesocialmedia.com\/leblogmoto\/#website","url":"https:\/\/blogs.thesocialmedia.com\/leblogmoto\/","name":"leblogmoto","description":"Toute l&#039;actualit\u00e9 des 2 roues","potentialAction":[{"@type":"SearchAction","target":{"@type":"EntryPoint","urlTemplate":"https:\/\/blogs.thesocialmedia.com\/leblogmoto\/?s={search_term_string}"},"query-input":{"@type":"PropertyValueSpecification","valueRequired":true,"valueName":"search_term_string"}}],"inLanguage":"fr-FR"},{"@type":"Person","@id":"https:\/\/blogs.thesocialmedia.com\/leblogmoto\/#\/schema\/person\/769623f89741cc3381675029a37764f8","name":"gregory boucaud","image":{"@type":"ImageObject","inLanguage":"fr-FR","@id":"https:\/\/blogs.thesocialmedia.com\/leblogmoto\/#\/schema\/person\/image\/","url":"https:\/\/secure.gravatar.com\/avatar\/?s=96&d=mm&r=g","contentUrl":"https:\/\/secure.gravatar.com\/avatar\/?s=96&d=mm&r=g","caption":"gregory boucaud"},"url":"https:\/\/blogs.thesocialmedia.com\/leblogmoto\/author\/gregory-boucaud\/"}]}},"_links":{"self":[{"href":"https:\/\/blogs.thesocialmedia.com\/leblogmoto\/wp-json\/wp\/v2\/posts\/1389","targetHints":{"allow":["GET"]}}],"collection":[{"href":"https:\/\/blogs.thesocialmedia.com\/leblogmoto\/wp-json\/wp\/v2\/posts"}],"about":[{"href":"https:\/\/blogs.thesocialmedia.com\/leblogmoto\/wp-json\/wp\/v2\/types\/post"}],"author":[{"embeddable":true,"href":"https:\/\/blogs.thesocialmedia.com\/leblogmoto\/wp-json\/wp\/v2\/users\/329"}],"replies":[{"embeddable":true,"href":"https:\/\/blogs.thesocialmedia.com\/leblogmoto\/wp-json\/wp\/v2\/comments?post=1389"}],"version-history":[{"count":2,"href":"https:\/\/blogs.thesocialmedia.com\/leblogmoto\/wp-json\/wp\/v2\/posts\/1389\/revisions"}],"predecessor-version":[{"id":8389,"href":"https:\/\/blogs.thesocialmedia.com\/leblogmoto\/wp-json\/wp\/v2\/posts\/1389\/revisions\/8389"}],"wp:attachment":[{"href":"https:\/\/blogs.thesocialmedia.com\/leblogmoto\/wp-json\/wp\/v2\/media?parent=1389"}],"wp:term":[{"taxonomy":"category","embeddable":true,"href":"https:\/\/blogs.thesocialmedia.com\/leblogmoto\/wp-json\/wp\/v2\/categories?post=1389"},{"taxonomy":"post_tag","embeddable":true,"href":"https:\/\/blogs.thesocialmedia.com\/leblogmoto\/wp-json\/wp\/v2\/tags?post=1389"}],"curies":[{"name":"wp","href":"https:\/\/api.w.org\/{rel}","templated":true}]}}