{"id":139,"date":"2009-05-21T03:41:24","date_gmt":"2009-05-21T03:41:24","guid":{"rendered":"http:\/\/blogs.thesocialmedia.com\/leblogmoto\/2009\/05\/21\/vespa-rayee-a-la-fred-perry\/"},"modified":"2012-07-11T17:27:17","modified_gmt":"2012-07-11T17:27:17","slug":"vespa-rayee-a-la-fred-perry","status":"publish","type":"post","link":"https:\/\/blogs.thesocialmedia.com\/leblogmoto\/2009\/05\/21\/vespa-rayee-a-la-fred-perry\/","title":{"rendered":"Vespa ray\u00e9e \u00e0 la Fred Perry"},"content":{"rendered":"<p><a href=\"http:\/\/blogs.thesocialmedia.com\/leblogmoto\/files\/2012\/07\/6a00d83451b18369e20115709b21dd970b-popup.png\"><img decoding=\"async\" alt=\"Perry1\" class=\"at-xid-6a00d83451b18369e20115709b21dd970b \" src=\"http:\/\/blogs.thesocialmedia.com\/leblogmoto\/files\/2012\/07\/6a00d83451b18369e20115709b21dd970b-500wi.jpg\" style=\"width: 470px\" \/><\/a> <\/p>\n<p>Il y a comme une tendance en ce moment, o\u00f9 chaque anniversaire se doit d\u2019\u00eatre comm\u00e9mor\u00e9 par un produit personnalis\u00e9, et ce produit est de plus en plus une moto. Il n\u2019y a pas si longtemps encore, on donnait une montre au v\u00e9n\u00e9rable pour le compliment\u00e9 d\u2019avoir surv\u00e9cu jusqu\u2019\u00e0 ce jour, son \u00e9pouse en \u00e9tait bien heureuse et fi\u00e8re puis plus personne n\u2019y pensait. Maintenant, on tient absolument \u00e0 partager la bonne nouvelle avec le plus grand nombre, et s\u2019assurer que nous contribuerons \u00e0 leur bonne fortune.<\/p>\n<p> C\u2019est ainsi que la <a href=\"http:\/\/www.fredperry100years.com\/\">marque britannique Fred Perry<\/a>, du tennisman <a href=\"http:\/\/fr.wikipedia.org\/wiki\/Fred_Perry\">Fred Perry<\/a> recycl\u00e9 dans le textile \u00e0 la fin de sa glorieuse carri\u00e8re et c\u00e9l\u00e8bre pour son polo ray\u00e9 \u00e0 la couronne de laurier brod\u00e9e c\u00f4t\u00e9 c\u0153ur, comm\u00e9more leur centi\u00e8me par une Vespa aux couleurs de ce fameux polo.<br \/>Est-ce juste moi ou le garage commence \u00e0 d\u00e9border de Vespa de toutes les couleurs? Ce n\u2019est plus un scooter, mais un panneau publicitaire que l\u2019on nous fait payer encore plus cher.<br \/>Pour des Britanniques, ils auraient pu se payer une Triumph sentant bon l\u2019huile chaude, mais \u00e9videmment, \u00e7a fait d\u00e9sordre les petites taches sur des tennis immacul\u00e9s!<br \/>En vente bient\u00f4t en Am\u00e9rique du Nord et dans presque toute l&#039;Europe, dont la France bien s\u00fbr, pour qui ne saurait attendre le prochain anniversaire de Lacoste, et la selle en croco bien \u00e9videmment.<\/p>\n<p><a href=\"http:\/\/clabedan.typepad.com\/.a\/6a00d83451b18369e20115709b22b5970b-popup\"><img decoding=\"async\" alt=\"Perry2\" class=\"at-xid-6a00d83451b18369e20115709b22b5970b \" src=\"http:\/\/blogs.thesocialmedia.com\/leblogmoto\/files\/2012\/07\/6a00d83451b18369e20115709b22b5970b-500wi.jpg\" style=\"width: 470px\" \/><\/a> <\/p>\n<p><a href=\"http:\/\/blogs.thesocialmedia.com\/leblogmoto\/files\/2012\/07\/6a00d83451b18369e201156fa5d546970c-popup.png\"><img decoding=\"async\" alt=\"Perry3\" class=\"at-xid-6a00d83451b18369e201156fa5d546970c \" src=\"http:\/\/blogs.thesocialmedia.com\/leblogmoto\/files\/2012\/07\/6a00d83451b18369e201156fa5d546970c-500wi.jpg\" style=\"width: 470px\" \/><\/a> <\/p>\n<p><a href=\"http:\/\/blogs.thesocialmedia.com\/leblogmoto\/files\/2012\/07\/6a00d83451b18369e20115709b2224970b-popup.png\"><img decoding=\"async\" alt=\"Perry4\" class=\"at-xid-6a00d83451b18369e20115709b2224970b \" src=\"http:\/\/blogs.thesocialmedia.com\/leblogmoto\/files\/2012\/07\/6a00d83451b18369e20115709b2224970b-500wi.jpg\" style=\"width: 470px\" \/><\/a> <\/p>\n","protected":false},"excerpt":{"rendered":"<p>Il y a comme une tendance en ce moment, o\u00f9 chaque anniversaire se doit d\u2019\u00eatre comm\u00e9mor\u00e9 par un produit personnalis\u00e9, et ce produit est de plus en plus une moto. Il n\u2019y a pas si longtemps encore, on donnait une montre au v\u00e9n\u00e9rable pour le compliment\u00e9 d\u2019avoir surv\u00e9cu jusqu\u2019\u00e0 ce jour, son \u00e9pouse en \u00e9tait [&hellip;]<\/p>\n","protected":false},"author":325,"featured_media":13608,"comment_status":"open","ping_status":"open","sticky":false,"template":"","format":"standard","meta":{"footnotes":""},"categories":[3,20],"tags":[],"class_list":["post-139","post","type-post","status-publish","format-standard","has-post-thumbnail","hentry","category-actualite","category-vespa"],"yoast_head":"<!-- This site is optimized with the Yoast SEO plugin v26.0 - https:\/\/yoast.com\/wordpress\/plugins\/seo\/ -->\n<title>Vespa ray\u00e9e \u00e0 la Fred Perry - leblogmoto.com<\/title>\n<meta name=\"robots\" content=\"index, follow, max-snippet:-1, max-image-preview:large, max-video-preview:-1\" \/>\n<link rel=\"canonical\" href=\"https:\/\/blogs.thesocialmedia.com\/leblogmoto\/2009\/05\/21\/vespa-rayee-a-la-fred-perry\/\" \/>\n<meta name=\"twitter:card\" content=\"summary_large_image\" \/>\n<meta name=\"twitter:title\" content=\"Vespa ray\u00e9e \u00e0 la Fred Perry - leblogmoto.com\" \/>\n<meta name=\"twitter:description\" content=\"Il y a comme une tendance en ce moment, o\u00f9 chaque anniversaire se doit d\u2019\u00eatre comm\u00e9mor\u00e9 par un produit personnalis\u00e9, et ce produit est de plus en plus une moto. Il n\u2019y a pas si longtemps encore, on donnait une montre au v\u00e9n\u00e9rable pour le compliment\u00e9 d\u2019avoir surv\u00e9cu jusqu\u2019\u00e0 ce jour, son \u00e9pouse en \u00e9tait [&hellip;]\" \/>\n<meta name=\"twitter:image\" content=\"https:\/\/blogs.thesocialmedia.com\/leblogmoto\/files\/2012\/07\/6a00d83451b18369e20115709b21dd970b-500wi.jpg\" \/>\n<meta name=\"twitter:label1\" content=\"\u00c9crit par\" \/>\n\t<meta name=\"twitter:data1\" content=\"jacques lesage\" \/>\n\t<meta name=\"twitter:label2\" content=\"Dur\u00e9e de lecture estim\u00e9e\" \/>\n\t<meta name=\"twitter:data2\" content=\"1 minute\" \/>\n<script type=\"application\/ld+json\" class=\"yoast-schema-graph\">{\"@context\":\"https:\/\/schema.org\",\"@graph\":[{\"@type\":\"WebPage\",\"@id\":\"https:\/\/blogs.thesocialmedia.com\/leblogmoto\/2009\/05\/21\/vespa-rayee-a-la-fred-perry\/\",\"url\":\"https:\/\/blogs.thesocialmedia.com\/leblogmoto\/2009\/05\/21\/vespa-rayee-a-la-fred-perry\/\",\"name\":\"Vespa ray\u00e9e \u00e0 la Fred Perry - leblogmoto.com\",\"isPartOf\":{\"@id\":\"https:\/\/blogs.thesocialmedia.com\/leblogmoto\/#website\"},\"primaryImageOfPage\":{\"@id\":\"https:\/\/blogs.thesocialmedia.com\/leblogmoto\/2009\/05\/21\/vespa-rayee-a-la-fred-perry\/#primaryimage\"},\"image\":{\"@id\":\"https:\/\/blogs.thesocialmedia.com\/leblogmoto\/2009\/05\/21\/vespa-rayee-a-la-fred-perry\/#primaryimage\"},\"thumbnailUrl\":\"https:\/\/blogs.thesocialmedia.com\/leblogmoto\/files\/2012\/07\/6a00d83451b18369e20115709b21dd970b-500wi.jpg\",\"datePublished\":\"2009-05-21T03:41:24+00:00\",\"dateModified\":\"2012-07-11T17:27:17+00:00\",\"author\":{\"@id\":\"https:\/\/blogs.thesocialmedia.com\/leblogmoto\/#\/schema\/person\/e82a0ca8a9a63d031586097a3ed58526\"},\"breadcrumb\":{\"@id\":\"https:\/\/blogs.thesocialmedia.com\/leblogmoto\/2009\/05\/21\/vespa-rayee-a-la-fred-perry\/#breadcrumb\"},\"inLanguage\":\"fr-FR\",\"potentialAction\":[{\"@type\":\"ReadAction\",\"target\":[\"https:\/\/blogs.thesocialmedia.com\/leblogmoto\/2009\/05\/21\/vespa-rayee-a-la-fred-perry\/\"]}]},{\"@type\":\"ImageObject\",\"inLanguage\":\"fr-FR\",\"@id\":\"https:\/\/blogs.thesocialmedia.com\/leblogmoto\/2009\/05\/21\/vespa-rayee-a-la-fred-perry\/#primaryimage\",\"url\":\"https:\/\/blogs.thesocialmedia.com\/leblogmoto\/files\/2012\/07\/6a00d83451b18369e20115709b21dd970b-500wi.jpg\",\"contentUrl\":\"https:\/\/blogs.thesocialmedia.com\/leblogmoto\/files\/2012\/07\/6a00d83451b18369e20115709b21dd970b-500wi.jpg\",\"width\":\"500\",\"height\":\"336\"},{\"@type\":\"BreadcrumbList\",\"@id\":\"https:\/\/blogs.thesocialmedia.com\/leblogmoto\/2009\/05\/21\/vespa-rayee-a-la-fred-perry\/#breadcrumb\",\"itemListElement\":[{\"@type\":\"ListItem\",\"position\":1,\"name\":\"Accueil\",\"item\":\"https:\/\/blogs.thesocialmedia.com\/leblogmoto\/\"},{\"@type\":\"ListItem\",\"position\":2,\"name\":\"Vespa ray\u00e9e \u00e0 la Fred Perry\"}]},{\"@type\":\"WebSite\",\"@id\":\"https:\/\/blogs.thesocialmedia.com\/leblogmoto\/#website\",\"url\":\"https:\/\/blogs.thesocialmedia.com\/leblogmoto\/\",\"name\":\"leblogmoto\",\"description\":\"Toute l&#039;actualit\u00e9 des 2 roues\",\"potentialAction\":[{\"@type\":\"SearchAction\",\"target\":{\"@type\":\"EntryPoint\",\"urlTemplate\":\"https:\/\/blogs.thesocialmedia.com\/leblogmoto\/?s={search_term_string}\"},\"query-input\":{\"@type\":\"PropertyValueSpecification\",\"valueRequired\":true,\"valueName\":\"search_term_string\"}}],\"inLanguage\":\"fr-FR\"},{\"@type\":\"Person\",\"@id\":\"https:\/\/blogs.thesocialmedia.com\/leblogmoto\/#\/schema\/person\/e82a0ca8a9a63d031586097a3ed58526\",\"name\":\"jacques lesage\",\"image\":{\"@type\":\"ImageObject\",\"inLanguage\":\"fr-FR\",\"@id\":\"https:\/\/blogs.thesocialmedia.com\/leblogmoto\/#\/schema\/person\/image\/\",\"url\":\"https:\/\/secure.gravatar.com\/avatar\/?s=96&d=mm&r=g\",\"contentUrl\":\"https:\/\/secure.gravatar.com\/avatar\/?s=96&d=mm&r=g\",\"caption\":\"jacques lesage\"},\"url\":\"https:\/\/blogs.thesocialmedia.com\/leblogmoto\/author\/jacques-lesage\/\"}]}<\/script>\n<!-- \/ Yoast SEO plugin. -->","yoast_head_json":{"title":"Vespa ray\u00e9e \u00e0 la Fred Perry - leblogmoto.com","robots":{"index":"index","follow":"follow","max-snippet":"max-snippet:-1","max-image-preview":"max-image-preview:large","max-video-preview":"max-video-preview:-1"},"canonical":"https:\/\/blogs.thesocialmedia.com\/leblogmoto\/2009\/05\/21\/vespa-rayee-a-la-fred-perry\/","twitter_card":"summary_large_image","twitter_title":"Vespa ray\u00e9e \u00e0 la Fred Perry - leblogmoto.com","twitter_description":"Il y a comme une tendance en ce moment, o\u00f9 chaque anniversaire se doit d\u2019\u00eatre comm\u00e9mor\u00e9 par un produit personnalis\u00e9, et ce produit est de plus en plus une moto. Il n\u2019y a pas si longtemps encore, on donnait une montre au v\u00e9n\u00e9rable pour le compliment\u00e9 d\u2019avoir surv\u00e9cu jusqu\u2019\u00e0 ce jour, son \u00e9pouse en \u00e9tait [&hellip;]","twitter_image":"https:\/\/blogs.thesocialmedia.com\/leblogmoto\/files\/2012\/07\/6a00d83451b18369e20115709b21dd970b-500wi.jpg","twitter_misc":{"\u00c9crit par":"jacques lesage","Dur\u00e9e de lecture estim\u00e9e":"1 minute"},"schema":{"@context":"https:\/\/schema.org","@graph":[{"@type":"WebPage","@id":"https:\/\/blogs.thesocialmedia.com\/leblogmoto\/2009\/05\/21\/vespa-rayee-a-la-fred-perry\/","url":"https:\/\/blogs.thesocialmedia.com\/leblogmoto\/2009\/05\/21\/vespa-rayee-a-la-fred-perry\/","name":"Vespa ray\u00e9e \u00e0 la Fred Perry - leblogmoto.com","isPartOf":{"@id":"https:\/\/blogs.thesocialmedia.com\/leblogmoto\/#website"},"primaryImageOfPage":{"@id":"https:\/\/blogs.thesocialmedia.com\/leblogmoto\/2009\/05\/21\/vespa-rayee-a-la-fred-perry\/#primaryimage"},"image":{"@id":"https:\/\/blogs.thesocialmedia.com\/leblogmoto\/2009\/05\/21\/vespa-rayee-a-la-fred-perry\/#primaryimage"},"thumbnailUrl":"https:\/\/blogs.thesocialmedia.com\/leblogmoto\/files\/2012\/07\/6a00d83451b18369e20115709b21dd970b-500wi.jpg","datePublished":"2009-05-21T03:41:24+00:00","dateModified":"2012-07-11T17:27:17+00:00","author":{"@id":"https:\/\/blogs.thesocialmedia.com\/leblogmoto\/#\/schema\/person\/e82a0ca8a9a63d031586097a3ed58526"},"breadcrumb":{"@id":"https:\/\/blogs.thesocialmedia.com\/leblogmoto\/2009\/05\/21\/vespa-rayee-a-la-fred-perry\/#breadcrumb"},"inLanguage":"fr-FR","potentialAction":[{"@type":"ReadAction","target":["https:\/\/blogs.thesocialmedia.com\/leblogmoto\/2009\/05\/21\/vespa-rayee-a-la-fred-perry\/"]}]},{"@type":"ImageObject","inLanguage":"fr-FR","@id":"https:\/\/blogs.thesocialmedia.com\/leblogmoto\/2009\/05\/21\/vespa-rayee-a-la-fred-perry\/#primaryimage","url":"https:\/\/blogs.thesocialmedia.com\/leblogmoto\/files\/2012\/07\/6a00d83451b18369e20115709b21dd970b-500wi.jpg","contentUrl":"https:\/\/blogs.thesocialmedia.com\/leblogmoto\/files\/2012\/07\/6a00d83451b18369e20115709b21dd970b-500wi.jpg","width":"500","height":"336"},{"@type":"BreadcrumbList","@id":"https:\/\/blogs.thesocialmedia.com\/leblogmoto\/2009\/05\/21\/vespa-rayee-a-la-fred-perry\/#breadcrumb","itemListElement":[{"@type":"ListItem","position":1,"name":"Accueil","item":"https:\/\/blogs.thesocialmedia.com\/leblogmoto\/"},{"@type":"ListItem","position":2,"name":"Vespa ray\u00e9e \u00e0 la Fred Perry"}]},{"@type":"WebSite","@id":"https:\/\/blogs.thesocialmedia.com\/leblogmoto\/#website","url":"https:\/\/blogs.thesocialmedia.com\/leblogmoto\/","name":"leblogmoto","description":"Toute l&#039;actualit\u00e9 des 2 roues","potentialAction":[{"@type":"SearchAction","target":{"@type":"EntryPoint","urlTemplate":"https:\/\/blogs.thesocialmedia.com\/leblogmoto\/?s={search_term_string}"},"query-input":{"@type":"PropertyValueSpecification","valueRequired":true,"valueName":"search_term_string"}}],"inLanguage":"fr-FR"},{"@type":"Person","@id":"https:\/\/blogs.thesocialmedia.com\/leblogmoto\/#\/schema\/person\/e82a0ca8a9a63d031586097a3ed58526","name":"jacques lesage","image":{"@type":"ImageObject","inLanguage":"fr-FR","@id":"https:\/\/blogs.thesocialmedia.com\/leblogmoto\/#\/schema\/person\/image\/","url":"https:\/\/secure.gravatar.com\/avatar\/?s=96&d=mm&r=g","contentUrl":"https:\/\/secure.gravatar.com\/avatar\/?s=96&d=mm&r=g","caption":"jacques lesage"},"url":"https:\/\/blogs.thesocialmedia.com\/leblogmoto\/author\/jacques-lesage\/"}]}},"_links":{"self":[{"href":"https:\/\/blogs.thesocialmedia.com\/leblogmoto\/wp-json\/wp\/v2\/posts\/139","targetHints":{"allow":["GET"]}}],"collection":[{"href":"https:\/\/blogs.thesocialmedia.com\/leblogmoto\/wp-json\/wp\/v2\/posts"}],"about":[{"href":"https:\/\/blogs.thesocialmedia.com\/leblogmoto\/wp-json\/wp\/v2\/types\/post"}],"author":[{"embeddable":true,"href":"https:\/\/blogs.thesocialmedia.com\/leblogmoto\/wp-json\/wp\/v2\/users\/325"}],"replies":[{"embeddable":true,"href":"https:\/\/blogs.thesocialmedia.com\/leblogmoto\/wp-json\/wp\/v2\/comments?post=139"}],"version-history":[{"count":2,"href":"https:\/\/blogs.thesocialmedia.com\/leblogmoto\/wp-json\/wp\/v2\/posts\/139\/revisions"}],"predecessor-version":[{"id":13615,"href":"https:\/\/blogs.thesocialmedia.com\/leblogmoto\/wp-json\/wp\/v2\/posts\/139\/revisions\/13615"}],"wp:featuredmedia":[{"embeddable":true,"href":"https:\/\/blogs.thesocialmedia.com\/leblogmoto\/wp-json\/wp\/v2\/media\/13608"}],"wp:attachment":[{"href":"https:\/\/blogs.thesocialmedia.com\/leblogmoto\/wp-json\/wp\/v2\/media?parent=139"}],"wp:term":[{"taxonomy":"category","embeddable":true,"href":"https:\/\/blogs.thesocialmedia.com\/leblogmoto\/wp-json\/wp\/v2\/categories?post=139"},{"taxonomy":"post_tag","embeddable":true,"href":"https:\/\/blogs.thesocialmedia.com\/leblogmoto\/wp-json\/wp\/v2\/tags?post=139"}],"curies":[{"name":"wp","href":"https:\/\/api.w.org\/{rel}","templated":true}]}}