{"id":1390,"date":"2007-05-15T15:44:43","date_gmt":"2007-05-15T15:44:43","guid":{"rendered":"http:\/\/blogs.thesocialmedia.com\/leblogmoto\/2007\/05\/15\/belgian-moto-to\/"},"modified":"2012-07-11T14:39:46","modified_gmt":"2012-07-11T14:39:46","slug":"belgian-moto-to","status":"publish","type":"post","link":"https:\/\/blogs.thesocialmedia.com\/leblogmoto\/2007\/05\/15\/belgian-moto-to\/","title":{"rendered":"Belgian Moto Tour : Deux Buell au d\u00e9part"},"content":{"rendered":"<p><a href=\"http:\/\/blogs.thesocialmedia.com\/leblogmoto\/files\/2012\/07\/buell_xb12st.jpg\"><img loading=\"lazy\" decoding=\"async\" height=\"187\" alt=\"Buell_xb12st\" src=\"http:\/\/www.leblogmoto.com\/images\/2007\/05\/15\/buell_xb12st.jpg\" width=\"250\"  \/><\/a> Nous vous avions d\u00e9j\u00e0 parl\u00e9 du <a href=\"http:\/\/www.leblogmoto.com\/2007\/04\/belgian_moto_to.html\">Belgian Moto Tour<\/a> dans les colonnes du Blog Moto. Cette course sera la premi\u00e8re de l&rsquo;IRC (International Rally Championship) et verra \u00e0 son d\u00e9part le 17 mai deux <a href=\"http:\/\/www.buell.com\/fr_fr\/home.asp\">Buell<\/a> XB12STT.Elles seront conduites par Denis Bouan du Team Buell France &amp; Benelux, vainqueur du Dark Dog Moto Tour 2006, et Emmanuel Siaux du Team FCMPN &#8211; American Motos Toulouse, 2\u00e8me au classement g\u00e9n\u00e9ral du Championnat de France des Rallyes Routiers.<br \/>Bref, deux pilotes dont l&rsquo;exp\u00e9rience de ces machines ne sera pas \u00e0 d\u00e9montrer. Ca va chauffer&#8230;<\/p>\n<p>Photo et source : <a href=\"www.vroom.be\">Vroom<\/a><\/p>\n","protected":false},"excerpt":{"rendered":"<p>Nous vous avions d\u00e9j\u00e0 parl\u00e9 du Belgian Moto Tour dans les colonnes du Blog Moto. Cette course sera la premi\u00e8re de l&rsquo;IRC (International Rally Championship) et verra \u00e0 son d\u00e9part le 17 mai deux Buell XB12STT.Elles seront conduites par Denis Bouan du Team Buell France &amp; Benelux, vainqueur du Dark Dog Moto Tour 2006, et [&hellip;]<\/p>\n","protected":false},"author":329,"featured_media":0,"comment_status":"open","ping_status":"open","sticky":false,"template":"","format":"standard","meta":{"footnotes":""},"categories":[3],"tags":[],"class_list":["post-1390","post","type-post","status-publish","format-standard","hentry","category-actualite"],"yoast_head":"<!-- This site is optimized with the Yoast SEO plugin v26.0 - https:\/\/yoast.com\/wordpress\/plugins\/seo\/ -->\n<title>Belgian Moto Tour : Deux Buell au d\u00e9part - leblogmoto.com<\/title>\n<meta name=\"robots\" content=\"index, follow, max-snippet:-1, max-image-preview:large, max-video-preview:-1\" \/>\n<link rel=\"canonical\" href=\"https:\/\/blogs.thesocialmedia.com\/leblogmoto\/2007\/05\/15\/belgian-moto-to\/\" \/>\n<meta name=\"twitter:card\" content=\"summary_large_image\" \/>\n<meta name=\"twitter:title\" content=\"Belgian Moto Tour : Deux Buell au d\u00e9part - leblogmoto.com\" \/>\n<meta name=\"twitter:description\" content=\"Nous vous avions d\u00e9j\u00e0 parl\u00e9 du Belgian Moto Tour dans les colonnes du Blog Moto. Cette course sera la premi\u00e8re de l&rsquo;IRC (International Rally Championship) et verra \u00e0 son d\u00e9part le 17 mai deux Buell XB12STT.Elles seront conduites par Denis Bouan du Team Buell France &amp; Benelux, vainqueur du Dark Dog Moto Tour 2006, et [&hellip;]\" \/>\n<meta name=\"twitter:image\" content=\"http:\/\/www.leblogmoto.com\/images\/2007\/05\/15\/buell_xb12st.jpg\" \/>\n<meta name=\"twitter:label1\" content=\"\u00c9crit par\" \/>\n\t<meta name=\"twitter:data1\" content=\"gregory boucaud\" \/>\n\t<meta name=\"twitter:label2\" content=\"Dur\u00e9e de lecture estim\u00e9e\" \/>\n\t<meta name=\"twitter:data2\" content=\"1 minute\" \/>\n<script type=\"application\/ld+json\" class=\"yoast-schema-graph\">{\"@context\":\"https:\/\/schema.org\",\"@graph\":[{\"@type\":\"WebPage\",\"@id\":\"https:\/\/blogs.thesocialmedia.com\/leblogmoto\/2007\/05\/15\/belgian-moto-to\/\",\"url\":\"https:\/\/blogs.thesocialmedia.com\/leblogmoto\/2007\/05\/15\/belgian-moto-to\/\",\"name\":\"Belgian Moto Tour : Deux Buell au d\u00e9part - leblogmoto.com\",\"isPartOf\":{\"@id\":\"https:\/\/blogs.thesocialmedia.com\/leblogmoto\/#website\"},\"primaryImageOfPage\":{\"@id\":\"https:\/\/blogs.thesocialmedia.com\/leblogmoto\/2007\/05\/15\/belgian-moto-to\/#primaryimage\"},\"image\":{\"@id\":\"https:\/\/blogs.thesocialmedia.com\/leblogmoto\/2007\/05\/15\/belgian-moto-to\/#primaryimage\"},\"thumbnailUrl\":\"http:\/\/www.leblogmoto.com\/images\/2007\/05\/15\/buell_xb12st.jpg\",\"datePublished\":\"2007-05-15T15:44:43+00:00\",\"dateModified\":\"2012-07-11T14:39:46+00:00\",\"author\":{\"@id\":\"https:\/\/blogs.thesocialmedia.com\/leblogmoto\/#\/schema\/person\/769623f89741cc3381675029a37764f8\"},\"breadcrumb\":{\"@id\":\"https:\/\/blogs.thesocialmedia.com\/leblogmoto\/2007\/05\/15\/belgian-moto-to\/#breadcrumb\"},\"inLanguage\":\"fr-FR\",\"potentialAction\":[{\"@type\":\"ReadAction\",\"target\":[\"https:\/\/blogs.thesocialmedia.com\/leblogmoto\/2007\/05\/15\/belgian-moto-to\/\"]}]},{\"@type\":\"ImageObject\",\"inLanguage\":\"fr-FR\",\"@id\":\"https:\/\/blogs.thesocialmedia.com\/leblogmoto\/2007\/05\/15\/belgian-moto-to\/#primaryimage\",\"url\":\"http:\/\/www.leblogmoto.com\/images\/2007\/05\/15\/buell_xb12st.jpg\",\"contentUrl\":\"http:\/\/www.leblogmoto.com\/images\/2007\/05\/15\/buell_xb12st.jpg\"},{\"@type\":\"BreadcrumbList\",\"@id\":\"https:\/\/blogs.thesocialmedia.com\/leblogmoto\/2007\/05\/15\/belgian-moto-to\/#breadcrumb\",\"itemListElement\":[{\"@type\":\"ListItem\",\"position\":1,\"name\":\"Accueil\",\"item\":\"https:\/\/blogs.thesocialmedia.com\/leblogmoto\/\"},{\"@type\":\"ListItem\",\"position\":2,\"name\":\"Belgian Moto Tour : Deux Buell au d\u00e9part\"}]},{\"@type\":\"WebSite\",\"@id\":\"https:\/\/blogs.thesocialmedia.com\/leblogmoto\/#website\",\"url\":\"https:\/\/blogs.thesocialmedia.com\/leblogmoto\/\",\"name\":\"leblogmoto\",\"description\":\"Toute l&#039;actualit\u00e9 des 2 roues\",\"potentialAction\":[{\"@type\":\"SearchAction\",\"target\":{\"@type\":\"EntryPoint\",\"urlTemplate\":\"https:\/\/blogs.thesocialmedia.com\/leblogmoto\/?s={search_term_string}\"},\"query-input\":{\"@type\":\"PropertyValueSpecification\",\"valueRequired\":true,\"valueName\":\"search_term_string\"}}],\"inLanguage\":\"fr-FR\"},{\"@type\":\"Person\",\"@id\":\"https:\/\/blogs.thesocialmedia.com\/leblogmoto\/#\/schema\/person\/769623f89741cc3381675029a37764f8\",\"name\":\"gregory boucaud\",\"image\":{\"@type\":\"ImageObject\",\"inLanguage\":\"fr-FR\",\"@id\":\"https:\/\/blogs.thesocialmedia.com\/leblogmoto\/#\/schema\/person\/image\/\",\"url\":\"https:\/\/secure.gravatar.com\/avatar\/?s=96&d=mm&r=g\",\"contentUrl\":\"https:\/\/secure.gravatar.com\/avatar\/?s=96&d=mm&r=g\",\"caption\":\"gregory boucaud\"},\"url\":\"https:\/\/blogs.thesocialmedia.com\/leblogmoto\/author\/gregory-boucaud\/\"}]}<\/script>\n<!-- \/ Yoast SEO plugin. -->","yoast_head_json":{"title":"Belgian Moto Tour : Deux Buell au d\u00e9part - leblogmoto.com","robots":{"index":"index","follow":"follow","max-snippet":"max-snippet:-1","max-image-preview":"max-image-preview:large","max-video-preview":"max-video-preview:-1"},"canonical":"https:\/\/blogs.thesocialmedia.com\/leblogmoto\/2007\/05\/15\/belgian-moto-to\/","twitter_card":"summary_large_image","twitter_title":"Belgian Moto Tour : Deux Buell au d\u00e9part - leblogmoto.com","twitter_description":"Nous vous avions d\u00e9j\u00e0 parl\u00e9 du Belgian Moto Tour dans les colonnes du Blog Moto. Cette course sera la premi\u00e8re de l&rsquo;IRC (International Rally Championship) et verra \u00e0 son d\u00e9part le 17 mai deux Buell XB12STT.Elles seront conduites par Denis Bouan du Team Buell France &amp; Benelux, vainqueur du Dark Dog Moto Tour 2006, et [&hellip;]","twitter_image":"http:\/\/www.leblogmoto.com\/images\/2007\/05\/15\/buell_xb12st.jpg","twitter_misc":{"\u00c9crit par":"gregory boucaud","Dur\u00e9e de lecture estim\u00e9e":"1 minute"},"schema":{"@context":"https:\/\/schema.org","@graph":[{"@type":"WebPage","@id":"https:\/\/blogs.thesocialmedia.com\/leblogmoto\/2007\/05\/15\/belgian-moto-to\/","url":"https:\/\/blogs.thesocialmedia.com\/leblogmoto\/2007\/05\/15\/belgian-moto-to\/","name":"Belgian Moto Tour : Deux Buell au d\u00e9part - leblogmoto.com","isPartOf":{"@id":"https:\/\/blogs.thesocialmedia.com\/leblogmoto\/#website"},"primaryImageOfPage":{"@id":"https:\/\/blogs.thesocialmedia.com\/leblogmoto\/2007\/05\/15\/belgian-moto-to\/#primaryimage"},"image":{"@id":"https:\/\/blogs.thesocialmedia.com\/leblogmoto\/2007\/05\/15\/belgian-moto-to\/#primaryimage"},"thumbnailUrl":"http:\/\/www.leblogmoto.com\/images\/2007\/05\/15\/buell_xb12st.jpg","datePublished":"2007-05-15T15:44:43+00:00","dateModified":"2012-07-11T14:39:46+00:00","author":{"@id":"https:\/\/blogs.thesocialmedia.com\/leblogmoto\/#\/schema\/person\/769623f89741cc3381675029a37764f8"},"breadcrumb":{"@id":"https:\/\/blogs.thesocialmedia.com\/leblogmoto\/2007\/05\/15\/belgian-moto-to\/#breadcrumb"},"inLanguage":"fr-FR","potentialAction":[{"@type":"ReadAction","target":["https:\/\/blogs.thesocialmedia.com\/leblogmoto\/2007\/05\/15\/belgian-moto-to\/"]}]},{"@type":"ImageObject","inLanguage":"fr-FR","@id":"https:\/\/blogs.thesocialmedia.com\/leblogmoto\/2007\/05\/15\/belgian-moto-to\/#primaryimage","url":"http:\/\/www.leblogmoto.com\/images\/2007\/05\/15\/buell_xb12st.jpg","contentUrl":"http:\/\/www.leblogmoto.com\/images\/2007\/05\/15\/buell_xb12st.jpg"},{"@type":"BreadcrumbList","@id":"https:\/\/blogs.thesocialmedia.com\/leblogmoto\/2007\/05\/15\/belgian-moto-to\/#breadcrumb","itemListElement":[{"@type":"ListItem","position":1,"name":"Accueil","item":"https:\/\/blogs.thesocialmedia.com\/leblogmoto\/"},{"@type":"ListItem","position":2,"name":"Belgian Moto Tour : Deux Buell au d\u00e9part"}]},{"@type":"WebSite","@id":"https:\/\/blogs.thesocialmedia.com\/leblogmoto\/#website","url":"https:\/\/blogs.thesocialmedia.com\/leblogmoto\/","name":"leblogmoto","description":"Toute l&#039;actualit\u00e9 des 2 roues","potentialAction":[{"@type":"SearchAction","target":{"@type":"EntryPoint","urlTemplate":"https:\/\/blogs.thesocialmedia.com\/leblogmoto\/?s={search_term_string}"},"query-input":{"@type":"PropertyValueSpecification","valueRequired":true,"valueName":"search_term_string"}}],"inLanguage":"fr-FR"},{"@type":"Person","@id":"https:\/\/blogs.thesocialmedia.com\/leblogmoto\/#\/schema\/person\/769623f89741cc3381675029a37764f8","name":"gregory boucaud","image":{"@type":"ImageObject","inLanguage":"fr-FR","@id":"https:\/\/blogs.thesocialmedia.com\/leblogmoto\/#\/schema\/person\/image\/","url":"https:\/\/secure.gravatar.com\/avatar\/?s=96&d=mm&r=g","contentUrl":"https:\/\/secure.gravatar.com\/avatar\/?s=96&d=mm&r=g","caption":"gregory boucaud"},"url":"https:\/\/blogs.thesocialmedia.com\/leblogmoto\/author\/gregory-boucaud\/"}]}},"_links":{"self":[{"href":"https:\/\/blogs.thesocialmedia.com\/leblogmoto\/wp-json\/wp\/v2\/posts\/1390","targetHints":{"allow":["GET"]}}],"collection":[{"href":"https:\/\/blogs.thesocialmedia.com\/leblogmoto\/wp-json\/wp\/v2\/posts"}],"about":[{"href":"https:\/\/blogs.thesocialmedia.com\/leblogmoto\/wp-json\/wp\/v2\/types\/post"}],"author":[{"embeddable":true,"href":"https:\/\/blogs.thesocialmedia.com\/leblogmoto\/wp-json\/wp\/v2\/users\/329"}],"replies":[{"embeddable":true,"href":"https:\/\/blogs.thesocialmedia.com\/leblogmoto\/wp-json\/wp\/v2\/comments?post=1390"}],"version-history":[{"count":2,"href":"https:\/\/blogs.thesocialmedia.com\/leblogmoto\/wp-json\/wp\/v2\/posts\/1390\/revisions"}],"predecessor-version":[{"id":8387,"href":"https:\/\/blogs.thesocialmedia.com\/leblogmoto\/wp-json\/wp\/v2\/posts\/1390\/revisions\/8387"}],"wp:attachment":[{"href":"https:\/\/blogs.thesocialmedia.com\/leblogmoto\/wp-json\/wp\/v2\/media?parent=1390"}],"wp:term":[{"taxonomy":"category","embeddable":true,"href":"https:\/\/blogs.thesocialmedia.com\/leblogmoto\/wp-json\/wp\/v2\/categories?post=1390"},{"taxonomy":"post_tag","embeddable":true,"href":"https:\/\/blogs.thesocialmedia.com\/leblogmoto\/wp-json\/wp\/v2\/tags?post=1390"}],"curies":[{"name":"wp","href":"https:\/\/api.w.org\/{rel}","templated":true}]}}