{"id":1391,"date":"2007-05-14T22:28:36","date_gmt":"2007-05-14T22:28:36","guid":{"rendered":"http:\/\/blogs.thesocialmedia.com\/leblogmoto\/2007\/05\/14\/daniel-rivire-n\/"},"modified":"2012-07-11T14:39:45","modified_gmt":"2012-07-11T14:39:45","slug":"daniel-rivire-n","status":"publish","type":"post","link":"https:\/\/blogs.thesocialmedia.com\/leblogmoto\/2007\/05\/14\/daniel-rivire-n\/","title":{"rendered":"Daniel Rivi\u00e8re, nouveau PDG de Peugeot Motorcycles"},"content":{"rendered":"<p><a href=\"http:\/\/blogs.thesocialmedia.com\/leblogmoto\/files\/2012\/07\/denial_riviere.jpg\"><img loading=\"lazy\" decoding=\"async\" height=\"187\" alt=\"Denial_riviere\" src=\"http:\/\/www.leblogmoto.com\/images\/2007\/05\/14\/denial_riviere.jpg\" width=\"250\"  \/><\/a> Le 11 mai 2007, Deniel Rivi\u00e8re a \u00e9t\u00e9 nomm\u00e9 Pr\u00e9sident Directeur G\u00e9n\u00e9ral de <a href=\"http:\/\/www.peugeot-motocycles.fr\/\">Peugeot Motorcycles<\/a>, succ\u00e9dant ainsi \u00e0 G\u00e9rard Pressouyre.<br \/>Cet ing\u00e9nieur de l&rsquo;\u00c9cole centrale des arts et manufactures de Paris et titulaire d&rsquo;un master of sciences civil engineering de l&rsquo;universit\u00e9 du Wisconsin (\u00c9tats-Unis) est aujourd&rsquo;hui ag\u00e9 de 56 ans. Ing\u00e9nieur d&rsquo;\u00e9tudes chez Snecma de 1976 \u00e0 1978, il entre \u00e0 la division a\u00e9ronautique \u00e9lectronique de Pr\u00e9cision M\u00e9canique Labinal o\u00f9 il cr\u00e9e et dirige, en 1979, le service export avant de devenir directeur g\u00e9n\u00e9ral adjoint de la soci\u00e9t\u00e9 Gelbon en 1982. <\/p>\n<p>De 1984 \u00e0 1989, il fait partie du groupe Thomson CSF : d&rsquo;abord directeur de la division Ragonot (moteurs pour l&rsquo;industrie et l&rsquo;armement) chez Auxilec (\u00e9quipements \u00e9lectriques pour l&rsquo;a\u00e9ronautique, l&rsquo;armement et l&rsquo;industrie), il devient directeur de Bronzavia en 1986, puis directeur g\u00e9n\u00e9ral d&rsquo;Auxilec en 1988. <br \/>Il entre chez <a href=\"http:\/\/www.peugeot-motocycles.fr\/\">PSA Peugeot Citro\u00ebn<\/a> en 1989 en tant que directeur g\u00e9n\u00e9ral de Samm, fournisseur d&rsquo;\u00e9quipements et de composants et syst\u00e8mes pour l&rsquo;a\u00e9ronautique et la d\u00e9fense, et devient en 2000 PDG de Process Conception Ing\u00e9nierie (PCI), filiale de biens d&rsquo;\u00e9quipements du constructeur automobile. <br \/>Membre du comit\u00e9 de direction du Syndicat de la machine-outil, du soudage, de l&rsquo;assemblage et de la productique associ\u00e9e (Symap), il est pr\u00e9sident du Comit\u00e9 europ\u00e9en de coop\u00e9ration des industries de la machine-outil (Cecimo). Il a \u00e9galement exerc\u00e9 des responsabilit\u00e9s au sein du Groupement des industries fran\u00e7aises a\u00e9ronautiques et spatiales (Gifas), qu&rsquo;il a repr\u00e9sent\u00e9 au conseil du Bureau de normalisation de l&rsquo;a\u00e9ronautique et de l&rsquo;espace (BNAE) et au sein du Groupement des industries concern\u00e9es par les mat\u00e9riels de d\u00e9fense terrestre (Gicat), en tant que membre du conseil d&rsquo;administration. <\/p>\n<p>Esp\u00e9rons que l&rsquo;engouement pour les scooters lui sera profitable&#8230;<\/p>\n<p>Source : <a href=\"http:\/\/www.afaq.org\/web\/afaqinstit.nsf\/volfr\/actkio132\">AFAQ<\/a><\/p>\n","protected":false},"excerpt":{"rendered":"<p>Le 11 mai 2007, Deniel Rivi\u00e8re a \u00e9t\u00e9 nomm\u00e9 Pr\u00e9sident Directeur G\u00e9n\u00e9ral de Peugeot Motorcycles, succ\u00e9dant ainsi \u00e0 G\u00e9rard Pressouyre.Cet ing\u00e9nieur de l&rsquo;\u00c9cole centrale des arts et manufactures de Paris et titulaire d&rsquo;un master of sciences civil engineering de l&rsquo;universit\u00e9 du Wisconsin (\u00c9tats-Unis) est aujourd&rsquo;hui ag\u00e9 de 56 ans. Ing\u00e9nieur d&rsquo;\u00e9tudes chez Snecma de 1976 [&hellip;]<\/p>\n","protected":false},"author":329,"featured_media":0,"comment_status":"open","ping_status":"open","sticky":false,"template":"","format":"standard","meta":{"footnotes":""},"categories":[3,71,19],"tags":[],"class_list":["post-1391","post","type-post","status-publish","format-standard","hentry","category-actualite","category-peugeot","category-scooter"],"yoast_head":"<!-- This site is optimized with the Yoast SEO plugin v26.0 - https:\/\/yoast.com\/wordpress\/plugins\/seo\/ -->\n<title>Daniel Rivi\u00e8re, nouveau PDG de Peugeot Motorcycles - leblogmoto.com<\/title>\n<meta name=\"robots\" content=\"index, follow, max-snippet:-1, max-image-preview:large, max-video-preview:-1\" \/>\n<link rel=\"canonical\" href=\"https:\/\/blogs.thesocialmedia.com\/leblogmoto\/2007\/05\/14\/daniel-rivire-n\/\" \/>\n<meta name=\"twitter:card\" content=\"summary_large_image\" \/>\n<meta name=\"twitter:title\" content=\"Daniel Rivi\u00e8re, nouveau PDG de Peugeot Motorcycles - leblogmoto.com\" \/>\n<meta name=\"twitter:description\" content=\"Le 11 mai 2007, Deniel Rivi\u00e8re a \u00e9t\u00e9 nomm\u00e9 Pr\u00e9sident Directeur G\u00e9n\u00e9ral de Peugeot Motorcycles, succ\u00e9dant ainsi \u00e0 G\u00e9rard Pressouyre.Cet ing\u00e9nieur de l&rsquo;\u00c9cole centrale des arts et manufactures de Paris et titulaire d&rsquo;un master of sciences civil engineering de l&rsquo;universit\u00e9 du Wisconsin (\u00c9tats-Unis) est aujourd&rsquo;hui ag\u00e9 de 56 ans. Ing\u00e9nieur d&rsquo;\u00e9tudes chez Snecma de 1976 [&hellip;]\" \/>\n<meta name=\"twitter:image\" content=\"http:\/\/www.leblogmoto.com\/images\/2007\/05\/14\/denial_riviere.jpg\" \/>\n<meta name=\"twitter:label1\" content=\"\u00c9crit par\" \/>\n\t<meta name=\"twitter:data1\" content=\"gregory boucaud\" \/>\n\t<meta name=\"twitter:label2\" content=\"Dur\u00e9e de lecture estim\u00e9e\" \/>\n\t<meta name=\"twitter:data2\" content=\"2 minutes\" \/>\n<script type=\"application\/ld+json\" class=\"yoast-schema-graph\">{\"@context\":\"https:\/\/schema.org\",\"@graph\":[{\"@type\":\"WebPage\",\"@id\":\"https:\/\/blogs.thesocialmedia.com\/leblogmoto\/2007\/05\/14\/daniel-rivire-n\/\",\"url\":\"https:\/\/blogs.thesocialmedia.com\/leblogmoto\/2007\/05\/14\/daniel-rivire-n\/\",\"name\":\"Daniel Rivi\u00e8re, nouveau PDG de Peugeot Motorcycles - leblogmoto.com\",\"isPartOf\":{\"@id\":\"https:\/\/blogs.thesocialmedia.com\/leblogmoto\/#website\"},\"primaryImageOfPage\":{\"@id\":\"https:\/\/blogs.thesocialmedia.com\/leblogmoto\/2007\/05\/14\/daniel-rivire-n\/#primaryimage\"},\"image\":{\"@id\":\"https:\/\/blogs.thesocialmedia.com\/leblogmoto\/2007\/05\/14\/daniel-rivire-n\/#primaryimage\"},\"thumbnailUrl\":\"http:\/\/www.leblogmoto.com\/images\/2007\/05\/14\/denial_riviere.jpg\",\"datePublished\":\"2007-05-14T22:28:36+00:00\",\"dateModified\":\"2012-07-11T14:39:45+00:00\",\"author\":{\"@id\":\"https:\/\/blogs.thesocialmedia.com\/leblogmoto\/#\/schema\/person\/769623f89741cc3381675029a37764f8\"},\"breadcrumb\":{\"@id\":\"https:\/\/blogs.thesocialmedia.com\/leblogmoto\/2007\/05\/14\/daniel-rivire-n\/#breadcrumb\"},\"inLanguage\":\"fr-FR\",\"potentialAction\":[{\"@type\":\"ReadAction\",\"target\":[\"https:\/\/blogs.thesocialmedia.com\/leblogmoto\/2007\/05\/14\/daniel-rivire-n\/\"]}]},{\"@type\":\"ImageObject\",\"inLanguage\":\"fr-FR\",\"@id\":\"https:\/\/blogs.thesocialmedia.com\/leblogmoto\/2007\/05\/14\/daniel-rivire-n\/#primaryimage\",\"url\":\"http:\/\/www.leblogmoto.com\/images\/2007\/05\/14\/denial_riviere.jpg\",\"contentUrl\":\"http:\/\/www.leblogmoto.com\/images\/2007\/05\/14\/denial_riviere.jpg\"},{\"@type\":\"BreadcrumbList\",\"@id\":\"https:\/\/blogs.thesocialmedia.com\/leblogmoto\/2007\/05\/14\/daniel-rivire-n\/#breadcrumb\",\"itemListElement\":[{\"@type\":\"ListItem\",\"position\":1,\"name\":\"Accueil\",\"item\":\"https:\/\/blogs.thesocialmedia.com\/leblogmoto\/\"},{\"@type\":\"ListItem\",\"position\":2,\"name\":\"Daniel Rivi\u00e8re, nouveau PDG de Peugeot Motorcycles\"}]},{\"@type\":\"WebSite\",\"@id\":\"https:\/\/blogs.thesocialmedia.com\/leblogmoto\/#website\",\"url\":\"https:\/\/blogs.thesocialmedia.com\/leblogmoto\/\",\"name\":\"leblogmoto\",\"description\":\"Toute l&#039;actualit\u00e9 des 2 roues\",\"potentialAction\":[{\"@type\":\"SearchAction\",\"target\":{\"@type\":\"EntryPoint\",\"urlTemplate\":\"https:\/\/blogs.thesocialmedia.com\/leblogmoto\/?s={search_term_string}\"},\"query-input\":{\"@type\":\"PropertyValueSpecification\",\"valueRequired\":true,\"valueName\":\"search_term_string\"}}],\"inLanguage\":\"fr-FR\"},{\"@type\":\"Person\",\"@id\":\"https:\/\/blogs.thesocialmedia.com\/leblogmoto\/#\/schema\/person\/769623f89741cc3381675029a37764f8\",\"name\":\"gregory boucaud\",\"image\":{\"@type\":\"ImageObject\",\"inLanguage\":\"fr-FR\",\"@id\":\"https:\/\/blogs.thesocialmedia.com\/leblogmoto\/#\/schema\/person\/image\/\",\"url\":\"https:\/\/secure.gravatar.com\/avatar\/?s=96&d=mm&r=g\",\"contentUrl\":\"https:\/\/secure.gravatar.com\/avatar\/?s=96&d=mm&r=g\",\"caption\":\"gregory boucaud\"},\"url\":\"https:\/\/blogs.thesocialmedia.com\/leblogmoto\/author\/gregory-boucaud\/\"}]}<\/script>\n<!-- \/ Yoast SEO plugin. -->","yoast_head_json":{"title":"Daniel Rivi\u00e8re, nouveau PDG de Peugeot Motorcycles - leblogmoto.com","robots":{"index":"index","follow":"follow","max-snippet":"max-snippet:-1","max-image-preview":"max-image-preview:large","max-video-preview":"max-video-preview:-1"},"canonical":"https:\/\/blogs.thesocialmedia.com\/leblogmoto\/2007\/05\/14\/daniel-rivire-n\/","twitter_card":"summary_large_image","twitter_title":"Daniel Rivi\u00e8re, nouveau PDG de Peugeot Motorcycles - leblogmoto.com","twitter_description":"Le 11 mai 2007, Deniel Rivi\u00e8re a \u00e9t\u00e9 nomm\u00e9 Pr\u00e9sident Directeur G\u00e9n\u00e9ral de Peugeot Motorcycles, succ\u00e9dant ainsi \u00e0 G\u00e9rard Pressouyre.Cet ing\u00e9nieur de l&rsquo;\u00c9cole centrale des arts et manufactures de Paris et titulaire d&rsquo;un master of sciences civil engineering de l&rsquo;universit\u00e9 du Wisconsin (\u00c9tats-Unis) est aujourd&rsquo;hui ag\u00e9 de 56 ans. Ing\u00e9nieur d&rsquo;\u00e9tudes chez Snecma de 1976 [&hellip;]","twitter_image":"http:\/\/www.leblogmoto.com\/images\/2007\/05\/14\/denial_riviere.jpg","twitter_misc":{"\u00c9crit par":"gregory boucaud","Dur\u00e9e de lecture estim\u00e9e":"2 minutes"},"schema":{"@context":"https:\/\/schema.org","@graph":[{"@type":"WebPage","@id":"https:\/\/blogs.thesocialmedia.com\/leblogmoto\/2007\/05\/14\/daniel-rivire-n\/","url":"https:\/\/blogs.thesocialmedia.com\/leblogmoto\/2007\/05\/14\/daniel-rivire-n\/","name":"Daniel Rivi\u00e8re, nouveau PDG de Peugeot Motorcycles - leblogmoto.com","isPartOf":{"@id":"https:\/\/blogs.thesocialmedia.com\/leblogmoto\/#website"},"primaryImageOfPage":{"@id":"https:\/\/blogs.thesocialmedia.com\/leblogmoto\/2007\/05\/14\/daniel-rivire-n\/#primaryimage"},"image":{"@id":"https:\/\/blogs.thesocialmedia.com\/leblogmoto\/2007\/05\/14\/daniel-rivire-n\/#primaryimage"},"thumbnailUrl":"http:\/\/www.leblogmoto.com\/images\/2007\/05\/14\/denial_riviere.jpg","datePublished":"2007-05-14T22:28:36+00:00","dateModified":"2012-07-11T14:39:45+00:00","author":{"@id":"https:\/\/blogs.thesocialmedia.com\/leblogmoto\/#\/schema\/person\/769623f89741cc3381675029a37764f8"},"breadcrumb":{"@id":"https:\/\/blogs.thesocialmedia.com\/leblogmoto\/2007\/05\/14\/daniel-rivire-n\/#breadcrumb"},"inLanguage":"fr-FR","potentialAction":[{"@type":"ReadAction","target":["https:\/\/blogs.thesocialmedia.com\/leblogmoto\/2007\/05\/14\/daniel-rivire-n\/"]}]},{"@type":"ImageObject","inLanguage":"fr-FR","@id":"https:\/\/blogs.thesocialmedia.com\/leblogmoto\/2007\/05\/14\/daniel-rivire-n\/#primaryimage","url":"http:\/\/www.leblogmoto.com\/images\/2007\/05\/14\/denial_riviere.jpg","contentUrl":"http:\/\/www.leblogmoto.com\/images\/2007\/05\/14\/denial_riviere.jpg"},{"@type":"BreadcrumbList","@id":"https:\/\/blogs.thesocialmedia.com\/leblogmoto\/2007\/05\/14\/daniel-rivire-n\/#breadcrumb","itemListElement":[{"@type":"ListItem","position":1,"name":"Accueil","item":"https:\/\/blogs.thesocialmedia.com\/leblogmoto\/"},{"@type":"ListItem","position":2,"name":"Daniel Rivi\u00e8re, nouveau PDG de Peugeot Motorcycles"}]},{"@type":"WebSite","@id":"https:\/\/blogs.thesocialmedia.com\/leblogmoto\/#website","url":"https:\/\/blogs.thesocialmedia.com\/leblogmoto\/","name":"leblogmoto","description":"Toute l&#039;actualit\u00e9 des 2 roues","potentialAction":[{"@type":"SearchAction","target":{"@type":"EntryPoint","urlTemplate":"https:\/\/blogs.thesocialmedia.com\/leblogmoto\/?s={search_term_string}"},"query-input":{"@type":"PropertyValueSpecification","valueRequired":true,"valueName":"search_term_string"}}],"inLanguage":"fr-FR"},{"@type":"Person","@id":"https:\/\/blogs.thesocialmedia.com\/leblogmoto\/#\/schema\/person\/769623f89741cc3381675029a37764f8","name":"gregory boucaud","image":{"@type":"ImageObject","inLanguage":"fr-FR","@id":"https:\/\/blogs.thesocialmedia.com\/leblogmoto\/#\/schema\/person\/image\/","url":"https:\/\/secure.gravatar.com\/avatar\/?s=96&d=mm&r=g","contentUrl":"https:\/\/secure.gravatar.com\/avatar\/?s=96&d=mm&r=g","caption":"gregory boucaud"},"url":"https:\/\/blogs.thesocialmedia.com\/leblogmoto\/author\/gregory-boucaud\/"}]}},"_links":{"self":[{"href":"https:\/\/blogs.thesocialmedia.com\/leblogmoto\/wp-json\/wp\/v2\/posts\/1391","targetHints":{"allow":["GET"]}}],"collection":[{"href":"https:\/\/blogs.thesocialmedia.com\/leblogmoto\/wp-json\/wp\/v2\/posts"}],"about":[{"href":"https:\/\/blogs.thesocialmedia.com\/leblogmoto\/wp-json\/wp\/v2\/types\/post"}],"author":[{"embeddable":true,"href":"https:\/\/blogs.thesocialmedia.com\/leblogmoto\/wp-json\/wp\/v2\/users\/329"}],"replies":[{"embeddable":true,"href":"https:\/\/blogs.thesocialmedia.com\/leblogmoto\/wp-json\/wp\/v2\/comments?post=1391"}],"version-history":[{"count":2,"href":"https:\/\/blogs.thesocialmedia.com\/leblogmoto\/wp-json\/wp\/v2\/posts\/1391\/revisions"}],"predecessor-version":[{"id":8385,"href":"https:\/\/blogs.thesocialmedia.com\/leblogmoto\/wp-json\/wp\/v2\/posts\/1391\/revisions\/8385"}],"wp:attachment":[{"href":"https:\/\/blogs.thesocialmedia.com\/leblogmoto\/wp-json\/wp\/v2\/media?parent=1391"}],"wp:term":[{"taxonomy":"category","embeddable":true,"href":"https:\/\/blogs.thesocialmedia.com\/leblogmoto\/wp-json\/wp\/v2\/categories?post=1391"},{"taxonomy":"post_tag","embeddable":true,"href":"https:\/\/blogs.thesocialmedia.com\/leblogmoto\/wp-json\/wp\/v2\/tags?post=1391"}],"curies":[{"name":"wp","href":"https:\/\/api.w.org\/{rel}","templated":true}]}}