{"id":1393,"date":"2007-05-14T21:32:57","date_gmt":"2007-05-14T21:32:57","guid":{"rendered":"http:\/\/blogs.thesocialmedia.com\/leblogmoto\/2007\/05\/14\/osbe-tornado-qu\/"},"modified":"2012-07-11T14:39:44","modified_gmt":"2012-07-11T14:39:44","slug":"osbe-tornado-qu","status":"publish","type":"post","link":"https:\/\/blogs.thesocialmedia.com\/leblogmoto\/2007\/05\/14\/osbe-tornado-qu\/","title":{"rendered":"OSBE Tornado, quand l&rsquo;aviation rejoint la moto"},"content":{"rendered":"<p><a href=\"http:\/\/blogs.thesocialmedia.com\/leblogmoto\/files\/2012\/07\/osbe_tornado.jpg\"><img loading=\"lazy\" decoding=\"async\" height=\"250\" alt=\"Osbe_tornado\" src=\"http:\/\/www.leblogmoto.com\/images\/2007\/05\/14\/osbe_tornado.jpg\" width=\"250\"  \/><\/a> Vous avez toujours r\u00eav\u00e9 de faire une carri\u00e8re de pilote d&rsquo;avion de chasse sans jamais vous lancer&#8230;<br \/>Voil\u00e0 que la marque italienne <a href=\"www.osbe.it\/\">OSBE<\/a> vous propose un casque aux airs de vrais casques de pilote avec une coque en HTR (High Thermoplastic Resin) permettant un poids mod\u00e9r\u00e9. Fashion et innovant, son look est assez atypique et a l&rsquo;avantage du DSS (Double Screen System) qui sont deux \u00e9crans adapt\u00e9s \u00e0 la situation. Un \u00e9cran fum\u00e9 pour les jours de grand soleil et un \u00e9cran clair pour les tunnels ou la nuit. Les tailles disponibles vont du 54 au 62.<\/p>\n<p>Ce casque existe en deux finitions: Standard (coloris: noir mat ou silver mat) ou Graphic (avec striping \u2013 coloris: orange mat ou sable mat).<\/p>\n<p>Son prix : 199\u20ac en version Standard et 229\u20ac pour le mod\u00e8le Graphic. <\/p>\n<p>Pour plus d&rsquo;informations: <a href=\"http:\/\/www.osbe.it\/\">www.osbe.it<\/a><\/p>\n<p>Alors cher(e)s lecteurs (lectrices) du Blog Moto, des envies de Mirage ?<\/p>\n","protected":false},"excerpt":{"rendered":"<p>Vous avez toujours r\u00eav\u00e9 de faire une carri\u00e8re de pilote d&rsquo;avion de chasse sans jamais vous lancer&#8230;Voil\u00e0 que la marque italienne OSBE vous propose un casque aux airs de vrais casques de pilote avec une coque en HTR (High Thermoplastic Resin) permettant un poids mod\u00e9r\u00e9. Fashion et innovant, son look est assez atypique et a [&hellip;]<\/p>\n","protected":false},"author":329,"featured_media":0,"comment_status":"open","ping_status":"open","sticky":false,"template":"","format":"standard","meta":{"footnotes":""},"categories":[27],"tags":[],"class_list":["post-1393","post","type-post","status-publish","format-standard","hentry","category-securite"],"yoast_head":"<!-- This site is optimized with the Yoast SEO plugin v26.0 - https:\/\/yoast.com\/wordpress\/plugins\/seo\/ -->\n<title>OSBE Tornado, quand l&#039;aviation rejoint la moto - leblogmoto.com<\/title>\n<meta name=\"robots\" content=\"index, follow, max-snippet:-1, max-image-preview:large, max-video-preview:-1\" \/>\n<link rel=\"canonical\" href=\"https:\/\/blogs.thesocialmedia.com\/leblogmoto\/2007\/05\/14\/osbe-tornado-qu\/\" \/>\n<meta name=\"twitter:card\" content=\"summary_large_image\" \/>\n<meta name=\"twitter:title\" content=\"OSBE Tornado, quand l&#039;aviation rejoint la moto - leblogmoto.com\" \/>\n<meta name=\"twitter:description\" content=\"Vous avez toujours r\u00eav\u00e9 de faire une carri\u00e8re de pilote d&rsquo;avion de chasse sans jamais vous lancer&#8230;Voil\u00e0 que la marque italienne OSBE vous propose un casque aux airs de vrais casques de pilote avec une coque en HTR (High Thermoplastic Resin) permettant un poids mod\u00e9r\u00e9. Fashion et innovant, son look est assez atypique et a [&hellip;]\" \/>\n<meta name=\"twitter:image\" content=\"http:\/\/www.leblogmoto.com\/images\/2007\/05\/14\/osbe_tornado.jpg\" \/>\n<meta name=\"twitter:label1\" content=\"\u00c9crit par\" \/>\n\t<meta name=\"twitter:data1\" content=\"gregory boucaud\" \/>\n\t<meta name=\"twitter:label2\" content=\"Dur\u00e9e de lecture estim\u00e9e\" \/>\n\t<meta name=\"twitter:data2\" content=\"1 minute\" \/>\n<script type=\"application\/ld+json\" class=\"yoast-schema-graph\">{\"@context\":\"https:\/\/schema.org\",\"@graph\":[{\"@type\":\"WebPage\",\"@id\":\"https:\/\/blogs.thesocialmedia.com\/leblogmoto\/2007\/05\/14\/osbe-tornado-qu\/\",\"url\":\"https:\/\/blogs.thesocialmedia.com\/leblogmoto\/2007\/05\/14\/osbe-tornado-qu\/\",\"name\":\"OSBE Tornado, quand l'aviation rejoint la moto - leblogmoto.com\",\"isPartOf\":{\"@id\":\"https:\/\/blogs.thesocialmedia.com\/leblogmoto\/#website\"},\"primaryImageOfPage\":{\"@id\":\"https:\/\/blogs.thesocialmedia.com\/leblogmoto\/2007\/05\/14\/osbe-tornado-qu\/#primaryimage\"},\"image\":{\"@id\":\"https:\/\/blogs.thesocialmedia.com\/leblogmoto\/2007\/05\/14\/osbe-tornado-qu\/#primaryimage\"},\"thumbnailUrl\":\"http:\/\/www.leblogmoto.com\/images\/2007\/05\/14\/osbe_tornado.jpg\",\"datePublished\":\"2007-05-14T21:32:57+00:00\",\"dateModified\":\"2012-07-11T14:39:44+00:00\",\"author\":{\"@id\":\"https:\/\/blogs.thesocialmedia.com\/leblogmoto\/#\/schema\/person\/769623f89741cc3381675029a37764f8\"},\"breadcrumb\":{\"@id\":\"https:\/\/blogs.thesocialmedia.com\/leblogmoto\/2007\/05\/14\/osbe-tornado-qu\/#breadcrumb\"},\"inLanguage\":\"fr-FR\",\"potentialAction\":[{\"@type\":\"ReadAction\",\"target\":[\"https:\/\/blogs.thesocialmedia.com\/leblogmoto\/2007\/05\/14\/osbe-tornado-qu\/\"]}]},{\"@type\":\"ImageObject\",\"inLanguage\":\"fr-FR\",\"@id\":\"https:\/\/blogs.thesocialmedia.com\/leblogmoto\/2007\/05\/14\/osbe-tornado-qu\/#primaryimage\",\"url\":\"http:\/\/www.leblogmoto.com\/images\/2007\/05\/14\/osbe_tornado.jpg\",\"contentUrl\":\"http:\/\/www.leblogmoto.com\/images\/2007\/05\/14\/osbe_tornado.jpg\"},{\"@type\":\"BreadcrumbList\",\"@id\":\"https:\/\/blogs.thesocialmedia.com\/leblogmoto\/2007\/05\/14\/osbe-tornado-qu\/#breadcrumb\",\"itemListElement\":[{\"@type\":\"ListItem\",\"position\":1,\"name\":\"Accueil\",\"item\":\"https:\/\/blogs.thesocialmedia.com\/leblogmoto\/\"},{\"@type\":\"ListItem\",\"position\":2,\"name\":\"OSBE Tornado, quand l&rsquo;aviation rejoint la moto\"}]},{\"@type\":\"WebSite\",\"@id\":\"https:\/\/blogs.thesocialmedia.com\/leblogmoto\/#website\",\"url\":\"https:\/\/blogs.thesocialmedia.com\/leblogmoto\/\",\"name\":\"leblogmoto\",\"description\":\"Toute l&#039;actualit\u00e9 des 2 roues\",\"potentialAction\":[{\"@type\":\"SearchAction\",\"target\":{\"@type\":\"EntryPoint\",\"urlTemplate\":\"https:\/\/blogs.thesocialmedia.com\/leblogmoto\/?s={search_term_string}\"},\"query-input\":{\"@type\":\"PropertyValueSpecification\",\"valueRequired\":true,\"valueName\":\"search_term_string\"}}],\"inLanguage\":\"fr-FR\"},{\"@type\":\"Person\",\"@id\":\"https:\/\/blogs.thesocialmedia.com\/leblogmoto\/#\/schema\/person\/769623f89741cc3381675029a37764f8\",\"name\":\"gregory boucaud\",\"image\":{\"@type\":\"ImageObject\",\"inLanguage\":\"fr-FR\",\"@id\":\"https:\/\/blogs.thesocialmedia.com\/leblogmoto\/#\/schema\/person\/image\/\",\"url\":\"https:\/\/secure.gravatar.com\/avatar\/?s=96&d=mm&r=g\",\"contentUrl\":\"https:\/\/secure.gravatar.com\/avatar\/?s=96&d=mm&r=g\",\"caption\":\"gregory boucaud\"},\"url\":\"https:\/\/blogs.thesocialmedia.com\/leblogmoto\/author\/gregory-boucaud\/\"}]}<\/script>\n<!-- \/ Yoast SEO plugin. -->","yoast_head_json":{"title":"OSBE Tornado, quand l'aviation rejoint la moto - leblogmoto.com","robots":{"index":"index","follow":"follow","max-snippet":"max-snippet:-1","max-image-preview":"max-image-preview:large","max-video-preview":"max-video-preview:-1"},"canonical":"https:\/\/blogs.thesocialmedia.com\/leblogmoto\/2007\/05\/14\/osbe-tornado-qu\/","twitter_card":"summary_large_image","twitter_title":"OSBE Tornado, quand l'aviation rejoint la moto - leblogmoto.com","twitter_description":"Vous avez toujours r\u00eav\u00e9 de faire une carri\u00e8re de pilote d&rsquo;avion de chasse sans jamais vous lancer&#8230;Voil\u00e0 que la marque italienne OSBE vous propose un casque aux airs de vrais casques de pilote avec une coque en HTR (High Thermoplastic Resin) permettant un poids mod\u00e9r\u00e9. Fashion et innovant, son look est assez atypique et a [&hellip;]","twitter_image":"http:\/\/www.leblogmoto.com\/images\/2007\/05\/14\/osbe_tornado.jpg","twitter_misc":{"\u00c9crit par":"gregory boucaud","Dur\u00e9e de lecture estim\u00e9e":"1 minute"},"schema":{"@context":"https:\/\/schema.org","@graph":[{"@type":"WebPage","@id":"https:\/\/blogs.thesocialmedia.com\/leblogmoto\/2007\/05\/14\/osbe-tornado-qu\/","url":"https:\/\/blogs.thesocialmedia.com\/leblogmoto\/2007\/05\/14\/osbe-tornado-qu\/","name":"OSBE Tornado, quand l'aviation rejoint la moto - leblogmoto.com","isPartOf":{"@id":"https:\/\/blogs.thesocialmedia.com\/leblogmoto\/#website"},"primaryImageOfPage":{"@id":"https:\/\/blogs.thesocialmedia.com\/leblogmoto\/2007\/05\/14\/osbe-tornado-qu\/#primaryimage"},"image":{"@id":"https:\/\/blogs.thesocialmedia.com\/leblogmoto\/2007\/05\/14\/osbe-tornado-qu\/#primaryimage"},"thumbnailUrl":"http:\/\/www.leblogmoto.com\/images\/2007\/05\/14\/osbe_tornado.jpg","datePublished":"2007-05-14T21:32:57+00:00","dateModified":"2012-07-11T14:39:44+00:00","author":{"@id":"https:\/\/blogs.thesocialmedia.com\/leblogmoto\/#\/schema\/person\/769623f89741cc3381675029a37764f8"},"breadcrumb":{"@id":"https:\/\/blogs.thesocialmedia.com\/leblogmoto\/2007\/05\/14\/osbe-tornado-qu\/#breadcrumb"},"inLanguage":"fr-FR","potentialAction":[{"@type":"ReadAction","target":["https:\/\/blogs.thesocialmedia.com\/leblogmoto\/2007\/05\/14\/osbe-tornado-qu\/"]}]},{"@type":"ImageObject","inLanguage":"fr-FR","@id":"https:\/\/blogs.thesocialmedia.com\/leblogmoto\/2007\/05\/14\/osbe-tornado-qu\/#primaryimage","url":"http:\/\/www.leblogmoto.com\/images\/2007\/05\/14\/osbe_tornado.jpg","contentUrl":"http:\/\/www.leblogmoto.com\/images\/2007\/05\/14\/osbe_tornado.jpg"},{"@type":"BreadcrumbList","@id":"https:\/\/blogs.thesocialmedia.com\/leblogmoto\/2007\/05\/14\/osbe-tornado-qu\/#breadcrumb","itemListElement":[{"@type":"ListItem","position":1,"name":"Accueil","item":"https:\/\/blogs.thesocialmedia.com\/leblogmoto\/"},{"@type":"ListItem","position":2,"name":"OSBE Tornado, quand l&rsquo;aviation rejoint la moto"}]},{"@type":"WebSite","@id":"https:\/\/blogs.thesocialmedia.com\/leblogmoto\/#website","url":"https:\/\/blogs.thesocialmedia.com\/leblogmoto\/","name":"leblogmoto","description":"Toute l&#039;actualit\u00e9 des 2 roues","potentialAction":[{"@type":"SearchAction","target":{"@type":"EntryPoint","urlTemplate":"https:\/\/blogs.thesocialmedia.com\/leblogmoto\/?s={search_term_string}"},"query-input":{"@type":"PropertyValueSpecification","valueRequired":true,"valueName":"search_term_string"}}],"inLanguage":"fr-FR"},{"@type":"Person","@id":"https:\/\/blogs.thesocialmedia.com\/leblogmoto\/#\/schema\/person\/769623f89741cc3381675029a37764f8","name":"gregory boucaud","image":{"@type":"ImageObject","inLanguage":"fr-FR","@id":"https:\/\/blogs.thesocialmedia.com\/leblogmoto\/#\/schema\/person\/image\/","url":"https:\/\/secure.gravatar.com\/avatar\/?s=96&d=mm&r=g","contentUrl":"https:\/\/secure.gravatar.com\/avatar\/?s=96&d=mm&r=g","caption":"gregory boucaud"},"url":"https:\/\/blogs.thesocialmedia.com\/leblogmoto\/author\/gregory-boucaud\/"}]}},"_links":{"self":[{"href":"https:\/\/blogs.thesocialmedia.com\/leblogmoto\/wp-json\/wp\/v2\/posts\/1393","targetHints":{"allow":["GET"]}}],"collection":[{"href":"https:\/\/blogs.thesocialmedia.com\/leblogmoto\/wp-json\/wp\/v2\/posts"}],"about":[{"href":"https:\/\/blogs.thesocialmedia.com\/leblogmoto\/wp-json\/wp\/v2\/types\/post"}],"author":[{"embeddable":true,"href":"https:\/\/blogs.thesocialmedia.com\/leblogmoto\/wp-json\/wp\/v2\/users\/329"}],"replies":[{"embeddable":true,"href":"https:\/\/blogs.thesocialmedia.com\/leblogmoto\/wp-json\/wp\/v2\/comments?post=1393"}],"version-history":[{"count":2,"href":"https:\/\/blogs.thesocialmedia.com\/leblogmoto\/wp-json\/wp\/v2\/posts\/1393\/revisions"}],"predecessor-version":[{"id":8383,"href":"https:\/\/blogs.thesocialmedia.com\/leblogmoto\/wp-json\/wp\/v2\/posts\/1393\/revisions\/8383"}],"wp:attachment":[{"href":"https:\/\/blogs.thesocialmedia.com\/leblogmoto\/wp-json\/wp\/v2\/media?parent=1393"}],"wp:term":[{"taxonomy":"category","embeddable":true,"href":"https:\/\/blogs.thesocialmedia.com\/leblogmoto\/wp-json\/wp\/v2\/categories?post=1393"},{"taxonomy":"post_tag","embeddable":true,"href":"https:\/\/blogs.thesocialmedia.com\/leblogmoto\/wp-json\/wp\/v2\/tags?post=1393"}],"curies":[{"name":"wp","href":"https:\/\/api.w.org\/{rel}","templated":true}]}}