{"id":1395,"date":"2007-05-14T20:29:45","date_gmt":"2007-05-14T20:29:45","guid":{"rendered":"http:\/\/blogs.thesocialmedia.com\/leblogmoto\/2007\/05\/14\/jmv-concept-se\/"},"modified":"2012-07-11T14:39:40","modified_gmt":"2012-07-11T14:39:40","slug":"jmv-concept-se","status":"publish","type":"post","link":"https:\/\/blogs.thesocialmedia.com\/leblogmoto\/2007\/05\/14\/jmv-concept-se\/","title":{"rendered":"JMV Concept se met au FZ6"},"content":{"rendered":"<p><a href=\"http:\/\/blogs.thesocialmedia.com\/leblogmoto\/files\/2012\/07\/fz6s2actu1.jpg\"><img loading=\"lazy\" decoding=\"async\" height=\"166\" alt=\"Fz6s2actu1\" src=\"http:\/\/www.leblogmoto.com\/images\/2007\/05\/14\/fz6s2actu1.jpg\" width=\"250\"  \/><\/a> <a href=\"www.jmvconcept.fr\">JMV Concept<\/a>, soci\u00e9t\u00e9 situ\u00e9e \u00e0 G\u00e9menos dans les Bouches-du-Rh\u00f4ne et sp\u00e9cialis\u00e9e dans le tuning moto, s&rsquo;attaque \u00e0 la <a href=\"http:\/\/www.yamaha-motor.fr\/produits\/motos\/roadsters\/yamaha-fz6-s2.jsp\">FZ6N\/S<\/a> S2 2007.<br \/>Cr\u00e9\u00e9e en 1979 par Jean-Michel VALEUR, il nous raconte &quot;nous cherchons toujours un plus quelle que soit notre cr\u00e9ation. Soit c\u00f4t\u00e9 look, avec toutes les pi\u00e8ces pour les hyper sportives, soit c\u00f4t\u00e9 protection pour les basiques et les GT. Notre objectif permanent est de r\u00e9aliser une valeur ajout\u00e9e au produit de d\u00e9part. Apporter une fonction suppl\u00e9mentaire \u00e0 une moto actuelle devient pourtant difficile, mais c&rsquo;est notre enjeu quotidien&quot;. <\/p>\n<p><a href=\"http:\/\/clabedan.typepad.com\/.shared\/image.html?\/photos\/uncategorized\/2007\/05\/14\/fz6s2basn2.jpg\"><img loading=\"lazy\" decoding=\"async\" height=\"354\" alt=\"Fz6s2basn2\" src=\"http:\/\/www.leblogmoto.com\/images\/2007\/05\/14\/fz6s2basn2.jpg\" width=\"250\"  \/><\/a> Au programme : <br \/>&#8211; Bas de car\u00e9nage pour une utilisation destin\u00e9e au tourisme<br \/>&#8211; Jeu \u00e9copes de radiateur <br \/>&#8211; Saute-vent (protection des cervicales ? )<br \/>&#8211; Jeu 3 caches carters moteur en carbone<br \/>&#8211; Sabot moteur <br \/>&#8211; Garde boue arri\u00e8re <br \/>&#8211; Passage de roue pour enlever la bavette etc&#8230;<br \/>De quoi personnaliser un des roadsters les plus vendus en France&#8230;<\/p>\n<p>Pour plus de renseignements, rendez-vous sur le site <a href=\"http:\/\/www.jmvconcept.fr\/\">www.jmvconcept.fr<\/a><a href=\"http:\/\/clabedan.typepad.com\/.shared\/image.html?\/photos\/uncategorized\/2007\/05\/14\/fz6s2bas2.jpg\"><img loading=\"lazy\" decoding=\"async\" height=\"354\" alt=\"Fz6s2bas2\" src=\"http:\/\/www.leblogmoto.com\/images\/2007\/05\/14\/fz6s2bas2.jpg\" width=\"250\"  \/><\/a><\/p>\n","protected":false},"excerpt":{"rendered":"<p>JMV Concept, soci\u00e9t\u00e9 situ\u00e9e \u00e0 G\u00e9menos dans les Bouches-du-Rh\u00f4ne et sp\u00e9cialis\u00e9e dans le tuning moto, s&rsquo;attaque \u00e0 la FZ6N\/S S2 2007.Cr\u00e9\u00e9e en 1979 par Jean-Michel VALEUR, il nous raconte &quot;nous cherchons toujours un plus quelle que soit notre cr\u00e9ation. Soit c\u00f4t\u00e9 look, avec toutes les pi\u00e8ces pour les hyper sportives, soit c\u00f4t\u00e9 protection pour les [&hellip;]<\/p>\n","protected":false},"author":329,"featured_media":0,"comment_status":"open","ping_status":"open","sticky":false,"template":"","format":"standard","meta":{"footnotes":""},"categories":[3,44],"tags":[],"class_list":["post-1395","post","type-post","status-publish","format-standard","hentry","category-actualite","category-yamaha"],"yoast_head":"<!-- This site is optimized with the Yoast SEO plugin v26.0 - https:\/\/yoast.com\/wordpress\/plugins\/seo\/ -->\n<title>JMV Concept se met au FZ6 - leblogmoto.com<\/title>\n<meta name=\"robots\" content=\"index, follow, max-snippet:-1, max-image-preview:large, max-video-preview:-1\" \/>\n<link rel=\"canonical\" href=\"https:\/\/blogs.thesocialmedia.com\/leblogmoto\/2007\/05\/14\/jmv-concept-se\/\" \/>\n<meta name=\"twitter:card\" content=\"summary_large_image\" \/>\n<meta name=\"twitter:title\" content=\"JMV Concept se met au FZ6 - leblogmoto.com\" \/>\n<meta name=\"twitter:description\" content=\"JMV Concept, soci\u00e9t\u00e9 situ\u00e9e \u00e0 G\u00e9menos dans les Bouches-du-Rh\u00f4ne et sp\u00e9cialis\u00e9e dans le tuning moto, s&rsquo;attaque \u00e0 la FZ6N\/S S2 2007.Cr\u00e9\u00e9e en 1979 par Jean-Michel VALEUR, il nous raconte &quot;nous cherchons toujours un plus quelle que soit notre cr\u00e9ation. Soit c\u00f4t\u00e9 look, avec toutes les pi\u00e8ces pour les hyper sportives, soit c\u00f4t\u00e9 protection pour les [&hellip;]\" \/>\n<meta name=\"twitter:image\" content=\"http:\/\/www.leblogmoto.com\/images\/2007\/05\/14\/fz6s2actu1.jpg\" \/>\n<meta name=\"twitter:label1\" content=\"\u00c9crit par\" \/>\n\t<meta name=\"twitter:data1\" content=\"gregory boucaud\" \/>\n\t<meta name=\"twitter:label2\" content=\"Dur\u00e9e de lecture estim\u00e9e\" \/>\n\t<meta name=\"twitter:data2\" content=\"1 minute\" \/>\n<script type=\"application\/ld+json\" class=\"yoast-schema-graph\">{\"@context\":\"https:\/\/schema.org\",\"@graph\":[{\"@type\":\"WebPage\",\"@id\":\"https:\/\/blogs.thesocialmedia.com\/leblogmoto\/2007\/05\/14\/jmv-concept-se\/\",\"url\":\"https:\/\/blogs.thesocialmedia.com\/leblogmoto\/2007\/05\/14\/jmv-concept-se\/\",\"name\":\"JMV Concept se met au FZ6 - leblogmoto.com\",\"isPartOf\":{\"@id\":\"https:\/\/blogs.thesocialmedia.com\/leblogmoto\/#website\"},\"primaryImageOfPage\":{\"@id\":\"https:\/\/blogs.thesocialmedia.com\/leblogmoto\/2007\/05\/14\/jmv-concept-se\/#primaryimage\"},\"image\":{\"@id\":\"https:\/\/blogs.thesocialmedia.com\/leblogmoto\/2007\/05\/14\/jmv-concept-se\/#primaryimage\"},\"thumbnailUrl\":\"http:\/\/www.leblogmoto.com\/images\/2007\/05\/14\/fz6s2actu1.jpg\",\"datePublished\":\"2007-05-14T20:29:45+00:00\",\"dateModified\":\"2012-07-11T14:39:40+00:00\",\"author\":{\"@id\":\"https:\/\/blogs.thesocialmedia.com\/leblogmoto\/#\/schema\/person\/769623f89741cc3381675029a37764f8\"},\"breadcrumb\":{\"@id\":\"https:\/\/blogs.thesocialmedia.com\/leblogmoto\/2007\/05\/14\/jmv-concept-se\/#breadcrumb\"},\"inLanguage\":\"fr-FR\",\"potentialAction\":[{\"@type\":\"ReadAction\",\"target\":[\"https:\/\/blogs.thesocialmedia.com\/leblogmoto\/2007\/05\/14\/jmv-concept-se\/\"]}]},{\"@type\":\"ImageObject\",\"inLanguage\":\"fr-FR\",\"@id\":\"https:\/\/blogs.thesocialmedia.com\/leblogmoto\/2007\/05\/14\/jmv-concept-se\/#primaryimage\",\"url\":\"http:\/\/www.leblogmoto.com\/images\/2007\/05\/14\/fz6s2actu1.jpg\",\"contentUrl\":\"http:\/\/www.leblogmoto.com\/images\/2007\/05\/14\/fz6s2actu1.jpg\"},{\"@type\":\"BreadcrumbList\",\"@id\":\"https:\/\/blogs.thesocialmedia.com\/leblogmoto\/2007\/05\/14\/jmv-concept-se\/#breadcrumb\",\"itemListElement\":[{\"@type\":\"ListItem\",\"position\":1,\"name\":\"Accueil\",\"item\":\"https:\/\/blogs.thesocialmedia.com\/leblogmoto\/\"},{\"@type\":\"ListItem\",\"position\":2,\"name\":\"JMV Concept se met au FZ6\"}]},{\"@type\":\"WebSite\",\"@id\":\"https:\/\/blogs.thesocialmedia.com\/leblogmoto\/#website\",\"url\":\"https:\/\/blogs.thesocialmedia.com\/leblogmoto\/\",\"name\":\"leblogmoto\",\"description\":\"Toute l&#039;actualit\u00e9 des 2 roues\",\"potentialAction\":[{\"@type\":\"SearchAction\",\"target\":{\"@type\":\"EntryPoint\",\"urlTemplate\":\"https:\/\/blogs.thesocialmedia.com\/leblogmoto\/?s={search_term_string}\"},\"query-input\":{\"@type\":\"PropertyValueSpecification\",\"valueRequired\":true,\"valueName\":\"search_term_string\"}}],\"inLanguage\":\"fr-FR\"},{\"@type\":\"Person\",\"@id\":\"https:\/\/blogs.thesocialmedia.com\/leblogmoto\/#\/schema\/person\/769623f89741cc3381675029a37764f8\",\"name\":\"gregory boucaud\",\"image\":{\"@type\":\"ImageObject\",\"inLanguage\":\"fr-FR\",\"@id\":\"https:\/\/blogs.thesocialmedia.com\/leblogmoto\/#\/schema\/person\/image\/\",\"url\":\"https:\/\/secure.gravatar.com\/avatar\/?s=96&d=mm&r=g\",\"contentUrl\":\"https:\/\/secure.gravatar.com\/avatar\/?s=96&d=mm&r=g\",\"caption\":\"gregory boucaud\"},\"url\":\"https:\/\/blogs.thesocialmedia.com\/leblogmoto\/author\/gregory-boucaud\/\"}]}<\/script>\n<!-- \/ Yoast SEO plugin. -->","yoast_head_json":{"title":"JMV Concept se met au FZ6 - leblogmoto.com","robots":{"index":"index","follow":"follow","max-snippet":"max-snippet:-1","max-image-preview":"max-image-preview:large","max-video-preview":"max-video-preview:-1"},"canonical":"https:\/\/blogs.thesocialmedia.com\/leblogmoto\/2007\/05\/14\/jmv-concept-se\/","twitter_card":"summary_large_image","twitter_title":"JMV Concept se met au FZ6 - leblogmoto.com","twitter_description":"JMV Concept, soci\u00e9t\u00e9 situ\u00e9e \u00e0 G\u00e9menos dans les Bouches-du-Rh\u00f4ne et sp\u00e9cialis\u00e9e dans le tuning moto, s&rsquo;attaque \u00e0 la FZ6N\/S S2 2007.Cr\u00e9\u00e9e en 1979 par Jean-Michel VALEUR, il nous raconte &quot;nous cherchons toujours un plus quelle que soit notre cr\u00e9ation. Soit c\u00f4t\u00e9 look, avec toutes les pi\u00e8ces pour les hyper sportives, soit c\u00f4t\u00e9 protection pour les [&hellip;]","twitter_image":"http:\/\/www.leblogmoto.com\/images\/2007\/05\/14\/fz6s2actu1.jpg","twitter_misc":{"\u00c9crit par":"gregory boucaud","Dur\u00e9e de lecture estim\u00e9e":"1 minute"},"schema":{"@context":"https:\/\/schema.org","@graph":[{"@type":"WebPage","@id":"https:\/\/blogs.thesocialmedia.com\/leblogmoto\/2007\/05\/14\/jmv-concept-se\/","url":"https:\/\/blogs.thesocialmedia.com\/leblogmoto\/2007\/05\/14\/jmv-concept-se\/","name":"JMV Concept se met au FZ6 - leblogmoto.com","isPartOf":{"@id":"https:\/\/blogs.thesocialmedia.com\/leblogmoto\/#website"},"primaryImageOfPage":{"@id":"https:\/\/blogs.thesocialmedia.com\/leblogmoto\/2007\/05\/14\/jmv-concept-se\/#primaryimage"},"image":{"@id":"https:\/\/blogs.thesocialmedia.com\/leblogmoto\/2007\/05\/14\/jmv-concept-se\/#primaryimage"},"thumbnailUrl":"http:\/\/www.leblogmoto.com\/images\/2007\/05\/14\/fz6s2actu1.jpg","datePublished":"2007-05-14T20:29:45+00:00","dateModified":"2012-07-11T14:39:40+00:00","author":{"@id":"https:\/\/blogs.thesocialmedia.com\/leblogmoto\/#\/schema\/person\/769623f89741cc3381675029a37764f8"},"breadcrumb":{"@id":"https:\/\/blogs.thesocialmedia.com\/leblogmoto\/2007\/05\/14\/jmv-concept-se\/#breadcrumb"},"inLanguage":"fr-FR","potentialAction":[{"@type":"ReadAction","target":["https:\/\/blogs.thesocialmedia.com\/leblogmoto\/2007\/05\/14\/jmv-concept-se\/"]}]},{"@type":"ImageObject","inLanguage":"fr-FR","@id":"https:\/\/blogs.thesocialmedia.com\/leblogmoto\/2007\/05\/14\/jmv-concept-se\/#primaryimage","url":"http:\/\/www.leblogmoto.com\/images\/2007\/05\/14\/fz6s2actu1.jpg","contentUrl":"http:\/\/www.leblogmoto.com\/images\/2007\/05\/14\/fz6s2actu1.jpg"},{"@type":"BreadcrumbList","@id":"https:\/\/blogs.thesocialmedia.com\/leblogmoto\/2007\/05\/14\/jmv-concept-se\/#breadcrumb","itemListElement":[{"@type":"ListItem","position":1,"name":"Accueil","item":"https:\/\/blogs.thesocialmedia.com\/leblogmoto\/"},{"@type":"ListItem","position":2,"name":"JMV Concept se met au FZ6"}]},{"@type":"WebSite","@id":"https:\/\/blogs.thesocialmedia.com\/leblogmoto\/#website","url":"https:\/\/blogs.thesocialmedia.com\/leblogmoto\/","name":"leblogmoto","description":"Toute l&#039;actualit\u00e9 des 2 roues","potentialAction":[{"@type":"SearchAction","target":{"@type":"EntryPoint","urlTemplate":"https:\/\/blogs.thesocialmedia.com\/leblogmoto\/?s={search_term_string}"},"query-input":{"@type":"PropertyValueSpecification","valueRequired":true,"valueName":"search_term_string"}}],"inLanguage":"fr-FR"},{"@type":"Person","@id":"https:\/\/blogs.thesocialmedia.com\/leblogmoto\/#\/schema\/person\/769623f89741cc3381675029a37764f8","name":"gregory boucaud","image":{"@type":"ImageObject","inLanguage":"fr-FR","@id":"https:\/\/blogs.thesocialmedia.com\/leblogmoto\/#\/schema\/person\/image\/","url":"https:\/\/secure.gravatar.com\/avatar\/?s=96&d=mm&r=g","contentUrl":"https:\/\/secure.gravatar.com\/avatar\/?s=96&d=mm&r=g","caption":"gregory boucaud"},"url":"https:\/\/blogs.thesocialmedia.com\/leblogmoto\/author\/gregory-boucaud\/"}]}},"_links":{"self":[{"href":"https:\/\/blogs.thesocialmedia.com\/leblogmoto\/wp-json\/wp\/v2\/posts\/1395","targetHints":{"allow":["GET"]}}],"collection":[{"href":"https:\/\/blogs.thesocialmedia.com\/leblogmoto\/wp-json\/wp\/v2\/posts"}],"about":[{"href":"https:\/\/blogs.thesocialmedia.com\/leblogmoto\/wp-json\/wp\/v2\/types\/post"}],"author":[{"embeddable":true,"href":"https:\/\/blogs.thesocialmedia.com\/leblogmoto\/wp-json\/wp\/v2\/users\/329"}],"replies":[{"embeddable":true,"href":"https:\/\/blogs.thesocialmedia.com\/leblogmoto\/wp-json\/wp\/v2\/comments?post=1395"}],"version-history":[{"count":2,"href":"https:\/\/blogs.thesocialmedia.com\/leblogmoto\/wp-json\/wp\/v2\/posts\/1395\/revisions"}],"predecessor-version":[{"id":8379,"href":"https:\/\/blogs.thesocialmedia.com\/leblogmoto\/wp-json\/wp\/v2\/posts\/1395\/revisions\/8379"}],"wp:attachment":[{"href":"https:\/\/blogs.thesocialmedia.com\/leblogmoto\/wp-json\/wp\/v2\/media?parent=1395"}],"wp:term":[{"taxonomy":"category","embeddable":true,"href":"https:\/\/blogs.thesocialmedia.com\/leblogmoto\/wp-json\/wp\/v2\/categories?post=1395"},{"taxonomy":"post_tag","embeddable":true,"href":"https:\/\/blogs.thesocialmedia.com\/leblogmoto\/wp-json\/wp\/v2\/tags?post=1395"}],"curies":[{"name":"wp","href":"https:\/\/api.w.org\/{rel}","templated":true}]}}