{"id":1396,"date":"2007-05-13T13:57:33","date_gmt":"2007-05-13T13:57:33","guid":{"rendered":"http:\/\/blogs.thesocialmedia.com\/leblogmoto\/2007\/05\/13\/mondial-du-deux-3\/"},"modified":"2012-07-11T14:39:38","modified_gmt":"2012-07-11T14:39:38","slug":"mondial-du-deux-3","status":"publish","type":"post","link":"https:\/\/blogs.thesocialmedia.com\/leblogmoto\/2007\/05\/13\/mondial-du-deux-3\/","title":{"rendered":"Mondial du deux-roues 2007"},"content":{"rendered":"<p><a href=\"http:\/\/blogs.thesocialmedia.com\/leblogmoto\/files\/2012\/07\/salon_deux_roues.jpg\"><img loading=\"lazy\" decoding=\"async\" height=\"231\" alt=\"Salon_deux_roues\" src=\"http:\/\/www.leblogmoto.com\/images\/2007\/05\/13\/salon_deux_roues.jpg\" width=\"570\"  \/><\/a>Cette ann\u00e9e, le Mondial du deux-roues aura lieu du 29 septembre au 7 octobre. L&rsquo;occasion pour des milliers de motards de voir les nouveaut\u00e9s constructeur ou \u00e9quipementier s&rsquo;\u00e9parpillant sur les 60 000m\u00b2 d&rsquo;expositions.<\/p>\n<p>Rappelons que ce salon avait compt\u00e9 en 2005 plus de 380 000 visiteurs ainsi que plus de 2200 journalistes de 44 pays. Autre chiffre record, le Salon de la Moto d&rsquo;occasion a permis la vente de plus de 300 motos.<\/p>\n<p>Pour ce qui est des animations vous aurez droit \u00e0 des pistes d&rsquo;essai 125 cm3, des d\u00e9monstrations de Mini-moto, Mini-quad, Scooter tout cela ponctu\u00e9 par quelques d\u00e9bats.<\/p>\n<p>Cette ann\u00e9e aussi, une exposition sur le th\u00e8me de &quot;La moto et le cin\u00e9ma&quot; pr\u00e9sentera des motos de collection utilis\u00e9es dans les films \u00e0 succ\u00e8s.<\/p>\n<p>Ce salon se tiendra \u00e0 :<br \/>PARIS EXPO <br \/>Place de la Porte de Versailles <br \/>75015 &#8211; PARIS<\/p>\n<p><strong>Horaires :<\/strong> <br \/>10h &#8211; 20h tous les jours <br \/>Nocturnes jusqu&rsquo;\u00e0 22h : mardi 2 et vendredi 5 octobre <\/p>\n<p><strong>Prix d&rsquo;entr\u00e9e :<\/strong> <br \/>prix normal : 12 EUR <br \/>12 &#8211; 18 ans : 8 EUR <br \/>moins de 12 ans : gratuit <br \/>Sachez aussi que du 29 septembre au 2 octobre, le billet d&rsquo;entr\u00e9e donne \u00e9galement acc\u00e8s au Salon du Cycle<\/p>\n<p>Maintenant, vous n&rsquo;aurez plus aucune excuse pour rater ce salon&#8230; <\/p>\n","protected":false},"excerpt":{"rendered":"<p>Cette ann\u00e9e, le Mondial du deux-roues aura lieu du 29 septembre au 7 octobre. L&rsquo;occasion pour des milliers de motards de voir les nouveaut\u00e9s constructeur ou \u00e9quipementier s&rsquo;\u00e9parpillant sur les 60 000m\u00b2 d&rsquo;expositions. Rappelons que ce salon avait compt\u00e9 en 2005 plus de 380 000 visiteurs ainsi que plus de 2200 journalistes de 44 pays. [&hellip;]<\/p>\n","protected":false},"author":329,"featured_media":0,"comment_status":"open","ping_status":"open","sticky":false,"template":"","format":"standard","meta":{"footnotes":""},"categories":[36],"tags":[],"class_list":["post-1396","post","type-post","status-publish","format-standard","hentry","category-salons"],"yoast_head":"<!-- This site is optimized with the Yoast SEO plugin v26.0 - https:\/\/yoast.com\/wordpress\/plugins\/seo\/ -->\n<title>Mondial du deux-roues 2007 - leblogmoto.com<\/title>\n<meta name=\"robots\" content=\"index, follow, max-snippet:-1, max-image-preview:large, max-video-preview:-1\" \/>\n<link rel=\"canonical\" href=\"https:\/\/blogs.thesocialmedia.com\/leblogmoto\/2007\/05\/13\/mondial-du-deux-3\/\" \/>\n<meta name=\"twitter:card\" content=\"summary_large_image\" \/>\n<meta name=\"twitter:title\" content=\"Mondial du deux-roues 2007 - leblogmoto.com\" \/>\n<meta name=\"twitter:description\" content=\"Cette ann\u00e9e, le Mondial du deux-roues aura lieu du 29 septembre au 7 octobre. L&rsquo;occasion pour des milliers de motards de voir les nouveaut\u00e9s constructeur ou \u00e9quipementier s&rsquo;\u00e9parpillant sur les 60 000m\u00b2 d&rsquo;expositions. Rappelons que ce salon avait compt\u00e9 en 2005 plus de 380 000 visiteurs ainsi que plus de 2200 journalistes de 44 pays. [&hellip;]\" \/>\n<meta name=\"twitter:image\" content=\"http:\/\/www.leblogmoto.com\/images\/2007\/05\/13\/salon_deux_roues.jpg\" \/>\n<meta name=\"twitter:label1\" content=\"\u00c9crit par\" \/>\n\t<meta name=\"twitter:data1\" content=\"gregory boucaud\" \/>\n\t<meta name=\"twitter:label2\" content=\"Dur\u00e9e de lecture estim\u00e9e\" \/>\n\t<meta name=\"twitter:data2\" content=\"1 minute\" \/>\n<script type=\"application\/ld+json\" class=\"yoast-schema-graph\">{\"@context\":\"https:\/\/schema.org\",\"@graph\":[{\"@type\":\"WebPage\",\"@id\":\"https:\/\/blogs.thesocialmedia.com\/leblogmoto\/2007\/05\/13\/mondial-du-deux-3\/\",\"url\":\"https:\/\/blogs.thesocialmedia.com\/leblogmoto\/2007\/05\/13\/mondial-du-deux-3\/\",\"name\":\"Mondial du deux-roues 2007 - leblogmoto.com\",\"isPartOf\":{\"@id\":\"https:\/\/blogs.thesocialmedia.com\/leblogmoto\/#website\"},\"primaryImageOfPage\":{\"@id\":\"https:\/\/blogs.thesocialmedia.com\/leblogmoto\/2007\/05\/13\/mondial-du-deux-3\/#primaryimage\"},\"image\":{\"@id\":\"https:\/\/blogs.thesocialmedia.com\/leblogmoto\/2007\/05\/13\/mondial-du-deux-3\/#primaryimage\"},\"thumbnailUrl\":\"http:\/\/www.leblogmoto.com\/images\/2007\/05\/13\/salon_deux_roues.jpg\",\"datePublished\":\"2007-05-13T13:57:33+00:00\",\"dateModified\":\"2012-07-11T14:39:38+00:00\",\"author\":{\"@id\":\"https:\/\/blogs.thesocialmedia.com\/leblogmoto\/#\/schema\/person\/769623f89741cc3381675029a37764f8\"},\"breadcrumb\":{\"@id\":\"https:\/\/blogs.thesocialmedia.com\/leblogmoto\/2007\/05\/13\/mondial-du-deux-3\/#breadcrumb\"},\"inLanguage\":\"fr-FR\",\"potentialAction\":[{\"@type\":\"ReadAction\",\"target\":[\"https:\/\/blogs.thesocialmedia.com\/leblogmoto\/2007\/05\/13\/mondial-du-deux-3\/\"]}]},{\"@type\":\"ImageObject\",\"inLanguage\":\"fr-FR\",\"@id\":\"https:\/\/blogs.thesocialmedia.com\/leblogmoto\/2007\/05\/13\/mondial-du-deux-3\/#primaryimage\",\"url\":\"http:\/\/www.leblogmoto.com\/images\/2007\/05\/13\/salon_deux_roues.jpg\",\"contentUrl\":\"http:\/\/www.leblogmoto.com\/images\/2007\/05\/13\/salon_deux_roues.jpg\"},{\"@type\":\"BreadcrumbList\",\"@id\":\"https:\/\/blogs.thesocialmedia.com\/leblogmoto\/2007\/05\/13\/mondial-du-deux-3\/#breadcrumb\",\"itemListElement\":[{\"@type\":\"ListItem\",\"position\":1,\"name\":\"Accueil\",\"item\":\"https:\/\/blogs.thesocialmedia.com\/leblogmoto\/\"},{\"@type\":\"ListItem\",\"position\":2,\"name\":\"Mondial du deux-roues 2007\"}]},{\"@type\":\"WebSite\",\"@id\":\"https:\/\/blogs.thesocialmedia.com\/leblogmoto\/#website\",\"url\":\"https:\/\/blogs.thesocialmedia.com\/leblogmoto\/\",\"name\":\"leblogmoto\",\"description\":\"Toute l&#039;actualit\u00e9 des 2 roues\",\"potentialAction\":[{\"@type\":\"SearchAction\",\"target\":{\"@type\":\"EntryPoint\",\"urlTemplate\":\"https:\/\/blogs.thesocialmedia.com\/leblogmoto\/?s={search_term_string}\"},\"query-input\":{\"@type\":\"PropertyValueSpecification\",\"valueRequired\":true,\"valueName\":\"search_term_string\"}}],\"inLanguage\":\"fr-FR\"},{\"@type\":\"Person\",\"@id\":\"https:\/\/blogs.thesocialmedia.com\/leblogmoto\/#\/schema\/person\/769623f89741cc3381675029a37764f8\",\"name\":\"gregory boucaud\",\"image\":{\"@type\":\"ImageObject\",\"inLanguage\":\"fr-FR\",\"@id\":\"https:\/\/blogs.thesocialmedia.com\/leblogmoto\/#\/schema\/person\/image\/\",\"url\":\"https:\/\/secure.gravatar.com\/avatar\/?s=96&d=mm&r=g\",\"contentUrl\":\"https:\/\/secure.gravatar.com\/avatar\/?s=96&d=mm&r=g\",\"caption\":\"gregory boucaud\"},\"url\":\"https:\/\/blogs.thesocialmedia.com\/leblogmoto\/author\/gregory-boucaud\/\"}]}<\/script>\n<!-- \/ Yoast SEO plugin. -->","yoast_head_json":{"title":"Mondial du deux-roues 2007 - leblogmoto.com","robots":{"index":"index","follow":"follow","max-snippet":"max-snippet:-1","max-image-preview":"max-image-preview:large","max-video-preview":"max-video-preview:-1"},"canonical":"https:\/\/blogs.thesocialmedia.com\/leblogmoto\/2007\/05\/13\/mondial-du-deux-3\/","twitter_card":"summary_large_image","twitter_title":"Mondial du deux-roues 2007 - leblogmoto.com","twitter_description":"Cette ann\u00e9e, le Mondial du deux-roues aura lieu du 29 septembre au 7 octobre. L&rsquo;occasion pour des milliers de motards de voir les nouveaut\u00e9s constructeur ou \u00e9quipementier s&rsquo;\u00e9parpillant sur les 60 000m\u00b2 d&rsquo;expositions. Rappelons que ce salon avait compt\u00e9 en 2005 plus de 380 000 visiteurs ainsi que plus de 2200 journalistes de 44 pays. [&hellip;]","twitter_image":"http:\/\/www.leblogmoto.com\/images\/2007\/05\/13\/salon_deux_roues.jpg","twitter_misc":{"\u00c9crit par":"gregory boucaud","Dur\u00e9e de lecture estim\u00e9e":"1 minute"},"schema":{"@context":"https:\/\/schema.org","@graph":[{"@type":"WebPage","@id":"https:\/\/blogs.thesocialmedia.com\/leblogmoto\/2007\/05\/13\/mondial-du-deux-3\/","url":"https:\/\/blogs.thesocialmedia.com\/leblogmoto\/2007\/05\/13\/mondial-du-deux-3\/","name":"Mondial du deux-roues 2007 - leblogmoto.com","isPartOf":{"@id":"https:\/\/blogs.thesocialmedia.com\/leblogmoto\/#website"},"primaryImageOfPage":{"@id":"https:\/\/blogs.thesocialmedia.com\/leblogmoto\/2007\/05\/13\/mondial-du-deux-3\/#primaryimage"},"image":{"@id":"https:\/\/blogs.thesocialmedia.com\/leblogmoto\/2007\/05\/13\/mondial-du-deux-3\/#primaryimage"},"thumbnailUrl":"http:\/\/www.leblogmoto.com\/images\/2007\/05\/13\/salon_deux_roues.jpg","datePublished":"2007-05-13T13:57:33+00:00","dateModified":"2012-07-11T14:39:38+00:00","author":{"@id":"https:\/\/blogs.thesocialmedia.com\/leblogmoto\/#\/schema\/person\/769623f89741cc3381675029a37764f8"},"breadcrumb":{"@id":"https:\/\/blogs.thesocialmedia.com\/leblogmoto\/2007\/05\/13\/mondial-du-deux-3\/#breadcrumb"},"inLanguage":"fr-FR","potentialAction":[{"@type":"ReadAction","target":["https:\/\/blogs.thesocialmedia.com\/leblogmoto\/2007\/05\/13\/mondial-du-deux-3\/"]}]},{"@type":"ImageObject","inLanguage":"fr-FR","@id":"https:\/\/blogs.thesocialmedia.com\/leblogmoto\/2007\/05\/13\/mondial-du-deux-3\/#primaryimage","url":"http:\/\/www.leblogmoto.com\/images\/2007\/05\/13\/salon_deux_roues.jpg","contentUrl":"http:\/\/www.leblogmoto.com\/images\/2007\/05\/13\/salon_deux_roues.jpg"},{"@type":"BreadcrumbList","@id":"https:\/\/blogs.thesocialmedia.com\/leblogmoto\/2007\/05\/13\/mondial-du-deux-3\/#breadcrumb","itemListElement":[{"@type":"ListItem","position":1,"name":"Accueil","item":"https:\/\/blogs.thesocialmedia.com\/leblogmoto\/"},{"@type":"ListItem","position":2,"name":"Mondial du deux-roues 2007"}]},{"@type":"WebSite","@id":"https:\/\/blogs.thesocialmedia.com\/leblogmoto\/#website","url":"https:\/\/blogs.thesocialmedia.com\/leblogmoto\/","name":"leblogmoto","description":"Toute l&#039;actualit\u00e9 des 2 roues","potentialAction":[{"@type":"SearchAction","target":{"@type":"EntryPoint","urlTemplate":"https:\/\/blogs.thesocialmedia.com\/leblogmoto\/?s={search_term_string}"},"query-input":{"@type":"PropertyValueSpecification","valueRequired":true,"valueName":"search_term_string"}}],"inLanguage":"fr-FR"},{"@type":"Person","@id":"https:\/\/blogs.thesocialmedia.com\/leblogmoto\/#\/schema\/person\/769623f89741cc3381675029a37764f8","name":"gregory boucaud","image":{"@type":"ImageObject","inLanguage":"fr-FR","@id":"https:\/\/blogs.thesocialmedia.com\/leblogmoto\/#\/schema\/person\/image\/","url":"https:\/\/secure.gravatar.com\/avatar\/?s=96&d=mm&r=g","contentUrl":"https:\/\/secure.gravatar.com\/avatar\/?s=96&d=mm&r=g","caption":"gregory boucaud"},"url":"https:\/\/blogs.thesocialmedia.com\/leblogmoto\/author\/gregory-boucaud\/"}]}},"_links":{"self":[{"href":"https:\/\/blogs.thesocialmedia.com\/leblogmoto\/wp-json\/wp\/v2\/posts\/1396","targetHints":{"allow":["GET"]}}],"collection":[{"href":"https:\/\/blogs.thesocialmedia.com\/leblogmoto\/wp-json\/wp\/v2\/posts"}],"about":[{"href":"https:\/\/blogs.thesocialmedia.com\/leblogmoto\/wp-json\/wp\/v2\/types\/post"}],"author":[{"embeddable":true,"href":"https:\/\/blogs.thesocialmedia.com\/leblogmoto\/wp-json\/wp\/v2\/users\/329"}],"replies":[{"embeddable":true,"href":"https:\/\/blogs.thesocialmedia.com\/leblogmoto\/wp-json\/wp\/v2\/comments?post=1396"}],"version-history":[{"count":2,"href":"https:\/\/blogs.thesocialmedia.com\/leblogmoto\/wp-json\/wp\/v2\/posts\/1396\/revisions"}],"predecessor-version":[{"id":8377,"href":"https:\/\/blogs.thesocialmedia.com\/leblogmoto\/wp-json\/wp\/v2\/posts\/1396\/revisions\/8377"}],"wp:attachment":[{"href":"https:\/\/blogs.thesocialmedia.com\/leblogmoto\/wp-json\/wp\/v2\/media?parent=1396"}],"wp:term":[{"taxonomy":"category","embeddable":true,"href":"https:\/\/blogs.thesocialmedia.com\/leblogmoto\/wp-json\/wp\/v2\/categories?post=1396"},{"taxonomy":"post_tag","embeddable":true,"href":"https:\/\/blogs.thesocialmedia.com\/leblogmoto\/wp-json\/wp\/v2\/tags?post=1396"}],"curies":[{"name":"wp","href":"https:\/\/api.w.org\/{rel}","templated":true}]}}