{"id":1397,"date":"2007-05-13T13:20:58","date_gmt":"2007-05-13T13:20:58","guid":{"rendered":"http:\/\/blogs.thesocialmedia.com\/leblogmoto\/2007\/05\/13\/yamaha-mt0s-bie\/"},"modified":"2012-07-11T14:39:37","modified_gmt":"2012-07-11T14:39:37","slug":"yamaha-mt0s-bie","status":"publish","type":"post","link":"https:\/\/blogs.thesocialmedia.com\/leblogmoto\/2007\/05\/13\/yamaha-mt0s-bie\/","title":{"rendered":"Yamaha MT-0S, bient\u00f4t en concession"},"content":{"rendered":"<p><a href=\"http:\/\/blogs.thesocialmedia.com\/leblogmoto\/files\/2012\/07\/mt0s.jpg\"><img loading=\"lazy\" decoding=\"async\" height=\"166\" alt=\"Mt0s\" src=\"http:\/\/www.leblogmoto.com\/images\/2007\/05\/13\/mt0s.jpg\" width=\"250\"  \/><\/a> Ce Concept-Bike pr\u00e9sent\u00e9 au Mondial du Deux-Roues 2005 ne vous a surement pas laiss\u00e9 indiff\u00e9rent. Sur la base du MT-01, le MT-0S diff\u00e8re par sa t\u00eate de fource typ\u00e9e Caf\u00e9 Racer, son capot de r\u00e9servoir mais aussi par ses r\u00e9troviseurs mont\u00e9s sur le car\u00e9nage. Seulement attention, disponible en quantit\u00e9 limit\u00e9e, il faudra faire vite pour pouvoir s&rsquo;en procurer une car sachez qu&rsquo;elle sera commercialis\u00e9e \u00e0 la fin du mois de mai.<\/p>\n<p><a href=\"http:\/\/blogs.thesocialmedia.com\/leblogmoto\/files\/2012\/07\/07_mt0s02.jpg\"><img loading=\"lazy\" decoding=\"async\" height=\"166\" alt=\"07_mt0s02\" src=\"http:\/\/www.leblogmoto.com\/images\/2007\/05\/13\/07_mt0s02.jpg\" width=\"250\"  \/><\/a> La position de conduite de cette MT-0S sera abaiss\u00e9e gr\u00e2ce \u00e0 des pontets de guidon redessin\u00e9s, et vous aurez droit \u00e0 une petite touche fashion avec les embouts de guidon en aluminium. Ne trouvez-vous pas qu&rsquo;elle a un faux air de Voxan?<br \/><a href=\"http:\/\/blogs.thesocialmedia.com\/leblogmoto\/files\/2012\/07\/07_mt0s01_2.jpg\"><img loading=\"lazy\" decoding=\"async\" height=\"186\" alt=\"07_mt0s01_2\" src=\"http:\/\/www.leblogmoto.com\/images\/2007\/05\/13\/07_mt0s01_2.jpg\" width=\"250\"  \/><\/a> Et enfin, son prix 12 490\u20ac, un peu cher &#8230;<\/p>\n<p><a href=\"http:\/\/blogs.thesocialmedia.com\/leblogmoto\/files\/2012\/07\/kit_mt_0s.jpg\"><img loading=\"lazy\" decoding=\"async\" height=\"166\" alt=\"Kit_mt_0s\" src=\"http:\/\/www.leblogmoto.com\/images\/2007\/05\/13\/kit_mt_0s.jpg\" width=\"250\"  \/><\/a> Pour les possesseurs de MT-01, un kit de transformation devait \u00eatre disponible, mais pour l&rsquo;instant Yamaha Motor France indique que sa commercialisation n&rsquo;est pas encore pr\u00e9vue&#8230;<\/p>\n","protected":false},"excerpt":{"rendered":"<p>Ce Concept-Bike pr\u00e9sent\u00e9 au Mondial du Deux-Roues 2005 ne vous a surement pas laiss\u00e9 indiff\u00e9rent. Sur la base du MT-01, le MT-0S diff\u00e8re par sa t\u00eate de fource typ\u00e9e Caf\u00e9 Racer, son capot de r\u00e9servoir mais aussi par ses r\u00e9troviseurs mont\u00e9s sur le car\u00e9nage. Seulement attention, disponible en quantit\u00e9 limit\u00e9e, il faudra faire vite pour [&hellip;]<\/p>\n","protected":false},"author":329,"featured_media":0,"comment_status":"open","ping_status":"open","sticky":false,"template":"","format":"standard","meta":{"footnotes":""},"categories":[3,44],"tags":[],"class_list":["post-1397","post","type-post","status-publish","format-standard","hentry","category-actualite","category-yamaha"],"yoast_head":"<!-- This site is optimized with the Yoast SEO plugin v26.0 - https:\/\/yoast.com\/wordpress\/plugins\/seo\/ -->\n<title>Yamaha MT-0S, bient\u00f4t en concession - leblogmoto.com<\/title>\n<meta name=\"robots\" content=\"index, follow, max-snippet:-1, max-image-preview:large, max-video-preview:-1\" \/>\n<link rel=\"canonical\" href=\"https:\/\/blogs.thesocialmedia.com\/leblogmoto\/2007\/05\/13\/yamaha-mt0s-bie\/\" \/>\n<meta name=\"twitter:card\" content=\"summary_large_image\" \/>\n<meta name=\"twitter:title\" content=\"Yamaha MT-0S, bient\u00f4t en concession - leblogmoto.com\" \/>\n<meta name=\"twitter:description\" content=\"Ce Concept-Bike pr\u00e9sent\u00e9 au Mondial du Deux-Roues 2005 ne vous a surement pas laiss\u00e9 indiff\u00e9rent. Sur la base du MT-01, le MT-0S diff\u00e8re par sa t\u00eate de fource typ\u00e9e Caf\u00e9 Racer, son capot de r\u00e9servoir mais aussi par ses r\u00e9troviseurs mont\u00e9s sur le car\u00e9nage. Seulement attention, disponible en quantit\u00e9 limit\u00e9e, il faudra faire vite pour [&hellip;]\" \/>\n<meta name=\"twitter:image\" content=\"http:\/\/www.leblogmoto.com\/images\/2007\/05\/13\/mt0s.jpg\" \/>\n<meta name=\"twitter:label1\" content=\"\u00c9crit par\" \/>\n\t<meta name=\"twitter:data1\" content=\"gregory boucaud\" \/>\n\t<meta name=\"twitter:label2\" content=\"Dur\u00e9e de lecture estim\u00e9e\" \/>\n\t<meta name=\"twitter:data2\" content=\"1 minute\" \/>\n<script type=\"application\/ld+json\" class=\"yoast-schema-graph\">{\"@context\":\"https:\/\/schema.org\",\"@graph\":[{\"@type\":\"WebPage\",\"@id\":\"https:\/\/blogs.thesocialmedia.com\/leblogmoto\/2007\/05\/13\/yamaha-mt0s-bie\/\",\"url\":\"https:\/\/blogs.thesocialmedia.com\/leblogmoto\/2007\/05\/13\/yamaha-mt0s-bie\/\",\"name\":\"Yamaha MT-0S, bient\u00f4t en concession - leblogmoto.com\",\"isPartOf\":{\"@id\":\"https:\/\/blogs.thesocialmedia.com\/leblogmoto\/#website\"},\"primaryImageOfPage\":{\"@id\":\"https:\/\/blogs.thesocialmedia.com\/leblogmoto\/2007\/05\/13\/yamaha-mt0s-bie\/#primaryimage\"},\"image\":{\"@id\":\"https:\/\/blogs.thesocialmedia.com\/leblogmoto\/2007\/05\/13\/yamaha-mt0s-bie\/#primaryimage\"},\"thumbnailUrl\":\"http:\/\/www.leblogmoto.com\/images\/2007\/05\/13\/mt0s.jpg\",\"datePublished\":\"2007-05-13T13:20:58+00:00\",\"dateModified\":\"2012-07-11T14:39:37+00:00\",\"author\":{\"@id\":\"https:\/\/blogs.thesocialmedia.com\/leblogmoto\/#\/schema\/person\/769623f89741cc3381675029a37764f8\"},\"breadcrumb\":{\"@id\":\"https:\/\/blogs.thesocialmedia.com\/leblogmoto\/2007\/05\/13\/yamaha-mt0s-bie\/#breadcrumb\"},\"inLanguage\":\"fr-FR\",\"potentialAction\":[{\"@type\":\"ReadAction\",\"target\":[\"https:\/\/blogs.thesocialmedia.com\/leblogmoto\/2007\/05\/13\/yamaha-mt0s-bie\/\"]}]},{\"@type\":\"ImageObject\",\"inLanguage\":\"fr-FR\",\"@id\":\"https:\/\/blogs.thesocialmedia.com\/leblogmoto\/2007\/05\/13\/yamaha-mt0s-bie\/#primaryimage\",\"url\":\"http:\/\/www.leblogmoto.com\/images\/2007\/05\/13\/mt0s.jpg\",\"contentUrl\":\"http:\/\/www.leblogmoto.com\/images\/2007\/05\/13\/mt0s.jpg\"},{\"@type\":\"BreadcrumbList\",\"@id\":\"https:\/\/blogs.thesocialmedia.com\/leblogmoto\/2007\/05\/13\/yamaha-mt0s-bie\/#breadcrumb\",\"itemListElement\":[{\"@type\":\"ListItem\",\"position\":1,\"name\":\"Accueil\",\"item\":\"https:\/\/blogs.thesocialmedia.com\/leblogmoto\/\"},{\"@type\":\"ListItem\",\"position\":2,\"name\":\"Yamaha MT-0S, bient\u00f4t en concession\"}]},{\"@type\":\"WebSite\",\"@id\":\"https:\/\/blogs.thesocialmedia.com\/leblogmoto\/#website\",\"url\":\"https:\/\/blogs.thesocialmedia.com\/leblogmoto\/\",\"name\":\"leblogmoto\",\"description\":\"Toute l&#039;actualit\u00e9 des 2 roues\",\"potentialAction\":[{\"@type\":\"SearchAction\",\"target\":{\"@type\":\"EntryPoint\",\"urlTemplate\":\"https:\/\/blogs.thesocialmedia.com\/leblogmoto\/?s={search_term_string}\"},\"query-input\":{\"@type\":\"PropertyValueSpecification\",\"valueRequired\":true,\"valueName\":\"search_term_string\"}}],\"inLanguage\":\"fr-FR\"},{\"@type\":\"Person\",\"@id\":\"https:\/\/blogs.thesocialmedia.com\/leblogmoto\/#\/schema\/person\/769623f89741cc3381675029a37764f8\",\"name\":\"gregory boucaud\",\"image\":{\"@type\":\"ImageObject\",\"inLanguage\":\"fr-FR\",\"@id\":\"https:\/\/blogs.thesocialmedia.com\/leblogmoto\/#\/schema\/person\/image\/\",\"url\":\"https:\/\/secure.gravatar.com\/avatar\/?s=96&d=mm&r=g\",\"contentUrl\":\"https:\/\/secure.gravatar.com\/avatar\/?s=96&d=mm&r=g\",\"caption\":\"gregory boucaud\"},\"url\":\"https:\/\/blogs.thesocialmedia.com\/leblogmoto\/author\/gregory-boucaud\/\"}]}<\/script>\n<!-- \/ Yoast SEO plugin. -->","yoast_head_json":{"title":"Yamaha MT-0S, bient\u00f4t en concession - leblogmoto.com","robots":{"index":"index","follow":"follow","max-snippet":"max-snippet:-1","max-image-preview":"max-image-preview:large","max-video-preview":"max-video-preview:-1"},"canonical":"https:\/\/blogs.thesocialmedia.com\/leblogmoto\/2007\/05\/13\/yamaha-mt0s-bie\/","twitter_card":"summary_large_image","twitter_title":"Yamaha MT-0S, bient\u00f4t en concession - leblogmoto.com","twitter_description":"Ce Concept-Bike pr\u00e9sent\u00e9 au Mondial du Deux-Roues 2005 ne vous a surement pas laiss\u00e9 indiff\u00e9rent. Sur la base du MT-01, le MT-0S diff\u00e8re par sa t\u00eate de fource typ\u00e9e Caf\u00e9 Racer, son capot de r\u00e9servoir mais aussi par ses r\u00e9troviseurs mont\u00e9s sur le car\u00e9nage. Seulement attention, disponible en quantit\u00e9 limit\u00e9e, il faudra faire vite pour [&hellip;]","twitter_image":"http:\/\/www.leblogmoto.com\/images\/2007\/05\/13\/mt0s.jpg","twitter_misc":{"\u00c9crit par":"gregory boucaud","Dur\u00e9e de lecture estim\u00e9e":"1 minute"},"schema":{"@context":"https:\/\/schema.org","@graph":[{"@type":"WebPage","@id":"https:\/\/blogs.thesocialmedia.com\/leblogmoto\/2007\/05\/13\/yamaha-mt0s-bie\/","url":"https:\/\/blogs.thesocialmedia.com\/leblogmoto\/2007\/05\/13\/yamaha-mt0s-bie\/","name":"Yamaha MT-0S, bient\u00f4t en concession - leblogmoto.com","isPartOf":{"@id":"https:\/\/blogs.thesocialmedia.com\/leblogmoto\/#website"},"primaryImageOfPage":{"@id":"https:\/\/blogs.thesocialmedia.com\/leblogmoto\/2007\/05\/13\/yamaha-mt0s-bie\/#primaryimage"},"image":{"@id":"https:\/\/blogs.thesocialmedia.com\/leblogmoto\/2007\/05\/13\/yamaha-mt0s-bie\/#primaryimage"},"thumbnailUrl":"http:\/\/www.leblogmoto.com\/images\/2007\/05\/13\/mt0s.jpg","datePublished":"2007-05-13T13:20:58+00:00","dateModified":"2012-07-11T14:39:37+00:00","author":{"@id":"https:\/\/blogs.thesocialmedia.com\/leblogmoto\/#\/schema\/person\/769623f89741cc3381675029a37764f8"},"breadcrumb":{"@id":"https:\/\/blogs.thesocialmedia.com\/leblogmoto\/2007\/05\/13\/yamaha-mt0s-bie\/#breadcrumb"},"inLanguage":"fr-FR","potentialAction":[{"@type":"ReadAction","target":["https:\/\/blogs.thesocialmedia.com\/leblogmoto\/2007\/05\/13\/yamaha-mt0s-bie\/"]}]},{"@type":"ImageObject","inLanguage":"fr-FR","@id":"https:\/\/blogs.thesocialmedia.com\/leblogmoto\/2007\/05\/13\/yamaha-mt0s-bie\/#primaryimage","url":"http:\/\/www.leblogmoto.com\/images\/2007\/05\/13\/mt0s.jpg","contentUrl":"http:\/\/www.leblogmoto.com\/images\/2007\/05\/13\/mt0s.jpg"},{"@type":"BreadcrumbList","@id":"https:\/\/blogs.thesocialmedia.com\/leblogmoto\/2007\/05\/13\/yamaha-mt0s-bie\/#breadcrumb","itemListElement":[{"@type":"ListItem","position":1,"name":"Accueil","item":"https:\/\/blogs.thesocialmedia.com\/leblogmoto\/"},{"@type":"ListItem","position":2,"name":"Yamaha MT-0S, bient\u00f4t en concession"}]},{"@type":"WebSite","@id":"https:\/\/blogs.thesocialmedia.com\/leblogmoto\/#website","url":"https:\/\/blogs.thesocialmedia.com\/leblogmoto\/","name":"leblogmoto","description":"Toute l&#039;actualit\u00e9 des 2 roues","potentialAction":[{"@type":"SearchAction","target":{"@type":"EntryPoint","urlTemplate":"https:\/\/blogs.thesocialmedia.com\/leblogmoto\/?s={search_term_string}"},"query-input":{"@type":"PropertyValueSpecification","valueRequired":true,"valueName":"search_term_string"}}],"inLanguage":"fr-FR"},{"@type":"Person","@id":"https:\/\/blogs.thesocialmedia.com\/leblogmoto\/#\/schema\/person\/769623f89741cc3381675029a37764f8","name":"gregory boucaud","image":{"@type":"ImageObject","inLanguage":"fr-FR","@id":"https:\/\/blogs.thesocialmedia.com\/leblogmoto\/#\/schema\/person\/image\/","url":"https:\/\/secure.gravatar.com\/avatar\/?s=96&d=mm&r=g","contentUrl":"https:\/\/secure.gravatar.com\/avatar\/?s=96&d=mm&r=g","caption":"gregory boucaud"},"url":"https:\/\/blogs.thesocialmedia.com\/leblogmoto\/author\/gregory-boucaud\/"}]}},"_links":{"self":[{"href":"https:\/\/blogs.thesocialmedia.com\/leblogmoto\/wp-json\/wp\/v2\/posts\/1397","targetHints":{"allow":["GET"]}}],"collection":[{"href":"https:\/\/blogs.thesocialmedia.com\/leblogmoto\/wp-json\/wp\/v2\/posts"}],"about":[{"href":"https:\/\/blogs.thesocialmedia.com\/leblogmoto\/wp-json\/wp\/v2\/types\/post"}],"author":[{"embeddable":true,"href":"https:\/\/blogs.thesocialmedia.com\/leblogmoto\/wp-json\/wp\/v2\/users\/329"}],"replies":[{"embeddable":true,"href":"https:\/\/blogs.thesocialmedia.com\/leblogmoto\/wp-json\/wp\/v2\/comments?post=1397"}],"version-history":[{"count":2,"href":"https:\/\/blogs.thesocialmedia.com\/leblogmoto\/wp-json\/wp\/v2\/posts\/1397\/revisions"}],"predecessor-version":[{"id":8375,"href":"https:\/\/blogs.thesocialmedia.com\/leblogmoto\/wp-json\/wp\/v2\/posts\/1397\/revisions\/8375"}],"wp:attachment":[{"href":"https:\/\/blogs.thesocialmedia.com\/leblogmoto\/wp-json\/wp\/v2\/media?parent=1397"}],"wp:term":[{"taxonomy":"category","embeddable":true,"href":"https:\/\/blogs.thesocialmedia.com\/leblogmoto\/wp-json\/wp\/v2\/categories?post=1397"},{"taxonomy":"post_tag","embeddable":true,"href":"https:\/\/blogs.thesocialmedia.com\/leblogmoto\/wp-json\/wp\/v2\/tags?post=1397"}],"curies":[{"name":"wp","href":"https:\/\/api.w.org\/{rel}","templated":true}]}}