{"id":1399,"date":"2007-05-12T14:30:45","date_gmt":"2007-05-12T14:30:45","guid":{"rendered":"http:\/\/blogs.thesocialmedia.com\/leblogmoto\/2007\/05\/12\/ktm-mania\/"},"modified":"2012-07-11T14:39:31","modified_gmt":"2012-07-11T14:39:31","slug":"ktm-mania","status":"publish","type":"post","link":"https:\/\/blogs.thesocialmedia.com\/leblogmoto\/2007\/05\/12\/ktm-mania\/","title":{"rendered":"KTM Mania"},"content":{"rendered":"<p><a href=\"http:\/\/blogs.thesocialmedia.com\/leblogmoto\/files\/2012\/07\/ktmposter_xm.jpg\"><img loading=\"lazy\" decoding=\"async\" height=\"349\" alt=\"Ktmposter_xm\" src=\"http:\/\/www.leblogmoto.com\/images\/2007\/05\/12\/ktmposter_xm.jpg\" width=\"250\"  \/><\/a> Les 7 et 8 juillet \u00e0 Laguepie (82) dans le Tarn et Garonne aura lieu le <a href=\"http:\/\/www.ktmmania.com\/\">KTM Mania<\/a>. L&rsquo;occasion pour tous les possesseurs de <a href=\"www.ktm.com\">KTM<\/a> d&rsquo;au moins 125cc cross ou enduro quel que soit le mill\u00e9sime, dans deux cat\u00e9gories distinctes : Amateur et Expert (national) de se rencontrer lors de ce rassemblement annuel.<br \/>Sachez aussi que chaque cat\u00e9gorie sera ouverte aux licenci\u00e9s FFM ainsi qu&rsquo;aux licenci\u00e9s \u00e0 la journ\u00e9e. <br \/>Les festivit\u00e9s d\u00e9buteront le samedi \u00e0 partir de 14h00. A l&rsquo;issue des s\u00e9ances d&rsquo;essai, une course se disputera le samedi apr\u00e8s midi et deux autres le dimanche pour chaque cat\u00e9gorie. <br \/>Pour la suite, la soir\u00e9e du samedi sera r\u00e9serv\u00e9e \u00e0 la pr\u00e9sentation officielle et exclusive des mod\u00e8les 2008 mis en sc\u00e8ne par les pilotes vedettes <a href=\"www.ktm.com\">KTM<\/a>, poursuivie par un show freestyle avec le Team Ramp. <\/p>\n<p>Afin que le tout-terrain aux couleurs <a href=\"www.ktm.com\">KTM<\/a> soit dignement f\u00eat\u00e9, le <a href=\"http:\/\/www.ktmmania.com\/\">KTM Mania<\/a> sera le cadre de la grande finale du Troph\u00e9e Motocross KTM 2007 qui r\u00e9compensera le vainqueur par la dotation d&rsquo;un mod\u00e8le 450 SXF et ses dauphins par de tr\u00e8s nombreux lots au terme de 3 manches \u00e0 suspense.<\/p>\n<p>La tarif sera de 50\u20ac et pour plus d&rsquo;informations, rendez-vous sur le site <a href=\"http:\/\/www.ktmmania.com\/\">KTM Mania<\/a>.<\/p>\n<p>Source : <a href=\"http:\/\/www.ktmmania.com\/\">KTM Mania<\/a><\/p>\n","protected":false},"excerpt":{"rendered":"<p>Les 7 et 8 juillet \u00e0 Laguepie (82) dans le Tarn et Garonne aura lieu le KTM Mania. L&rsquo;occasion pour tous les possesseurs de KTM d&rsquo;au moins 125cc cross ou enduro quel que soit le mill\u00e9sime, dans deux cat\u00e9gories distinctes : Amateur et Expert (national) de se rencontrer lors de ce rassemblement annuel.Sachez aussi que [&hellip;]<\/p>\n","protected":false},"author":329,"featured_media":0,"comment_status":"open","ping_status":"open","sticky":false,"template":"","format":"standard","meta":{"footnotes":""},"categories":[3,39],"tags":[],"class_list":["post-1399","post","type-post","status-publish","format-standard","hentry","category-actualite","category-ktm"],"yoast_head":"<!-- This site is optimized with the Yoast SEO plugin v26.0 - https:\/\/yoast.com\/wordpress\/plugins\/seo\/ -->\n<title>KTM Mania - leblogmoto.com<\/title>\n<meta name=\"robots\" content=\"index, follow, max-snippet:-1, max-image-preview:large, max-video-preview:-1\" \/>\n<link rel=\"canonical\" href=\"https:\/\/blogs.thesocialmedia.com\/leblogmoto\/2007\/05\/12\/ktm-mania\/\" \/>\n<meta name=\"twitter:card\" content=\"summary_large_image\" \/>\n<meta name=\"twitter:title\" content=\"KTM Mania - leblogmoto.com\" \/>\n<meta name=\"twitter:description\" content=\"Les 7 et 8 juillet \u00e0 Laguepie (82) dans le Tarn et Garonne aura lieu le KTM Mania. L&rsquo;occasion pour tous les possesseurs de KTM d&rsquo;au moins 125cc cross ou enduro quel que soit le mill\u00e9sime, dans deux cat\u00e9gories distinctes : Amateur et Expert (national) de se rencontrer lors de ce rassemblement annuel.Sachez aussi que [&hellip;]\" \/>\n<meta name=\"twitter:image\" content=\"http:\/\/www.leblogmoto.com\/images\/2007\/05\/12\/ktmposter_xm.jpg\" \/>\n<meta name=\"twitter:label1\" content=\"\u00c9crit par\" \/>\n\t<meta name=\"twitter:data1\" content=\"gregory boucaud\" \/>\n\t<meta name=\"twitter:label2\" content=\"Dur\u00e9e de lecture estim\u00e9e\" \/>\n\t<meta name=\"twitter:data2\" content=\"1 minute\" \/>\n<script type=\"application\/ld+json\" class=\"yoast-schema-graph\">{\"@context\":\"https:\/\/schema.org\",\"@graph\":[{\"@type\":\"WebPage\",\"@id\":\"https:\/\/blogs.thesocialmedia.com\/leblogmoto\/2007\/05\/12\/ktm-mania\/\",\"url\":\"https:\/\/blogs.thesocialmedia.com\/leblogmoto\/2007\/05\/12\/ktm-mania\/\",\"name\":\"KTM Mania - leblogmoto.com\",\"isPartOf\":{\"@id\":\"https:\/\/blogs.thesocialmedia.com\/leblogmoto\/#website\"},\"primaryImageOfPage\":{\"@id\":\"https:\/\/blogs.thesocialmedia.com\/leblogmoto\/2007\/05\/12\/ktm-mania\/#primaryimage\"},\"image\":{\"@id\":\"https:\/\/blogs.thesocialmedia.com\/leblogmoto\/2007\/05\/12\/ktm-mania\/#primaryimage\"},\"thumbnailUrl\":\"http:\/\/www.leblogmoto.com\/images\/2007\/05\/12\/ktmposter_xm.jpg\",\"datePublished\":\"2007-05-12T14:30:45+00:00\",\"dateModified\":\"2012-07-11T14:39:31+00:00\",\"author\":{\"@id\":\"https:\/\/blogs.thesocialmedia.com\/leblogmoto\/#\/schema\/person\/769623f89741cc3381675029a37764f8\"},\"breadcrumb\":{\"@id\":\"https:\/\/blogs.thesocialmedia.com\/leblogmoto\/2007\/05\/12\/ktm-mania\/#breadcrumb\"},\"inLanguage\":\"fr-FR\",\"potentialAction\":[{\"@type\":\"ReadAction\",\"target\":[\"https:\/\/blogs.thesocialmedia.com\/leblogmoto\/2007\/05\/12\/ktm-mania\/\"]}]},{\"@type\":\"ImageObject\",\"inLanguage\":\"fr-FR\",\"@id\":\"https:\/\/blogs.thesocialmedia.com\/leblogmoto\/2007\/05\/12\/ktm-mania\/#primaryimage\",\"url\":\"http:\/\/www.leblogmoto.com\/images\/2007\/05\/12\/ktmposter_xm.jpg\",\"contentUrl\":\"http:\/\/www.leblogmoto.com\/images\/2007\/05\/12\/ktmposter_xm.jpg\"},{\"@type\":\"BreadcrumbList\",\"@id\":\"https:\/\/blogs.thesocialmedia.com\/leblogmoto\/2007\/05\/12\/ktm-mania\/#breadcrumb\",\"itemListElement\":[{\"@type\":\"ListItem\",\"position\":1,\"name\":\"Accueil\",\"item\":\"https:\/\/blogs.thesocialmedia.com\/leblogmoto\/\"},{\"@type\":\"ListItem\",\"position\":2,\"name\":\"KTM Mania\"}]},{\"@type\":\"WebSite\",\"@id\":\"https:\/\/blogs.thesocialmedia.com\/leblogmoto\/#website\",\"url\":\"https:\/\/blogs.thesocialmedia.com\/leblogmoto\/\",\"name\":\"leblogmoto\",\"description\":\"Toute l&#039;actualit\u00e9 des 2 roues\",\"potentialAction\":[{\"@type\":\"SearchAction\",\"target\":{\"@type\":\"EntryPoint\",\"urlTemplate\":\"https:\/\/blogs.thesocialmedia.com\/leblogmoto\/?s={search_term_string}\"},\"query-input\":{\"@type\":\"PropertyValueSpecification\",\"valueRequired\":true,\"valueName\":\"search_term_string\"}}],\"inLanguage\":\"fr-FR\"},{\"@type\":\"Person\",\"@id\":\"https:\/\/blogs.thesocialmedia.com\/leblogmoto\/#\/schema\/person\/769623f89741cc3381675029a37764f8\",\"name\":\"gregory boucaud\",\"image\":{\"@type\":\"ImageObject\",\"inLanguage\":\"fr-FR\",\"@id\":\"https:\/\/blogs.thesocialmedia.com\/leblogmoto\/#\/schema\/person\/image\/\",\"url\":\"https:\/\/secure.gravatar.com\/avatar\/?s=96&d=mm&r=g\",\"contentUrl\":\"https:\/\/secure.gravatar.com\/avatar\/?s=96&d=mm&r=g\",\"caption\":\"gregory boucaud\"},\"url\":\"https:\/\/blogs.thesocialmedia.com\/leblogmoto\/author\/gregory-boucaud\/\"}]}<\/script>\n<!-- \/ Yoast SEO plugin. -->","yoast_head_json":{"title":"KTM Mania - leblogmoto.com","robots":{"index":"index","follow":"follow","max-snippet":"max-snippet:-1","max-image-preview":"max-image-preview:large","max-video-preview":"max-video-preview:-1"},"canonical":"https:\/\/blogs.thesocialmedia.com\/leblogmoto\/2007\/05\/12\/ktm-mania\/","twitter_card":"summary_large_image","twitter_title":"KTM Mania - leblogmoto.com","twitter_description":"Les 7 et 8 juillet \u00e0 Laguepie (82) dans le Tarn et Garonne aura lieu le KTM Mania. L&rsquo;occasion pour tous les possesseurs de KTM d&rsquo;au moins 125cc cross ou enduro quel que soit le mill\u00e9sime, dans deux cat\u00e9gories distinctes : Amateur et Expert (national) de se rencontrer lors de ce rassemblement annuel.Sachez aussi que [&hellip;]","twitter_image":"http:\/\/www.leblogmoto.com\/images\/2007\/05\/12\/ktmposter_xm.jpg","twitter_misc":{"\u00c9crit par":"gregory boucaud","Dur\u00e9e de lecture estim\u00e9e":"1 minute"},"schema":{"@context":"https:\/\/schema.org","@graph":[{"@type":"WebPage","@id":"https:\/\/blogs.thesocialmedia.com\/leblogmoto\/2007\/05\/12\/ktm-mania\/","url":"https:\/\/blogs.thesocialmedia.com\/leblogmoto\/2007\/05\/12\/ktm-mania\/","name":"KTM Mania - leblogmoto.com","isPartOf":{"@id":"https:\/\/blogs.thesocialmedia.com\/leblogmoto\/#website"},"primaryImageOfPage":{"@id":"https:\/\/blogs.thesocialmedia.com\/leblogmoto\/2007\/05\/12\/ktm-mania\/#primaryimage"},"image":{"@id":"https:\/\/blogs.thesocialmedia.com\/leblogmoto\/2007\/05\/12\/ktm-mania\/#primaryimage"},"thumbnailUrl":"http:\/\/www.leblogmoto.com\/images\/2007\/05\/12\/ktmposter_xm.jpg","datePublished":"2007-05-12T14:30:45+00:00","dateModified":"2012-07-11T14:39:31+00:00","author":{"@id":"https:\/\/blogs.thesocialmedia.com\/leblogmoto\/#\/schema\/person\/769623f89741cc3381675029a37764f8"},"breadcrumb":{"@id":"https:\/\/blogs.thesocialmedia.com\/leblogmoto\/2007\/05\/12\/ktm-mania\/#breadcrumb"},"inLanguage":"fr-FR","potentialAction":[{"@type":"ReadAction","target":["https:\/\/blogs.thesocialmedia.com\/leblogmoto\/2007\/05\/12\/ktm-mania\/"]}]},{"@type":"ImageObject","inLanguage":"fr-FR","@id":"https:\/\/blogs.thesocialmedia.com\/leblogmoto\/2007\/05\/12\/ktm-mania\/#primaryimage","url":"http:\/\/www.leblogmoto.com\/images\/2007\/05\/12\/ktmposter_xm.jpg","contentUrl":"http:\/\/www.leblogmoto.com\/images\/2007\/05\/12\/ktmposter_xm.jpg"},{"@type":"BreadcrumbList","@id":"https:\/\/blogs.thesocialmedia.com\/leblogmoto\/2007\/05\/12\/ktm-mania\/#breadcrumb","itemListElement":[{"@type":"ListItem","position":1,"name":"Accueil","item":"https:\/\/blogs.thesocialmedia.com\/leblogmoto\/"},{"@type":"ListItem","position":2,"name":"KTM Mania"}]},{"@type":"WebSite","@id":"https:\/\/blogs.thesocialmedia.com\/leblogmoto\/#website","url":"https:\/\/blogs.thesocialmedia.com\/leblogmoto\/","name":"leblogmoto","description":"Toute l&#039;actualit\u00e9 des 2 roues","potentialAction":[{"@type":"SearchAction","target":{"@type":"EntryPoint","urlTemplate":"https:\/\/blogs.thesocialmedia.com\/leblogmoto\/?s={search_term_string}"},"query-input":{"@type":"PropertyValueSpecification","valueRequired":true,"valueName":"search_term_string"}}],"inLanguage":"fr-FR"},{"@type":"Person","@id":"https:\/\/blogs.thesocialmedia.com\/leblogmoto\/#\/schema\/person\/769623f89741cc3381675029a37764f8","name":"gregory boucaud","image":{"@type":"ImageObject","inLanguage":"fr-FR","@id":"https:\/\/blogs.thesocialmedia.com\/leblogmoto\/#\/schema\/person\/image\/","url":"https:\/\/secure.gravatar.com\/avatar\/?s=96&d=mm&r=g","contentUrl":"https:\/\/secure.gravatar.com\/avatar\/?s=96&d=mm&r=g","caption":"gregory boucaud"},"url":"https:\/\/blogs.thesocialmedia.com\/leblogmoto\/author\/gregory-boucaud\/"}]}},"_links":{"self":[{"href":"https:\/\/blogs.thesocialmedia.com\/leblogmoto\/wp-json\/wp\/v2\/posts\/1399","targetHints":{"allow":["GET"]}}],"collection":[{"href":"https:\/\/blogs.thesocialmedia.com\/leblogmoto\/wp-json\/wp\/v2\/posts"}],"about":[{"href":"https:\/\/blogs.thesocialmedia.com\/leblogmoto\/wp-json\/wp\/v2\/types\/post"}],"author":[{"embeddable":true,"href":"https:\/\/blogs.thesocialmedia.com\/leblogmoto\/wp-json\/wp\/v2\/users\/329"}],"replies":[{"embeddable":true,"href":"https:\/\/blogs.thesocialmedia.com\/leblogmoto\/wp-json\/wp\/v2\/comments?post=1399"}],"version-history":[{"count":2,"href":"https:\/\/blogs.thesocialmedia.com\/leblogmoto\/wp-json\/wp\/v2\/posts\/1399\/revisions"}],"predecessor-version":[{"id":8370,"href":"https:\/\/blogs.thesocialmedia.com\/leblogmoto\/wp-json\/wp\/v2\/posts\/1399\/revisions\/8370"}],"wp:attachment":[{"href":"https:\/\/blogs.thesocialmedia.com\/leblogmoto\/wp-json\/wp\/v2\/media?parent=1399"}],"wp:term":[{"taxonomy":"category","embeddable":true,"href":"https:\/\/blogs.thesocialmedia.com\/leblogmoto\/wp-json\/wp\/v2\/categories?post=1399"},{"taxonomy":"post_tag","embeddable":true,"href":"https:\/\/blogs.thesocialmedia.com\/leblogmoto\/wp-json\/wp\/v2\/tags?post=1399"}],"curies":[{"name":"wp","href":"https:\/\/api.w.org\/{rel}","templated":true}]}}