{"id":140,"date":"2009-05-20T23:01:00","date_gmt":"2009-05-20T23:01:00","guid":{"rendered":"http:\/\/blogs.thesocialmedia.com\/leblogmoto\/2009\/05\/20\/bmw-hp2-megamoto-pikes-peak\/"},"modified":"2012-07-11T17:27:08","modified_gmt":"2012-07-11T17:27:08","slug":"bmw-hp2-megamoto-pikes-peak","status":"publish","type":"post","link":"https:\/\/blogs.thesocialmedia.com\/leblogmoto\/2009\/05\/20\/bmw-hp2-megamoto-pikes-peak\/","title":{"rendered":"BMW HP2 Megamoto Pikes Peak"},"content":{"rendered":"<p><a href=\"http:\/\/blogs.thesocialmedia.com\/leblogmoto\/files\/2012\/07\/6a00d83451b18369e20115709fca4d970b-pi.jpg\"><img decoding=\"async\" alt=\"HP2 Megamoto\" class=\"at-xid-6a00d83451b18369e20115709fca4d970b \" src=\"http:\/\/blogs.thesocialmedia.com\/leblogmoto\/files\/2012\/07\/6a00d83451b18369e20115709fca4d970b-500wi.jpg\" style=\"width: 470px;height: 313px\" \/><\/a> <\/p>\n<p><a href=\"http:\/\/blogs.thesocialmedia.com\/leblogmoto\/files\/2012\/07\/index.html_68.png\" target=\"_blank\">BMW<\/a> commercialise pour le march\u00e9 japonais une version r\u00e9plique de la &quot;HP2 Megamoto Pikes Peak&quot; engag\u00e9e <a href=\"http:\/\/www.leblogmoto.com\/2009\/05\/la-cam%C3%A9ra-embarqu%C3%A9e-du-jour-pikes-peak-2008.html\" target=\"_blank\">l&#039;ann\u00e9e derni\u00e8re<\/a> par le Team BMW USA Sierra&#8230; <\/p>\n<p><a href=\"http:\/\/clabedan.typepad.com\/.a\/6a00d83451b18369e201156faa8a0f970c-pi\"><img decoding=\"async\" alt=\"HP2 Megamoto 2\" class=\"at-xid-6a00d83451b18369e201156faa8a0f970c \" src=\"http:\/\/blogs.thesocialmedia.com\/leblogmoto\/files\/2012\/07\/6a00d83451b18369e201156faa8a0f970c-500wi.jpg\" \/><\/a> <\/p>\n<p>Une petite quarantaine de machines est pr\u00e9vue \u00e0 l&#039;exportation mais esp\u00e9rons qu&#039;avec un peu d&#039;insistance votre concessionnaire <a href=\"http:\/\/blogs.thesocialmedia.com\/leblogmoto\/files\/2012\/07\/index.html_68.png\" target=\"_blank\">BMW<\/a> pourra vous en commander une \u00e0 l&#039;usine&#8230; <\/p>\n<p><a href=\"http:\/\/clabedan.typepad.com\/.a\/6a00d83451b18369e201156faa8b1e970c-pi\"><img decoding=\"async\" alt=\"HP2 Megamoto 03\" class=\"at-xid-6a00d83451b18369e201156faa8b1e970c \" src=\"http:\/\/blogs.thesocialmedia.com\/leblogmoto\/files\/2012\/07\/6a00d83451b18369e201156faa8b1e970c-500wi.jpg\" \/><\/a> <\/p>\n<p>Mis \u00e0 part la livr\u00e9e tricolore, quelques autocollants et diverses protections en carbone la moto est quasiment d&#039;origine.<\/p>\n<p><a href=\"http:\/\/blogs.thesocialmedia.com\/leblogmoto\/files\/2012\/07\/6a00d83451b18369e201156faa8a47970c-pi.jpg\"><img decoding=\"async\" alt=\"HP2 Megamoto 4\" class=\"at-xid-6a00d83451b18369e201156faa8a47970c \" src=\"http:\/\/blogs.thesocialmedia.com\/leblogmoto\/files\/2012\/07\/6a00d83451b18369e201156faa8a47970c-500wi.jpg\" \/><\/a> <\/p>\n<p>Exactement le m\u00eame moteur que la version de grande s\u00e9rie, le 1200 cm3 boxer d\u00e9veloppant 113 cv \u00e0 7500 tr\/mn et permettant aux 199 kg de la machine de rouler \u00e0 plus de 200 km\/h en pointe dans les pierriers&#8230;<\/p>\n<p><a href=\"http:\/\/blogs.thesocialmedia.com\/leblogmoto\/files\/2012\/07\/6a00d83451b18369e20115709fcbbe970b-pi.jpg\"><img decoding=\"async\" alt=\"HP2 Megamoto 5\" class=\"at-xid-6a00d83451b18369e20115709fcbbe970b \" src=\"http:\/\/blogs.thesocialmedia.com\/leblogmoto\/files\/2012\/07\/6a00d83451b18369e20115709fcbbe970b-500wi.jpg\" \/><\/a> <\/p>\n<p>Dites aussi \u00e0 votre concessionnaire que le tarif ne devrait pas d\u00e9passer les 20500 euros pour la version sans ABS, 21500 euros avec.<\/p>\n<p>&#160;<object height=\"344\" width=\"425\"><param name=\"movie\" value=\"http:\/\/www.youtube.com\/v\/jaLdgsYsgp0&amp;hl=en&amp;fs=1\" \/><param name=\"allowFullScreen\" value=\"true\" \/><param name=\"allowscriptaccess\" value=\"always\" \/><embed height=\"364\" src=\"http:\/\/www.youtube.com\/v\/jaLdgsYsgp0&amp;hl=en&amp;fs=1\" type=\"application\/x-shockwave-flash\" width=\"480\" \/><\/object><\/p>\n<p><object height=\"344\" width=\"425\"><param name=\"movie\" value=\"http:\/\/www.youtube.com\/v\/MixwhrJMLbw&amp;hl=en&amp;fs=1\" \/><param name=\"allowFullScreen\" value=\"true\" \/><param name=\"allowscriptaccess\" value=\"always\" \/><embed height=\"364\" src=\"http:\/\/www.youtube.com\/v\/MixwhrJMLbw&amp;hl=en&amp;fs=1\" type=\"application\/x-shockwave-flash\" width=\"480\" \/><\/object><\/p>\n<p><object height=\"344\" width=\"425\"><param name=\"movie\" value=\"http:\/\/www.youtube.com\/v\/0yACBYVYlE4&amp;hl=en&amp;fs=1\" \/><param name=\"allowFullScreen\" value=\"true\" \/><param name=\"allowscriptaccess\" value=\"always\" \/><embed height=\"364\" src=\"http:\/\/www.youtube.com\/v\/0yACBYVYlE4&amp;hl=en&amp;fs=1\" type=\"application\/x-shockwave-flash\" width=\"480\" \/><\/object><object height=\"344\" width=\"425\"><param name=\"movie\" value=\"http:\/\/www.youtube.com\/v\/ByrSJ3_muGc&amp;hl=en&amp;fs=1\" \/><param name=\"allowFullScreen\" value=\"true\" \/><param name=\"allowscriptaccess\" value=\"always\" \/><embed height=\"364\" src=\"http:\/\/www.youtube.com\/v\/ByrSJ3_muGc&amp;hl=en&amp;fs=1\" type=\"application\/x-shockwave-flash\" width=\"480\" \/><\/object><\/p>\n","protected":false},"excerpt":{"rendered":"<p>BMW commercialise pour le march\u00e9 japonais une version r\u00e9plique de la &quot;HP2 Megamoto Pikes Peak&quot; engag\u00e9e l&#039;ann\u00e9e derni\u00e8re par le Team BMW USA Sierra&#8230; Une petite quarantaine de machines est pr\u00e9vue \u00e0 l&#039;exportation mais esp\u00e9rons qu&#039;avec un peu d&#039;insistance votre concessionnaire BMW pourra vous en commander une \u00e0 l&#039;usine&#8230; Mis \u00e0 part la livr\u00e9e tricolore, [&hellip;]<\/p>\n","protected":false},"author":323,"featured_media":13599,"comment_status":"open","ping_status":"open","sticky":false,"template":"","format":"standard","meta":{"footnotes":""},"categories":[3,7,32,12],"tags":[],"class_list":["post-140","post","type-post","status-publish","format-standard","has-post-thumbnail","hentry","category-actualite","category-bmw","category-sport-moto","category-videos"],"yoast_head":"<!-- This site is optimized with the Yoast SEO plugin v26.0 - https:\/\/yoast.com\/wordpress\/plugins\/seo\/ -->\n<title>BMW HP2 Megamoto Pikes Peak - leblogmoto.com<\/title>\n<meta name=\"robots\" content=\"index, follow, max-snippet:-1, max-image-preview:large, max-video-preview:-1\" \/>\n<link rel=\"canonical\" href=\"https:\/\/blogs.thesocialmedia.com\/leblogmoto\/2009\/05\/20\/bmw-hp2-megamoto-pikes-peak\/\" \/>\n<meta name=\"twitter:card\" content=\"summary_large_image\" \/>\n<meta name=\"twitter:title\" content=\"BMW HP2 Megamoto Pikes Peak - leblogmoto.com\" \/>\n<meta name=\"twitter:description\" content=\"BMW commercialise pour le march\u00e9 japonais une version r\u00e9plique de la &quot;HP2 Megamoto Pikes Peak&quot; engag\u00e9e l&#039;ann\u00e9e derni\u00e8re par le Team BMW USA Sierra&#8230; Une petite quarantaine de machines est pr\u00e9vue \u00e0 l&#039;exportation mais esp\u00e9rons qu&#039;avec un peu d&#039;insistance votre concessionnaire BMW pourra vous en commander une \u00e0 l&#039;usine&#8230; Mis \u00e0 part la livr\u00e9e tricolore, [&hellip;]\" \/>\n<meta name=\"twitter:image\" content=\"https:\/\/blogs.thesocialmedia.com\/leblogmoto\/files\/2012\/07\/6a00d83451b18369e20115709fca4d970b-500wi.jpg\" \/>\n<meta name=\"twitter:label1\" content=\"\u00c9crit par\" \/>\n\t<meta name=\"twitter:data1\" content=\"albin le guyader\" \/>\n\t<meta name=\"twitter:label2\" content=\"Dur\u00e9e de lecture estim\u00e9e\" \/>\n\t<meta name=\"twitter:data2\" content=\"1 minute\" \/>\n<script type=\"application\/ld+json\" class=\"yoast-schema-graph\">{\"@context\":\"https:\/\/schema.org\",\"@graph\":[{\"@type\":\"WebPage\",\"@id\":\"https:\/\/blogs.thesocialmedia.com\/leblogmoto\/2009\/05\/20\/bmw-hp2-megamoto-pikes-peak\/\",\"url\":\"https:\/\/blogs.thesocialmedia.com\/leblogmoto\/2009\/05\/20\/bmw-hp2-megamoto-pikes-peak\/\",\"name\":\"BMW HP2 Megamoto Pikes Peak - leblogmoto.com\",\"isPartOf\":{\"@id\":\"https:\/\/blogs.thesocialmedia.com\/leblogmoto\/#website\"},\"primaryImageOfPage\":{\"@id\":\"https:\/\/blogs.thesocialmedia.com\/leblogmoto\/2009\/05\/20\/bmw-hp2-megamoto-pikes-peak\/#primaryimage\"},\"image\":{\"@id\":\"https:\/\/blogs.thesocialmedia.com\/leblogmoto\/2009\/05\/20\/bmw-hp2-megamoto-pikes-peak\/#primaryimage\"},\"thumbnailUrl\":\"https:\/\/blogs.thesocialmedia.com\/leblogmoto\/files\/2012\/07\/6a00d83451b18369e20115709fca4d970b-500wi.jpg\",\"datePublished\":\"2009-05-20T23:01:00+00:00\",\"dateModified\":\"2012-07-11T17:27:08+00:00\",\"author\":{\"@id\":\"https:\/\/blogs.thesocialmedia.com\/leblogmoto\/#\/schema\/person\/b496d27c898c29a39678e2425cafb9ae\"},\"breadcrumb\":{\"@id\":\"https:\/\/blogs.thesocialmedia.com\/leblogmoto\/2009\/05\/20\/bmw-hp2-megamoto-pikes-peak\/#breadcrumb\"},\"inLanguage\":\"fr-FR\",\"potentialAction\":[{\"@type\":\"ReadAction\",\"target\":[\"https:\/\/blogs.thesocialmedia.com\/leblogmoto\/2009\/05\/20\/bmw-hp2-megamoto-pikes-peak\/\"]}]},{\"@type\":\"ImageObject\",\"inLanguage\":\"fr-FR\",\"@id\":\"https:\/\/blogs.thesocialmedia.com\/leblogmoto\/2009\/05\/20\/bmw-hp2-megamoto-pikes-peak\/#primaryimage\",\"url\":\"https:\/\/blogs.thesocialmedia.com\/leblogmoto\/files\/2012\/07\/6a00d83451b18369e20115709fca4d970b-500wi.jpg\",\"contentUrl\":\"https:\/\/blogs.thesocialmedia.com\/leblogmoto\/files\/2012\/07\/6a00d83451b18369e20115709fca4d970b-500wi.jpg\",\"width\":\"500\",\"height\":\"333\"},{\"@type\":\"BreadcrumbList\",\"@id\":\"https:\/\/blogs.thesocialmedia.com\/leblogmoto\/2009\/05\/20\/bmw-hp2-megamoto-pikes-peak\/#breadcrumb\",\"itemListElement\":[{\"@type\":\"ListItem\",\"position\":1,\"name\":\"Accueil\",\"item\":\"https:\/\/blogs.thesocialmedia.com\/leblogmoto\/\"},{\"@type\":\"ListItem\",\"position\":2,\"name\":\"BMW HP2 Megamoto Pikes Peak\"}]},{\"@type\":\"WebSite\",\"@id\":\"https:\/\/blogs.thesocialmedia.com\/leblogmoto\/#website\",\"url\":\"https:\/\/blogs.thesocialmedia.com\/leblogmoto\/\",\"name\":\"leblogmoto\",\"description\":\"Toute l&#039;actualit\u00e9 des 2 roues\",\"potentialAction\":[{\"@type\":\"SearchAction\",\"target\":{\"@type\":\"EntryPoint\",\"urlTemplate\":\"https:\/\/blogs.thesocialmedia.com\/leblogmoto\/?s={search_term_string}\"},\"query-input\":{\"@type\":\"PropertyValueSpecification\",\"valueRequired\":true,\"valueName\":\"search_term_string\"}}],\"inLanguage\":\"fr-FR\"},{\"@type\":\"Person\",\"@id\":\"https:\/\/blogs.thesocialmedia.com\/leblogmoto\/#\/schema\/person\/b496d27c898c29a39678e2425cafb9ae\",\"name\":\"albin le guyader\",\"image\":{\"@type\":\"ImageObject\",\"inLanguage\":\"fr-FR\",\"@id\":\"https:\/\/blogs.thesocialmedia.com\/leblogmoto\/#\/schema\/person\/image\/\",\"url\":\"https:\/\/secure.gravatar.com\/avatar\/?s=96&d=mm&r=g\",\"contentUrl\":\"https:\/\/secure.gravatar.com\/avatar\/?s=96&d=mm&r=g\",\"caption\":\"albin le guyader\"},\"url\":\"https:\/\/blogs.thesocialmedia.com\/leblogmoto\/author\/albin-le-guyader\/\"}]}<\/script>\n<!-- \/ Yoast SEO plugin. -->","yoast_head_json":{"title":"BMW HP2 Megamoto Pikes Peak - leblogmoto.com","robots":{"index":"index","follow":"follow","max-snippet":"max-snippet:-1","max-image-preview":"max-image-preview:large","max-video-preview":"max-video-preview:-1"},"canonical":"https:\/\/blogs.thesocialmedia.com\/leblogmoto\/2009\/05\/20\/bmw-hp2-megamoto-pikes-peak\/","twitter_card":"summary_large_image","twitter_title":"BMW HP2 Megamoto Pikes Peak - leblogmoto.com","twitter_description":"BMW commercialise pour le march\u00e9 japonais une version r\u00e9plique de la &quot;HP2 Megamoto Pikes Peak&quot; engag\u00e9e l&#039;ann\u00e9e derni\u00e8re par le Team BMW USA Sierra&#8230; Une petite quarantaine de machines est pr\u00e9vue \u00e0 l&#039;exportation mais esp\u00e9rons qu&#039;avec un peu d&#039;insistance votre concessionnaire BMW pourra vous en commander une \u00e0 l&#039;usine&#8230; Mis \u00e0 part la livr\u00e9e tricolore, [&hellip;]","twitter_image":"https:\/\/blogs.thesocialmedia.com\/leblogmoto\/files\/2012\/07\/6a00d83451b18369e20115709fca4d970b-500wi.jpg","twitter_misc":{"\u00c9crit par":"albin le guyader","Dur\u00e9e de lecture estim\u00e9e":"1 minute"},"schema":{"@context":"https:\/\/schema.org","@graph":[{"@type":"WebPage","@id":"https:\/\/blogs.thesocialmedia.com\/leblogmoto\/2009\/05\/20\/bmw-hp2-megamoto-pikes-peak\/","url":"https:\/\/blogs.thesocialmedia.com\/leblogmoto\/2009\/05\/20\/bmw-hp2-megamoto-pikes-peak\/","name":"BMW HP2 Megamoto Pikes Peak - leblogmoto.com","isPartOf":{"@id":"https:\/\/blogs.thesocialmedia.com\/leblogmoto\/#website"},"primaryImageOfPage":{"@id":"https:\/\/blogs.thesocialmedia.com\/leblogmoto\/2009\/05\/20\/bmw-hp2-megamoto-pikes-peak\/#primaryimage"},"image":{"@id":"https:\/\/blogs.thesocialmedia.com\/leblogmoto\/2009\/05\/20\/bmw-hp2-megamoto-pikes-peak\/#primaryimage"},"thumbnailUrl":"https:\/\/blogs.thesocialmedia.com\/leblogmoto\/files\/2012\/07\/6a00d83451b18369e20115709fca4d970b-500wi.jpg","datePublished":"2009-05-20T23:01:00+00:00","dateModified":"2012-07-11T17:27:08+00:00","author":{"@id":"https:\/\/blogs.thesocialmedia.com\/leblogmoto\/#\/schema\/person\/b496d27c898c29a39678e2425cafb9ae"},"breadcrumb":{"@id":"https:\/\/blogs.thesocialmedia.com\/leblogmoto\/2009\/05\/20\/bmw-hp2-megamoto-pikes-peak\/#breadcrumb"},"inLanguage":"fr-FR","potentialAction":[{"@type":"ReadAction","target":["https:\/\/blogs.thesocialmedia.com\/leblogmoto\/2009\/05\/20\/bmw-hp2-megamoto-pikes-peak\/"]}]},{"@type":"ImageObject","inLanguage":"fr-FR","@id":"https:\/\/blogs.thesocialmedia.com\/leblogmoto\/2009\/05\/20\/bmw-hp2-megamoto-pikes-peak\/#primaryimage","url":"https:\/\/blogs.thesocialmedia.com\/leblogmoto\/files\/2012\/07\/6a00d83451b18369e20115709fca4d970b-500wi.jpg","contentUrl":"https:\/\/blogs.thesocialmedia.com\/leblogmoto\/files\/2012\/07\/6a00d83451b18369e20115709fca4d970b-500wi.jpg","width":"500","height":"333"},{"@type":"BreadcrumbList","@id":"https:\/\/blogs.thesocialmedia.com\/leblogmoto\/2009\/05\/20\/bmw-hp2-megamoto-pikes-peak\/#breadcrumb","itemListElement":[{"@type":"ListItem","position":1,"name":"Accueil","item":"https:\/\/blogs.thesocialmedia.com\/leblogmoto\/"},{"@type":"ListItem","position":2,"name":"BMW HP2 Megamoto Pikes Peak"}]},{"@type":"WebSite","@id":"https:\/\/blogs.thesocialmedia.com\/leblogmoto\/#website","url":"https:\/\/blogs.thesocialmedia.com\/leblogmoto\/","name":"leblogmoto","description":"Toute l&#039;actualit\u00e9 des 2 roues","potentialAction":[{"@type":"SearchAction","target":{"@type":"EntryPoint","urlTemplate":"https:\/\/blogs.thesocialmedia.com\/leblogmoto\/?s={search_term_string}"},"query-input":{"@type":"PropertyValueSpecification","valueRequired":true,"valueName":"search_term_string"}}],"inLanguage":"fr-FR"},{"@type":"Person","@id":"https:\/\/blogs.thesocialmedia.com\/leblogmoto\/#\/schema\/person\/b496d27c898c29a39678e2425cafb9ae","name":"albin le guyader","image":{"@type":"ImageObject","inLanguage":"fr-FR","@id":"https:\/\/blogs.thesocialmedia.com\/leblogmoto\/#\/schema\/person\/image\/","url":"https:\/\/secure.gravatar.com\/avatar\/?s=96&d=mm&r=g","contentUrl":"https:\/\/secure.gravatar.com\/avatar\/?s=96&d=mm&r=g","caption":"albin le guyader"},"url":"https:\/\/blogs.thesocialmedia.com\/leblogmoto\/author\/albin-le-guyader\/"}]}},"_links":{"self":[{"href":"https:\/\/blogs.thesocialmedia.com\/leblogmoto\/wp-json\/wp\/v2\/posts\/140","targetHints":{"allow":["GET"]}}],"collection":[{"href":"https:\/\/blogs.thesocialmedia.com\/leblogmoto\/wp-json\/wp\/v2\/posts"}],"about":[{"href":"https:\/\/blogs.thesocialmedia.com\/leblogmoto\/wp-json\/wp\/v2\/types\/post"}],"author":[{"embeddable":true,"href":"https:\/\/blogs.thesocialmedia.com\/leblogmoto\/wp-json\/wp\/v2\/users\/323"}],"replies":[{"embeddable":true,"href":"https:\/\/blogs.thesocialmedia.com\/leblogmoto\/wp-json\/wp\/v2\/comments?post=140"}],"version-history":[{"count":2,"href":"https:\/\/blogs.thesocialmedia.com\/leblogmoto\/wp-json\/wp\/v2\/posts\/140\/revisions"}],"predecessor-version":[{"id":13607,"href":"https:\/\/blogs.thesocialmedia.com\/leblogmoto\/wp-json\/wp\/v2\/posts\/140\/revisions\/13607"}],"wp:featuredmedia":[{"embeddable":true,"href":"https:\/\/blogs.thesocialmedia.com\/leblogmoto\/wp-json\/wp\/v2\/media\/13599"}],"wp:attachment":[{"href":"https:\/\/blogs.thesocialmedia.com\/leblogmoto\/wp-json\/wp\/v2\/media?parent=140"}],"wp:term":[{"taxonomy":"category","embeddable":true,"href":"https:\/\/blogs.thesocialmedia.com\/leblogmoto\/wp-json\/wp\/v2\/categories?post=140"},{"taxonomy":"post_tag","embeddable":true,"href":"https:\/\/blogs.thesocialmedia.com\/leblogmoto\/wp-json\/wp\/v2\/tags?post=140"}],"curies":[{"name":"wp","href":"https:\/\/api.w.org\/{rel}","templated":true}]}}