{"id":1402,"date":"2007-05-09T22:10:52","date_gmt":"2007-05-09T22:10:52","guid":{"rendered":"http:\/\/blogs.thesocialmedia.com\/leblogmoto\/2007\/05\/09\/jean-michel-bay\/"},"modified":"2007-05-09T22:10:52","modified_gmt":"2007-05-09T22:10:52","slug":"jean-michel-bay","status":"publish","type":"post","link":"https:\/\/blogs.thesocialmedia.com\/leblogmoto\/2007\/05\/09\/jean-michel-bay\/","title":{"rendered":"Jean Michel Bayle affronte un Bobsleigh \u00e0 la Plagne"},"content":{"rendered":"<p>En Mars 2004, JMB r\u00e9pondait pr\u00e9sent lors du d\u00e9fi GlissXtr\u00eame pour s&rsquo;opposer amicalement \u00e0 Bruno Mingeon (champion du monde 1999) et son bobsleigh sur la piste olympique de la Plagne, en Savoie.<\/p>\n<p>JMB avait choisi une Honda CR 250 \u00e9quip\u00e9e de pneus \u00e0 clous pour affronter les 13 virages et le d\u00e9nivel\u00e9 de 115 m de la piste de 1300 m.<\/p>\n<p>JMB a eu plus peur en effectuant une descente en passager derri\u00e8re Bruno Mingeon dans le bobsleigh que seul au guidon de sa moto.<\/p>\n<p><embed width=\"410\" height=\"400\" src=\"http:\/\/www.vsocial.com\/ups\/0bfe67f7d766cb3de1800cc1d5e64754\"><\/embed> <\/p>\n","protected":false},"excerpt":{"rendered":"<p>En Mars 2004, JMB r\u00e9pondait pr\u00e9sent lors du d\u00e9fi GlissXtr\u00eame pour s&rsquo;opposer amicalement \u00e0 Bruno Mingeon (champion du monde 1999) et son bobsleigh sur la piste olympique de la Plagne, en Savoie. JMB avait choisi une Honda CR 250 \u00e9quip\u00e9e de pneus \u00e0 clous pour affronter les 13 virages et le d\u00e9nivel\u00e9 de 115 m [&hellip;]<\/p>\n","protected":false},"author":323,"featured_media":0,"comment_status":"open","ping_status":"open","sticky":false,"template":"","format":"standard","meta":{"footnotes":""},"categories":[1],"tags":[],"class_list":["post-1402","post","type-post","status-publish","format-standard","hentry","category-uncategorized"],"yoast_head":"<!-- This site is optimized with the Yoast SEO plugin v26.0 - https:\/\/yoast.com\/wordpress\/plugins\/seo\/ -->\n<title>Jean Michel Bayle affronte un Bobsleigh \u00e0 la Plagne - leblogmoto.com<\/title>\n<meta name=\"robots\" content=\"index, follow, max-snippet:-1, max-image-preview:large, max-video-preview:-1\" \/>\n<link rel=\"canonical\" href=\"https:\/\/blogs.thesocialmedia.com\/leblogmoto\/2007\/05\/09\/jean-michel-bay\/\" \/>\n<meta name=\"twitter:card\" content=\"summary_large_image\" \/>\n<meta name=\"twitter:title\" content=\"Jean Michel Bayle affronte un Bobsleigh \u00e0 la Plagne - leblogmoto.com\" \/>\n<meta name=\"twitter:description\" content=\"En Mars 2004, JMB r\u00e9pondait pr\u00e9sent lors du d\u00e9fi GlissXtr\u00eame pour s&rsquo;opposer amicalement \u00e0 Bruno Mingeon (champion du monde 1999) et son bobsleigh sur la piste olympique de la Plagne, en Savoie. JMB avait choisi une Honda CR 250 \u00e9quip\u00e9e de pneus \u00e0 clous pour affronter les 13 virages et le d\u00e9nivel\u00e9 de 115 m [&hellip;]\" \/>\n<meta name=\"twitter:label1\" content=\"\u00c9crit par\" \/>\n\t<meta name=\"twitter:data1\" content=\"albin le guyader\" \/>\n<script type=\"application\/ld+json\" class=\"yoast-schema-graph\">{\"@context\":\"https:\/\/schema.org\",\"@graph\":[{\"@type\":\"WebPage\",\"@id\":\"https:\/\/blogs.thesocialmedia.com\/leblogmoto\/2007\/05\/09\/jean-michel-bay\/\",\"url\":\"https:\/\/blogs.thesocialmedia.com\/leblogmoto\/2007\/05\/09\/jean-michel-bay\/\",\"name\":\"Jean Michel Bayle affronte un Bobsleigh \u00e0 la Plagne - leblogmoto.com\",\"isPartOf\":{\"@id\":\"https:\/\/blogs.thesocialmedia.com\/leblogmoto\/#website\"},\"datePublished\":\"2007-05-09T22:10:52+00:00\",\"author\":{\"@id\":\"https:\/\/blogs.thesocialmedia.com\/leblogmoto\/#\/schema\/person\/b496d27c898c29a39678e2425cafb9ae\"},\"breadcrumb\":{\"@id\":\"https:\/\/blogs.thesocialmedia.com\/leblogmoto\/2007\/05\/09\/jean-michel-bay\/#breadcrumb\"},\"inLanguage\":\"fr-FR\",\"potentialAction\":[{\"@type\":\"ReadAction\",\"target\":[\"https:\/\/blogs.thesocialmedia.com\/leblogmoto\/2007\/05\/09\/jean-michel-bay\/\"]}]},{\"@type\":\"BreadcrumbList\",\"@id\":\"https:\/\/blogs.thesocialmedia.com\/leblogmoto\/2007\/05\/09\/jean-michel-bay\/#breadcrumb\",\"itemListElement\":[{\"@type\":\"ListItem\",\"position\":1,\"name\":\"Accueil\",\"item\":\"https:\/\/blogs.thesocialmedia.com\/leblogmoto\/\"},{\"@type\":\"ListItem\",\"position\":2,\"name\":\"Jean Michel Bayle affronte un Bobsleigh \u00e0 la Plagne\"}]},{\"@type\":\"WebSite\",\"@id\":\"https:\/\/blogs.thesocialmedia.com\/leblogmoto\/#website\",\"url\":\"https:\/\/blogs.thesocialmedia.com\/leblogmoto\/\",\"name\":\"leblogmoto\",\"description\":\"Toute l&#039;actualit\u00e9 des 2 roues\",\"potentialAction\":[{\"@type\":\"SearchAction\",\"target\":{\"@type\":\"EntryPoint\",\"urlTemplate\":\"https:\/\/blogs.thesocialmedia.com\/leblogmoto\/?s={search_term_string}\"},\"query-input\":{\"@type\":\"PropertyValueSpecification\",\"valueRequired\":true,\"valueName\":\"search_term_string\"}}],\"inLanguage\":\"fr-FR\"},{\"@type\":\"Person\",\"@id\":\"https:\/\/blogs.thesocialmedia.com\/leblogmoto\/#\/schema\/person\/b496d27c898c29a39678e2425cafb9ae\",\"name\":\"albin le guyader\",\"image\":{\"@type\":\"ImageObject\",\"inLanguage\":\"fr-FR\",\"@id\":\"https:\/\/blogs.thesocialmedia.com\/leblogmoto\/#\/schema\/person\/image\/\",\"url\":\"https:\/\/secure.gravatar.com\/avatar\/?s=96&d=mm&r=g\",\"contentUrl\":\"https:\/\/secure.gravatar.com\/avatar\/?s=96&d=mm&r=g\",\"caption\":\"albin le guyader\"},\"url\":\"https:\/\/blogs.thesocialmedia.com\/leblogmoto\/author\/albin-le-guyader\/\"}]}<\/script>\n<!-- \/ Yoast SEO plugin. -->","yoast_head_json":{"title":"Jean Michel Bayle affronte un Bobsleigh \u00e0 la Plagne - leblogmoto.com","robots":{"index":"index","follow":"follow","max-snippet":"max-snippet:-1","max-image-preview":"max-image-preview:large","max-video-preview":"max-video-preview:-1"},"canonical":"https:\/\/blogs.thesocialmedia.com\/leblogmoto\/2007\/05\/09\/jean-michel-bay\/","twitter_card":"summary_large_image","twitter_title":"Jean Michel Bayle affronte un Bobsleigh \u00e0 la Plagne - leblogmoto.com","twitter_description":"En Mars 2004, JMB r\u00e9pondait pr\u00e9sent lors du d\u00e9fi GlissXtr\u00eame pour s&rsquo;opposer amicalement \u00e0 Bruno Mingeon (champion du monde 1999) et son bobsleigh sur la piste olympique de la Plagne, en Savoie. JMB avait choisi une Honda CR 250 \u00e9quip\u00e9e de pneus \u00e0 clous pour affronter les 13 virages et le d\u00e9nivel\u00e9 de 115 m [&hellip;]","twitter_misc":{"\u00c9crit par":"albin le guyader"},"schema":{"@context":"https:\/\/schema.org","@graph":[{"@type":"WebPage","@id":"https:\/\/blogs.thesocialmedia.com\/leblogmoto\/2007\/05\/09\/jean-michel-bay\/","url":"https:\/\/blogs.thesocialmedia.com\/leblogmoto\/2007\/05\/09\/jean-michel-bay\/","name":"Jean Michel Bayle affronte un Bobsleigh \u00e0 la Plagne - leblogmoto.com","isPartOf":{"@id":"https:\/\/blogs.thesocialmedia.com\/leblogmoto\/#website"},"datePublished":"2007-05-09T22:10:52+00:00","author":{"@id":"https:\/\/blogs.thesocialmedia.com\/leblogmoto\/#\/schema\/person\/b496d27c898c29a39678e2425cafb9ae"},"breadcrumb":{"@id":"https:\/\/blogs.thesocialmedia.com\/leblogmoto\/2007\/05\/09\/jean-michel-bay\/#breadcrumb"},"inLanguage":"fr-FR","potentialAction":[{"@type":"ReadAction","target":["https:\/\/blogs.thesocialmedia.com\/leblogmoto\/2007\/05\/09\/jean-michel-bay\/"]}]},{"@type":"BreadcrumbList","@id":"https:\/\/blogs.thesocialmedia.com\/leblogmoto\/2007\/05\/09\/jean-michel-bay\/#breadcrumb","itemListElement":[{"@type":"ListItem","position":1,"name":"Accueil","item":"https:\/\/blogs.thesocialmedia.com\/leblogmoto\/"},{"@type":"ListItem","position":2,"name":"Jean Michel Bayle affronte un Bobsleigh \u00e0 la Plagne"}]},{"@type":"WebSite","@id":"https:\/\/blogs.thesocialmedia.com\/leblogmoto\/#website","url":"https:\/\/blogs.thesocialmedia.com\/leblogmoto\/","name":"leblogmoto","description":"Toute l&#039;actualit\u00e9 des 2 roues","potentialAction":[{"@type":"SearchAction","target":{"@type":"EntryPoint","urlTemplate":"https:\/\/blogs.thesocialmedia.com\/leblogmoto\/?s={search_term_string}"},"query-input":{"@type":"PropertyValueSpecification","valueRequired":true,"valueName":"search_term_string"}}],"inLanguage":"fr-FR"},{"@type":"Person","@id":"https:\/\/blogs.thesocialmedia.com\/leblogmoto\/#\/schema\/person\/b496d27c898c29a39678e2425cafb9ae","name":"albin le guyader","image":{"@type":"ImageObject","inLanguage":"fr-FR","@id":"https:\/\/blogs.thesocialmedia.com\/leblogmoto\/#\/schema\/person\/image\/","url":"https:\/\/secure.gravatar.com\/avatar\/?s=96&d=mm&r=g","contentUrl":"https:\/\/secure.gravatar.com\/avatar\/?s=96&d=mm&r=g","caption":"albin le guyader"},"url":"https:\/\/blogs.thesocialmedia.com\/leblogmoto\/author\/albin-le-guyader\/"}]}},"_links":{"self":[{"href":"https:\/\/blogs.thesocialmedia.com\/leblogmoto\/wp-json\/wp\/v2\/posts\/1402","targetHints":{"allow":["GET"]}}],"collection":[{"href":"https:\/\/blogs.thesocialmedia.com\/leblogmoto\/wp-json\/wp\/v2\/posts"}],"about":[{"href":"https:\/\/blogs.thesocialmedia.com\/leblogmoto\/wp-json\/wp\/v2\/types\/post"}],"author":[{"embeddable":true,"href":"https:\/\/blogs.thesocialmedia.com\/leblogmoto\/wp-json\/wp\/v2\/users\/323"}],"replies":[{"embeddable":true,"href":"https:\/\/blogs.thesocialmedia.com\/leblogmoto\/wp-json\/wp\/v2\/comments?post=1402"}],"version-history":[{"count":0,"href":"https:\/\/blogs.thesocialmedia.com\/leblogmoto\/wp-json\/wp\/v2\/posts\/1402\/revisions"}],"wp:attachment":[{"href":"https:\/\/blogs.thesocialmedia.com\/leblogmoto\/wp-json\/wp\/v2\/media?parent=1402"}],"wp:term":[{"taxonomy":"category","embeddable":true,"href":"https:\/\/blogs.thesocialmedia.com\/leblogmoto\/wp-json\/wp\/v2\/categories?post=1402"},{"taxonomy":"post_tag","embeddable":true,"href":"https:\/\/blogs.thesocialmedia.com\/leblogmoto\/wp-json\/wp\/v2\/tags?post=1402"}],"curies":[{"name":"wp","href":"https:\/\/api.w.org\/{rel}","templated":true}]}}