{"id":1405,"date":"2007-05-09T20:43:06","date_gmt":"2007-05-09T20:43:06","guid":{"rendered":"http:\/\/blogs.thesocialmedia.com\/leblogmoto\/2007\/05\/09\/world-ducati-we\/"},"modified":"2012-07-11T14:39:27","modified_gmt":"2012-07-11T14:39:27","slug":"world-ducati-we","status":"publish","type":"post","link":"https:\/\/blogs.thesocialmedia.com\/leblogmoto\/2007\/05\/09\/world-ducati-we\/","title":{"rendered":"World Ducati Week"},"content":{"rendered":"<p><a href=\"http:\/\/blogs.thesocialmedia.com\/leblogmoto\/files\/2012\/07\/wdw.jpg\"><img loading=\"lazy\" decoding=\"async\" width=\"250\" height=\"189\"  src=\"http:\/\/www.leblogmoto.com\/images\/2007\/05\/09\/wdw.jpg\" alt=\"Wdw\" style=\"margin: 0px 5px 5px 0px;float: left\" \/><\/a> La cinqui\u00e8me \u00e9dition du <a href=\"http:\/\/www.ducati.com\/od\/ducatifrance\/fr\/events\/detail.jhtml?eventId=14801\">World Ducati Week<\/a> (wDw) se tiendra du 28 juin au 1er juillet aux alentours de Misano en Italie. Cette ann\u00e9e encore, Ducati r\u00e9unit ses fans pour la grande parade festive de la marque. Au menu : la pr\u00e9sence de pilotes officiels Ducati avec les teams Xerox et Ducati MotoGP constituera le plat principal. Comme lors des \u00e9ditions pr\u00e9c\u00e9dentes, l&rsquo;accent est mis sur la moto et la f\u00eate avec du roulage sur route et circuit (Milano), la gamme 2007, des concerts et la gastronomie locale, toute une nuit au rythme de la &quot;<a href=\"http:\/\/www.lanotterosa.it\/\">Notte Rosa<\/a>&quot;, la descente sur la Riviera&#8230;<\/p>\n<p>Heureusement ce programme de r\u00eave n&rsquo;est pas r\u00e9serv\u00e9 aux seuls Ducatistes et vous \u00eates le bienvenu. Les tarifs sont tr\u00e8s corrects au vu de l&rsquo;ampleur de l&rsquo;\u00e9v\u00e9nement avec 80\u20ac pour les possesseurs de moto de la marque rouge, 100 pour les autres (50 pour les passagers et visiteurs).<\/p>\n<p>Un \u00e9v\u00e9nement \u00e0 ne pas manquer ! Les inscriptions sont d\u00e9j\u00e0 lanc\u00e9es, rendez vous sur le site officiel : <a href=\"http:\/\/www.ducati.com\/od\/ducatifrance\/fr\/events\/detail.jhtml?eventId=14801\">Ducati<\/a><\/p>\n","protected":false},"excerpt":{"rendered":"<p>La cinqui\u00e8me \u00e9dition du World Ducati Week (wDw) se tiendra du 28 juin au 1er juillet aux alentours de Misano en Italie. Cette ann\u00e9e encore, Ducati r\u00e9unit ses fans pour la grande parade festive de la marque. Au menu : la pr\u00e9sence de pilotes officiels Ducati avec les teams Xerox et Ducati MotoGP constituera le [&hellip;]<\/p>\n","protected":false},"author":331,"featured_media":0,"comment_status":"open","ping_status":"open","sticky":false,"template":"","format":"standard","meta":{"footnotes":""},"categories":[3],"tags":[108,118,116,115,114,117],"class_list":["post-1405","post","type-post","status-publish","format-standard","hentry","category-actualite","tag-ducati-2","tag-motogp-2","tag-wdw","tag-week","tag-world","tag-xerox"],"yoast_head":"<!-- This site is optimized with the Yoast SEO plugin v26.0 - https:\/\/yoast.com\/wordpress\/plugins\/seo\/ -->\n<title>World Ducati Week - leblogmoto.com<\/title>\n<meta name=\"robots\" content=\"index, follow, max-snippet:-1, max-image-preview:large, max-video-preview:-1\" \/>\n<link rel=\"canonical\" href=\"https:\/\/blogs.thesocialmedia.com\/leblogmoto\/2007\/05\/09\/world-ducati-we\/\" \/>\n<meta name=\"twitter:card\" content=\"summary_large_image\" \/>\n<meta name=\"twitter:title\" content=\"World Ducati Week - leblogmoto.com\" \/>\n<meta name=\"twitter:description\" content=\"La cinqui\u00e8me \u00e9dition du World Ducati Week (wDw) se tiendra du 28 juin au 1er juillet aux alentours de Misano en Italie. Cette ann\u00e9e encore, Ducati r\u00e9unit ses fans pour la grande parade festive de la marque. Au menu : la pr\u00e9sence de pilotes officiels Ducati avec les teams Xerox et Ducati MotoGP constituera le [&hellip;]\" \/>\n<meta name=\"twitter:image\" content=\"http:\/\/www.leblogmoto.com\/images\/2007\/05\/09\/wdw.jpg\" \/>\n<meta name=\"twitter:label1\" content=\"\u00c9crit par\" \/>\n\t<meta name=\"twitter:data1\" content=\"nicolas gehin\" \/>\n\t<meta name=\"twitter:label2\" content=\"Dur\u00e9e de lecture estim\u00e9e\" \/>\n\t<meta name=\"twitter:data2\" content=\"1 minute\" \/>\n<script type=\"application\/ld+json\" class=\"yoast-schema-graph\">{\"@context\":\"https:\/\/schema.org\",\"@graph\":[{\"@type\":\"WebPage\",\"@id\":\"https:\/\/blogs.thesocialmedia.com\/leblogmoto\/2007\/05\/09\/world-ducati-we\/\",\"url\":\"https:\/\/blogs.thesocialmedia.com\/leblogmoto\/2007\/05\/09\/world-ducati-we\/\",\"name\":\"World Ducati Week - leblogmoto.com\",\"isPartOf\":{\"@id\":\"https:\/\/blogs.thesocialmedia.com\/leblogmoto\/#website\"},\"primaryImageOfPage\":{\"@id\":\"https:\/\/blogs.thesocialmedia.com\/leblogmoto\/2007\/05\/09\/world-ducati-we\/#primaryimage\"},\"image\":{\"@id\":\"https:\/\/blogs.thesocialmedia.com\/leblogmoto\/2007\/05\/09\/world-ducati-we\/#primaryimage\"},\"thumbnailUrl\":\"http:\/\/www.leblogmoto.com\/images\/2007\/05\/09\/wdw.jpg\",\"datePublished\":\"2007-05-09T20:43:06+00:00\",\"dateModified\":\"2012-07-11T14:39:27+00:00\",\"author\":{\"@id\":\"https:\/\/blogs.thesocialmedia.com\/leblogmoto\/#\/schema\/person\/46fe3ed364ad3153421e8604c6e3305f\"},\"breadcrumb\":{\"@id\":\"https:\/\/blogs.thesocialmedia.com\/leblogmoto\/2007\/05\/09\/world-ducati-we\/#breadcrumb\"},\"inLanguage\":\"fr-FR\",\"potentialAction\":[{\"@type\":\"ReadAction\",\"target\":[\"https:\/\/blogs.thesocialmedia.com\/leblogmoto\/2007\/05\/09\/world-ducati-we\/\"]}]},{\"@type\":\"ImageObject\",\"inLanguage\":\"fr-FR\",\"@id\":\"https:\/\/blogs.thesocialmedia.com\/leblogmoto\/2007\/05\/09\/world-ducati-we\/#primaryimage\",\"url\":\"http:\/\/www.leblogmoto.com\/images\/2007\/05\/09\/wdw.jpg\",\"contentUrl\":\"http:\/\/www.leblogmoto.com\/images\/2007\/05\/09\/wdw.jpg\"},{\"@type\":\"BreadcrumbList\",\"@id\":\"https:\/\/blogs.thesocialmedia.com\/leblogmoto\/2007\/05\/09\/world-ducati-we\/#breadcrumb\",\"itemListElement\":[{\"@type\":\"ListItem\",\"position\":1,\"name\":\"Accueil\",\"item\":\"https:\/\/blogs.thesocialmedia.com\/leblogmoto\/\"},{\"@type\":\"ListItem\",\"position\":2,\"name\":\"World Ducati Week\"}]},{\"@type\":\"WebSite\",\"@id\":\"https:\/\/blogs.thesocialmedia.com\/leblogmoto\/#website\",\"url\":\"https:\/\/blogs.thesocialmedia.com\/leblogmoto\/\",\"name\":\"leblogmoto\",\"description\":\"Toute l&#039;actualit\u00e9 des 2 roues\",\"potentialAction\":[{\"@type\":\"SearchAction\",\"target\":{\"@type\":\"EntryPoint\",\"urlTemplate\":\"https:\/\/blogs.thesocialmedia.com\/leblogmoto\/?s={search_term_string}\"},\"query-input\":{\"@type\":\"PropertyValueSpecification\",\"valueRequired\":true,\"valueName\":\"search_term_string\"}}],\"inLanguage\":\"fr-FR\"},{\"@type\":\"Person\",\"@id\":\"https:\/\/blogs.thesocialmedia.com\/leblogmoto\/#\/schema\/person\/46fe3ed364ad3153421e8604c6e3305f\",\"name\":\"nicolas gehin\",\"image\":{\"@type\":\"ImageObject\",\"inLanguage\":\"fr-FR\",\"@id\":\"https:\/\/blogs.thesocialmedia.com\/leblogmoto\/#\/schema\/person\/image\/\",\"url\":\"https:\/\/secure.gravatar.com\/avatar\/?s=96&d=mm&r=g\",\"contentUrl\":\"https:\/\/secure.gravatar.com\/avatar\/?s=96&d=mm&r=g\",\"caption\":\"nicolas gehin\"},\"url\":\"https:\/\/blogs.thesocialmedia.com\/leblogmoto\/author\/nicolas-gehin\/\"}]}<\/script>\n<!-- \/ Yoast SEO plugin. -->","yoast_head_json":{"title":"World Ducati Week - leblogmoto.com","robots":{"index":"index","follow":"follow","max-snippet":"max-snippet:-1","max-image-preview":"max-image-preview:large","max-video-preview":"max-video-preview:-1"},"canonical":"https:\/\/blogs.thesocialmedia.com\/leblogmoto\/2007\/05\/09\/world-ducati-we\/","twitter_card":"summary_large_image","twitter_title":"World Ducati Week - leblogmoto.com","twitter_description":"La cinqui\u00e8me \u00e9dition du World Ducati Week (wDw) se tiendra du 28 juin au 1er juillet aux alentours de Misano en Italie. Cette ann\u00e9e encore, Ducati r\u00e9unit ses fans pour la grande parade festive de la marque. Au menu : la pr\u00e9sence de pilotes officiels Ducati avec les teams Xerox et Ducati MotoGP constituera le [&hellip;]","twitter_image":"http:\/\/www.leblogmoto.com\/images\/2007\/05\/09\/wdw.jpg","twitter_misc":{"\u00c9crit par":"nicolas gehin","Dur\u00e9e de lecture estim\u00e9e":"1 minute"},"schema":{"@context":"https:\/\/schema.org","@graph":[{"@type":"WebPage","@id":"https:\/\/blogs.thesocialmedia.com\/leblogmoto\/2007\/05\/09\/world-ducati-we\/","url":"https:\/\/blogs.thesocialmedia.com\/leblogmoto\/2007\/05\/09\/world-ducati-we\/","name":"World Ducati Week - leblogmoto.com","isPartOf":{"@id":"https:\/\/blogs.thesocialmedia.com\/leblogmoto\/#website"},"primaryImageOfPage":{"@id":"https:\/\/blogs.thesocialmedia.com\/leblogmoto\/2007\/05\/09\/world-ducati-we\/#primaryimage"},"image":{"@id":"https:\/\/blogs.thesocialmedia.com\/leblogmoto\/2007\/05\/09\/world-ducati-we\/#primaryimage"},"thumbnailUrl":"http:\/\/www.leblogmoto.com\/images\/2007\/05\/09\/wdw.jpg","datePublished":"2007-05-09T20:43:06+00:00","dateModified":"2012-07-11T14:39:27+00:00","author":{"@id":"https:\/\/blogs.thesocialmedia.com\/leblogmoto\/#\/schema\/person\/46fe3ed364ad3153421e8604c6e3305f"},"breadcrumb":{"@id":"https:\/\/blogs.thesocialmedia.com\/leblogmoto\/2007\/05\/09\/world-ducati-we\/#breadcrumb"},"inLanguage":"fr-FR","potentialAction":[{"@type":"ReadAction","target":["https:\/\/blogs.thesocialmedia.com\/leblogmoto\/2007\/05\/09\/world-ducati-we\/"]}]},{"@type":"ImageObject","inLanguage":"fr-FR","@id":"https:\/\/blogs.thesocialmedia.com\/leblogmoto\/2007\/05\/09\/world-ducati-we\/#primaryimage","url":"http:\/\/www.leblogmoto.com\/images\/2007\/05\/09\/wdw.jpg","contentUrl":"http:\/\/www.leblogmoto.com\/images\/2007\/05\/09\/wdw.jpg"},{"@type":"BreadcrumbList","@id":"https:\/\/blogs.thesocialmedia.com\/leblogmoto\/2007\/05\/09\/world-ducati-we\/#breadcrumb","itemListElement":[{"@type":"ListItem","position":1,"name":"Accueil","item":"https:\/\/blogs.thesocialmedia.com\/leblogmoto\/"},{"@type":"ListItem","position":2,"name":"World Ducati Week"}]},{"@type":"WebSite","@id":"https:\/\/blogs.thesocialmedia.com\/leblogmoto\/#website","url":"https:\/\/blogs.thesocialmedia.com\/leblogmoto\/","name":"leblogmoto","description":"Toute l&#039;actualit\u00e9 des 2 roues","potentialAction":[{"@type":"SearchAction","target":{"@type":"EntryPoint","urlTemplate":"https:\/\/blogs.thesocialmedia.com\/leblogmoto\/?s={search_term_string}"},"query-input":{"@type":"PropertyValueSpecification","valueRequired":true,"valueName":"search_term_string"}}],"inLanguage":"fr-FR"},{"@type":"Person","@id":"https:\/\/blogs.thesocialmedia.com\/leblogmoto\/#\/schema\/person\/46fe3ed364ad3153421e8604c6e3305f","name":"nicolas gehin","image":{"@type":"ImageObject","inLanguage":"fr-FR","@id":"https:\/\/blogs.thesocialmedia.com\/leblogmoto\/#\/schema\/person\/image\/","url":"https:\/\/secure.gravatar.com\/avatar\/?s=96&d=mm&r=g","contentUrl":"https:\/\/secure.gravatar.com\/avatar\/?s=96&d=mm&r=g","caption":"nicolas gehin"},"url":"https:\/\/blogs.thesocialmedia.com\/leblogmoto\/author\/nicolas-gehin\/"}]}},"_links":{"self":[{"href":"https:\/\/blogs.thesocialmedia.com\/leblogmoto\/wp-json\/wp\/v2\/posts\/1405","targetHints":{"allow":["GET"]}}],"collection":[{"href":"https:\/\/blogs.thesocialmedia.com\/leblogmoto\/wp-json\/wp\/v2\/posts"}],"about":[{"href":"https:\/\/blogs.thesocialmedia.com\/leblogmoto\/wp-json\/wp\/v2\/types\/post"}],"author":[{"embeddable":true,"href":"https:\/\/blogs.thesocialmedia.com\/leblogmoto\/wp-json\/wp\/v2\/users\/331"}],"replies":[{"embeddable":true,"href":"https:\/\/blogs.thesocialmedia.com\/leblogmoto\/wp-json\/wp\/v2\/comments?post=1405"}],"version-history":[{"count":2,"href":"https:\/\/blogs.thesocialmedia.com\/leblogmoto\/wp-json\/wp\/v2\/posts\/1405\/revisions"}],"predecessor-version":[{"id":8366,"href":"https:\/\/blogs.thesocialmedia.com\/leblogmoto\/wp-json\/wp\/v2\/posts\/1405\/revisions\/8366"}],"wp:attachment":[{"href":"https:\/\/blogs.thesocialmedia.com\/leblogmoto\/wp-json\/wp\/v2\/media?parent=1405"}],"wp:term":[{"taxonomy":"category","embeddable":true,"href":"https:\/\/blogs.thesocialmedia.com\/leblogmoto\/wp-json\/wp\/v2\/categories?post=1405"},{"taxonomy":"post_tag","embeddable":true,"href":"https:\/\/blogs.thesocialmedia.com\/leblogmoto\/wp-json\/wp\/v2\/tags?post=1405"}],"curies":[{"name":"wp","href":"https:\/\/api.w.org\/{rel}","templated":true}]}}