{"id":1406,"date":"2007-05-08T17:57:14","date_gmt":"2007-05-08T17:57:14","guid":{"rendered":"http:\/\/blogs.thesocialmedia.com\/leblogmoto\/2007\/05\/08\/le-qubec-en-bmw\/"},"modified":"2012-07-11T14:39:26","modified_gmt":"2012-07-11T14:39:26","slug":"le-qubec-en-bmw","status":"publish","type":"post","link":"https:\/\/blogs.thesocialmedia.com\/leblogmoto\/2007\/05\/08\/le-qubec-en-bmw\/","title":{"rendered":"Le Qu\u00e9bec en BMW ?"},"content":{"rendered":"<p><a href=\"http:\/\/blogs.thesocialmedia.com\/leblogmoto\/files\/2012\/07\/moto_riders.jpg\"><img loading=\"lazy\" decoding=\"async\" height=\"163\" alt=\"Moto_riders\" src=\"http:\/\/www.leblogmoto.com\/images\/2007\/05\/08\/moto_riders.jpg\" width=\"250\"  \/><\/a> Apr\u00e8s l&rsquo;article publi\u00e9 sur Le Blog Moto sur la <a href=\"http:\/\/www.leblogmoto.com\/2007\/03\/route_66_en_har.html\">route 66 en Harley-Deavidson<\/a>, dirigeons nous maintenant chez nos cousins francophones au Qu\u00e9bec. <br \/>Vous avez toujours voulu parcourir cette province \u00e0 bord d&rsquo;une moto, bien maintenant vous pourrez le faire gr\u00e2ce \u00e0 <a href=\"http:\/\/www.moto-tourisme.ca\/\">EMTQ<\/a> (Excursions Moto Tourisme Qu\u00e9bec) qui vous propose un forfait de 7 jours tout inclus \u00e0 bord d&rsquo;une BMW. Au programme, h\u00f4tels de qualit\u00e9 sup\u00e9rieure, d\u00eeners gastronomiques, des visites et autres excursions etc&#8230; <\/p>\n<p><a href=\"http:\/\/clabedan.typepad.com\/.shared\/image.html?\/photos\/uncategorized\/2007\/05\/08\/mappe_psd.jpg\"><img loading=\"lazy\" decoding=\"async\" height=\"332\" alt=\"Mappe_psd\" src=\"http:\/\/www.leblogmoto.com\/images\/2007\/05\/08\/mappe_psd.jpg\" width=\"250\"  \/><\/a> Tout cela en s&rsquo;\u00e9merveillant devant les superbes paysages canadiens.<br \/>Bien s\u00fbr vous vous en doutez, cette excursion a un prix.<\/p>\n<p><strong>Tarifs<\/strong> (HT, il faut rajouter 13,5%):<br \/>Pilote seul:<br \/>Occupation double\/simple<br \/>2150\u20ac\/2550\u20ac F650GS<br \/>2300\u20ac\/2700\u20ac F800ST<br \/>2450\u20ac\/2850\u20ac R1200RT<\/p>\n<p>Pliote avec passager\/passager:<br \/>1995\u20ac\/1645\u20ac F800ST<br \/>2145\u20ac\/1645\u20ac R1200RT<\/p>\n<p>Sachez qu&rsquo;il faut avoir plus de 25 ans pour faire cette excursion et qu&rsquo;il faudra s&rsquo;acquitter d&rsquo;une caution de 800\u20ac \u00e0 1200\u20ac.<\/p>\n<p><strong>Ces tarifs comprennent:<br \/><\/strong><br \/>&#8211; la moto (sauf si le client est passager) ; <br \/>&#8211; l&rsquo;essence et les garanties; le guide ; <br \/>&#8211; un v\u00e9hicule d&rsquo;accompagnement de type caravane avec r\u00e9frig\u00e9rateur et toilette, transportant les bagages&nbsp; du client et une moto de remplacement ; <br \/>&#8211; l&rsquo;h\u00e9bergement dans des h\u00f4tels de cat\u00e9gorie sup\u00e9rieure (4 ou 5 \u00e9toiles) ; <br \/>&#8211; les petits d\u00e9jeuners et les d\u00eeners ; <br \/>&#8211; les activit\u00e9s mentionn\u00e9es dans l&rsquo;Itin\u00e9raire pr\u00e9vu ; <br \/>&#8211; les pourboires pour les repas compris dans le FORFAIT (petits d\u00e9jeuners et d\u00eeners) ; les transferts terrestres (a\u00e9roport Montr\u00e9al &#8211; P.E. TRUDEAU &#8211; h\u00f4tel, h\u00f4tel &#8211; a\u00e9roport Montr\u00e9al &#8211; P.E. TRUDEAU); <br \/>&#8211; la garantie en cas de collision ; <br \/>&#8211; l&rsquo;assurance responsabilit\u00e9.<\/p>\n<p>Donc si vous ne savez pas quoi faire cet \u00e9t\u00e9 et que votre budget est assez cons\u00e9quent, pourquoi pas ?<\/p>\n<p>Pour plus d&rsquo;informations : <a href=\"http:\/\/www.moto-tourisme.ca\/\">www.moto-tourisme.ca<\/a><\/p>\n","protected":false},"excerpt":{"rendered":"<p>Apr\u00e8s l&rsquo;article publi\u00e9 sur Le Blog Moto sur la route 66 en Harley-Deavidson, dirigeons nous maintenant chez nos cousins francophones au Qu\u00e9bec. Vous avez toujours voulu parcourir cette province \u00e0 bord d&rsquo;une moto, bien maintenant vous pourrez le faire gr\u00e2ce \u00e0 EMTQ (Excursions Moto Tourisme Qu\u00e9bec) qui vous propose un forfait de 7 jours tout [&hellip;]<\/p>\n","protected":false},"author":329,"featured_media":0,"comment_status":"open","ping_status":"open","sticky":false,"template":"","format":"standard","meta":{"footnotes":""},"categories":[13,7],"tags":[],"class_list":["post-1406","post","type-post","status-publish","format-standard","hentry","category-aventure","category-bmw"],"yoast_head":"<!-- This site is optimized with the Yoast SEO plugin v26.0 - https:\/\/yoast.com\/wordpress\/plugins\/seo\/ -->\n<title>Le Qu\u00e9bec en BMW ? - leblogmoto.com<\/title>\n<meta name=\"robots\" content=\"index, follow, max-snippet:-1, max-image-preview:large, max-video-preview:-1\" \/>\n<link rel=\"canonical\" href=\"https:\/\/blogs.thesocialmedia.com\/leblogmoto\/2007\/05\/08\/le-qubec-en-bmw\/\" \/>\n<meta name=\"twitter:card\" content=\"summary_large_image\" \/>\n<meta name=\"twitter:title\" content=\"Le Qu\u00e9bec en BMW ? - leblogmoto.com\" \/>\n<meta name=\"twitter:description\" content=\"Apr\u00e8s l&rsquo;article publi\u00e9 sur Le Blog Moto sur la route 66 en Harley-Deavidson, dirigeons nous maintenant chez nos cousins francophones au Qu\u00e9bec. Vous avez toujours voulu parcourir cette province \u00e0 bord d&rsquo;une moto, bien maintenant vous pourrez le faire gr\u00e2ce \u00e0 EMTQ (Excursions Moto Tourisme Qu\u00e9bec) qui vous propose un forfait de 7 jours tout [&hellip;]\" \/>\n<meta name=\"twitter:image\" content=\"http:\/\/www.leblogmoto.com\/images\/2007\/05\/08\/moto_riders.jpg\" \/>\n<meta name=\"twitter:label1\" content=\"\u00c9crit par\" \/>\n\t<meta name=\"twitter:data1\" content=\"gregory boucaud\" \/>\n\t<meta name=\"twitter:label2\" content=\"Dur\u00e9e de lecture estim\u00e9e\" \/>\n\t<meta name=\"twitter:data2\" content=\"1 minute\" \/>\n<script type=\"application\/ld+json\" class=\"yoast-schema-graph\">{\"@context\":\"https:\/\/schema.org\",\"@graph\":[{\"@type\":\"WebPage\",\"@id\":\"https:\/\/blogs.thesocialmedia.com\/leblogmoto\/2007\/05\/08\/le-qubec-en-bmw\/\",\"url\":\"https:\/\/blogs.thesocialmedia.com\/leblogmoto\/2007\/05\/08\/le-qubec-en-bmw\/\",\"name\":\"Le Qu\u00e9bec en BMW ? - leblogmoto.com\",\"isPartOf\":{\"@id\":\"https:\/\/blogs.thesocialmedia.com\/leblogmoto\/#website\"},\"primaryImageOfPage\":{\"@id\":\"https:\/\/blogs.thesocialmedia.com\/leblogmoto\/2007\/05\/08\/le-qubec-en-bmw\/#primaryimage\"},\"image\":{\"@id\":\"https:\/\/blogs.thesocialmedia.com\/leblogmoto\/2007\/05\/08\/le-qubec-en-bmw\/#primaryimage\"},\"thumbnailUrl\":\"http:\/\/www.leblogmoto.com\/images\/2007\/05\/08\/moto_riders.jpg\",\"datePublished\":\"2007-05-08T17:57:14+00:00\",\"dateModified\":\"2012-07-11T14:39:26+00:00\",\"author\":{\"@id\":\"https:\/\/blogs.thesocialmedia.com\/leblogmoto\/#\/schema\/person\/769623f89741cc3381675029a37764f8\"},\"breadcrumb\":{\"@id\":\"https:\/\/blogs.thesocialmedia.com\/leblogmoto\/2007\/05\/08\/le-qubec-en-bmw\/#breadcrumb\"},\"inLanguage\":\"fr-FR\",\"potentialAction\":[{\"@type\":\"ReadAction\",\"target\":[\"https:\/\/blogs.thesocialmedia.com\/leblogmoto\/2007\/05\/08\/le-qubec-en-bmw\/\"]}]},{\"@type\":\"ImageObject\",\"inLanguage\":\"fr-FR\",\"@id\":\"https:\/\/blogs.thesocialmedia.com\/leblogmoto\/2007\/05\/08\/le-qubec-en-bmw\/#primaryimage\",\"url\":\"http:\/\/www.leblogmoto.com\/images\/2007\/05\/08\/moto_riders.jpg\",\"contentUrl\":\"http:\/\/www.leblogmoto.com\/images\/2007\/05\/08\/moto_riders.jpg\"},{\"@type\":\"BreadcrumbList\",\"@id\":\"https:\/\/blogs.thesocialmedia.com\/leblogmoto\/2007\/05\/08\/le-qubec-en-bmw\/#breadcrumb\",\"itemListElement\":[{\"@type\":\"ListItem\",\"position\":1,\"name\":\"Accueil\",\"item\":\"https:\/\/blogs.thesocialmedia.com\/leblogmoto\/\"},{\"@type\":\"ListItem\",\"position\":2,\"name\":\"Le Qu\u00e9bec en BMW ?\"}]},{\"@type\":\"WebSite\",\"@id\":\"https:\/\/blogs.thesocialmedia.com\/leblogmoto\/#website\",\"url\":\"https:\/\/blogs.thesocialmedia.com\/leblogmoto\/\",\"name\":\"leblogmoto\",\"description\":\"Toute l&#039;actualit\u00e9 des 2 roues\",\"potentialAction\":[{\"@type\":\"SearchAction\",\"target\":{\"@type\":\"EntryPoint\",\"urlTemplate\":\"https:\/\/blogs.thesocialmedia.com\/leblogmoto\/?s={search_term_string}\"},\"query-input\":{\"@type\":\"PropertyValueSpecification\",\"valueRequired\":true,\"valueName\":\"search_term_string\"}}],\"inLanguage\":\"fr-FR\"},{\"@type\":\"Person\",\"@id\":\"https:\/\/blogs.thesocialmedia.com\/leblogmoto\/#\/schema\/person\/769623f89741cc3381675029a37764f8\",\"name\":\"gregory boucaud\",\"image\":{\"@type\":\"ImageObject\",\"inLanguage\":\"fr-FR\",\"@id\":\"https:\/\/blogs.thesocialmedia.com\/leblogmoto\/#\/schema\/person\/image\/\",\"url\":\"https:\/\/secure.gravatar.com\/avatar\/?s=96&d=mm&r=g\",\"contentUrl\":\"https:\/\/secure.gravatar.com\/avatar\/?s=96&d=mm&r=g\",\"caption\":\"gregory boucaud\"},\"url\":\"https:\/\/blogs.thesocialmedia.com\/leblogmoto\/author\/gregory-boucaud\/\"}]}<\/script>\n<!-- \/ Yoast SEO plugin. -->","yoast_head_json":{"title":"Le Qu\u00e9bec en BMW ? - leblogmoto.com","robots":{"index":"index","follow":"follow","max-snippet":"max-snippet:-1","max-image-preview":"max-image-preview:large","max-video-preview":"max-video-preview:-1"},"canonical":"https:\/\/blogs.thesocialmedia.com\/leblogmoto\/2007\/05\/08\/le-qubec-en-bmw\/","twitter_card":"summary_large_image","twitter_title":"Le Qu\u00e9bec en BMW ? - leblogmoto.com","twitter_description":"Apr\u00e8s l&rsquo;article publi\u00e9 sur Le Blog Moto sur la route 66 en Harley-Deavidson, dirigeons nous maintenant chez nos cousins francophones au Qu\u00e9bec. Vous avez toujours voulu parcourir cette province \u00e0 bord d&rsquo;une moto, bien maintenant vous pourrez le faire gr\u00e2ce \u00e0 EMTQ (Excursions Moto Tourisme Qu\u00e9bec) qui vous propose un forfait de 7 jours tout [&hellip;]","twitter_image":"http:\/\/www.leblogmoto.com\/images\/2007\/05\/08\/moto_riders.jpg","twitter_misc":{"\u00c9crit par":"gregory boucaud","Dur\u00e9e de lecture estim\u00e9e":"1 minute"},"schema":{"@context":"https:\/\/schema.org","@graph":[{"@type":"WebPage","@id":"https:\/\/blogs.thesocialmedia.com\/leblogmoto\/2007\/05\/08\/le-qubec-en-bmw\/","url":"https:\/\/blogs.thesocialmedia.com\/leblogmoto\/2007\/05\/08\/le-qubec-en-bmw\/","name":"Le Qu\u00e9bec en BMW ? - leblogmoto.com","isPartOf":{"@id":"https:\/\/blogs.thesocialmedia.com\/leblogmoto\/#website"},"primaryImageOfPage":{"@id":"https:\/\/blogs.thesocialmedia.com\/leblogmoto\/2007\/05\/08\/le-qubec-en-bmw\/#primaryimage"},"image":{"@id":"https:\/\/blogs.thesocialmedia.com\/leblogmoto\/2007\/05\/08\/le-qubec-en-bmw\/#primaryimage"},"thumbnailUrl":"http:\/\/www.leblogmoto.com\/images\/2007\/05\/08\/moto_riders.jpg","datePublished":"2007-05-08T17:57:14+00:00","dateModified":"2012-07-11T14:39:26+00:00","author":{"@id":"https:\/\/blogs.thesocialmedia.com\/leblogmoto\/#\/schema\/person\/769623f89741cc3381675029a37764f8"},"breadcrumb":{"@id":"https:\/\/blogs.thesocialmedia.com\/leblogmoto\/2007\/05\/08\/le-qubec-en-bmw\/#breadcrumb"},"inLanguage":"fr-FR","potentialAction":[{"@type":"ReadAction","target":["https:\/\/blogs.thesocialmedia.com\/leblogmoto\/2007\/05\/08\/le-qubec-en-bmw\/"]}]},{"@type":"ImageObject","inLanguage":"fr-FR","@id":"https:\/\/blogs.thesocialmedia.com\/leblogmoto\/2007\/05\/08\/le-qubec-en-bmw\/#primaryimage","url":"http:\/\/www.leblogmoto.com\/images\/2007\/05\/08\/moto_riders.jpg","contentUrl":"http:\/\/www.leblogmoto.com\/images\/2007\/05\/08\/moto_riders.jpg"},{"@type":"BreadcrumbList","@id":"https:\/\/blogs.thesocialmedia.com\/leblogmoto\/2007\/05\/08\/le-qubec-en-bmw\/#breadcrumb","itemListElement":[{"@type":"ListItem","position":1,"name":"Accueil","item":"https:\/\/blogs.thesocialmedia.com\/leblogmoto\/"},{"@type":"ListItem","position":2,"name":"Le Qu\u00e9bec en BMW ?"}]},{"@type":"WebSite","@id":"https:\/\/blogs.thesocialmedia.com\/leblogmoto\/#website","url":"https:\/\/blogs.thesocialmedia.com\/leblogmoto\/","name":"leblogmoto","description":"Toute l&#039;actualit\u00e9 des 2 roues","potentialAction":[{"@type":"SearchAction","target":{"@type":"EntryPoint","urlTemplate":"https:\/\/blogs.thesocialmedia.com\/leblogmoto\/?s={search_term_string}"},"query-input":{"@type":"PropertyValueSpecification","valueRequired":true,"valueName":"search_term_string"}}],"inLanguage":"fr-FR"},{"@type":"Person","@id":"https:\/\/blogs.thesocialmedia.com\/leblogmoto\/#\/schema\/person\/769623f89741cc3381675029a37764f8","name":"gregory boucaud","image":{"@type":"ImageObject","inLanguage":"fr-FR","@id":"https:\/\/blogs.thesocialmedia.com\/leblogmoto\/#\/schema\/person\/image\/","url":"https:\/\/secure.gravatar.com\/avatar\/?s=96&d=mm&r=g","contentUrl":"https:\/\/secure.gravatar.com\/avatar\/?s=96&d=mm&r=g","caption":"gregory boucaud"},"url":"https:\/\/blogs.thesocialmedia.com\/leblogmoto\/author\/gregory-boucaud\/"}]}},"_links":{"self":[{"href":"https:\/\/blogs.thesocialmedia.com\/leblogmoto\/wp-json\/wp\/v2\/posts\/1406","targetHints":{"allow":["GET"]}}],"collection":[{"href":"https:\/\/blogs.thesocialmedia.com\/leblogmoto\/wp-json\/wp\/v2\/posts"}],"about":[{"href":"https:\/\/blogs.thesocialmedia.com\/leblogmoto\/wp-json\/wp\/v2\/types\/post"}],"author":[{"embeddable":true,"href":"https:\/\/blogs.thesocialmedia.com\/leblogmoto\/wp-json\/wp\/v2\/users\/329"}],"replies":[{"embeddable":true,"href":"https:\/\/blogs.thesocialmedia.com\/leblogmoto\/wp-json\/wp\/v2\/comments?post=1406"}],"version-history":[{"count":2,"href":"https:\/\/blogs.thesocialmedia.com\/leblogmoto\/wp-json\/wp\/v2\/posts\/1406\/revisions"}],"predecessor-version":[{"id":8364,"href":"https:\/\/blogs.thesocialmedia.com\/leblogmoto\/wp-json\/wp\/v2\/posts\/1406\/revisions\/8364"}],"wp:attachment":[{"href":"https:\/\/blogs.thesocialmedia.com\/leblogmoto\/wp-json\/wp\/v2\/media?parent=1406"}],"wp:term":[{"taxonomy":"category","embeddable":true,"href":"https:\/\/blogs.thesocialmedia.com\/leblogmoto\/wp-json\/wp\/v2\/categories?post=1406"},{"taxonomy":"post_tag","embeddable":true,"href":"https:\/\/blogs.thesocialmedia.com\/leblogmoto\/wp-json\/wp\/v2\/tags?post=1406"}],"curies":[{"name":"wp","href":"https:\/\/api.w.org\/{rel}","templated":true}]}}