{"id":1407,"date":"2007-05-08T17:22:53","date_gmt":"2007-05-08T17:22:53","guid":{"rendered":"http:\/\/blogs.thesocialmedia.com\/leblogmoto\/2007\/05\/08\/coupes-moto-lge\/"},"modified":"2012-07-11T14:39:24","modified_gmt":"2012-07-11T14:39:24","slug":"coupes-moto-lge","status":"publish","type":"post","link":"https:\/\/blogs.thesocialmedia.com\/leblogmoto\/2007\/05\/08\/coupes-moto-lge\/","title":{"rendered":"Coupes Moto L\u00e9gende"},"content":{"rendered":"<p><a href=\"http:\/\/blogs.thesocialmedia.com\/leblogmoto\/files\/2012\/07\/cml07affiche.jpg\"><img loading=\"lazy\" decoding=\"async\" height=\"353\" alt=\"Cml07affiche\" src=\"http:\/\/www.leblogmoto.com\/images\/2007\/05\/08\/cml07affiche.jpg\" width=\"250\"  \/><\/a> Les 26 et 27 mai 2007 vous pourrez assister sur le circuit de <a href=\"http:\/\/www.circuit-dijon-prenois.com\/\">Dijon-Prenois<\/a> \u00e0 la 15\u00e8me \u00e9dition des <a href=\"www.coupes-moto-legende.fr\">Coupes Moto L\u00e9gende<\/a>. C&rsquo;est un des plus grands rassemblement europ\u00e9en de motos classiques. Depuis 1993 sur le circuit de <a href=\"http:\/\/montlhery.com\/autodrom.htm\">Linas-Montlh\u00e9ry<\/a>, les <a href=\"www.coupes-moto-legende.fr\">Coupes Moto L\u00e9gende<\/a> sont d\u00e9venues le rendez-vous international de la moto classique. Elles sont organis\u00e9es tous les ans au mois de mai sur le circuit de <a href=\"http:\/\/montlhery.com\/autodrom.htm\">Linas-Montlh\u00e9ry<\/a> jusqu&rsquo;en 2003, puis sur le cicruit de <a href=\"http:\/\/www.circuit-dijon-prenois.com\/\">Dijon-Prenois<\/a>.<br \/>Vous pourrez y voir plus de 1000 motos dont certaines de Grand Prix pilot\u00e9es par les champions d&rsquo;\u00e9poque. Vous aurez aussi la possibilit\u00e9 de d\u00e9couvrir les nouveaut\u00e9s des constructeurs et des \u00e9quipementiers, de voir les stands et les professionnels du village marchand.<\/p>\n<p>Sachez que l&rsquo;entr\u00e9e sera gratuite pour les moins de 12 ans mais aussi pour les conducteur d&rsquo;une moto d&rsquo;avant 1965 au guidon de sa machine.<br \/>Au niveau de l&rsquo;animations, vous aurez aussi droit \u00e0 des concerts dans la paddock principal ainsi que la remise des troph\u00e9es le dimanche 27 \u00e0 midi.<\/p>\n<p><strong>Tarifs: <\/strong><br \/>Entr\u00e9e deux jours (tarif unique) : 21\u20ac<br \/>Tarif r\u00e9duit pour les 13-18 ans : 15\u20ac<\/p>\n<p><strong>Ouverture des caisse<\/strong> \u00e0 8h30 <br \/><strong>D\u00e9monstrations sur la piste<\/strong> de 9h \u00e0 19h<\/p>\n<p><strong>Pr\u00e9vente billets:<\/strong><br \/>France Billet : 0892 692 694 ou <a href=\"http:\/\/www.francebillet.com\/\">www.francebillet.com<\/a><br \/>Magasins FNAC\/Carrefour\/G\u00e9ant Casino<\/p>\n<p><strong>Pour plus de renseignements:<\/strong> <br \/>Tel. 01 60 71 55 15<br \/><a href=\"http:\/\/www.coupes-moto-legende.fr\/\">www.coupes-moto-legende.fr<\/a><\/p>\n","protected":false},"excerpt":{"rendered":"<p>Les 26 et 27 mai 2007 vous pourrez assister sur le circuit de Dijon-Prenois \u00e0 la 15\u00e8me \u00e9dition des Coupes Moto L\u00e9gende. C&rsquo;est un des plus grands rassemblement europ\u00e9en de motos classiques. Depuis 1993 sur le circuit de Linas-Montlh\u00e9ry, les Coupes Moto L\u00e9gende sont d\u00e9venues le rendez-vous international de la moto classique. Elles sont organis\u00e9es [&hellip;]<\/p>\n","protected":false},"author":329,"featured_media":0,"comment_status":"open","ping_status":"open","sticky":false,"template":"","format":"standard","meta":{"footnotes":""},"categories":[3,9],"tags":[],"class_list":["post-1407","post","type-post","status-publish","format-standard","hentry","category-actualite","category-historique"],"yoast_head":"<!-- This site is optimized with the Yoast SEO plugin v26.0 - https:\/\/yoast.com\/wordpress\/plugins\/seo\/ -->\n<title>Coupes Moto L\u00e9gende - leblogmoto.com<\/title>\n<meta name=\"robots\" content=\"index, follow, max-snippet:-1, max-image-preview:large, max-video-preview:-1\" \/>\n<link rel=\"canonical\" href=\"https:\/\/blogs.thesocialmedia.com\/leblogmoto\/2007\/05\/08\/coupes-moto-lge\/\" \/>\n<meta name=\"twitter:card\" content=\"summary_large_image\" \/>\n<meta name=\"twitter:title\" content=\"Coupes Moto L\u00e9gende - leblogmoto.com\" \/>\n<meta name=\"twitter:description\" content=\"Les 26 et 27 mai 2007 vous pourrez assister sur le circuit de Dijon-Prenois \u00e0 la 15\u00e8me \u00e9dition des Coupes Moto L\u00e9gende. C&rsquo;est un des plus grands rassemblement europ\u00e9en de motos classiques. Depuis 1993 sur le circuit de Linas-Montlh\u00e9ry, les Coupes Moto L\u00e9gende sont d\u00e9venues le rendez-vous international de la moto classique. Elles sont organis\u00e9es [&hellip;]\" \/>\n<meta name=\"twitter:image\" content=\"http:\/\/www.leblogmoto.com\/images\/2007\/05\/08\/cml07affiche.jpg\" \/>\n<meta name=\"twitter:label1\" content=\"\u00c9crit par\" \/>\n\t<meta name=\"twitter:data1\" content=\"gregory boucaud\" \/>\n\t<meta name=\"twitter:label2\" content=\"Dur\u00e9e de lecture estim\u00e9e\" \/>\n\t<meta name=\"twitter:data2\" content=\"1 minute\" \/>\n<script type=\"application\/ld+json\" class=\"yoast-schema-graph\">{\"@context\":\"https:\/\/schema.org\",\"@graph\":[{\"@type\":\"WebPage\",\"@id\":\"https:\/\/blogs.thesocialmedia.com\/leblogmoto\/2007\/05\/08\/coupes-moto-lge\/\",\"url\":\"https:\/\/blogs.thesocialmedia.com\/leblogmoto\/2007\/05\/08\/coupes-moto-lge\/\",\"name\":\"Coupes Moto L\u00e9gende - leblogmoto.com\",\"isPartOf\":{\"@id\":\"https:\/\/blogs.thesocialmedia.com\/leblogmoto\/#website\"},\"primaryImageOfPage\":{\"@id\":\"https:\/\/blogs.thesocialmedia.com\/leblogmoto\/2007\/05\/08\/coupes-moto-lge\/#primaryimage\"},\"image\":{\"@id\":\"https:\/\/blogs.thesocialmedia.com\/leblogmoto\/2007\/05\/08\/coupes-moto-lge\/#primaryimage\"},\"thumbnailUrl\":\"http:\/\/www.leblogmoto.com\/images\/2007\/05\/08\/cml07affiche.jpg\",\"datePublished\":\"2007-05-08T17:22:53+00:00\",\"dateModified\":\"2012-07-11T14:39:24+00:00\",\"author\":{\"@id\":\"https:\/\/blogs.thesocialmedia.com\/leblogmoto\/#\/schema\/person\/769623f89741cc3381675029a37764f8\"},\"breadcrumb\":{\"@id\":\"https:\/\/blogs.thesocialmedia.com\/leblogmoto\/2007\/05\/08\/coupes-moto-lge\/#breadcrumb\"},\"inLanguage\":\"fr-FR\",\"potentialAction\":[{\"@type\":\"ReadAction\",\"target\":[\"https:\/\/blogs.thesocialmedia.com\/leblogmoto\/2007\/05\/08\/coupes-moto-lge\/\"]}]},{\"@type\":\"ImageObject\",\"inLanguage\":\"fr-FR\",\"@id\":\"https:\/\/blogs.thesocialmedia.com\/leblogmoto\/2007\/05\/08\/coupes-moto-lge\/#primaryimage\",\"url\":\"http:\/\/www.leblogmoto.com\/images\/2007\/05\/08\/cml07affiche.jpg\",\"contentUrl\":\"http:\/\/www.leblogmoto.com\/images\/2007\/05\/08\/cml07affiche.jpg\"},{\"@type\":\"BreadcrumbList\",\"@id\":\"https:\/\/blogs.thesocialmedia.com\/leblogmoto\/2007\/05\/08\/coupes-moto-lge\/#breadcrumb\",\"itemListElement\":[{\"@type\":\"ListItem\",\"position\":1,\"name\":\"Accueil\",\"item\":\"https:\/\/blogs.thesocialmedia.com\/leblogmoto\/\"},{\"@type\":\"ListItem\",\"position\":2,\"name\":\"Coupes Moto L\u00e9gende\"}]},{\"@type\":\"WebSite\",\"@id\":\"https:\/\/blogs.thesocialmedia.com\/leblogmoto\/#website\",\"url\":\"https:\/\/blogs.thesocialmedia.com\/leblogmoto\/\",\"name\":\"leblogmoto\",\"description\":\"Toute l&#039;actualit\u00e9 des 2 roues\",\"potentialAction\":[{\"@type\":\"SearchAction\",\"target\":{\"@type\":\"EntryPoint\",\"urlTemplate\":\"https:\/\/blogs.thesocialmedia.com\/leblogmoto\/?s={search_term_string}\"},\"query-input\":{\"@type\":\"PropertyValueSpecification\",\"valueRequired\":true,\"valueName\":\"search_term_string\"}}],\"inLanguage\":\"fr-FR\"},{\"@type\":\"Person\",\"@id\":\"https:\/\/blogs.thesocialmedia.com\/leblogmoto\/#\/schema\/person\/769623f89741cc3381675029a37764f8\",\"name\":\"gregory boucaud\",\"image\":{\"@type\":\"ImageObject\",\"inLanguage\":\"fr-FR\",\"@id\":\"https:\/\/blogs.thesocialmedia.com\/leblogmoto\/#\/schema\/person\/image\/\",\"url\":\"https:\/\/secure.gravatar.com\/avatar\/?s=96&d=mm&r=g\",\"contentUrl\":\"https:\/\/secure.gravatar.com\/avatar\/?s=96&d=mm&r=g\",\"caption\":\"gregory boucaud\"},\"url\":\"https:\/\/blogs.thesocialmedia.com\/leblogmoto\/author\/gregory-boucaud\/\"}]}<\/script>\n<!-- \/ Yoast SEO plugin. -->","yoast_head_json":{"title":"Coupes Moto L\u00e9gende - leblogmoto.com","robots":{"index":"index","follow":"follow","max-snippet":"max-snippet:-1","max-image-preview":"max-image-preview:large","max-video-preview":"max-video-preview:-1"},"canonical":"https:\/\/blogs.thesocialmedia.com\/leblogmoto\/2007\/05\/08\/coupes-moto-lge\/","twitter_card":"summary_large_image","twitter_title":"Coupes Moto L\u00e9gende - leblogmoto.com","twitter_description":"Les 26 et 27 mai 2007 vous pourrez assister sur le circuit de Dijon-Prenois \u00e0 la 15\u00e8me \u00e9dition des Coupes Moto L\u00e9gende. C&rsquo;est un des plus grands rassemblement europ\u00e9en de motos classiques. Depuis 1993 sur le circuit de Linas-Montlh\u00e9ry, les Coupes Moto L\u00e9gende sont d\u00e9venues le rendez-vous international de la moto classique. Elles sont organis\u00e9es [&hellip;]","twitter_image":"http:\/\/www.leblogmoto.com\/images\/2007\/05\/08\/cml07affiche.jpg","twitter_misc":{"\u00c9crit par":"gregory boucaud","Dur\u00e9e de lecture estim\u00e9e":"1 minute"},"schema":{"@context":"https:\/\/schema.org","@graph":[{"@type":"WebPage","@id":"https:\/\/blogs.thesocialmedia.com\/leblogmoto\/2007\/05\/08\/coupes-moto-lge\/","url":"https:\/\/blogs.thesocialmedia.com\/leblogmoto\/2007\/05\/08\/coupes-moto-lge\/","name":"Coupes Moto L\u00e9gende - leblogmoto.com","isPartOf":{"@id":"https:\/\/blogs.thesocialmedia.com\/leblogmoto\/#website"},"primaryImageOfPage":{"@id":"https:\/\/blogs.thesocialmedia.com\/leblogmoto\/2007\/05\/08\/coupes-moto-lge\/#primaryimage"},"image":{"@id":"https:\/\/blogs.thesocialmedia.com\/leblogmoto\/2007\/05\/08\/coupes-moto-lge\/#primaryimage"},"thumbnailUrl":"http:\/\/www.leblogmoto.com\/images\/2007\/05\/08\/cml07affiche.jpg","datePublished":"2007-05-08T17:22:53+00:00","dateModified":"2012-07-11T14:39:24+00:00","author":{"@id":"https:\/\/blogs.thesocialmedia.com\/leblogmoto\/#\/schema\/person\/769623f89741cc3381675029a37764f8"},"breadcrumb":{"@id":"https:\/\/blogs.thesocialmedia.com\/leblogmoto\/2007\/05\/08\/coupes-moto-lge\/#breadcrumb"},"inLanguage":"fr-FR","potentialAction":[{"@type":"ReadAction","target":["https:\/\/blogs.thesocialmedia.com\/leblogmoto\/2007\/05\/08\/coupes-moto-lge\/"]}]},{"@type":"ImageObject","inLanguage":"fr-FR","@id":"https:\/\/blogs.thesocialmedia.com\/leblogmoto\/2007\/05\/08\/coupes-moto-lge\/#primaryimage","url":"http:\/\/www.leblogmoto.com\/images\/2007\/05\/08\/cml07affiche.jpg","contentUrl":"http:\/\/www.leblogmoto.com\/images\/2007\/05\/08\/cml07affiche.jpg"},{"@type":"BreadcrumbList","@id":"https:\/\/blogs.thesocialmedia.com\/leblogmoto\/2007\/05\/08\/coupes-moto-lge\/#breadcrumb","itemListElement":[{"@type":"ListItem","position":1,"name":"Accueil","item":"https:\/\/blogs.thesocialmedia.com\/leblogmoto\/"},{"@type":"ListItem","position":2,"name":"Coupes Moto L\u00e9gende"}]},{"@type":"WebSite","@id":"https:\/\/blogs.thesocialmedia.com\/leblogmoto\/#website","url":"https:\/\/blogs.thesocialmedia.com\/leblogmoto\/","name":"leblogmoto","description":"Toute l&#039;actualit\u00e9 des 2 roues","potentialAction":[{"@type":"SearchAction","target":{"@type":"EntryPoint","urlTemplate":"https:\/\/blogs.thesocialmedia.com\/leblogmoto\/?s={search_term_string}"},"query-input":{"@type":"PropertyValueSpecification","valueRequired":true,"valueName":"search_term_string"}}],"inLanguage":"fr-FR"},{"@type":"Person","@id":"https:\/\/blogs.thesocialmedia.com\/leblogmoto\/#\/schema\/person\/769623f89741cc3381675029a37764f8","name":"gregory boucaud","image":{"@type":"ImageObject","inLanguage":"fr-FR","@id":"https:\/\/blogs.thesocialmedia.com\/leblogmoto\/#\/schema\/person\/image\/","url":"https:\/\/secure.gravatar.com\/avatar\/?s=96&d=mm&r=g","contentUrl":"https:\/\/secure.gravatar.com\/avatar\/?s=96&d=mm&r=g","caption":"gregory boucaud"},"url":"https:\/\/blogs.thesocialmedia.com\/leblogmoto\/author\/gregory-boucaud\/"}]}},"_links":{"self":[{"href":"https:\/\/blogs.thesocialmedia.com\/leblogmoto\/wp-json\/wp\/v2\/posts\/1407","targetHints":{"allow":["GET"]}}],"collection":[{"href":"https:\/\/blogs.thesocialmedia.com\/leblogmoto\/wp-json\/wp\/v2\/posts"}],"about":[{"href":"https:\/\/blogs.thesocialmedia.com\/leblogmoto\/wp-json\/wp\/v2\/types\/post"}],"author":[{"embeddable":true,"href":"https:\/\/blogs.thesocialmedia.com\/leblogmoto\/wp-json\/wp\/v2\/users\/329"}],"replies":[{"embeddable":true,"href":"https:\/\/blogs.thesocialmedia.com\/leblogmoto\/wp-json\/wp\/v2\/comments?post=1407"}],"version-history":[{"count":2,"href":"https:\/\/blogs.thesocialmedia.com\/leblogmoto\/wp-json\/wp\/v2\/posts\/1407\/revisions"}],"predecessor-version":[{"id":8362,"href":"https:\/\/blogs.thesocialmedia.com\/leblogmoto\/wp-json\/wp\/v2\/posts\/1407\/revisions\/8362"}],"wp:attachment":[{"href":"https:\/\/blogs.thesocialmedia.com\/leblogmoto\/wp-json\/wp\/v2\/media?parent=1407"}],"wp:term":[{"taxonomy":"category","embeddable":true,"href":"https:\/\/blogs.thesocialmedia.com\/leblogmoto\/wp-json\/wp\/v2\/categories?post=1407"},{"taxonomy":"post_tag","embeddable":true,"href":"https:\/\/blogs.thesocialmedia.com\/leblogmoto\/wp-json\/wp\/v2\/tags?post=1407"}],"curies":[{"name":"wp","href":"https:\/\/api.w.org\/{rel}","templated":true}]}}