{"id":1408,"date":"2007-05-08T16:39:37","date_gmt":"2007-05-08T16:39:37","guid":{"rendered":"http:\/\/blogs.thesocialmedia.com\/leblogmoto\/2007\/05\/08\/motostra-2007\/"},"modified":"2012-07-11T14:39:23","modified_gmt":"2012-07-11T14:39:23","slug":"motostra-2007","status":"publish","type":"post","link":"https:\/\/blogs.thesocialmedia.com\/leblogmoto\/2007\/05\/08\/motostra-2007\/","title":{"rendered":"Motostra 2007"},"content":{"rendered":"<p><a href=\"http:\/\/blogs.thesocialmedia.com\/leblogmoto\/files\/2012\/07\/mostra.jpg\"><img loading=\"lazy\" decoding=\"async\" height=\"164\" alt=\"Mostra\" src=\"http:\/\/www.leblogmoto.com\/images\/2007\/05\/08\/mostra.jpg\" width=\"250\"  \/><\/a> La septi\u00e8me \u00e9dition de la <a href=\"http:\/\/www.motostra.com\/\">Motostra<\/a> aura lieu les 7 et 8 juillet \u00e0 <a href=\"http:\/\/www.ot-millau.fr\/\">Millau<\/a>. Rappelons que la <a href=\"http:\/\/www.motostra.com\/\">Motostra<\/a> est le festival du court-m\u00e9trage de la moto. L&rsquo;occasion pour les cin\u00e9astes amateurs passionn\u00e9s de moto de diffuser leurs films (au format DV) d&rsquo;une dur\u00e9e maxi de 10 min. Les prix d\u00e9cern\u00e9s sont: Le prix de la meilleure id\u00e9e originale, le prix sp\u00e9cial du meilleur documentaire et le prix Pierre William Glenn. <\/p>\n<p>Les trois films s\u00e9lectionn\u00e9s seront r\u00e9compens\u00e9s de 5 000\u20ac de prix \u00e0 se partager. Pour vous donner une id\u00e9e sur les \u00e9ditions pr\u00e9c\u00e9dentes, vous pouvez vous rendre <a href=\"http:\/\/www.motostra.com\/-Editions-precedentes-.html\">ici<\/a>.<br \/>Bref, si vous \u00eates du c\u00f4t\u00e9 de Millau les 7 et 8 juillet, profitez-en pour vous rendre aux projections des courts-m\u00e9trages.<\/p>\n<p>Pour plus d&rsquo;informations: <a href=\"http:\/\/www.motostra.com\/\">www.motostra.com<\/a> ou au 01 55 86 18 00 (Jean-Marc Belotti)<\/p>\n","protected":false},"excerpt":{"rendered":"<p>La septi\u00e8me \u00e9dition de la Motostra aura lieu les 7 et 8 juillet \u00e0 Millau. Rappelons que la Motostra est le festival du court-m\u00e9trage de la moto. L&rsquo;occasion pour les cin\u00e9astes amateurs passionn\u00e9s de moto de diffuser leurs films (au format DV) d&rsquo;une dur\u00e9e maxi de 10 min. Les prix d\u00e9cern\u00e9s sont: Le prix de [&hellip;]<\/p>\n","protected":false},"author":329,"featured_media":0,"comment_status":"open","ping_status":"open","sticky":false,"template":"","format":"standard","meta":{"footnotes":""},"categories":[3],"tags":[],"class_list":["post-1408","post","type-post","status-publish","format-standard","hentry","category-actualite"],"yoast_head":"<!-- This site is optimized with the Yoast SEO plugin v26.0 - https:\/\/yoast.com\/wordpress\/plugins\/seo\/ -->\n<title>Motostra 2007 - leblogmoto.com<\/title>\n<meta name=\"robots\" content=\"index, follow, max-snippet:-1, max-image-preview:large, max-video-preview:-1\" \/>\n<link rel=\"canonical\" href=\"https:\/\/blogs.thesocialmedia.com\/leblogmoto\/2007\/05\/08\/motostra-2007\/\" \/>\n<meta name=\"twitter:card\" content=\"summary_large_image\" \/>\n<meta name=\"twitter:title\" content=\"Motostra 2007 - leblogmoto.com\" \/>\n<meta name=\"twitter:description\" content=\"La septi\u00e8me \u00e9dition de la Motostra aura lieu les 7 et 8 juillet \u00e0 Millau. Rappelons que la Motostra est le festival du court-m\u00e9trage de la moto. L&rsquo;occasion pour les cin\u00e9astes amateurs passionn\u00e9s de moto de diffuser leurs films (au format DV) d&rsquo;une dur\u00e9e maxi de 10 min. Les prix d\u00e9cern\u00e9s sont: Le prix de [&hellip;]\" \/>\n<meta name=\"twitter:image\" content=\"http:\/\/www.leblogmoto.com\/images\/2007\/05\/08\/mostra.jpg\" \/>\n<meta name=\"twitter:label1\" content=\"\u00c9crit par\" \/>\n\t<meta name=\"twitter:data1\" content=\"gregory boucaud\" \/>\n\t<meta name=\"twitter:label2\" content=\"Dur\u00e9e de lecture estim\u00e9e\" \/>\n\t<meta name=\"twitter:data2\" content=\"1 minute\" \/>\n<script type=\"application\/ld+json\" class=\"yoast-schema-graph\">{\"@context\":\"https:\/\/schema.org\",\"@graph\":[{\"@type\":\"WebPage\",\"@id\":\"https:\/\/blogs.thesocialmedia.com\/leblogmoto\/2007\/05\/08\/motostra-2007\/\",\"url\":\"https:\/\/blogs.thesocialmedia.com\/leblogmoto\/2007\/05\/08\/motostra-2007\/\",\"name\":\"Motostra 2007 - leblogmoto.com\",\"isPartOf\":{\"@id\":\"https:\/\/blogs.thesocialmedia.com\/leblogmoto\/#website\"},\"primaryImageOfPage\":{\"@id\":\"https:\/\/blogs.thesocialmedia.com\/leblogmoto\/2007\/05\/08\/motostra-2007\/#primaryimage\"},\"image\":{\"@id\":\"https:\/\/blogs.thesocialmedia.com\/leblogmoto\/2007\/05\/08\/motostra-2007\/#primaryimage\"},\"thumbnailUrl\":\"http:\/\/www.leblogmoto.com\/images\/2007\/05\/08\/mostra.jpg\",\"datePublished\":\"2007-05-08T16:39:37+00:00\",\"dateModified\":\"2012-07-11T14:39:23+00:00\",\"author\":{\"@id\":\"https:\/\/blogs.thesocialmedia.com\/leblogmoto\/#\/schema\/person\/769623f89741cc3381675029a37764f8\"},\"breadcrumb\":{\"@id\":\"https:\/\/blogs.thesocialmedia.com\/leblogmoto\/2007\/05\/08\/motostra-2007\/#breadcrumb\"},\"inLanguage\":\"fr-FR\",\"potentialAction\":[{\"@type\":\"ReadAction\",\"target\":[\"https:\/\/blogs.thesocialmedia.com\/leblogmoto\/2007\/05\/08\/motostra-2007\/\"]}]},{\"@type\":\"ImageObject\",\"inLanguage\":\"fr-FR\",\"@id\":\"https:\/\/blogs.thesocialmedia.com\/leblogmoto\/2007\/05\/08\/motostra-2007\/#primaryimage\",\"url\":\"http:\/\/www.leblogmoto.com\/images\/2007\/05\/08\/mostra.jpg\",\"contentUrl\":\"http:\/\/www.leblogmoto.com\/images\/2007\/05\/08\/mostra.jpg\"},{\"@type\":\"BreadcrumbList\",\"@id\":\"https:\/\/blogs.thesocialmedia.com\/leblogmoto\/2007\/05\/08\/motostra-2007\/#breadcrumb\",\"itemListElement\":[{\"@type\":\"ListItem\",\"position\":1,\"name\":\"Accueil\",\"item\":\"https:\/\/blogs.thesocialmedia.com\/leblogmoto\/\"},{\"@type\":\"ListItem\",\"position\":2,\"name\":\"Motostra 2007\"}]},{\"@type\":\"WebSite\",\"@id\":\"https:\/\/blogs.thesocialmedia.com\/leblogmoto\/#website\",\"url\":\"https:\/\/blogs.thesocialmedia.com\/leblogmoto\/\",\"name\":\"leblogmoto\",\"description\":\"Toute l&#039;actualit\u00e9 des 2 roues\",\"potentialAction\":[{\"@type\":\"SearchAction\",\"target\":{\"@type\":\"EntryPoint\",\"urlTemplate\":\"https:\/\/blogs.thesocialmedia.com\/leblogmoto\/?s={search_term_string}\"},\"query-input\":{\"@type\":\"PropertyValueSpecification\",\"valueRequired\":true,\"valueName\":\"search_term_string\"}}],\"inLanguage\":\"fr-FR\"},{\"@type\":\"Person\",\"@id\":\"https:\/\/blogs.thesocialmedia.com\/leblogmoto\/#\/schema\/person\/769623f89741cc3381675029a37764f8\",\"name\":\"gregory boucaud\",\"image\":{\"@type\":\"ImageObject\",\"inLanguage\":\"fr-FR\",\"@id\":\"https:\/\/blogs.thesocialmedia.com\/leblogmoto\/#\/schema\/person\/image\/\",\"url\":\"https:\/\/secure.gravatar.com\/avatar\/?s=96&d=mm&r=g\",\"contentUrl\":\"https:\/\/secure.gravatar.com\/avatar\/?s=96&d=mm&r=g\",\"caption\":\"gregory boucaud\"},\"url\":\"https:\/\/blogs.thesocialmedia.com\/leblogmoto\/author\/gregory-boucaud\/\"}]}<\/script>\n<!-- \/ Yoast SEO plugin. -->","yoast_head_json":{"title":"Motostra 2007 - leblogmoto.com","robots":{"index":"index","follow":"follow","max-snippet":"max-snippet:-1","max-image-preview":"max-image-preview:large","max-video-preview":"max-video-preview:-1"},"canonical":"https:\/\/blogs.thesocialmedia.com\/leblogmoto\/2007\/05\/08\/motostra-2007\/","twitter_card":"summary_large_image","twitter_title":"Motostra 2007 - leblogmoto.com","twitter_description":"La septi\u00e8me \u00e9dition de la Motostra aura lieu les 7 et 8 juillet \u00e0 Millau. Rappelons que la Motostra est le festival du court-m\u00e9trage de la moto. L&rsquo;occasion pour les cin\u00e9astes amateurs passionn\u00e9s de moto de diffuser leurs films (au format DV) d&rsquo;une dur\u00e9e maxi de 10 min. Les prix d\u00e9cern\u00e9s sont: Le prix de [&hellip;]","twitter_image":"http:\/\/www.leblogmoto.com\/images\/2007\/05\/08\/mostra.jpg","twitter_misc":{"\u00c9crit par":"gregory boucaud","Dur\u00e9e de lecture estim\u00e9e":"1 minute"},"schema":{"@context":"https:\/\/schema.org","@graph":[{"@type":"WebPage","@id":"https:\/\/blogs.thesocialmedia.com\/leblogmoto\/2007\/05\/08\/motostra-2007\/","url":"https:\/\/blogs.thesocialmedia.com\/leblogmoto\/2007\/05\/08\/motostra-2007\/","name":"Motostra 2007 - leblogmoto.com","isPartOf":{"@id":"https:\/\/blogs.thesocialmedia.com\/leblogmoto\/#website"},"primaryImageOfPage":{"@id":"https:\/\/blogs.thesocialmedia.com\/leblogmoto\/2007\/05\/08\/motostra-2007\/#primaryimage"},"image":{"@id":"https:\/\/blogs.thesocialmedia.com\/leblogmoto\/2007\/05\/08\/motostra-2007\/#primaryimage"},"thumbnailUrl":"http:\/\/www.leblogmoto.com\/images\/2007\/05\/08\/mostra.jpg","datePublished":"2007-05-08T16:39:37+00:00","dateModified":"2012-07-11T14:39:23+00:00","author":{"@id":"https:\/\/blogs.thesocialmedia.com\/leblogmoto\/#\/schema\/person\/769623f89741cc3381675029a37764f8"},"breadcrumb":{"@id":"https:\/\/blogs.thesocialmedia.com\/leblogmoto\/2007\/05\/08\/motostra-2007\/#breadcrumb"},"inLanguage":"fr-FR","potentialAction":[{"@type":"ReadAction","target":["https:\/\/blogs.thesocialmedia.com\/leblogmoto\/2007\/05\/08\/motostra-2007\/"]}]},{"@type":"ImageObject","inLanguage":"fr-FR","@id":"https:\/\/blogs.thesocialmedia.com\/leblogmoto\/2007\/05\/08\/motostra-2007\/#primaryimage","url":"http:\/\/www.leblogmoto.com\/images\/2007\/05\/08\/mostra.jpg","contentUrl":"http:\/\/www.leblogmoto.com\/images\/2007\/05\/08\/mostra.jpg"},{"@type":"BreadcrumbList","@id":"https:\/\/blogs.thesocialmedia.com\/leblogmoto\/2007\/05\/08\/motostra-2007\/#breadcrumb","itemListElement":[{"@type":"ListItem","position":1,"name":"Accueil","item":"https:\/\/blogs.thesocialmedia.com\/leblogmoto\/"},{"@type":"ListItem","position":2,"name":"Motostra 2007"}]},{"@type":"WebSite","@id":"https:\/\/blogs.thesocialmedia.com\/leblogmoto\/#website","url":"https:\/\/blogs.thesocialmedia.com\/leblogmoto\/","name":"leblogmoto","description":"Toute l&#039;actualit\u00e9 des 2 roues","potentialAction":[{"@type":"SearchAction","target":{"@type":"EntryPoint","urlTemplate":"https:\/\/blogs.thesocialmedia.com\/leblogmoto\/?s={search_term_string}"},"query-input":{"@type":"PropertyValueSpecification","valueRequired":true,"valueName":"search_term_string"}}],"inLanguage":"fr-FR"},{"@type":"Person","@id":"https:\/\/blogs.thesocialmedia.com\/leblogmoto\/#\/schema\/person\/769623f89741cc3381675029a37764f8","name":"gregory boucaud","image":{"@type":"ImageObject","inLanguage":"fr-FR","@id":"https:\/\/blogs.thesocialmedia.com\/leblogmoto\/#\/schema\/person\/image\/","url":"https:\/\/secure.gravatar.com\/avatar\/?s=96&d=mm&r=g","contentUrl":"https:\/\/secure.gravatar.com\/avatar\/?s=96&d=mm&r=g","caption":"gregory boucaud"},"url":"https:\/\/blogs.thesocialmedia.com\/leblogmoto\/author\/gregory-boucaud\/"}]}},"_links":{"self":[{"href":"https:\/\/blogs.thesocialmedia.com\/leblogmoto\/wp-json\/wp\/v2\/posts\/1408","targetHints":{"allow":["GET"]}}],"collection":[{"href":"https:\/\/blogs.thesocialmedia.com\/leblogmoto\/wp-json\/wp\/v2\/posts"}],"about":[{"href":"https:\/\/blogs.thesocialmedia.com\/leblogmoto\/wp-json\/wp\/v2\/types\/post"}],"author":[{"embeddable":true,"href":"https:\/\/blogs.thesocialmedia.com\/leblogmoto\/wp-json\/wp\/v2\/users\/329"}],"replies":[{"embeddable":true,"href":"https:\/\/blogs.thesocialmedia.com\/leblogmoto\/wp-json\/wp\/v2\/comments?post=1408"}],"version-history":[{"count":2,"href":"https:\/\/blogs.thesocialmedia.com\/leblogmoto\/wp-json\/wp\/v2\/posts\/1408\/revisions"}],"predecessor-version":[{"id":8360,"href":"https:\/\/blogs.thesocialmedia.com\/leblogmoto\/wp-json\/wp\/v2\/posts\/1408\/revisions\/8360"}],"wp:attachment":[{"href":"https:\/\/blogs.thesocialmedia.com\/leblogmoto\/wp-json\/wp\/v2\/media?parent=1408"}],"wp:term":[{"taxonomy":"category","embeddable":true,"href":"https:\/\/blogs.thesocialmedia.com\/leblogmoto\/wp-json\/wp\/v2\/categories?post=1408"},{"taxonomy":"post_tag","embeddable":true,"href":"https:\/\/blogs.thesocialmedia.com\/leblogmoto\/wp-json\/wp\/v2\/tags?post=1408"}],"curies":[{"name":"wp","href":"https:\/\/api.w.org\/{rel}","templated":true}]}}