{"id":1409,"date":"2007-05-03T18:35:00","date_gmt":"2007-05-03T18:35:00","guid":{"rendered":"http:\/\/blogs.thesocialmedia.com\/leblogmoto\/2007\/05\/03\/tour-deurope-et\/"},"modified":"2012-07-11T14:39:21","modified_gmt":"2012-07-11T14:39:21","slug":"tour-deurope-et","status":"publish","type":"post","link":"https:\/\/blogs.thesocialmedia.com\/leblogmoto\/2007\/05\/03\/tour-deurope-et\/","title":{"rendered":"Tour d&rsquo;Europe &#8230; et d&rsquo;Asie"},"content":{"rendered":"<p>Il y a trois mani\u00e8res d&rsquo;aborder le concept de balade en moto. <\/p>\n<p>Soit on sort son plus beau blouson, sa visi\u00e8re fum\u00e9e, et on va parader d&rsquo;une terrasse de bar \u00e0 l&rsquo;autre. Pour rarement plus d&rsquo;une demi-journ\u00e9e &#8230; <\/p>\n<p>Soit on remplit consciencieusement ses sacoches lat\u00e9rales (affaires de pluie, trois paires de chaussettes \u00e0 bouclettes, tongs, lunettes de soleil &#8211; liste non exhaustive), on pr\u00e9pare ses cartes Michelin, et on part sillonner les d\u00e9partementales de France pour un long week-end en g\u00eete d&rsquo;\u00e9tape, voire en tente pour les moins bourgeois.<\/p>\n<p><a href=\"http:\/\/blogs.thesocialmedia.com\/leblogmoto\/files\/2012\/07\/carte_sommaire.jpg\"><img loading=\"lazy\" decoding=\"async\" height=\"120\" alt=\"Carte_sommaire\" src=\"http:\/\/www.leblogmoto.com\/images\/2007\/04\/18\/carte_sommaire.jpg\" width=\"250\"  \/><\/a>Soit on d\u00e9cide de concr\u00e9tiser ses r\u00eaves d&rsquo;\u00e9vasion, de grands espaces, de rencontres humaines, et on quitte ses proches, sa maison et son boulot pour parcourir le monde &#8230; Un an et demi, 50000 kms, des dizaines de pays travers\u00e9s de l&rsquo;Iran \u00e0 la Chine en passant par la Turquie, Bali ou la Mongolie, c&rsquo;est le programme du p\u00e9riple de Fred (qui roule pour l&rsquo;occasion en BMW F650 GS, \u00e9galement nomm\u00e9e &quot;le Truc&quot;) et Lulu (en Suzuki DR 350), que l&rsquo;on peut suivre sur <a href=\"http:\/\/eurasiamoto.fr\/\">eurasiamoto.fr<\/a>. <\/p>\n<p>Leur d\u00e9part \u00e9tait programm\u00e9 pour courant avril. Mais, comme aiment \u00e0 le dire nos amis d&rsquo;outre-Manche, parfois, <em>life is a bitch<\/em>. C&rsquo;est ainsi que la veille du jour J, au moment de faire un dernier galop d&rsquo;essai pour v\u00e9rifier le comportement du DR sous la lourde charge des valises, Fred a \u00e9t\u00e9 victime d&rsquo;un guidonnage qui l&rsquo;a d\u00e9sar\u00e7onn\u00e9. Verdict : bitume 1 &#8211; clavicule 0.<\/p>\n<p>En attendant que le signal du d\u00e9part soit redonn\u00e9, le temps d&rsquo;une recalcification des six morceaux en lesquels ladite clavicule a jug\u00e9 dr\u00f4le de s&rsquo;\u00e9parpiller, vous pouvez commencer \u00e0 r\u00eaver en revenant sur les photos et les anecdotes qui avaient \u00e9maill\u00e9 leur <a href=\"http:\/\/americadelsurmoto.fr\/\">pr\u00e9c\u00e9dent voyage<\/a>, il y a quatre ans, en Am\u00e9rique du Sud. <\/p>\n<p><a href=\"http:\/\/blogs.thesocialmedia.com\/leblogmoto\/files\/2012\/07\/equateur06.jpg\"><img decoding=\"async\" class=\"image-full\" alt=\"Equateur06\" src=\"http:\/\/blogs.thesocialmedia.com\/leblogmoto\/files\/2012\/07\/equateur06.jpg\"  \/><\/a> <a href=\"http:\/\/blogs.thesocialmedia.com\/leblogmoto\/files\/2012\/07\/carte_sommaire.jpg\"><\/a><\/p>\n","protected":false},"excerpt":{"rendered":"<p>Il y a trois mani\u00e8res d&rsquo;aborder le concept de balade en moto. Soit on sort son plus beau blouson, sa visi\u00e8re fum\u00e9e, et on va parader d&rsquo;une terrasse de bar \u00e0 l&rsquo;autre. Pour rarement plus d&rsquo;une demi-journ\u00e9e &#8230; Soit on remplit consciencieusement ses sacoches lat\u00e9rales (affaires de pluie, trois paires de chaussettes \u00e0 bouclettes, tongs, [&hellip;]<\/p>\n","protected":false},"author":332,"featured_media":0,"comment_status":"open","ping_status":"open","sticky":false,"template":"","format":"standard","meta":{"footnotes":""},"categories":[13],"tags":[],"class_list":["post-1409","post","type-post","status-publish","format-standard","hentry","category-aventure"],"yoast_head":"<!-- This site is optimized with the Yoast SEO plugin v26.0 - https:\/\/yoast.com\/wordpress\/plugins\/seo\/ -->\n<title>Tour d&#039;Europe ... et d&#039;Asie - leblogmoto.com<\/title>\n<meta name=\"robots\" content=\"index, follow, max-snippet:-1, max-image-preview:large, max-video-preview:-1\" \/>\n<link rel=\"canonical\" href=\"https:\/\/blogs.thesocialmedia.com\/leblogmoto\/2007\/05\/03\/tour-deurope-et\/\" \/>\n<meta name=\"twitter:card\" content=\"summary_large_image\" \/>\n<meta name=\"twitter:title\" content=\"Tour d&#039;Europe ... et d&#039;Asie - leblogmoto.com\" \/>\n<meta name=\"twitter:description\" content=\"Il y a trois mani\u00e8res d&rsquo;aborder le concept de balade en moto. Soit on sort son plus beau blouson, sa visi\u00e8re fum\u00e9e, et on va parader d&rsquo;une terrasse de bar \u00e0 l&rsquo;autre. Pour rarement plus d&rsquo;une demi-journ\u00e9e &#8230; Soit on remplit consciencieusement ses sacoches lat\u00e9rales (affaires de pluie, trois paires de chaussettes \u00e0 bouclettes, tongs, [&hellip;]\" \/>\n<meta name=\"twitter:image\" content=\"http:\/\/www.leblogmoto.com\/images\/2007\/04\/18\/carte_sommaire.jpg\" \/>\n<meta name=\"twitter:label1\" content=\"\u00c9crit par\" \/>\n\t<meta name=\"twitter:data1\" content=\"eric cabrol\" \/>\n\t<meta name=\"twitter:label2\" content=\"Dur\u00e9e de lecture estim\u00e9e\" \/>\n\t<meta name=\"twitter:data2\" content=\"2 minutes\" \/>\n<script type=\"application\/ld+json\" class=\"yoast-schema-graph\">{\"@context\":\"https:\/\/schema.org\",\"@graph\":[{\"@type\":\"WebPage\",\"@id\":\"https:\/\/blogs.thesocialmedia.com\/leblogmoto\/2007\/05\/03\/tour-deurope-et\/\",\"url\":\"https:\/\/blogs.thesocialmedia.com\/leblogmoto\/2007\/05\/03\/tour-deurope-et\/\",\"name\":\"Tour d'Europe ... et d'Asie - leblogmoto.com\",\"isPartOf\":{\"@id\":\"https:\/\/blogs.thesocialmedia.com\/leblogmoto\/#website\"},\"primaryImageOfPage\":{\"@id\":\"https:\/\/blogs.thesocialmedia.com\/leblogmoto\/2007\/05\/03\/tour-deurope-et\/#primaryimage\"},\"image\":{\"@id\":\"https:\/\/blogs.thesocialmedia.com\/leblogmoto\/2007\/05\/03\/tour-deurope-et\/#primaryimage\"},\"thumbnailUrl\":\"http:\/\/www.leblogmoto.com\/images\/2007\/04\/18\/carte_sommaire.jpg\",\"datePublished\":\"2007-05-03T18:35:00+00:00\",\"dateModified\":\"2012-07-11T14:39:21+00:00\",\"author\":{\"@id\":\"https:\/\/blogs.thesocialmedia.com\/leblogmoto\/#\/schema\/person\/2d0df6c5d59ff2f74f5d0b431cdcd17d\"},\"breadcrumb\":{\"@id\":\"https:\/\/blogs.thesocialmedia.com\/leblogmoto\/2007\/05\/03\/tour-deurope-et\/#breadcrumb\"},\"inLanguage\":\"fr-FR\",\"potentialAction\":[{\"@type\":\"ReadAction\",\"target\":[\"https:\/\/blogs.thesocialmedia.com\/leblogmoto\/2007\/05\/03\/tour-deurope-et\/\"]}]},{\"@type\":\"ImageObject\",\"inLanguage\":\"fr-FR\",\"@id\":\"https:\/\/blogs.thesocialmedia.com\/leblogmoto\/2007\/05\/03\/tour-deurope-et\/#primaryimage\",\"url\":\"http:\/\/www.leblogmoto.com\/images\/2007\/04\/18\/carte_sommaire.jpg\",\"contentUrl\":\"http:\/\/www.leblogmoto.com\/images\/2007\/04\/18\/carte_sommaire.jpg\"},{\"@type\":\"BreadcrumbList\",\"@id\":\"https:\/\/blogs.thesocialmedia.com\/leblogmoto\/2007\/05\/03\/tour-deurope-et\/#breadcrumb\",\"itemListElement\":[{\"@type\":\"ListItem\",\"position\":1,\"name\":\"Accueil\",\"item\":\"https:\/\/blogs.thesocialmedia.com\/leblogmoto\/\"},{\"@type\":\"ListItem\",\"position\":2,\"name\":\"Tour d&rsquo;Europe &#8230; et d&rsquo;Asie\"}]},{\"@type\":\"WebSite\",\"@id\":\"https:\/\/blogs.thesocialmedia.com\/leblogmoto\/#website\",\"url\":\"https:\/\/blogs.thesocialmedia.com\/leblogmoto\/\",\"name\":\"leblogmoto\",\"description\":\"Toute l&#039;actualit\u00e9 des 2 roues\",\"potentialAction\":[{\"@type\":\"SearchAction\",\"target\":{\"@type\":\"EntryPoint\",\"urlTemplate\":\"https:\/\/blogs.thesocialmedia.com\/leblogmoto\/?s={search_term_string}\"},\"query-input\":{\"@type\":\"PropertyValueSpecification\",\"valueRequired\":true,\"valueName\":\"search_term_string\"}}],\"inLanguage\":\"fr-FR\"},{\"@type\":\"Person\",\"@id\":\"https:\/\/blogs.thesocialmedia.com\/leblogmoto\/#\/schema\/person\/2d0df6c5d59ff2f74f5d0b431cdcd17d\",\"name\":\"eric cabrol\",\"image\":{\"@type\":\"ImageObject\",\"inLanguage\":\"fr-FR\",\"@id\":\"https:\/\/blogs.thesocialmedia.com\/leblogmoto\/#\/schema\/person\/image\/\",\"url\":\"https:\/\/secure.gravatar.com\/avatar\/?s=96&d=mm&r=g\",\"contentUrl\":\"https:\/\/secure.gravatar.com\/avatar\/?s=96&d=mm&r=g\",\"caption\":\"eric cabrol\"},\"url\":\"https:\/\/blogs.thesocialmedia.com\/leblogmoto\/author\/eric-cabrol\/\"}]}<\/script>\n<!-- \/ Yoast SEO plugin. -->","yoast_head_json":{"title":"Tour d'Europe ... et d'Asie - leblogmoto.com","robots":{"index":"index","follow":"follow","max-snippet":"max-snippet:-1","max-image-preview":"max-image-preview:large","max-video-preview":"max-video-preview:-1"},"canonical":"https:\/\/blogs.thesocialmedia.com\/leblogmoto\/2007\/05\/03\/tour-deurope-et\/","twitter_card":"summary_large_image","twitter_title":"Tour d'Europe ... et d'Asie - leblogmoto.com","twitter_description":"Il y a trois mani\u00e8res d&rsquo;aborder le concept de balade en moto. Soit on sort son plus beau blouson, sa visi\u00e8re fum\u00e9e, et on va parader d&rsquo;une terrasse de bar \u00e0 l&rsquo;autre. Pour rarement plus d&rsquo;une demi-journ\u00e9e &#8230; Soit on remplit consciencieusement ses sacoches lat\u00e9rales (affaires de pluie, trois paires de chaussettes \u00e0 bouclettes, tongs, [&hellip;]","twitter_image":"http:\/\/www.leblogmoto.com\/images\/2007\/04\/18\/carte_sommaire.jpg","twitter_misc":{"\u00c9crit par":"eric cabrol","Dur\u00e9e de lecture estim\u00e9e":"2 minutes"},"schema":{"@context":"https:\/\/schema.org","@graph":[{"@type":"WebPage","@id":"https:\/\/blogs.thesocialmedia.com\/leblogmoto\/2007\/05\/03\/tour-deurope-et\/","url":"https:\/\/blogs.thesocialmedia.com\/leblogmoto\/2007\/05\/03\/tour-deurope-et\/","name":"Tour d'Europe ... et d'Asie - leblogmoto.com","isPartOf":{"@id":"https:\/\/blogs.thesocialmedia.com\/leblogmoto\/#website"},"primaryImageOfPage":{"@id":"https:\/\/blogs.thesocialmedia.com\/leblogmoto\/2007\/05\/03\/tour-deurope-et\/#primaryimage"},"image":{"@id":"https:\/\/blogs.thesocialmedia.com\/leblogmoto\/2007\/05\/03\/tour-deurope-et\/#primaryimage"},"thumbnailUrl":"http:\/\/www.leblogmoto.com\/images\/2007\/04\/18\/carte_sommaire.jpg","datePublished":"2007-05-03T18:35:00+00:00","dateModified":"2012-07-11T14:39:21+00:00","author":{"@id":"https:\/\/blogs.thesocialmedia.com\/leblogmoto\/#\/schema\/person\/2d0df6c5d59ff2f74f5d0b431cdcd17d"},"breadcrumb":{"@id":"https:\/\/blogs.thesocialmedia.com\/leblogmoto\/2007\/05\/03\/tour-deurope-et\/#breadcrumb"},"inLanguage":"fr-FR","potentialAction":[{"@type":"ReadAction","target":["https:\/\/blogs.thesocialmedia.com\/leblogmoto\/2007\/05\/03\/tour-deurope-et\/"]}]},{"@type":"ImageObject","inLanguage":"fr-FR","@id":"https:\/\/blogs.thesocialmedia.com\/leblogmoto\/2007\/05\/03\/tour-deurope-et\/#primaryimage","url":"http:\/\/www.leblogmoto.com\/images\/2007\/04\/18\/carte_sommaire.jpg","contentUrl":"http:\/\/www.leblogmoto.com\/images\/2007\/04\/18\/carte_sommaire.jpg"},{"@type":"BreadcrumbList","@id":"https:\/\/blogs.thesocialmedia.com\/leblogmoto\/2007\/05\/03\/tour-deurope-et\/#breadcrumb","itemListElement":[{"@type":"ListItem","position":1,"name":"Accueil","item":"https:\/\/blogs.thesocialmedia.com\/leblogmoto\/"},{"@type":"ListItem","position":2,"name":"Tour d&rsquo;Europe &#8230; et d&rsquo;Asie"}]},{"@type":"WebSite","@id":"https:\/\/blogs.thesocialmedia.com\/leblogmoto\/#website","url":"https:\/\/blogs.thesocialmedia.com\/leblogmoto\/","name":"leblogmoto","description":"Toute l&#039;actualit\u00e9 des 2 roues","potentialAction":[{"@type":"SearchAction","target":{"@type":"EntryPoint","urlTemplate":"https:\/\/blogs.thesocialmedia.com\/leblogmoto\/?s={search_term_string}"},"query-input":{"@type":"PropertyValueSpecification","valueRequired":true,"valueName":"search_term_string"}}],"inLanguage":"fr-FR"},{"@type":"Person","@id":"https:\/\/blogs.thesocialmedia.com\/leblogmoto\/#\/schema\/person\/2d0df6c5d59ff2f74f5d0b431cdcd17d","name":"eric cabrol","image":{"@type":"ImageObject","inLanguage":"fr-FR","@id":"https:\/\/blogs.thesocialmedia.com\/leblogmoto\/#\/schema\/person\/image\/","url":"https:\/\/secure.gravatar.com\/avatar\/?s=96&d=mm&r=g","contentUrl":"https:\/\/secure.gravatar.com\/avatar\/?s=96&d=mm&r=g","caption":"eric cabrol"},"url":"https:\/\/blogs.thesocialmedia.com\/leblogmoto\/author\/eric-cabrol\/"}]}},"_links":{"self":[{"href":"https:\/\/blogs.thesocialmedia.com\/leblogmoto\/wp-json\/wp\/v2\/posts\/1409","targetHints":{"allow":["GET"]}}],"collection":[{"href":"https:\/\/blogs.thesocialmedia.com\/leblogmoto\/wp-json\/wp\/v2\/posts"}],"about":[{"href":"https:\/\/blogs.thesocialmedia.com\/leblogmoto\/wp-json\/wp\/v2\/types\/post"}],"author":[{"embeddable":true,"href":"https:\/\/blogs.thesocialmedia.com\/leblogmoto\/wp-json\/wp\/v2\/users\/332"}],"replies":[{"embeddable":true,"href":"https:\/\/blogs.thesocialmedia.com\/leblogmoto\/wp-json\/wp\/v2\/comments?post=1409"}],"version-history":[{"count":2,"href":"https:\/\/blogs.thesocialmedia.com\/leblogmoto\/wp-json\/wp\/v2\/posts\/1409\/revisions"}],"predecessor-version":[{"id":8358,"href":"https:\/\/blogs.thesocialmedia.com\/leblogmoto\/wp-json\/wp\/v2\/posts\/1409\/revisions\/8358"}],"wp:attachment":[{"href":"https:\/\/blogs.thesocialmedia.com\/leblogmoto\/wp-json\/wp\/v2\/media?parent=1409"}],"wp:term":[{"taxonomy":"category","embeddable":true,"href":"https:\/\/blogs.thesocialmedia.com\/leblogmoto\/wp-json\/wp\/v2\/categories?post=1409"},{"taxonomy":"post_tag","embeddable":true,"href":"https:\/\/blogs.thesocialmedia.com\/leblogmoto\/wp-json\/wp\/v2\/tags?post=1409"}],"curies":[{"name":"wp","href":"https:\/\/api.w.org\/{rel}","templated":true}]}}