{"id":1410,"date":"2007-05-03T17:37:15","date_gmt":"2007-05-03T17:37:15","guid":{"rendered":"http:\/\/blogs.thesocialmedia.com\/leblogmoto\/2007\/05\/03\/gsxr-day-second\/"},"modified":"2012-07-11T14:39:15","modified_gmt":"2012-07-11T14:39:15","slug":"gsxr-day-second","status":"publish","type":"post","link":"https:\/\/blogs.thesocialmedia.com\/leblogmoto\/2007\/05\/03\/gsxr-day-second\/","title":{"rendered":"GSXR Day : Seconde \u00e9dition"},"content":{"rendered":"<p><a href=\"http:\/\/blogs.thesocialmedia.com\/leblogmoto\/files\/2012\/07\/news0019.jpg\"><img loading=\"lazy\" decoding=\"async\" height=\"353\" alt=\"News0019\" src=\"http:\/\/www.leblogmoto.com\/images\/2007\/05\/03\/news0019.jpg\" width=\"250\"  \/><\/a> Pour les passionn\u00e9s des <a href=\"http:\/\/www.suzuki-moto.com\/\">GSXR<\/a> \u00e0 travers les \u00e2ges, sachez que le 2 juin aura lieu un rassemblement consacr\u00e9 \u00e0 ces machines. <br \/>Rappelez vous, la premi\u00e8re \u00e9dition de ces GSXR Day avait eu lieu le 7 octobre 2006 et \u00e9tait une r\u00e9ussite.<br \/>L&rsquo;objectif de ce rassemblement est de r\u00e9unir le maximum de passionn\u00e9s de la <a href=\"http:\/\/www.suzuki-moto.com\/\">Suzuki GSXR<\/a> dans le but de regrouper l\u2019int\u00e9gralit\u00e9 des coloris commercialis\u00e9s en France pour la cylindr\u00e9e des 1 000 cm3 (en 2006, il en manquait 3). <br \/>Au programme : des jeux, des animations et des lots \u00e0 gagner ainsi que la s\u00e9ance de photo&#8230;<br \/>Bref, si vous ne savez pas quoi faire le 2 juin, rendez-vous \u00e0 Pontault Combault.<\/p>\n<p><a href=\"http:\/\/clabedan.typepad.com\/.shared\/image.html?\/photos\/uncategorized\/2007\/05\/03\/gsxr_day_0.jpg\"><img loading=\"lazy\" decoding=\"async\" height=\"166\" alt=\"Gsxr_day_0\" src=\"http:\/\/www.leblogmoto.com\/images\/2007\/05\/03\/gsxr_day_0.jpg\" width=\"250\"  \/><\/a> <\/p>\n<p><a href=\"http:\/\/blogs.thesocialmedia.com\/leblogmoto\/files\/2012\/07\/gsxr_day_1.jpg\"><img loading=\"lazy\" decoding=\"async\" height=\"166\" alt=\"Gsxr_day_1\" src=\"http:\/\/www.leblogmoto.com\/images\/2007\/05\/03\/gsxr_day_1.jpg\" width=\"250\"  \/><\/a> <\/p>\n<p><a href=\"http:\/\/blogs.thesocialmedia.com\/leblogmoto\/files\/2012\/07\/gsxr_day_2.jpg\"><img loading=\"lazy\" decoding=\"async\" height=\"166\" alt=\"Gsxr_day_2\" src=\"http:\/\/www.leblogmoto.com\/images\/2007\/05\/03\/gsxr_day_2.jpg\" width=\"250\"  \/><\/a> <\/p>\n<p>Source et infos : <a href=\"http:\/\/www.team-gsxr.com\/\">Team GSXR<\/a><\/p>\n","protected":false},"excerpt":{"rendered":"<p>Pour les passionn\u00e9s des GSXR \u00e0 travers les \u00e2ges, sachez que le 2 juin aura lieu un rassemblement consacr\u00e9 \u00e0 ces machines. Rappelez vous, la premi\u00e8re \u00e9dition de ces GSXR Day avait eu lieu le 7 octobre 2006 et \u00e9tait une r\u00e9ussite.L&rsquo;objectif de ce rassemblement est de r\u00e9unir le maximum de passionn\u00e9s de la Suzuki [&hellip;]<\/p>\n","protected":false},"author":329,"featured_media":0,"comment_status":"open","ping_status":"open","sticky":false,"template":"","format":"standard","meta":{"footnotes":""},"categories":[3,51],"tags":[],"class_list":["post-1410","post","type-post","status-publish","format-standard","hentry","category-actualite","category-suzuki"],"yoast_head":"<!-- This site is optimized with the Yoast SEO plugin v26.0 - https:\/\/yoast.com\/wordpress\/plugins\/seo\/ -->\n<title>GSXR Day : Seconde \u00e9dition - leblogmoto.com<\/title>\n<meta name=\"robots\" content=\"index, follow, max-snippet:-1, max-image-preview:large, max-video-preview:-1\" \/>\n<link rel=\"canonical\" href=\"https:\/\/blogs.thesocialmedia.com\/leblogmoto\/2007\/05\/03\/gsxr-day-second\/\" \/>\n<meta name=\"twitter:card\" content=\"summary_large_image\" \/>\n<meta name=\"twitter:title\" content=\"GSXR Day : Seconde \u00e9dition - leblogmoto.com\" \/>\n<meta name=\"twitter:description\" content=\"Pour les passionn\u00e9s des GSXR \u00e0 travers les \u00e2ges, sachez que le 2 juin aura lieu un rassemblement consacr\u00e9 \u00e0 ces machines. Rappelez vous, la premi\u00e8re \u00e9dition de ces GSXR Day avait eu lieu le 7 octobre 2006 et \u00e9tait une r\u00e9ussite.L&rsquo;objectif de ce rassemblement est de r\u00e9unir le maximum de passionn\u00e9s de la Suzuki [&hellip;]\" \/>\n<meta name=\"twitter:image\" content=\"http:\/\/www.leblogmoto.com\/images\/2007\/05\/03\/news0019.jpg\" \/>\n<meta name=\"twitter:label1\" content=\"\u00c9crit par\" \/>\n\t<meta name=\"twitter:data1\" content=\"gregory boucaud\" \/>\n\t<meta name=\"twitter:label2\" content=\"Dur\u00e9e de lecture estim\u00e9e\" \/>\n\t<meta name=\"twitter:data2\" content=\"1 minute\" \/>\n<script type=\"application\/ld+json\" class=\"yoast-schema-graph\">{\"@context\":\"https:\/\/schema.org\",\"@graph\":[{\"@type\":\"WebPage\",\"@id\":\"https:\/\/blogs.thesocialmedia.com\/leblogmoto\/2007\/05\/03\/gsxr-day-second\/\",\"url\":\"https:\/\/blogs.thesocialmedia.com\/leblogmoto\/2007\/05\/03\/gsxr-day-second\/\",\"name\":\"GSXR Day : Seconde \u00e9dition - leblogmoto.com\",\"isPartOf\":{\"@id\":\"https:\/\/blogs.thesocialmedia.com\/leblogmoto\/#website\"},\"primaryImageOfPage\":{\"@id\":\"https:\/\/blogs.thesocialmedia.com\/leblogmoto\/2007\/05\/03\/gsxr-day-second\/#primaryimage\"},\"image\":{\"@id\":\"https:\/\/blogs.thesocialmedia.com\/leblogmoto\/2007\/05\/03\/gsxr-day-second\/#primaryimage\"},\"thumbnailUrl\":\"http:\/\/www.leblogmoto.com\/images\/2007\/05\/03\/news0019.jpg\",\"datePublished\":\"2007-05-03T17:37:15+00:00\",\"dateModified\":\"2012-07-11T14:39:15+00:00\",\"author\":{\"@id\":\"https:\/\/blogs.thesocialmedia.com\/leblogmoto\/#\/schema\/person\/769623f89741cc3381675029a37764f8\"},\"breadcrumb\":{\"@id\":\"https:\/\/blogs.thesocialmedia.com\/leblogmoto\/2007\/05\/03\/gsxr-day-second\/#breadcrumb\"},\"inLanguage\":\"fr-FR\",\"potentialAction\":[{\"@type\":\"ReadAction\",\"target\":[\"https:\/\/blogs.thesocialmedia.com\/leblogmoto\/2007\/05\/03\/gsxr-day-second\/\"]}]},{\"@type\":\"ImageObject\",\"inLanguage\":\"fr-FR\",\"@id\":\"https:\/\/blogs.thesocialmedia.com\/leblogmoto\/2007\/05\/03\/gsxr-day-second\/#primaryimage\",\"url\":\"http:\/\/www.leblogmoto.com\/images\/2007\/05\/03\/news0019.jpg\",\"contentUrl\":\"http:\/\/www.leblogmoto.com\/images\/2007\/05\/03\/news0019.jpg\"},{\"@type\":\"BreadcrumbList\",\"@id\":\"https:\/\/blogs.thesocialmedia.com\/leblogmoto\/2007\/05\/03\/gsxr-day-second\/#breadcrumb\",\"itemListElement\":[{\"@type\":\"ListItem\",\"position\":1,\"name\":\"Accueil\",\"item\":\"https:\/\/blogs.thesocialmedia.com\/leblogmoto\/\"},{\"@type\":\"ListItem\",\"position\":2,\"name\":\"GSXR Day : Seconde \u00e9dition\"}]},{\"@type\":\"WebSite\",\"@id\":\"https:\/\/blogs.thesocialmedia.com\/leblogmoto\/#website\",\"url\":\"https:\/\/blogs.thesocialmedia.com\/leblogmoto\/\",\"name\":\"leblogmoto\",\"description\":\"Toute l&#039;actualit\u00e9 des 2 roues\",\"potentialAction\":[{\"@type\":\"SearchAction\",\"target\":{\"@type\":\"EntryPoint\",\"urlTemplate\":\"https:\/\/blogs.thesocialmedia.com\/leblogmoto\/?s={search_term_string}\"},\"query-input\":{\"@type\":\"PropertyValueSpecification\",\"valueRequired\":true,\"valueName\":\"search_term_string\"}}],\"inLanguage\":\"fr-FR\"},{\"@type\":\"Person\",\"@id\":\"https:\/\/blogs.thesocialmedia.com\/leblogmoto\/#\/schema\/person\/769623f89741cc3381675029a37764f8\",\"name\":\"gregory boucaud\",\"image\":{\"@type\":\"ImageObject\",\"inLanguage\":\"fr-FR\",\"@id\":\"https:\/\/blogs.thesocialmedia.com\/leblogmoto\/#\/schema\/person\/image\/\",\"url\":\"https:\/\/secure.gravatar.com\/avatar\/?s=96&d=mm&r=g\",\"contentUrl\":\"https:\/\/secure.gravatar.com\/avatar\/?s=96&d=mm&r=g\",\"caption\":\"gregory boucaud\"},\"url\":\"https:\/\/blogs.thesocialmedia.com\/leblogmoto\/author\/gregory-boucaud\/\"}]}<\/script>\n<!-- \/ Yoast SEO plugin. -->","yoast_head_json":{"title":"GSXR Day : Seconde \u00e9dition - leblogmoto.com","robots":{"index":"index","follow":"follow","max-snippet":"max-snippet:-1","max-image-preview":"max-image-preview:large","max-video-preview":"max-video-preview:-1"},"canonical":"https:\/\/blogs.thesocialmedia.com\/leblogmoto\/2007\/05\/03\/gsxr-day-second\/","twitter_card":"summary_large_image","twitter_title":"GSXR Day : Seconde \u00e9dition - leblogmoto.com","twitter_description":"Pour les passionn\u00e9s des GSXR \u00e0 travers les \u00e2ges, sachez que le 2 juin aura lieu un rassemblement consacr\u00e9 \u00e0 ces machines. Rappelez vous, la premi\u00e8re \u00e9dition de ces GSXR Day avait eu lieu le 7 octobre 2006 et \u00e9tait une r\u00e9ussite.L&rsquo;objectif de ce rassemblement est de r\u00e9unir le maximum de passionn\u00e9s de la Suzuki [&hellip;]","twitter_image":"http:\/\/www.leblogmoto.com\/images\/2007\/05\/03\/news0019.jpg","twitter_misc":{"\u00c9crit par":"gregory boucaud","Dur\u00e9e de lecture estim\u00e9e":"1 minute"},"schema":{"@context":"https:\/\/schema.org","@graph":[{"@type":"WebPage","@id":"https:\/\/blogs.thesocialmedia.com\/leblogmoto\/2007\/05\/03\/gsxr-day-second\/","url":"https:\/\/blogs.thesocialmedia.com\/leblogmoto\/2007\/05\/03\/gsxr-day-second\/","name":"GSXR Day : Seconde \u00e9dition - leblogmoto.com","isPartOf":{"@id":"https:\/\/blogs.thesocialmedia.com\/leblogmoto\/#website"},"primaryImageOfPage":{"@id":"https:\/\/blogs.thesocialmedia.com\/leblogmoto\/2007\/05\/03\/gsxr-day-second\/#primaryimage"},"image":{"@id":"https:\/\/blogs.thesocialmedia.com\/leblogmoto\/2007\/05\/03\/gsxr-day-second\/#primaryimage"},"thumbnailUrl":"http:\/\/www.leblogmoto.com\/images\/2007\/05\/03\/news0019.jpg","datePublished":"2007-05-03T17:37:15+00:00","dateModified":"2012-07-11T14:39:15+00:00","author":{"@id":"https:\/\/blogs.thesocialmedia.com\/leblogmoto\/#\/schema\/person\/769623f89741cc3381675029a37764f8"},"breadcrumb":{"@id":"https:\/\/blogs.thesocialmedia.com\/leblogmoto\/2007\/05\/03\/gsxr-day-second\/#breadcrumb"},"inLanguage":"fr-FR","potentialAction":[{"@type":"ReadAction","target":["https:\/\/blogs.thesocialmedia.com\/leblogmoto\/2007\/05\/03\/gsxr-day-second\/"]}]},{"@type":"ImageObject","inLanguage":"fr-FR","@id":"https:\/\/blogs.thesocialmedia.com\/leblogmoto\/2007\/05\/03\/gsxr-day-second\/#primaryimage","url":"http:\/\/www.leblogmoto.com\/images\/2007\/05\/03\/news0019.jpg","contentUrl":"http:\/\/www.leblogmoto.com\/images\/2007\/05\/03\/news0019.jpg"},{"@type":"BreadcrumbList","@id":"https:\/\/blogs.thesocialmedia.com\/leblogmoto\/2007\/05\/03\/gsxr-day-second\/#breadcrumb","itemListElement":[{"@type":"ListItem","position":1,"name":"Accueil","item":"https:\/\/blogs.thesocialmedia.com\/leblogmoto\/"},{"@type":"ListItem","position":2,"name":"GSXR Day : Seconde \u00e9dition"}]},{"@type":"WebSite","@id":"https:\/\/blogs.thesocialmedia.com\/leblogmoto\/#website","url":"https:\/\/blogs.thesocialmedia.com\/leblogmoto\/","name":"leblogmoto","description":"Toute l&#039;actualit\u00e9 des 2 roues","potentialAction":[{"@type":"SearchAction","target":{"@type":"EntryPoint","urlTemplate":"https:\/\/blogs.thesocialmedia.com\/leblogmoto\/?s={search_term_string}"},"query-input":{"@type":"PropertyValueSpecification","valueRequired":true,"valueName":"search_term_string"}}],"inLanguage":"fr-FR"},{"@type":"Person","@id":"https:\/\/blogs.thesocialmedia.com\/leblogmoto\/#\/schema\/person\/769623f89741cc3381675029a37764f8","name":"gregory boucaud","image":{"@type":"ImageObject","inLanguage":"fr-FR","@id":"https:\/\/blogs.thesocialmedia.com\/leblogmoto\/#\/schema\/person\/image\/","url":"https:\/\/secure.gravatar.com\/avatar\/?s=96&d=mm&r=g","contentUrl":"https:\/\/secure.gravatar.com\/avatar\/?s=96&d=mm&r=g","caption":"gregory boucaud"},"url":"https:\/\/blogs.thesocialmedia.com\/leblogmoto\/author\/gregory-boucaud\/"}]}},"_links":{"self":[{"href":"https:\/\/blogs.thesocialmedia.com\/leblogmoto\/wp-json\/wp\/v2\/posts\/1410","targetHints":{"allow":["GET"]}}],"collection":[{"href":"https:\/\/blogs.thesocialmedia.com\/leblogmoto\/wp-json\/wp\/v2\/posts"}],"about":[{"href":"https:\/\/blogs.thesocialmedia.com\/leblogmoto\/wp-json\/wp\/v2\/types\/post"}],"author":[{"embeddable":true,"href":"https:\/\/blogs.thesocialmedia.com\/leblogmoto\/wp-json\/wp\/v2\/users\/329"}],"replies":[{"embeddable":true,"href":"https:\/\/blogs.thesocialmedia.com\/leblogmoto\/wp-json\/wp\/v2\/comments?post=1410"}],"version-history":[{"count":2,"href":"https:\/\/blogs.thesocialmedia.com\/leblogmoto\/wp-json\/wp\/v2\/posts\/1410\/revisions"}],"predecessor-version":[{"id":8355,"href":"https:\/\/blogs.thesocialmedia.com\/leblogmoto\/wp-json\/wp\/v2\/posts\/1410\/revisions\/8355"}],"wp:attachment":[{"href":"https:\/\/blogs.thesocialmedia.com\/leblogmoto\/wp-json\/wp\/v2\/media?parent=1410"}],"wp:term":[{"taxonomy":"category","embeddable":true,"href":"https:\/\/blogs.thesocialmedia.com\/leblogmoto\/wp-json\/wp\/v2\/categories?post=1410"},{"taxonomy":"post_tag","embeddable":true,"href":"https:\/\/blogs.thesocialmedia.com\/leblogmoto\/wp-json\/wp\/v2\/tags?post=1410"}],"curies":[{"name":"wp","href":"https:\/\/api.w.org\/{rel}","templated":true}]}}