{"id":1411,"date":"2007-05-03T17:04:28","date_gmt":"2007-05-03T17:04:28","guid":{"rendered":"http:\/\/blogs.thesocialmedia.com\/leblogmoto\/2007\/05\/03\/une-ducati-ou-d\/"},"modified":"2012-07-11T14:39:06","modified_gmt":"2012-07-11T14:39:06","slug":"une-ducati-ou-d","status":"publish","type":"post","link":"https:\/\/blogs.thesocialmedia.com\/leblogmoto\/2007\/05\/03\/une-ducati-ou-d\/","title":{"rendered":"Une ducati ou des Puma ?"},"content":{"rendered":"<p><a href=\"http:\/\/blogs.thesocialmedia.com\/leblogmoto\/files\/2012\/07\/pumaducati.jpg\"><img loading=\"lazy\" decoding=\"async\" height=\"214\" alt=\"Pumaducati\" src=\"http:\/\/www.leblogmoto.com\/images\/2007\/05\/03\/pumaducati.jpg\" width=\"250\"  \/><\/a> Pour ceux qui aiment la marque <a href=\"http:\/\/www.ducati.com\/od\/ducatifrance\/\">Ducati<\/a> (et surtout ses produits d\u00e9riv\u00e9s), voici que <a href=\"http:\/\/www.puma.com\/?lang=FR\">Puma<\/a> a sorti, en accord avec la marque moto, une nouvelle collection de chaussures.<br \/>Cette paire de chaussures a \u00e9t\u00e9 \u00e9labor\u00e9e par l&rsquo;\u00e9quipe de <a href=\"http:\/\/www.puma.com\/?lang=FR\">Puma<\/a> et de Ducati, d&rsquo;o\u00f9 les lignes caract\u00e9ristiques des deux marques.<br \/>Son graphisme se veut \u00e0 l\u2019image de la bande longitudinale de la moto S4Rs, et ses couleurs \u00e9clatantes ne sont pas sans rappeler l\u2019univers de la moto.<\/p>\n<p><a href=\"http:\/\/clabedan.typepad.com\/.shared\/image.html?\/photos\/uncategorized\/2007\/05\/03\/pumaducatinoire.jpg\"><img loading=\"lazy\" decoding=\"async\" height=\"297\" alt=\"Pumaducatinoire\" src=\"http:\/\/www.leblogmoto.com\/images\/2007\/05\/03\/pumaducatinoire.jpg\" width=\"250\"  \/><\/a> Une collection relativement r\u00e9ussie avec la possibilit\u00e9 d&rsquo;avoir 6 coloris. Son prix, aux alentours des 109,99\u20ac dans les <a href=\"http:\/\/www.footlocker.com\/\">Foot Lockers<\/a> europ\u00e9ens.<\/p>\n<p>Bref un achat coup de coeur ou pour compl\u00e9ter sa collection.<\/p>\n<p>Et vous cher(e)s lecteurs (lectrices) du Blog Moto, vous les trouvez comment ces paires de Puma ?<\/p>\n<p><a href=\"http:\/\/clabedan.typepad.com\/.shared\/image.html?\/photos\/uncategorized\/2007\/05\/03\/pumaducatirouge.jpg\"><img loading=\"lazy\" decoding=\"async\" height=\"288\" alt=\"Pumaducatirouge\" src=\"http:\/\/www.leblogmoto.com\/images\/2007\/05\/03\/pumaducatirouge.jpg\" width=\"250\"  \/><\/a> <\/p>\n<p><a href=\"http:\/\/blogs.thesocialmedia.com\/leblogmoto\/files\/2012\/07\/pumaducatiblanche.jpg\"><img loading=\"lazy\" decoding=\"async\" height=\"280\" alt=\"Pumaducatiblanche\" src=\"http:\/\/www.leblogmoto.com\/images\/2007\/05\/03\/pumaducatiblanche.jpg\" width=\"250\"  \/><\/a> <\/p>\n","protected":false},"excerpt":{"rendered":"<p>Pour ceux qui aiment la marque Ducati (et surtout ses produits d\u00e9riv\u00e9s), voici que Puma a sorti, en accord avec la marque moto, une nouvelle collection de chaussures.Cette paire de chaussures a \u00e9t\u00e9 \u00e9labor\u00e9e par l&rsquo;\u00e9quipe de Puma et de Ducati, d&rsquo;o\u00f9 les lignes caract\u00e9ristiques des deux marques.Son graphisme se veut \u00e0 l\u2019image de la [&hellip;]<\/p>\n","protected":false},"author":329,"featured_media":0,"comment_status":"open","ping_status":"open","sticky":false,"template":"","format":"standard","meta":{"footnotes":""},"categories":[3,41],"tags":[],"class_list":["post-1411","post","type-post","status-publish","format-standard","hentry","category-actualite","category-ducati"],"yoast_head":"<!-- This site is optimized with the Yoast SEO plugin v26.0 - https:\/\/yoast.com\/wordpress\/plugins\/seo\/ -->\n<title>Une ducati ou des Puma ? - leblogmoto.com<\/title>\n<meta name=\"robots\" content=\"index, follow, max-snippet:-1, max-image-preview:large, max-video-preview:-1\" \/>\n<link rel=\"canonical\" href=\"https:\/\/blogs.thesocialmedia.com\/leblogmoto\/2007\/05\/03\/une-ducati-ou-d\/\" \/>\n<meta name=\"twitter:card\" content=\"summary_large_image\" \/>\n<meta name=\"twitter:title\" content=\"Une ducati ou des Puma ? - leblogmoto.com\" \/>\n<meta name=\"twitter:description\" content=\"Pour ceux qui aiment la marque Ducati (et surtout ses produits d\u00e9riv\u00e9s), voici que Puma a sorti, en accord avec la marque moto, une nouvelle collection de chaussures.Cette paire de chaussures a \u00e9t\u00e9 \u00e9labor\u00e9e par l&rsquo;\u00e9quipe de Puma et de Ducati, d&rsquo;o\u00f9 les lignes caract\u00e9ristiques des deux marques.Son graphisme se veut \u00e0 l\u2019image de la [&hellip;]\" \/>\n<meta name=\"twitter:image\" content=\"http:\/\/www.leblogmoto.com\/images\/2007\/05\/03\/pumaducati.jpg\" \/>\n<meta name=\"twitter:label1\" content=\"\u00c9crit par\" \/>\n\t<meta name=\"twitter:data1\" content=\"gregory boucaud\" \/>\n\t<meta name=\"twitter:label2\" content=\"Dur\u00e9e de lecture estim\u00e9e\" \/>\n\t<meta name=\"twitter:data2\" content=\"1 minute\" \/>\n<script type=\"application\/ld+json\" class=\"yoast-schema-graph\">{\"@context\":\"https:\/\/schema.org\",\"@graph\":[{\"@type\":\"WebPage\",\"@id\":\"https:\/\/blogs.thesocialmedia.com\/leblogmoto\/2007\/05\/03\/une-ducati-ou-d\/\",\"url\":\"https:\/\/blogs.thesocialmedia.com\/leblogmoto\/2007\/05\/03\/une-ducati-ou-d\/\",\"name\":\"Une ducati ou des Puma ? - leblogmoto.com\",\"isPartOf\":{\"@id\":\"https:\/\/blogs.thesocialmedia.com\/leblogmoto\/#website\"},\"primaryImageOfPage\":{\"@id\":\"https:\/\/blogs.thesocialmedia.com\/leblogmoto\/2007\/05\/03\/une-ducati-ou-d\/#primaryimage\"},\"image\":{\"@id\":\"https:\/\/blogs.thesocialmedia.com\/leblogmoto\/2007\/05\/03\/une-ducati-ou-d\/#primaryimage\"},\"thumbnailUrl\":\"http:\/\/www.leblogmoto.com\/images\/2007\/05\/03\/pumaducati.jpg\",\"datePublished\":\"2007-05-03T17:04:28+00:00\",\"dateModified\":\"2012-07-11T14:39:06+00:00\",\"author\":{\"@id\":\"https:\/\/blogs.thesocialmedia.com\/leblogmoto\/#\/schema\/person\/769623f89741cc3381675029a37764f8\"},\"breadcrumb\":{\"@id\":\"https:\/\/blogs.thesocialmedia.com\/leblogmoto\/2007\/05\/03\/une-ducati-ou-d\/#breadcrumb\"},\"inLanguage\":\"fr-FR\",\"potentialAction\":[{\"@type\":\"ReadAction\",\"target\":[\"https:\/\/blogs.thesocialmedia.com\/leblogmoto\/2007\/05\/03\/une-ducati-ou-d\/\"]}]},{\"@type\":\"ImageObject\",\"inLanguage\":\"fr-FR\",\"@id\":\"https:\/\/blogs.thesocialmedia.com\/leblogmoto\/2007\/05\/03\/une-ducati-ou-d\/#primaryimage\",\"url\":\"http:\/\/www.leblogmoto.com\/images\/2007\/05\/03\/pumaducati.jpg\",\"contentUrl\":\"http:\/\/www.leblogmoto.com\/images\/2007\/05\/03\/pumaducati.jpg\"},{\"@type\":\"BreadcrumbList\",\"@id\":\"https:\/\/blogs.thesocialmedia.com\/leblogmoto\/2007\/05\/03\/une-ducati-ou-d\/#breadcrumb\",\"itemListElement\":[{\"@type\":\"ListItem\",\"position\":1,\"name\":\"Accueil\",\"item\":\"https:\/\/blogs.thesocialmedia.com\/leblogmoto\/\"},{\"@type\":\"ListItem\",\"position\":2,\"name\":\"Une ducati ou des Puma ?\"}]},{\"@type\":\"WebSite\",\"@id\":\"https:\/\/blogs.thesocialmedia.com\/leblogmoto\/#website\",\"url\":\"https:\/\/blogs.thesocialmedia.com\/leblogmoto\/\",\"name\":\"leblogmoto\",\"description\":\"Toute l&#039;actualit\u00e9 des 2 roues\",\"potentialAction\":[{\"@type\":\"SearchAction\",\"target\":{\"@type\":\"EntryPoint\",\"urlTemplate\":\"https:\/\/blogs.thesocialmedia.com\/leblogmoto\/?s={search_term_string}\"},\"query-input\":{\"@type\":\"PropertyValueSpecification\",\"valueRequired\":true,\"valueName\":\"search_term_string\"}}],\"inLanguage\":\"fr-FR\"},{\"@type\":\"Person\",\"@id\":\"https:\/\/blogs.thesocialmedia.com\/leblogmoto\/#\/schema\/person\/769623f89741cc3381675029a37764f8\",\"name\":\"gregory boucaud\",\"image\":{\"@type\":\"ImageObject\",\"inLanguage\":\"fr-FR\",\"@id\":\"https:\/\/blogs.thesocialmedia.com\/leblogmoto\/#\/schema\/person\/image\/\",\"url\":\"https:\/\/secure.gravatar.com\/avatar\/?s=96&d=mm&r=g\",\"contentUrl\":\"https:\/\/secure.gravatar.com\/avatar\/?s=96&d=mm&r=g\",\"caption\":\"gregory boucaud\"},\"url\":\"https:\/\/blogs.thesocialmedia.com\/leblogmoto\/author\/gregory-boucaud\/\"}]}<\/script>\n<!-- \/ Yoast SEO plugin. -->","yoast_head_json":{"title":"Une ducati ou des Puma ? - leblogmoto.com","robots":{"index":"index","follow":"follow","max-snippet":"max-snippet:-1","max-image-preview":"max-image-preview:large","max-video-preview":"max-video-preview:-1"},"canonical":"https:\/\/blogs.thesocialmedia.com\/leblogmoto\/2007\/05\/03\/une-ducati-ou-d\/","twitter_card":"summary_large_image","twitter_title":"Une ducati ou des Puma ? - leblogmoto.com","twitter_description":"Pour ceux qui aiment la marque Ducati (et surtout ses produits d\u00e9riv\u00e9s), voici que Puma a sorti, en accord avec la marque moto, une nouvelle collection de chaussures.Cette paire de chaussures a \u00e9t\u00e9 \u00e9labor\u00e9e par l&rsquo;\u00e9quipe de Puma et de Ducati, d&rsquo;o\u00f9 les lignes caract\u00e9ristiques des deux marques.Son graphisme se veut \u00e0 l\u2019image de la [&hellip;]","twitter_image":"http:\/\/www.leblogmoto.com\/images\/2007\/05\/03\/pumaducati.jpg","twitter_misc":{"\u00c9crit par":"gregory boucaud","Dur\u00e9e de lecture estim\u00e9e":"1 minute"},"schema":{"@context":"https:\/\/schema.org","@graph":[{"@type":"WebPage","@id":"https:\/\/blogs.thesocialmedia.com\/leblogmoto\/2007\/05\/03\/une-ducati-ou-d\/","url":"https:\/\/blogs.thesocialmedia.com\/leblogmoto\/2007\/05\/03\/une-ducati-ou-d\/","name":"Une ducati ou des Puma ? - leblogmoto.com","isPartOf":{"@id":"https:\/\/blogs.thesocialmedia.com\/leblogmoto\/#website"},"primaryImageOfPage":{"@id":"https:\/\/blogs.thesocialmedia.com\/leblogmoto\/2007\/05\/03\/une-ducati-ou-d\/#primaryimage"},"image":{"@id":"https:\/\/blogs.thesocialmedia.com\/leblogmoto\/2007\/05\/03\/une-ducati-ou-d\/#primaryimage"},"thumbnailUrl":"http:\/\/www.leblogmoto.com\/images\/2007\/05\/03\/pumaducati.jpg","datePublished":"2007-05-03T17:04:28+00:00","dateModified":"2012-07-11T14:39:06+00:00","author":{"@id":"https:\/\/blogs.thesocialmedia.com\/leblogmoto\/#\/schema\/person\/769623f89741cc3381675029a37764f8"},"breadcrumb":{"@id":"https:\/\/blogs.thesocialmedia.com\/leblogmoto\/2007\/05\/03\/une-ducati-ou-d\/#breadcrumb"},"inLanguage":"fr-FR","potentialAction":[{"@type":"ReadAction","target":["https:\/\/blogs.thesocialmedia.com\/leblogmoto\/2007\/05\/03\/une-ducati-ou-d\/"]}]},{"@type":"ImageObject","inLanguage":"fr-FR","@id":"https:\/\/blogs.thesocialmedia.com\/leblogmoto\/2007\/05\/03\/une-ducati-ou-d\/#primaryimage","url":"http:\/\/www.leblogmoto.com\/images\/2007\/05\/03\/pumaducati.jpg","contentUrl":"http:\/\/www.leblogmoto.com\/images\/2007\/05\/03\/pumaducati.jpg"},{"@type":"BreadcrumbList","@id":"https:\/\/blogs.thesocialmedia.com\/leblogmoto\/2007\/05\/03\/une-ducati-ou-d\/#breadcrumb","itemListElement":[{"@type":"ListItem","position":1,"name":"Accueil","item":"https:\/\/blogs.thesocialmedia.com\/leblogmoto\/"},{"@type":"ListItem","position":2,"name":"Une ducati ou des Puma ?"}]},{"@type":"WebSite","@id":"https:\/\/blogs.thesocialmedia.com\/leblogmoto\/#website","url":"https:\/\/blogs.thesocialmedia.com\/leblogmoto\/","name":"leblogmoto","description":"Toute l&#039;actualit\u00e9 des 2 roues","potentialAction":[{"@type":"SearchAction","target":{"@type":"EntryPoint","urlTemplate":"https:\/\/blogs.thesocialmedia.com\/leblogmoto\/?s={search_term_string}"},"query-input":{"@type":"PropertyValueSpecification","valueRequired":true,"valueName":"search_term_string"}}],"inLanguage":"fr-FR"},{"@type":"Person","@id":"https:\/\/blogs.thesocialmedia.com\/leblogmoto\/#\/schema\/person\/769623f89741cc3381675029a37764f8","name":"gregory boucaud","image":{"@type":"ImageObject","inLanguage":"fr-FR","@id":"https:\/\/blogs.thesocialmedia.com\/leblogmoto\/#\/schema\/person\/image\/","url":"https:\/\/secure.gravatar.com\/avatar\/?s=96&d=mm&r=g","contentUrl":"https:\/\/secure.gravatar.com\/avatar\/?s=96&d=mm&r=g","caption":"gregory boucaud"},"url":"https:\/\/blogs.thesocialmedia.com\/leblogmoto\/author\/gregory-boucaud\/"}]}},"_links":{"self":[{"href":"https:\/\/blogs.thesocialmedia.com\/leblogmoto\/wp-json\/wp\/v2\/posts\/1411","targetHints":{"allow":["GET"]}}],"collection":[{"href":"https:\/\/blogs.thesocialmedia.com\/leblogmoto\/wp-json\/wp\/v2\/posts"}],"about":[{"href":"https:\/\/blogs.thesocialmedia.com\/leblogmoto\/wp-json\/wp\/v2\/types\/post"}],"author":[{"embeddable":true,"href":"https:\/\/blogs.thesocialmedia.com\/leblogmoto\/wp-json\/wp\/v2\/users\/329"}],"replies":[{"embeddable":true,"href":"https:\/\/blogs.thesocialmedia.com\/leblogmoto\/wp-json\/wp\/v2\/comments?post=1411"}],"version-history":[{"count":2,"href":"https:\/\/blogs.thesocialmedia.com\/leblogmoto\/wp-json\/wp\/v2\/posts\/1411\/revisions"}],"predecessor-version":[{"id":8351,"href":"https:\/\/blogs.thesocialmedia.com\/leblogmoto\/wp-json\/wp\/v2\/posts\/1411\/revisions\/8351"}],"wp:attachment":[{"href":"https:\/\/blogs.thesocialmedia.com\/leblogmoto\/wp-json\/wp\/v2\/media?parent=1411"}],"wp:term":[{"taxonomy":"category","embeddable":true,"href":"https:\/\/blogs.thesocialmedia.com\/leblogmoto\/wp-json\/wp\/v2\/categories?post=1411"},{"taxonomy":"post_tag","embeddable":true,"href":"https:\/\/blogs.thesocialmedia.com\/leblogmoto\/wp-json\/wp\/v2\/tags?post=1411"}],"curies":[{"name":"wp","href":"https:\/\/api.w.org\/{rel}","templated":true}]}}