{"id":1416,"date":"2007-04-23T17:04:22","date_gmt":"2007-04-23T17:04:22","guid":{"rendered":"http:\/\/blogs.thesocialmedia.com\/leblogmoto\/2007\/04\/23\/radars-la-chass\/"},"modified":"2012-07-11T14:38:48","modified_gmt":"2012-07-11T14:38:48","slug":"radars-la-chass","status":"publish","type":"post","link":"https:\/\/blogs.thesocialmedia.com\/leblogmoto\/2007\/04\/23\/radars-la-chass\/","title":{"rendered":"Radars : la chasse aux canards"},"content":{"rendered":"<p><a href=\"http:\/\/blogs.thesocialmedia.com\/leblogmoto\/files\/2012\/07\/radarcanard.jpg\"><img loading=\"lazy\" decoding=\"async\" width=\"250\" height=\"109\"  src=\"http:\/\/www.leblogmoto.com\/images\/2007\/04\/23\/radarcanard.jpg\" alt=\"Radarcanard\" style=\"margin: 0px 5px 5px 0px;float: left\" \/><\/a> Nous savions d\u00e9j\u00e0 que les radars automatiques, plus commun\u00e9ment surnomm\u00e9s \u00ab machines \u00e0 sous \u00bb <a href=\"http:\/\/www.leblogmoto.com\/2007\/04\/insolite_lantir.html\">nous prennent pour des pigeons<\/a> mais nous d\u00e9couvrons maintenant qu\u2019ils prennent aussi les canards sauvages pour&#8230;des enfants du Bon Dieu !&nbsp; <\/p>\n<p>C\u2019est ainsi qu\u2019un radar install\u00e9 aux Pays-Bas a flash\u00e9 un dangereux contrevenant, en l\u2019occurrence, un membre de la famille hautement criminog\u00e8ne des anatid\u00e9s, autrement dit, un canard sauvage d\u00e9nomm\u00e9 colvert. Le d\u00e9linquant circulait \u00e0 la vitesse r\u00e9pr\u00e9hensible de 64 km\/h au lieu des 50 requis. L\u2019histoire ne dit pas si le d\u00e9faut de port du casque lui sera aussi reproch\u00e9 mais comme nous autres, pauvres motards, la b\u00eate devrait \u00eatre plum\u00e9e : ne sommes-nous pas tous \u00e9gaux devant la loi ?<\/p>\n","protected":false},"excerpt":{"rendered":"<p>Nous savions d\u00e9j\u00e0 que les radars automatiques, plus commun\u00e9ment surnomm\u00e9s \u00ab machines \u00e0 sous \u00bb nous prennent pour des pigeons mais nous d\u00e9couvrons maintenant qu\u2019ils prennent aussi les canards sauvages pour&#8230;des enfants du Bon Dieu !&nbsp; C\u2019est ainsi qu\u2019un radar install\u00e9 aux Pays-Bas a flash\u00e9 un dangereux contrevenant, en l\u2019occurrence, un membre de la famille [&hellip;]<\/p>\n","protected":false},"author":333,"featured_media":0,"comment_status":"open","ping_status":"open","sticky":false,"template":"","format":"standard","meta":{"footnotes":""},"categories":[17],"tags":[],"class_list":["post-1416","post","type-post","status-publish","format-standard","hentry","category-divers"],"yoast_head":"<!-- This site is optimized with the Yoast SEO plugin v26.0 - https:\/\/yoast.com\/wordpress\/plugins\/seo\/ -->\n<title>Radars : la chasse aux canards - leblogmoto.com<\/title>\n<meta name=\"robots\" content=\"index, follow, max-snippet:-1, max-image-preview:large, max-video-preview:-1\" \/>\n<link rel=\"canonical\" href=\"https:\/\/blogs.thesocialmedia.com\/leblogmoto\/2007\/04\/23\/radars-la-chass\/\" \/>\n<meta name=\"twitter:card\" content=\"summary_large_image\" \/>\n<meta name=\"twitter:title\" content=\"Radars : la chasse aux canards - leblogmoto.com\" \/>\n<meta name=\"twitter:description\" content=\"Nous savions d\u00e9j\u00e0 que les radars automatiques, plus commun\u00e9ment surnomm\u00e9s \u00ab machines \u00e0 sous \u00bb nous prennent pour des pigeons mais nous d\u00e9couvrons maintenant qu\u2019ils prennent aussi les canards sauvages pour&#8230;des enfants du Bon Dieu !&nbsp; C\u2019est ainsi qu\u2019un radar install\u00e9 aux Pays-Bas a flash\u00e9 un dangereux contrevenant, en l\u2019occurrence, un membre de la famille [&hellip;]\" \/>\n<meta name=\"twitter:image\" content=\"http:\/\/www.leblogmoto.com\/images\/2007\/04\/23\/radarcanard.jpg\" \/>\n<meta name=\"twitter:label1\" content=\"\u00c9crit par\" \/>\n\t<meta name=\"twitter:data1\" content=\"christian tirat\" \/>\n\t<meta name=\"twitter:label2\" content=\"Dur\u00e9e de lecture estim\u00e9e\" \/>\n\t<meta name=\"twitter:data2\" content=\"1 minute\" \/>\n<script type=\"application\/ld+json\" class=\"yoast-schema-graph\">{\"@context\":\"https:\/\/schema.org\",\"@graph\":[{\"@type\":\"WebPage\",\"@id\":\"https:\/\/blogs.thesocialmedia.com\/leblogmoto\/2007\/04\/23\/radars-la-chass\/\",\"url\":\"https:\/\/blogs.thesocialmedia.com\/leblogmoto\/2007\/04\/23\/radars-la-chass\/\",\"name\":\"Radars : la chasse aux canards - leblogmoto.com\",\"isPartOf\":{\"@id\":\"https:\/\/blogs.thesocialmedia.com\/leblogmoto\/#website\"},\"primaryImageOfPage\":{\"@id\":\"https:\/\/blogs.thesocialmedia.com\/leblogmoto\/2007\/04\/23\/radars-la-chass\/#primaryimage\"},\"image\":{\"@id\":\"https:\/\/blogs.thesocialmedia.com\/leblogmoto\/2007\/04\/23\/radars-la-chass\/#primaryimage\"},\"thumbnailUrl\":\"http:\/\/www.leblogmoto.com\/images\/2007\/04\/23\/radarcanard.jpg\",\"datePublished\":\"2007-04-23T17:04:22+00:00\",\"dateModified\":\"2012-07-11T14:38:48+00:00\",\"author\":{\"@id\":\"https:\/\/blogs.thesocialmedia.com\/leblogmoto\/#\/schema\/person\/90b2f8fd0d5a2cede2580e95fc79c6c0\"},\"breadcrumb\":{\"@id\":\"https:\/\/blogs.thesocialmedia.com\/leblogmoto\/2007\/04\/23\/radars-la-chass\/#breadcrumb\"},\"inLanguage\":\"fr-FR\",\"potentialAction\":[{\"@type\":\"ReadAction\",\"target\":[\"https:\/\/blogs.thesocialmedia.com\/leblogmoto\/2007\/04\/23\/radars-la-chass\/\"]}]},{\"@type\":\"ImageObject\",\"inLanguage\":\"fr-FR\",\"@id\":\"https:\/\/blogs.thesocialmedia.com\/leblogmoto\/2007\/04\/23\/radars-la-chass\/#primaryimage\",\"url\":\"http:\/\/www.leblogmoto.com\/images\/2007\/04\/23\/radarcanard.jpg\",\"contentUrl\":\"http:\/\/www.leblogmoto.com\/images\/2007\/04\/23\/radarcanard.jpg\"},{\"@type\":\"BreadcrumbList\",\"@id\":\"https:\/\/blogs.thesocialmedia.com\/leblogmoto\/2007\/04\/23\/radars-la-chass\/#breadcrumb\",\"itemListElement\":[{\"@type\":\"ListItem\",\"position\":1,\"name\":\"Accueil\",\"item\":\"https:\/\/blogs.thesocialmedia.com\/leblogmoto\/\"},{\"@type\":\"ListItem\",\"position\":2,\"name\":\"Radars : la chasse aux canards\"}]},{\"@type\":\"WebSite\",\"@id\":\"https:\/\/blogs.thesocialmedia.com\/leblogmoto\/#website\",\"url\":\"https:\/\/blogs.thesocialmedia.com\/leblogmoto\/\",\"name\":\"leblogmoto\",\"description\":\"Toute l&#039;actualit\u00e9 des 2 roues\",\"potentialAction\":[{\"@type\":\"SearchAction\",\"target\":{\"@type\":\"EntryPoint\",\"urlTemplate\":\"https:\/\/blogs.thesocialmedia.com\/leblogmoto\/?s={search_term_string}\"},\"query-input\":{\"@type\":\"PropertyValueSpecification\",\"valueRequired\":true,\"valueName\":\"search_term_string\"}}],\"inLanguage\":\"fr-FR\"},{\"@type\":\"Person\",\"@id\":\"https:\/\/blogs.thesocialmedia.com\/leblogmoto\/#\/schema\/person\/90b2f8fd0d5a2cede2580e95fc79c6c0\",\"name\":\"christian tirat\",\"image\":{\"@type\":\"ImageObject\",\"inLanguage\":\"fr-FR\",\"@id\":\"https:\/\/blogs.thesocialmedia.com\/leblogmoto\/#\/schema\/person\/image\/\",\"url\":\"https:\/\/secure.gravatar.com\/avatar\/?s=96&d=mm&r=g\",\"contentUrl\":\"https:\/\/secure.gravatar.com\/avatar\/?s=96&d=mm&r=g\",\"caption\":\"christian tirat\"},\"url\":\"https:\/\/blogs.thesocialmedia.com\/leblogmoto\/author\/christian-tirat\/\"}]}<\/script>\n<!-- \/ Yoast SEO plugin. -->","yoast_head_json":{"title":"Radars : la chasse aux canards - leblogmoto.com","robots":{"index":"index","follow":"follow","max-snippet":"max-snippet:-1","max-image-preview":"max-image-preview:large","max-video-preview":"max-video-preview:-1"},"canonical":"https:\/\/blogs.thesocialmedia.com\/leblogmoto\/2007\/04\/23\/radars-la-chass\/","twitter_card":"summary_large_image","twitter_title":"Radars : la chasse aux canards - leblogmoto.com","twitter_description":"Nous savions d\u00e9j\u00e0 que les radars automatiques, plus commun\u00e9ment surnomm\u00e9s \u00ab machines \u00e0 sous \u00bb nous prennent pour des pigeons mais nous d\u00e9couvrons maintenant qu\u2019ils prennent aussi les canards sauvages pour&#8230;des enfants du Bon Dieu !&nbsp; C\u2019est ainsi qu\u2019un radar install\u00e9 aux Pays-Bas a flash\u00e9 un dangereux contrevenant, en l\u2019occurrence, un membre de la famille [&hellip;]","twitter_image":"http:\/\/www.leblogmoto.com\/images\/2007\/04\/23\/radarcanard.jpg","twitter_misc":{"\u00c9crit par":"christian tirat","Dur\u00e9e de lecture estim\u00e9e":"1 minute"},"schema":{"@context":"https:\/\/schema.org","@graph":[{"@type":"WebPage","@id":"https:\/\/blogs.thesocialmedia.com\/leblogmoto\/2007\/04\/23\/radars-la-chass\/","url":"https:\/\/blogs.thesocialmedia.com\/leblogmoto\/2007\/04\/23\/radars-la-chass\/","name":"Radars : la chasse aux canards - leblogmoto.com","isPartOf":{"@id":"https:\/\/blogs.thesocialmedia.com\/leblogmoto\/#website"},"primaryImageOfPage":{"@id":"https:\/\/blogs.thesocialmedia.com\/leblogmoto\/2007\/04\/23\/radars-la-chass\/#primaryimage"},"image":{"@id":"https:\/\/blogs.thesocialmedia.com\/leblogmoto\/2007\/04\/23\/radars-la-chass\/#primaryimage"},"thumbnailUrl":"http:\/\/www.leblogmoto.com\/images\/2007\/04\/23\/radarcanard.jpg","datePublished":"2007-04-23T17:04:22+00:00","dateModified":"2012-07-11T14:38:48+00:00","author":{"@id":"https:\/\/blogs.thesocialmedia.com\/leblogmoto\/#\/schema\/person\/90b2f8fd0d5a2cede2580e95fc79c6c0"},"breadcrumb":{"@id":"https:\/\/blogs.thesocialmedia.com\/leblogmoto\/2007\/04\/23\/radars-la-chass\/#breadcrumb"},"inLanguage":"fr-FR","potentialAction":[{"@type":"ReadAction","target":["https:\/\/blogs.thesocialmedia.com\/leblogmoto\/2007\/04\/23\/radars-la-chass\/"]}]},{"@type":"ImageObject","inLanguage":"fr-FR","@id":"https:\/\/blogs.thesocialmedia.com\/leblogmoto\/2007\/04\/23\/radars-la-chass\/#primaryimage","url":"http:\/\/www.leblogmoto.com\/images\/2007\/04\/23\/radarcanard.jpg","contentUrl":"http:\/\/www.leblogmoto.com\/images\/2007\/04\/23\/radarcanard.jpg"},{"@type":"BreadcrumbList","@id":"https:\/\/blogs.thesocialmedia.com\/leblogmoto\/2007\/04\/23\/radars-la-chass\/#breadcrumb","itemListElement":[{"@type":"ListItem","position":1,"name":"Accueil","item":"https:\/\/blogs.thesocialmedia.com\/leblogmoto\/"},{"@type":"ListItem","position":2,"name":"Radars : la chasse aux canards"}]},{"@type":"WebSite","@id":"https:\/\/blogs.thesocialmedia.com\/leblogmoto\/#website","url":"https:\/\/blogs.thesocialmedia.com\/leblogmoto\/","name":"leblogmoto","description":"Toute l&#039;actualit\u00e9 des 2 roues","potentialAction":[{"@type":"SearchAction","target":{"@type":"EntryPoint","urlTemplate":"https:\/\/blogs.thesocialmedia.com\/leblogmoto\/?s={search_term_string}"},"query-input":{"@type":"PropertyValueSpecification","valueRequired":true,"valueName":"search_term_string"}}],"inLanguage":"fr-FR"},{"@type":"Person","@id":"https:\/\/blogs.thesocialmedia.com\/leblogmoto\/#\/schema\/person\/90b2f8fd0d5a2cede2580e95fc79c6c0","name":"christian tirat","image":{"@type":"ImageObject","inLanguage":"fr-FR","@id":"https:\/\/blogs.thesocialmedia.com\/leblogmoto\/#\/schema\/person\/image\/","url":"https:\/\/secure.gravatar.com\/avatar\/?s=96&d=mm&r=g","contentUrl":"https:\/\/secure.gravatar.com\/avatar\/?s=96&d=mm&r=g","caption":"christian tirat"},"url":"https:\/\/blogs.thesocialmedia.com\/leblogmoto\/author\/christian-tirat\/"}]}},"_links":{"self":[{"href":"https:\/\/blogs.thesocialmedia.com\/leblogmoto\/wp-json\/wp\/v2\/posts\/1416","targetHints":{"allow":["GET"]}}],"collection":[{"href":"https:\/\/blogs.thesocialmedia.com\/leblogmoto\/wp-json\/wp\/v2\/posts"}],"about":[{"href":"https:\/\/blogs.thesocialmedia.com\/leblogmoto\/wp-json\/wp\/v2\/types\/post"}],"author":[{"embeddable":true,"href":"https:\/\/blogs.thesocialmedia.com\/leblogmoto\/wp-json\/wp\/v2\/users\/333"}],"replies":[{"embeddable":true,"href":"https:\/\/blogs.thesocialmedia.com\/leblogmoto\/wp-json\/wp\/v2\/comments?post=1416"}],"version-history":[{"count":2,"href":"https:\/\/blogs.thesocialmedia.com\/leblogmoto\/wp-json\/wp\/v2\/posts\/1416\/revisions"}],"predecessor-version":[{"id":8338,"href":"https:\/\/blogs.thesocialmedia.com\/leblogmoto\/wp-json\/wp\/v2\/posts\/1416\/revisions\/8338"}],"wp:attachment":[{"href":"https:\/\/blogs.thesocialmedia.com\/leblogmoto\/wp-json\/wp\/v2\/media?parent=1416"}],"wp:term":[{"taxonomy":"category","embeddable":true,"href":"https:\/\/blogs.thesocialmedia.com\/leblogmoto\/wp-json\/wp\/v2\/categories?post=1416"},{"taxonomy":"post_tag","embeddable":true,"href":"https:\/\/blogs.thesocialmedia.com\/leblogmoto\/wp-json\/wp\/v2\/tags?post=1416"}],"curies":[{"name":"wp","href":"https:\/\/api.w.org\/{rel}","templated":true}]}}