{"id":1417,"date":"2007-04-23T15:51:36","date_gmt":"2007-04-23T15:51:36","guid":{"rendered":"http:\/\/blogs.thesocialmedia.com\/leblogmoto\/2007\/04\/23\/endurance-moto\/"},"modified":"2012-07-11T14:38:46","modified_gmt":"2012-07-11T14:38:46","slug":"endurance-moto","status":"publish","type":"post","link":"https:\/\/blogs.thesocialmedia.com\/leblogmoto\/2007\/04\/23\/endurance-moto\/","title":{"rendered":"ENDURANCE MOTO : 24h du Mans, le retour de Suzuki"},"content":{"rendered":"<p><a href=\"http:\/\/blogs.thesocialmedia.com\/leblogmoto\/files\/2012\/07\/team24hmans07_v.jpg\"><img loading=\"lazy\" decoding=\"async\" width=\"250\" height=\"188\"  src=\"http:\/\/www.leblogmoto.com\/images\/2007\/04\/23\/team24hmans07_v.jpg\" alt=\"Team24hmans07_v\" style=\"margin: 0px 5px 5px 0px;float: left\" \/><\/a> Apr\u00e8s quatre ann\u00e9es de domination sur l&rsquo;\u00e9preuve mythique, de 2001 \u00e0 2004, Suzuki avait perdu la main en 2005 au profit de Yamaha et <a href=\"http:\/\/www.leblogmoto.com\/2006\/04\/le_mans_rien_ne.html\">l\u2019an dernier<\/a> au b\u00e9n\u00e9fice de Honda. L\u2019affront est aujourd\u2019hui lav\u00e9 puisque les 24 heures du Mans moto qui se couraient ce week-end ont \u00e9t\u00e9 remport\u00e9s par la Suzuki N.2 du Suzuki Endurance Racing Team (SERT), pilot\u00e9e par les Fran\u00e7ais William Costes, Guillaume Dietrich et par l&rsquo;Allemand Max Neukirchner. <\/p>\n<p><a href=\"http:\/\/clabedan.typepad.com\/.shared\/image.html?\/photos\/uncategorized\/2007\/04\/23\/24heuresdumans2007_01.jpg\"><img loading=\"lazy\" decoding=\"async\" width=\"250\" height=\"115\"  src=\"http:\/\/www.leblogmoto.com\/images\/2007\/04\/23\/24heuresdumans2007_01.jpg\" alt=\"24heuresdumans2007_01\" style=\"margin: 0px 5px 5px 0px;float: left\" \/><\/a> Apr\u00e8s 818 tours sur le circuit Bugatti, le trio a devanc\u00e9 la Suzuki N.1 et la Kawasaki N.11 de Plater-Mazuecos-Giabbani. La moto engag\u00e9e par le SERT permet ainsi \u00e0 la marque japonaise de s&rsquo;imposer pour la 9\u00e8me fois depuis 1982 avec en prime un superbe doubl\u00e9 gr\u00e2ce au bin\u00f4me <a href=\"http:\/\/blogs.thesocialmedia.com\/leblogmoto\/files\/2012\/07\/86dacosta_coste_suzuki_sert.jpg\"><img loading=\"lazy\" decoding=\"async\" width=\"250\" height=\"212\"  alt=\"86dacosta_coste_suzuki_sert\" src=\"http:\/\/www.leblogmoto.com\/images\/2007\/04\/23\/86dacosta_coste_suzuki_sert.jpg\" style=\"margin: 0px 5px 5px 0px;float: left\" \/><\/a> da Costa-Lagrive.<\/p>\n<p> Les deux grands perdants sont la Honda n\u00b055, qui avait remport\u00e9 l\u2019\u00e9dition 2006 mais a abandonn\u00e9 apr\u00e8s avoir perdu toutes ses chances en d\u00e9but de course apr\u00e8s une sortie de piste et un ennui m\u00e9canique. Il en fut de m\u00eame pour la Yamaha n\u00b094 du GMT contrainte \u00e0 abandon sur probl\u00e8mes m\u00e9caniques pendant la nuit.<\/p>\n<p> Prochain rendez-vous en Championnat du Monde d\u2019Endurance QMMF le 5 mai pour les 6 Heures d\u2019Albacete en Espagne.<\/p>\n<p><strong> Les r\u00e9actions<\/strong><\/p>\n<p><strong> Dominique Meliand <\/strong>(directeur du SERT) : &quot;R\u00e9ussir un doubl\u00e9 c&rsquo;est difficile. Je suis heureux pour tous les gens qui ont particip\u00e9 \u00e0 cette victoire. C&rsquo;est stressant pour les team managers mais c&rsquo;est bon pour le public. Et puis il faut le reconna\u00eetre, c&rsquo;est toujours beau quand on gagne&quot;.<\/p>\n<p><strong> William Costes<\/strong> (FRA-Suzuki N.2, vainqueur) : &quot;C&rsquo;est incroyable. Faire \u00e9quipe avec des jeunes pilotes aussi talentueux que Guillaume et Max, c&rsquo;est extraordinaire. C&rsquo;est ma troisi\u00e8me victoire au Mans et chaque fois avec une machine diff\u00e9rente. Ce matin, c&rsquo;est l\u00e0 que tout s&rsquo;est d\u00e9cid\u00e9 quand les pneus ont bien fonctionn\u00e9s et que nous avons pu contr\u00f4ler tout le monde. La course a \u00e9t\u00e9 tr\u00e8s difficile, le comportement de la moto avec les pneus \u00e9tait inconstant&quot;.<\/p>\n<p><strong>Guillaume Dietrich<\/strong> (FRA-Suzuki N.2, vainqueur) : &quot;Je f\u00e9licite tous les gens qui nous ont aid\u00e9s, surtout ceux qui se sont occup\u00e9s de nous et particuli\u00e8rement ceux qui nous ont servi \u00e0 manger toute la nuit. Depuis l&rsquo;ann\u00e9e derni\u00e8re, on \u00e9tait revanchard, c&rsquo;\u00e9tait pass\u00e9 assez pr\u00e8s. On \u00e9tait la moto de t\u00eate mais en fait sur la fin il y avait trois motos de t\u00eate et si finalement j&rsquo;ai gagn\u00e9 c&rsquo;est d&rsquo;abord gr\u00e2ce \u00e0 mes co\u00e9quipiers&quot;.<\/p>\n<p><strong> Max Neukirchner<\/strong> GER\/Suzuki N.2, vainqueur) : &quot;Une course de 24 heures c&rsquo;est tr\u00e8s dur. C&rsquo;est la premi\u00e8re fois que je viens au Mans et pour la premi\u00e8re fois je gagne, je ne vois pas ce que je peux dire d&rsquo;autre. C&rsquo;est incroyable ! J&rsquo;esp\u00e8re qu&rsquo;\u00eatre le premier Allemand \u00e0 gagner cette course aura du retentissement en Allemagne et aussi pour Suzuki Allemagne. Je souhaite rester avec Suzuki et le SERT, ils sont vraiment tr\u00e8s forts&quot;.<\/p>\n<p><strong> Vincent Philippe<\/strong> (FRA\/Suzuki N.1, 2e) : &quot;On a perdu trois tours et demi avec les changements des \u00e9chappements, sans cela nous aurions \u00e9t\u00e9 avec les autres. Et puis, il faut le dire, on a un probl\u00e8me de pneus. Depuis un mois, je gal\u00e8re au niveau de la suspension pneu. Je voudrais aussi dire que ce qu&rsquo;a fait Matthieu Lagrive, rouler avec une fracture de la t\u00eate de l&rsquo;hum\u00e9rus, il fallait le faire&quot;.<\/p>\n<p><strong><a href=\"http:\/\/blogs.thesocialmedia.com\/leblogmoto\/files\/2012\/07\/91team_suzuki_sert_lagrive.jpg\"><img loading=\"lazy\" decoding=\"async\" width=\"250\" height=\"167\"  src=\"http:\/\/www.leblogmoto.com\/images\/2007\/04\/23\/91team_suzuki_sert_lagrive.jpg\" alt=\"91team_suzuki_sert_lagrive\" style=\"margin: 0px 5px 5px 0px;float: left\" \/><\/a> Julien da Costa <\/strong>(FRA\/Suzuki N.1, 2e) : &quot;Je suis d\u00e9\u00e7u parce que je visais la premi\u00e8re place. J&rsquo;ai pas honte de le dire, je suis d\u00e9\u00e7u&quot;.<\/p>\n<p><strong>Matthieu Lagrive<\/strong> (FRA\/Suzuki N.1, 2e) : &quot;J&rsquo;ai essay\u00e9 de faire mon travail du mieux possible. Dans la nuit vers quatre heures, on a eu de gros probl\u00e8mes avec les pneus. Cela s&rsquo;est mieux pass\u00e9 dans la matin\u00e9e&quot;.<\/p>\n<p><strong> Steve Plater<\/strong> (GBR\/Kawasaki no 11, 3e) : &quot;C&rsquo;\u00e9tait mon dernier relais. Je saute dans la voiture, je fonce \u00e0 la maison pour voir mon petit b\u00e9b\u00e9 qui est n\u00e9 mardi. C&rsquo;est dommage, je ne participerai pas \u00e0 la c\u00e9r\u00e9monie du podium&quot; (d\u00e9claration faite \u00e0 l&rsquo;issue de son dernier relais \u00e0 13 h 45).<\/p>\n<p><strong> Julian Mazuecos<\/strong> (ESP\/Kawasaki no 11, 3e ) : &quot;Je n&rsquo;avais jamais pilot\u00e9 de superbike, cela s&rsquo;est bien pass\u00e9. Nous avons eu de bons pneus&quot;.<\/p>\n<p><strong> Gwen Giabbani<\/strong> (GBR\/Kawasaki no 11, 3e) : &quot;C&rsquo;est plut\u00f4t la premi\u00e8re place qui nous int\u00e9ressait. La troisi\u00e8me c&rsquo;est quand m\u00eame un bon r\u00e9sultat pour le retour de Kawasaki. Je suis satisfait du r\u00e9sultat. On va se pr\u00e9parer encore plus dur au bol d&rsquo;Or, l\u00e0 on a vu ce qui p\u00e9chait, on va s&rsquo;en occuper. Il y a beaucoup de travail \u00e0 faire. Nous sommes une \u00e9quipe nouvelle il faut que nous apprenions \u00e0 nous mettre en place&quot;.<\/p>\n<p><strong>Le classement<\/strong><\/p>\n<p> 1. William Costes\/Guillaume Dietrich\/Max Neukirchner<br \/> (FRA-FRA-GER\/Suzuki N.2) 818 tours<\/p>\n<p> 2. Vincent Philippe\/Julien da Costa\/Matthieu Lagrive<br \/> (FRA\/Suzuki N.1) \u00e0 1:19.938<\/p>\n<p> 3. Steve Plater\/Julian Mazuecos\/Scott Smart<br \/> (GBR-ESP-GBR\/Kawasaki N.11) \u00e0 1 tour<\/p>\n<p> 4. S\u00e9bastien Gimbert\/David Checa\/Olivier Four<br \/> (FRA-ESP-FRA\/Yamaha N.94) \u00e0 7 t<\/p>\n<p> 5. Igor Jerman\/S\u00e9bastien Scarnato\/Damian Cudlin<br \/> (SLO-FRA-AUS\/Yamaha N.7) \u00e0 8 t<\/p>\n<p> 6. Freddy Foray\/Emeric Jonchi\u00e8re\/Anthony Delhalle<br \/> (FRA\/Suzuki N.72) \u00e0 23 t<\/p>\n<p> 7. Jakub Smrz\/Christophe Cogan\/Stefan Nebel<br \/> (CZE-FRA-GER\/Yamaha N.99) \u00e0 27 t<\/p>\n<p> 8. Anthony Moreno\/Micka\u00ebl Lalev\u00e9e\/Anthony Dos Santos<br \/> (FRA\/Yamaha N.57) \u00e0 30 t<\/p>\n<p> 9. Warwick Nowland\/Glen Richards\/Didier van Keymeulen<br \/> (AUS-AUS-FRA\/Yamaha N.3) \u00e0 2:04.031<\/p>\n<p> 10. St\u00e9phane Molinier\/Guillaume Pialoux\/David Bri\u00e8re<br \/> (FRA\/Suzuki N.18) \u00e0 31 t<br \/> &#8230;<br \/> 33 concurrents class\u00e9s \u00e0 l&rsquo;arriv\u00e9e, sur 56 au d\u00e9part<br \/> Principaux abandons: Honda N.55, Yamaha N.113<\/p>\n<p><strong> Les dix derniers vainqueurs<\/strong><\/p>\n<p><strong> 1998:<\/strong><br \/> Bertrand Sebileau &#8211; Thierry Paillot &#8211; Igor Jerman (FRA-FRA-SLO\/Kawasaki ZX7 RR) 3.312,945 km<\/p>\n<p><strong> 1999:<\/strong><br \/> Bertrand Sebileau &#8211; Steve Hislop &#8211; Chris Walker (FRA-GBR-GBR\/Kawasaki ZX7 RR) 3.388,035 km<\/p>\n<p><strong> 2000:<\/strong><br \/> William Costes &#8211; S\u00e9bastien Charpentier &#8211; S\u00e9bastien Gimbert (FRA\/Honda VTR SP1) 3.095,295 km<\/p>\n<p><strong> 2001:<\/strong><br \/> Christophe Guyot &#8211; S\u00e9bastien Scarnato &#8211; Nicolas Dussauge (FRA\/Suzuki GSX R) 3.267,495 km<\/p>\n<p><strong> 2002:<\/strong><br \/> Jean-Michel Bayle &#8211; Nicolas Dussauge &#8211; S\u00e9bastien Gimbert (FRA\/Suzuki GSX R) 3.302,200 km<\/p>\n<p><strong> 2003<\/strong>:<br \/> Brian Morrison &#8211; Philippe Dob\u00e9 &#8211; Vincent Philippe (GBR-FRA-FRA\/Suzuki GSX R) 3.415,060 km<\/p>\n<p><strong> 2004:<\/strong><br \/> St\u00e9phane Chambon &#8211; Keiichi Kitagawa &#8211; Warwick Nowland (FRA-JPN-AUS\/Suzuki GSX R) 3.314,740 km<\/p>\n<p><strong> 2005:<\/strong><br \/> S\u00e9bastien Gimbert &#8211; William Costes &#8211; David Checa (FRA-FRA-ESP\/Yamaha R1) 3.469,400 km<\/p>\n<p><strong> 2006:<\/strong><br \/> Fr\u00e9d\u00e9ric Protat &#8211; Olivier Four &#8211; Ribalta-Bosch (FRA-FRA-ESP\/Honda CBR) 3.415,060 km<\/p>\n<p><strong> 2007:<\/strong><br \/> William Costes &#8211; Guillaume Dietrich &#8211; Max Neukirchner (FRA-FRA-GER\/Suzuki GSXR 1000) 3.419,240 km<\/p>\n<p>Source: <a href=\"http:\/\/www.fimendurance.com\/index.html\">Fimendurance.com<\/a><\/p>\n","protected":false},"excerpt":{"rendered":"<p>Apr\u00e8s quatre ann\u00e9es de domination sur l&rsquo;\u00e9preuve mythique, de 2001 \u00e0 2004, Suzuki avait perdu la main en 2005 au profit de Yamaha et l\u2019an dernier au b\u00e9n\u00e9fice de Honda. L\u2019affront est aujourd\u2019hui lav\u00e9 puisque les 24 heures du Mans moto qui se couraient ce week-end ont \u00e9t\u00e9 remport\u00e9s par la Suzuki N.2 du Suzuki [&hellip;]<\/p>\n","protected":false},"author":333,"featured_media":0,"comment_status":"open","ping_status":"open","sticky":false,"template":"","format":"standard","meta":{"footnotes":""},"categories":[32],"tags":[],"class_list":["post-1417","post","type-post","status-publish","format-standard","hentry","category-sport-moto"],"yoast_head":"<!-- This site is optimized with the Yoast SEO plugin v26.0 - https:\/\/yoast.com\/wordpress\/plugins\/seo\/ -->\n<title>ENDURANCE MOTO : 24h du Mans, le retour de Suzuki - leblogmoto.com<\/title>\n<meta name=\"robots\" content=\"index, follow, max-snippet:-1, max-image-preview:large, max-video-preview:-1\" \/>\n<link rel=\"canonical\" href=\"https:\/\/blogs.thesocialmedia.com\/leblogmoto\/2007\/04\/23\/endurance-moto\/\" \/>\n<meta name=\"twitter:card\" content=\"summary_large_image\" \/>\n<meta name=\"twitter:title\" content=\"ENDURANCE MOTO : 24h du Mans, le retour de Suzuki - leblogmoto.com\" \/>\n<meta name=\"twitter:description\" content=\"Apr\u00e8s quatre ann\u00e9es de domination sur l&rsquo;\u00e9preuve mythique, de 2001 \u00e0 2004, Suzuki avait perdu la main en 2005 au profit de Yamaha et l\u2019an dernier au b\u00e9n\u00e9fice de Honda. L\u2019affront est aujourd\u2019hui lav\u00e9 puisque les 24 heures du Mans moto qui se couraient ce week-end ont \u00e9t\u00e9 remport\u00e9s par la Suzuki N.2 du Suzuki [&hellip;]\" \/>\n<meta name=\"twitter:image\" content=\"http:\/\/www.leblogmoto.com\/images\/2007\/04\/23\/team24hmans07_v.jpg\" \/>\n<meta name=\"twitter:label1\" content=\"\u00c9crit par\" \/>\n\t<meta name=\"twitter:data1\" content=\"christian tirat\" \/>\n\t<meta name=\"twitter:label2\" content=\"Dur\u00e9e de lecture estim\u00e9e\" \/>\n\t<meta name=\"twitter:data2\" content=\"5 minutes\" \/>\n<script type=\"application\/ld+json\" class=\"yoast-schema-graph\">{\"@context\":\"https:\/\/schema.org\",\"@graph\":[{\"@type\":\"WebPage\",\"@id\":\"https:\/\/blogs.thesocialmedia.com\/leblogmoto\/2007\/04\/23\/endurance-moto\/\",\"url\":\"https:\/\/blogs.thesocialmedia.com\/leblogmoto\/2007\/04\/23\/endurance-moto\/\",\"name\":\"ENDURANCE MOTO : 24h du Mans, le retour de Suzuki - leblogmoto.com\",\"isPartOf\":{\"@id\":\"https:\/\/blogs.thesocialmedia.com\/leblogmoto\/#website\"},\"primaryImageOfPage\":{\"@id\":\"https:\/\/blogs.thesocialmedia.com\/leblogmoto\/2007\/04\/23\/endurance-moto\/#primaryimage\"},\"image\":{\"@id\":\"https:\/\/blogs.thesocialmedia.com\/leblogmoto\/2007\/04\/23\/endurance-moto\/#primaryimage\"},\"thumbnailUrl\":\"http:\/\/www.leblogmoto.com\/images\/2007\/04\/23\/team24hmans07_v.jpg\",\"datePublished\":\"2007-04-23T15:51:36+00:00\",\"dateModified\":\"2012-07-11T14:38:46+00:00\",\"author\":{\"@id\":\"https:\/\/blogs.thesocialmedia.com\/leblogmoto\/#\/schema\/person\/90b2f8fd0d5a2cede2580e95fc79c6c0\"},\"breadcrumb\":{\"@id\":\"https:\/\/blogs.thesocialmedia.com\/leblogmoto\/2007\/04\/23\/endurance-moto\/#breadcrumb\"},\"inLanguage\":\"fr-FR\",\"potentialAction\":[{\"@type\":\"ReadAction\",\"target\":[\"https:\/\/blogs.thesocialmedia.com\/leblogmoto\/2007\/04\/23\/endurance-moto\/\"]}]},{\"@type\":\"ImageObject\",\"inLanguage\":\"fr-FR\",\"@id\":\"https:\/\/blogs.thesocialmedia.com\/leblogmoto\/2007\/04\/23\/endurance-moto\/#primaryimage\",\"url\":\"http:\/\/www.leblogmoto.com\/images\/2007\/04\/23\/team24hmans07_v.jpg\",\"contentUrl\":\"http:\/\/www.leblogmoto.com\/images\/2007\/04\/23\/team24hmans07_v.jpg\"},{\"@type\":\"BreadcrumbList\",\"@id\":\"https:\/\/blogs.thesocialmedia.com\/leblogmoto\/2007\/04\/23\/endurance-moto\/#breadcrumb\",\"itemListElement\":[{\"@type\":\"ListItem\",\"position\":1,\"name\":\"Accueil\",\"item\":\"https:\/\/blogs.thesocialmedia.com\/leblogmoto\/\"},{\"@type\":\"ListItem\",\"position\":2,\"name\":\"ENDURANCE MOTO : 24h du Mans, le retour de Suzuki\"}]},{\"@type\":\"WebSite\",\"@id\":\"https:\/\/blogs.thesocialmedia.com\/leblogmoto\/#website\",\"url\":\"https:\/\/blogs.thesocialmedia.com\/leblogmoto\/\",\"name\":\"leblogmoto\",\"description\":\"Toute l&#039;actualit\u00e9 des 2 roues\",\"potentialAction\":[{\"@type\":\"SearchAction\",\"target\":{\"@type\":\"EntryPoint\",\"urlTemplate\":\"https:\/\/blogs.thesocialmedia.com\/leblogmoto\/?s={search_term_string}\"},\"query-input\":{\"@type\":\"PropertyValueSpecification\",\"valueRequired\":true,\"valueName\":\"search_term_string\"}}],\"inLanguage\":\"fr-FR\"},{\"@type\":\"Person\",\"@id\":\"https:\/\/blogs.thesocialmedia.com\/leblogmoto\/#\/schema\/person\/90b2f8fd0d5a2cede2580e95fc79c6c0\",\"name\":\"christian tirat\",\"image\":{\"@type\":\"ImageObject\",\"inLanguage\":\"fr-FR\",\"@id\":\"https:\/\/blogs.thesocialmedia.com\/leblogmoto\/#\/schema\/person\/image\/\",\"url\":\"https:\/\/secure.gravatar.com\/avatar\/?s=96&d=mm&r=g\",\"contentUrl\":\"https:\/\/secure.gravatar.com\/avatar\/?s=96&d=mm&r=g\",\"caption\":\"christian tirat\"},\"url\":\"https:\/\/blogs.thesocialmedia.com\/leblogmoto\/author\/christian-tirat\/\"}]}<\/script>\n<!-- \/ Yoast SEO plugin. -->","yoast_head_json":{"title":"ENDURANCE MOTO : 24h du Mans, le retour de Suzuki - leblogmoto.com","robots":{"index":"index","follow":"follow","max-snippet":"max-snippet:-1","max-image-preview":"max-image-preview:large","max-video-preview":"max-video-preview:-1"},"canonical":"https:\/\/blogs.thesocialmedia.com\/leblogmoto\/2007\/04\/23\/endurance-moto\/","twitter_card":"summary_large_image","twitter_title":"ENDURANCE MOTO : 24h du Mans, le retour de Suzuki - leblogmoto.com","twitter_description":"Apr\u00e8s quatre ann\u00e9es de domination sur l&rsquo;\u00e9preuve mythique, de 2001 \u00e0 2004, Suzuki avait perdu la main en 2005 au profit de Yamaha et l\u2019an dernier au b\u00e9n\u00e9fice de Honda. L\u2019affront est aujourd\u2019hui lav\u00e9 puisque les 24 heures du Mans moto qui se couraient ce week-end ont \u00e9t\u00e9 remport\u00e9s par la Suzuki N.2 du Suzuki [&hellip;]","twitter_image":"http:\/\/www.leblogmoto.com\/images\/2007\/04\/23\/team24hmans07_v.jpg","twitter_misc":{"\u00c9crit par":"christian tirat","Dur\u00e9e de lecture estim\u00e9e":"5 minutes"},"schema":{"@context":"https:\/\/schema.org","@graph":[{"@type":"WebPage","@id":"https:\/\/blogs.thesocialmedia.com\/leblogmoto\/2007\/04\/23\/endurance-moto\/","url":"https:\/\/blogs.thesocialmedia.com\/leblogmoto\/2007\/04\/23\/endurance-moto\/","name":"ENDURANCE MOTO : 24h du Mans, le retour de Suzuki - leblogmoto.com","isPartOf":{"@id":"https:\/\/blogs.thesocialmedia.com\/leblogmoto\/#website"},"primaryImageOfPage":{"@id":"https:\/\/blogs.thesocialmedia.com\/leblogmoto\/2007\/04\/23\/endurance-moto\/#primaryimage"},"image":{"@id":"https:\/\/blogs.thesocialmedia.com\/leblogmoto\/2007\/04\/23\/endurance-moto\/#primaryimage"},"thumbnailUrl":"http:\/\/www.leblogmoto.com\/images\/2007\/04\/23\/team24hmans07_v.jpg","datePublished":"2007-04-23T15:51:36+00:00","dateModified":"2012-07-11T14:38:46+00:00","author":{"@id":"https:\/\/blogs.thesocialmedia.com\/leblogmoto\/#\/schema\/person\/90b2f8fd0d5a2cede2580e95fc79c6c0"},"breadcrumb":{"@id":"https:\/\/blogs.thesocialmedia.com\/leblogmoto\/2007\/04\/23\/endurance-moto\/#breadcrumb"},"inLanguage":"fr-FR","potentialAction":[{"@type":"ReadAction","target":["https:\/\/blogs.thesocialmedia.com\/leblogmoto\/2007\/04\/23\/endurance-moto\/"]}]},{"@type":"ImageObject","inLanguage":"fr-FR","@id":"https:\/\/blogs.thesocialmedia.com\/leblogmoto\/2007\/04\/23\/endurance-moto\/#primaryimage","url":"http:\/\/www.leblogmoto.com\/images\/2007\/04\/23\/team24hmans07_v.jpg","contentUrl":"http:\/\/www.leblogmoto.com\/images\/2007\/04\/23\/team24hmans07_v.jpg"},{"@type":"BreadcrumbList","@id":"https:\/\/blogs.thesocialmedia.com\/leblogmoto\/2007\/04\/23\/endurance-moto\/#breadcrumb","itemListElement":[{"@type":"ListItem","position":1,"name":"Accueil","item":"https:\/\/blogs.thesocialmedia.com\/leblogmoto\/"},{"@type":"ListItem","position":2,"name":"ENDURANCE MOTO : 24h du Mans, le retour de Suzuki"}]},{"@type":"WebSite","@id":"https:\/\/blogs.thesocialmedia.com\/leblogmoto\/#website","url":"https:\/\/blogs.thesocialmedia.com\/leblogmoto\/","name":"leblogmoto","description":"Toute l&#039;actualit\u00e9 des 2 roues","potentialAction":[{"@type":"SearchAction","target":{"@type":"EntryPoint","urlTemplate":"https:\/\/blogs.thesocialmedia.com\/leblogmoto\/?s={search_term_string}"},"query-input":{"@type":"PropertyValueSpecification","valueRequired":true,"valueName":"search_term_string"}}],"inLanguage":"fr-FR"},{"@type":"Person","@id":"https:\/\/blogs.thesocialmedia.com\/leblogmoto\/#\/schema\/person\/90b2f8fd0d5a2cede2580e95fc79c6c0","name":"christian tirat","image":{"@type":"ImageObject","inLanguage":"fr-FR","@id":"https:\/\/blogs.thesocialmedia.com\/leblogmoto\/#\/schema\/person\/image\/","url":"https:\/\/secure.gravatar.com\/avatar\/?s=96&d=mm&r=g","contentUrl":"https:\/\/secure.gravatar.com\/avatar\/?s=96&d=mm&r=g","caption":"christian tirat"},"url":"https:\/\/blogs.thesocialmedia.com\/leblogmoto\/author\/christian-tirat\/"}]}},"_links":{"self":[{"href":"https:\/\/blogs.thesocialmedia.com\/leblogmoto\/wp-json\/wp\/v2\/posts\/1417","targetHints":{"allow":["GET"]}}],"collection":[{"href":"https:\/\/blogs.thesocialmedia.com\/leblogmoto\/wp-json\/wp\/v2\/posts"}],"about":[{"href":"https:\/\/blogs.thesocialmedia.com\/leblogmoto\/wp-json\/wp\/v2\/types\/post"}],"author":[{"embeddable":true,"href":"https:\/\/blogs.thesocialmedia.com\/leblogmoto\/wp-json\/wp\/v2\/users\/333"}],"replies":[{"embeddable":true,"href":"https:\/\/blogs.thesocialmedia.com\/leblogmoto\/wp-json\/wp\/v2\/comments?post=1417"}],"version-history":[{"count":2,"href":"https:\/\/blogs.thesocialmedia.com\/leblogmoto\/wp-json\/wp\/v2\/posts\/1417\/revisions"}],"predecessor-version":[{"id":8336,"href":"https:\/\/blogs.thesocialmedia.com\/leblogmoto\/wp-json\/wp\/v2\/posts\/1417\/revisions\/8336"}],"wp:attachment":[{"href":"https:\/\/blogs.thesocialmedia.com\/leblogmoto\/wp-json\/wp\/v2\/media?parent=1417"}],"wp:term":[{"taxonomy":"category","embeddable":true,"href":"https:\/\/blogs.thesocialmedia.com\/leblogmoto\/wp-json\/wp\/v2\/categories?post=1417"},{"taxonomy":"post_tag","embeddable":true,"href":"https:\/\/blogs.thesocialmedia.com\/leblogmoto\/wp-json\/wp\/v2\/tags?post=1417"}],"curies":[{"name":"wp","href":"https:\/\/api.w.org\/{rel}","templated":true}]}}