{"id":142,"date":"2009-05-19T16:48:26","date_gmt":"2009-05-19T16:48:26","guid":{"rendered":"http:\/\/blogs.thesocialmedia.com\/leblogmoto\/2009\/05\/19\/le-magazine-vanity-fair-met-en-scene-harley\/"},"modified":"2012-07-11T13:23:13","modified_gmt":"2012-07-11T13:23:13","slug":"le-magazine-vanity-fair-met-en-scene-harley","status":"publish","type":"post","link":"https:\/\/blogs.thesocialmedia.com\/leblogmoto\/2009\/05\/19\/le-magazine-vanity-fair-met-en-scene-harley\/","title":{"rendered":"Le magazine Vanity Fair met en sc\u00e8ne le mois des motardes."},"content":{"rendered":"<p> <object height=\"340\" width=\"470\"><param name=\"movie\" value=\"http:\/\/www.youtube.com\/v\/V1ivGP-r3jE&amp;hl=fr&amp;fs=1\" \/><param name=\"allowFullScreen\" value=\"true\" \/><param name=\"allowscriptaccess\" value=\"always\" \/><embed height=\"340\" src=\"http:\/\/www.youtube.com\/v\/V1ivGP-r3jE&amp;hl=fr&amp;fs=1\" type=\"application\/x-shockwave-flash\" width=\"470\" \/><\/object><\/p>\n<p>Le mois de mai est annonc\u00e9, un peu p\u00e9remptoirement (mais qui s&#039;en plaindra), comme le <a href=\"http:\/\/http:\/\/www.harley-davidson.com\/wcm\/Content\/Pages\/women_riders\/landing.jsp?locale=en_US&amp;hbx_camp_id=hdredirect&amp;urlvar=womenriders&amp;camp_id=16&amp;source_cd=Vanity_womenriders\">mois des motardes<\/a> par Harley elle-m\u00eame. L&#039;id\u00e9e est louable, cela \u00e9vitera d\u00e9j\u00e0 les habituelles remarques disgracieuses sur la journ\u00e9e de la femme (&quot;Un jour pour les femmes et 364 pour les hommes&quot;). M\u00eame si l&#039;on devine ais\u00e9ment l&#039;initiative mercantile qui la sous-tend et&#160;l&#039;envie de&#160;la <a href=\"http:\/\/www.harley-davidson.fr\">firme de Milwaukee<\/a>&#160;d&#039;\u00e9largir&#160;sa base&#160;en partant&#160;\u00e0 la recherche de &quot;prospects&quot;, comme dit le langage vernaculaire et anglicis\u00e9&#160;des commerciaux, c&#039;est \u00e0&#160;dire les clients potentiels.&#160;L&#039;\u00e9dition de juin du&#160;prestigieux magazine&#160;<a href=\"http:\/\/www.vanityfair.com\/\">Vanity Fair<\/a> (litt\u00e9ralement &quot;la foire aux vanit\u00e9s&quot;) a d\u00e9cid\u00e9 de revenir&#160;dessus,&#160;en saluant les motardes et les encourageant \u00e0 piloter et vivre leur vie sans regrets (je cite). Devant l&#039;objectif, certain(e)s d&#039;entre-vous reconnaitront la chanteuse Jewel, et les fans de la s\u00e9rie Battlestar galactica, Tricia Helfer, le&#160;mannequin-devenue-actrice,&#160;une pente suivie par nombre de ses coreligionnaires.&#160;A leurs c\u00f4t\u00e9s ont pos\u00e9 pour le photographe Art Streiber des figures plus &quot;locales&quot;, comme Jillian Michael qui anime une \u00e9mission sur NBC, et Deborah DiMiceli motarde&#160;et chef d&#039;entreprise californienne.&#160;Une s\u00e9ance photo prometteuse dont&#160;voici le making-of, car comme le dit le <a href=\"http:\/\/fr.wikipedia.org\/wiki\/Mai\">proverbe<\/a> &quot;Femme de mai pla\u00eet toujours&quot;.&#160;Ces deux&#160;sujets&#160;marquent aussi mon retour parmi vous.<\/p>\n<\/p>\n<p> <object height=\"344\" width=\"470\"><param name=\"movie\" value=\"http:\/\/www.youtube.com\/v\/m5Z6Tw_E7d8&amp;hl=fr&amp;fs=1\" \/><param name=\"allowFullScreen\" value=\"true\" \/><param name=\"allowscriptaccess\" value=\"always\" \/><embed height=\"344\" src=\"http:\/\/www.youtube.com\/v\/m5Z6Tw_E7d8&amp;hl=fr&amp;fs=1\" type=\"application\/x-shockwave-flash\" width=\"470\" \/><\/object><\/p>\n<p><em>Via Motorcycle.com<\/em><\/p>\n","protected":false},"excerpt":{"rendered":"<p>Le mois de mai est annonc\u00e9, un peu p\u00e9remptoirement (mais qui s&#039;en plaindra), comme le mois des motardes par Harley elle-m\u00eame. L&#039;id\u00e9e est louable, cela \u00e9vitera d\u00e9j\u00e0 les habituelles remarques disgracieuses sur la journ\u00e9e de la femme (&quot;Un jour pour les femmes et 364 pour les hommes&quot;). M\u00eame si l&#039;on devine ais\u00e9ment l&#039;initiative mercantile qui [&hellip;]<\/p>\n","protected":false},"author":324,"featured_media":0,"comment_status":"open","ping_status":"open","sticky":false,"template":"","format":"standard","meta":{"footnotes":""},"categories":[3,29,12],"tags":[],"class_list":["post-142","post","type-post","status-publish","format-standard","hentry","category-actualite","category-harley-davidson","category-videos"],"yoast_head":"<!-- This site is optimized with the Yoast SEO plugin v26.0 - https:\/\/yoast.com\/wordpress\/plugins\/seo\/ -->\n<title>Le magazine Vanity Fair met en sc\u00e8ne le mois des motardes. - leblogmoto.com<\/title>\n<meta name=\"robots\" content=\"index, follow, max-snippet:-1, max-image-preview:large, max-video-preview:-1\" \/>\n<link rel=\"canonical\" href=\"https:\/\/blogs.thesocialmedia.com\/leblogmoto\/2009\/05\/19\/le-magazine-vanity-fair-met-en-scene-harley\/\" \/>\n<meta name=\"twitter:card\" content=\"summary_large_image\" \/>\n<meta name=\"twitter:title\" content=\"Le magazine Vanity Fair met en sc\u00e8ne le mois des motardes. - leblogmoto.com\" \/>\n<meta name=\"twitter:description\" content=\"Le mois de mai est annonc\u00e9, un peu p\u00e9remptoirement (mais qui s&#039;en plaindra), comme le mois des motardes par Harley elle-m\u00eame. L&#039;id\u00e9e est louable, cela \u00e9vitera d\u00e9j\u00e0 les habituelles remarques disgracieuses sur la journ\u00e9e de la femme (&quot;Un jour pour les femmes et 364 pour les hommes&quot;). M\u00eame si l&#039;on devine ais\u00e9ment l&#039;initiative mercantile qui [&hellip;]\" \/>\n<meta name=\"twitter:label1\" content=\"\u00c9crit par\" \/>\n\t<meta name=\"twitter:data1\" content=\"benoit rieu\" \/>\n\t<meta name=\"twitter:label2\" content=\"Dur\u00e9e de lecture estim\u00e9e\" \/>\n\t<meta name=\"twitter:data2\" content=\"1 minute\" \/>\n<script type=\"application\/ld+json\" class=\"yoast-schema-graph\">{\"@context\":\"https:\/\/schema.org\",\"@graph\":[{\"@type\":\"WebPage\",\"@id\":\"https:\/\/blogs.thesocialmedia.com\/leblogmoto\/2009\/05\/19\/le-magazine-vanity-fair-met-en-scene-harley\/\",\"url\":\"https:\/\/blogs.thesocialmedia.com\/leblogmoto\/2009\/05\/19\/le-magazine-vanity-fair-met-en-scene-harley\/\",\"name\":\"Le magazine Vanity Fair met en sc\u00e8ne le mois des motardes. - leblogmoto.com\",\"isPartOf\":{\"@id\":\"https:\/\/blogs.thesocialmedia.com\/leblogmoto\/#website\"},\"datePublished\":\"2009-05-19T16:48:26+00:00\",\"dateModified\":\"2012-07-11T13:23:13+00:00\",\"author\":{\"@id\":\"https:\/\/blogs.thesocialmedia.com\/leblogmoto\/#\/schema\/person\/18bfe773e5725ed6d24f743da805362a\"},\"breadcrumb\":{\"@id\":\"https:\/\/blogs.thesocialmedia.com\/leblogmoto\/2009\/05\/19\/le-magazine-vanity-fair-met-en-scene-harley\/#breadcrumb\"},\"inLanguage\":\"fr-FR\",\"potentialAction\":[{\"@type\":\"ReadAction\",\"target\":[\"https:\/\/blogs.thesocialmedia.com\/leblogmoto\/2009\/05\/19\/le-magazine-vanity-fair-met-en-scene-harley\/\"]}]},{\"@type\":\"BreadcrumbList\",\"@id\":\"https:\/\/blogs.thesocialmedia.com\/leblogmoto\/2009\/05\/19\/le-magazine-vanity-fair-met-en-scene-harley\/#breadcrumb\",\"itemListElement\":[{\"@type\":\"ListItem\",\"position\":1,\"name\":\"Accueil\",\"item\":\"https:\/\/blogs.thesocialmedia.com\/leblogmoto\/\"},{\"@type\":\"ListItem\",\"position\":2,\"name\":\"Le magazine Vanity Fair met en sc\u00e8ne le mois des motardes.\"}]},{\"@type\":\"WebSite\",\"@id\":\"https:\/\/blogs.thesocialmedia.com\/leblogmoto\/#website\",\"url\":\"https:\/\/blogs.thesocialmedia.com\/leblogmoto\/\",\"name\":\"leblogmoto\",\"description\":\"Toute l&#039;actualit\u00e9 des 2 roues\",\"potentialAction\":[{\"@type\":\"SearchAction\",\"target\":{\"@type\":\"EntryPoint\",\"urlTemplate\":\"https:\/\/blogs.thesocialmedia.com\/leblogmoto\/?s={search_term_string}\"},\"query-input\":{\"@type\":\"PropertyValueSpecification\",\"valueRequired\":true,\"valueName\":\"search_term_string\"}}],\"inLanguage\":\"fr-FR\"},{\"@type\":\"Person\",\"@id\":\"https:\/\/blogs.thesocialmedia.com\/leblogmoto\/#\/schema\/person\/18bfe773e5725ed6d24f743da805362a\",\"name\":\"benoit rieu\",\"image\":{\"@type\":\"ImageObject\",\"inLanguage\":\"fr-FR\",\"@id\":\"https:\/\/blogs.thesocialmedia.com\/leblogmoto\/#\/schema\/person\/image\/\",\"url\":\"https:\/\/secure.gravatar.com\/avatar\/?s=96&d=mm&r=g\",\"contentUrl\":\"https:\/\/secure.gravatar.com\/avatar\/?s=96&d=mm&r=g\",\"caption\":\"benoit rieu\"},\"url\":\"https:\/\/blogs.thesocialmedia.com\/leblogmoto\/author\/benoit-rieu\/\"}]}<\/script>\n<!-- \/ Yoast SEO plugin. -->","yoast_head_json":{"title":"Le magazine Vanity Fair met en sc\u00e8ne le mois des motardes. - leblogmoto.com","robots":{"index":"index","follow":"follow","max-snippet":"max-snippet:-1","max-image-preview":"max-image-preview:large","max-video-preview":"max-video-preview:-1"},"canonical":"https:\/\/blogs.thesocialmedia.com\/leblogmoto\/2009\/05\/19\/le-magazine-vanity-fair-met-en-scene-harley\/","twitter_card":"summary_large_image","twitter_title":"Le magazine Vanity Fair met en sc\u00e8ne le mois des motardes. - leblogmoto.com","twitter_description":"Le mois de mai est annonc\u00e9, un peu p\u00e9remptoirement (mais qui s&#039;en plaindra), comme le mois des motardes par Harley elle-m\u00eame. L&#039;id\u00e9e est louable, cela \u00e9vitera d\u00e9j\u00e0 les habituelles remarques disgracieuses sur la journ\u00e9e de la femme (&quot;Un jour pour les femmes et 364 pour les hommes&quot;). M\u00eame si l&#039;on devine ais\u00e9ment l&#039;initiative mercantile qui [&hellip;]","twitter_misc":{"\u00c9crit par":"benoit rieu","Dur\u00e9e de lecture estim\u00e9e":"1 minute"},"schema":{"@context":"https:\/\/schema.org","@graph":[{"@type":"WebPage","@id":"https:\/\/blogs.thesocialmedia.com\/leblogmoto\/2009\/05\/19\/le-magazine-vanity-fair-met-en-scene-harley\/","url":"https:\/\/blogs.thesocialmedia.com\/leblogmoto\/2009\/05\/19\/le-magazine-vanity-fair-met-en-scene-harley\/","name":"Le magazine Vanity Fair met en sc\u00e8ne le mois des motardes. - leblogmoto.com","isPartOf":{"@id":"https:\/\/blogs.thesocialmedia.com\/leblogmoto\/#website"},"datePublished":"2009-05-19T16:48:26+00:00","dateModified":"2012-07-11T13:23:13+00:00","author":{"@id":"https:\/\/blogs.thesocialmedia.com\/leblogmoto\/#\/schema\/person\/18bfe773e5725ed6d24f743da805362a"},"breadcrumb":{"@id":"https:\/\/blogs.thesocialmedia.com\/leblogmoto\/2009\/05\/19\/le-magazine-vanity-fair-met-en-scene-harley\/#breadcrumb"},"inLanguage":"fr-FR","potentialAction":[{"@type":"ReadAction","target":["https:\/\/blogs.thesocialmedia.com\/leblogmoto\/2009\/05\/19\/le-magazine-vanity-fair-met-en-scene-harley\/"]}]},{"@type":"BreadcrumbList","@id":"https:\/\/blogs.thesocialmedia.com\/leblogmoto\/2009\/05\/19\/le-magazine-vanity-fair-met-en-scene-harley\/#breadcrumb","itemListElement":[{"@type":"ListItem","position":1,"name":"Accueil","item":"https:\/\/blogs.thesocialmedia.com\/leblogmoto\/"},{"@type":"ListItem","position":2,"name":"Le magazine Vanity Fair met en sc\u00e8ne le mois des motardes."}]},{"@type":"WebSite","@id":"https:\/\/blogs.thesocialmedia.com\/leblogmoto\/#website","url":"https:\/\/blogs.thesocialmedia.com\/leblogmoto\/","name":"leblogmoto","description":"Toute l&#039;actualit\u00e9 des 2 roues","potentialAction":[{"@type":"SearchAction","target":{"@type":"EntryPoint","urlTemplate":"https:\/\/blogs.thesocialmedia.com\/leblogmoto\/?s={search_term_string}"},"query-input":{"@type":"PropertyValueSpecification","valueRequired":true,"valueName":"search_term_string"}}],"inLanguage":"fr-FR"},{"@type":"Person","@id":"https:\/\/blogs.thesocialmedia.com\/leblogmoto\/#\/schema\/person\/18bfe773e5725ed6d24f743da805362a","name":"benoit rieu","image":{"@type":"ImageObject","inLanguage":"fr-FR","@id":"https:\/\/blogs.thesocialmedia.com\/leblogmoto\/#\/schema\/person\/image\/","url":"https:\/\/secure.gravatar.com\/avatar\/?s=96&d=mm&r=g","contentUrl":"https:\/\/secure.gravatar.com\/avatar\/?s=96&d=mm&r=g","caption":"benoit rieu"},"url":"https:\/\/blogs.thesocialmedia.com\/leblogmoto\/author\/benoit-rieu\/"}]}},"_links":{"self":[{"href":"https:\/\/blogs.thesocialmedia.com\/leblogmoto\/wp-json\/wp\/v2\/posts\/142","targetHints":{"allow":["GET"]}}],"collection":[{"href":"https:\/\/blogs.thesocialmedia.com\/leblogmoto\/wp-json\/wp\/v2\/posts"}],"about":[{"href":"https:\/\/blogs.thesocialmedia.com\/leblogmoto\/wp-json\/wp\/v2\/types\/post"}],"author":[{"embeddable":true,"href":"https:\/\/blogs.thesocialmedia.com\/leblogmoto\/wp-json\/wp\/v2\/users\/324"}],"replies":[{"embeddable":true,"href":"https:\/\/blogs.thesocialmedia.com\/leblogmoto\/wp-json\/wp\/v2\/comments?post=142"}],"version-history":[{"count":1,"href":"https:\/\/blogs.thesocialmedia.com\/leblogmoto\/wp-json\/wp\/v2\/posts\/142\/revisions"}],"predecessor-version":[{"id":5120,"href":"https:\/\/blogs.thesocialmedia.com\/leblogmoto\/wp-json\/wp\/v2\/posts\/142\/revisions\/5120"}],"wp:attachment":[{"href":"https:\/\/blogs.thesocialmedia.com\/leblogmoto\/wp-json\/wp\/v2\/media?parent=142"}],"wp:term":[{"taxonomy":"category","embeddable":true,"href":"https:\/\/blogs.thesocialmedia.com\/leblogmoto\/wp-json\/wp\/v2\/categories?post=142"},{"taxonomy":"post_tag","embeddable":true,"href":"https:\/\/blogs.thesocialmedia.com\/leblogmoto\/wp-json\/wp\/v2\/tags?post=142"}],"curies":[{"name":"wp","href":"https:\/\/api.w.org\/{rel}","templated":true}]}}