{"id":1423,"date":"2007-04-17T22:19:15","date_gmt":"2007-04-17T22:19:15","guid":{"rendered":"http:\/\/blogs.thesocialmedia.com\/leblogmoto\/2007\/04\/17\/24h-du-mans-bmw-1\/"},"modified":"2012-07-11T14:38:27","modified_gmt":"2012-07-11T14:38:27","slug":"24h-du-mans-bmw-1","status":"publish","type":"post","link":"https:\/\/blogs.thesocialmedia.com\/leblogmoto\/2007\/04\/17\/24h-du-mans-bmw-1\/","title":{"rendered":"24h du Mans : BMW sportboxter"},"content":{"rendered":"<p><a href=\"http:\/\/blogs.thesocialmedia.com\/leblogmoto\/files\/2012\/07\/bmwsportboxer.jpg\"><img loading=\"lazy\" decoding=\"async\" height=\"156\" alt=\"Bmwsportboxer\" src=\"http:\/\/www.leblogmoto.com\/images\/2007\/04\/17\/bmwsportboxer.jpg\" width=\"250\"  \/><\/a> Voici la photo officielle de la moto qui sera aux 24h du Mans 2007 sous les couleurs du team <a href=\"http:\/\/www.bmw-motorrad.com.fr\/fr\/fr\/index.html\">BMW Motorrad<\/a>.<br \/>Baptis\u00e9e R1200S HP2, elle p\u00e8se 195kg (tous pleins faits ou TPF pour les intimes ;)) pour 140cv, de quoi pouvoir concurrencer les Yamaha R1, Suzuki GSX-R 1000 et autres Honda Fireblade.<br \/>Rappelons n\u00e9anmoins qu&rsquo;un des pilotes officiels, Stephen Mertens, est <a href=\"http:\/\/www.leblogmoto.com\/2007\/04\/24h_du_mans_bmw.html#more\">bless\u00e9<\/a> et ne sera donc pas pr\u00e9sent aux 24h du Mans&#8230;<\/p>\n<p>Du point de vue performances, cette moto serait \u00e0 2 secondes des meilleurs Superbike&#8230;<br \/>Une belle r\u00e9alisation qui fera tourner les t\u00eates sur le circuit, bref&nbsp; pour le <a href=\"http:\/\/www.bmw-motorrad.com.fr\/fr\/fr\/index.html\">constructeur allemand<\/a>.<br \/>La bataille promet d&rsquo;\u00eatre rude&#8230;<\/p>\n<p>Une version finale sera pr\u00e9sent\u00e9e au Salon de la Moto de Paris en septembre prochain et son prix sera d&rsquo;environ 18 000\u20ac. Oui, rouler en BMW se paie&#8230;<\/p>\n<p>Alors cher(e)s lecteurs(lectrices) du Blog Moto, comment la trouvez-vous?<\/p>\n<p>Source : <a href=\"http:\/\/www.motorcyclenews.com\/\">MCN<\/a><\/p>\n","protected":false},"excerpt":{"rendered":"<p>Voici la photo officielle de la moto qui sera aux 24h du Mans 2007 sous les couleurs du team BMW Motorrad.Baptis\u00e9e R1200S HP2, elle p\u00e8se 195kg (tous pleins faits ou TPF pour les intimes ;)) pour 140cv, de quoi pouvoir concurrencer les Yamaha R1, Suzuki GSX-R 1000 et autres Honda Fireblade.Rappelons n\u00e9anmoins qu&rsquo;un des pilotes [&hellip;]<\/p>\n","protected":false},"author":329,"featured_media":0,"comment_status":"open","ping_status":"open","sticky":false,"template":"","format":"standard","meta":{"footnotes":""},"categories":[3,7,32],"tags":[],"class_list":["post-1423","post","type-post","status-publish","format-standard","hentry","category-actualite","category-bmw","category-sport-moto"],"yoast_head":"<!-- This site is optimized with the Yoast SEO plugin v26.0 - https:\/\/yoast.com\/wordpress\/plugins\/seo\/ -->\n<title>24h du Mans : BMW sportboxter - leblogmoto.com<\/title>\n<meta name=\"robots\" content=\"index, follow, max-snippet:-1, max-image-preview:large, max-video-preview:-1\" \/>\n<link rel=\"canonical\" href=\"https:\/\/blogs.thesocialmedia.com\/leblogmoto\/2007\/04\/17\/24h-du-mans-bmw-1\/\" \/>\n<meta name=\"twitter:card\" content=\"summary_large_image\" \/>\n<meta name=\"twitter:title\" content=\"24h du Mans : BMW sportboxter - leblogmoto.com\" \/>\n<meta name=\"twitter:description\" content=\"Voici la photo officielle de la moto qui sera aux 24h du Mans 2007 sous les couleurs du team BMW Motorrad.Baptis\u00e9e R1200S HP2, elle p\u00e8se 195kg (tous pleins faits ou TPF pour les intimes ;)) pour 140cv, de quoi pouvoir concurrencer les Yamaha R1, Suzuki GSX-R 1000 et autres Honda Fireblade.Rappelons n\u00e9anmoins qu&rsquo;un des pilotes [&hellip;]\" \/>\n<meta name=\"twitter:image\" content=\"http:\/\/www.leblogmoto.com\/images\/2007\/04\/17\/bmwsportboxer.jpg\" \/>\n<meta name=\"twitter:label1\" content=\"\u00c9crit par\" \/>\n\t<meta name=\"twitter:data1\" content=\"gregory boucaud\" \/>\n\t<meta name=\"twitter:label2\" content=\"Dur\u00e9e de lecture estim\u00e9e\" \/>\n\t<meta name=\"twitter:data2\" content=\"1 minute\" \/>\n<script type=\"application\/ld+json\" class=\"yoast-schema-graph\">{\"@context\":\"https:\/\/schema.org\",\"@graph\":[{\"@type\":\"WebPage\",\"@id\":\"https:\/\/blogs.thesocialmedia.com\/leblogmoto\/2007\/04\/17\/24h-du-mans-bmw-1\/\",\"url\":\"https:\/\/blogs.thesocialmedia.com\/leblogmoto\/2007\/04\/17\/24h-du-mans-bmw-1\/\",\"name\":\"24h du Mans : BMW sportboxter - leblogmoto.com\",\"isPartOf\":{\"@id\":\"https:\/\/blogs.thesocialmedia.com\/leblogmoto\/#website\"},\"primaryImageOfPage\":{\"@id\":\"https:\/\/blogs.thesocialmedia.com\/leblogmoto\/2007\/04\/17\/24h-du-mans-bmw-1\/#primaryimage\"},\"image\":{\"@id\":\"https:\/\/blogs.thesocialmedia.com\/leblogmoto\/2007\/04\/17\/24h-du-mans-bmw-1\/#primaryimage\"},\"thumbnailUrl\":\"http:\/\/www.leblogmoto.com\/images\/2007\/04\/17\/bmwsportboxer.jpg\",\"datePublished\":\"2007-04-17T22:19:15+00:00\",\"dateModified\":\"2012-07-11T14:38:27+00:00\",\"author\":{\"@id\":\"https:\/\/blogs.thesocialmedia.com\/leblogmoto\/#\/schema\/person\/769623f89741cc3381675029a37764f8\"},\"breadcrumb\":{\"@id\":\"https:\/\/blogs.thesocialmedia.com\/leblogmoto\/2007\/04\/17\/24h-du-mans-bmw-1\/#breadcrumb\"},\"inLanguage\":\"fr-FR\",\"potentialAction\":[{\"@type\":\"ReadAction\",\"target\":[\"https:\/\/blogs.thesocialmedia.com\/leblogmoto\/2007\/04\/17\/24h-du-mans-bmw-1\/\"]}]},{\"@type\":\"ImageObject\",\"inLanguage\":\"fr-FR\",\"@id\":\"https:\/\/blogs.thesocialmedia.com\/leblogmoto\/2007\/04\/17\/24h-du-mans-bmw-1\/#primaryimage\",\"url\":\"http:\/\/www.leblogmoto.com\/images\/2007\/04\/17\/bmwsportboxer.jpg\",\"contentUrl\":\"http:\/\/www.leblogmoto.com\/images\/2007\/04\/17\/bmwsportboxer.jpg\"},{\"@type\":\"BreadcrumbList\",\"@id\":\"https:\/\/blogs.thesocialmedia.com\/leblogmoto\/2007\/04\/17\/24h-du-mans-bmw-1\/#breadcrumb\",\"itemListElement\":[{\"@type\":\"ListItem\",\"position\":1,\"name\":\"Accueil\",\"item\":\"https:\/\/blogs.thesocialmedia.com\/leblogmoto\/\"},{\"@type\":\"ListItem\",\"position\":2,\"name\":\"24h du Mans : BMW sportboxter\"}]},{\"@type\":\"WebSite\",\"@id\":\"https:\/\/blogs.thesocialmedia.com\/leblogmoto\/#website\",\"url\":\"https:\/\/blogs.thesocialmedia.com\/leblogmoto\/\",\"name\":\"leblogmoto\",\"description\":\"Toute l&#039;actualit\u00e9 des 2 roues\",\"potentialAction\":[{\"@type\":\"SearchAction\",\"target\":{\"@type\":\"EntryPoint\",\"urlTemplate\":\"https:\/\/blogs.thesocialmedia.com\/leblogmoto\/?s={search_term_string}\"},\"query-input\":{\"@type\":\"PropertyValueSpecification\",\"valueRequired\":true,\"valueName\":\"search_term_string\"}}],\"inLanguage\":\"fr-FR\"},{\"@type\":\"Person\",\"@id\":\"https:\/\/blogs.thesocialmedia.com\/leblogmoto\/#\/schema\/person\/769623f89741cc3381675029a37764f8\",\"name\":\"gregory boucaud\",\"image\":{\"@type\":\"ImageObject\",\"inLanguage\":\"fr-FR\",\"@id\":\"https:\/\/blogs.thesocialmedia.com\/leblogmoto\/#\/schema\/person\/image\/\",\"url\":\"https:\/\/secure.gravatar.com\/avatar\/?s=96&d=mm&r=g\",\"contentUrl\":\"https:\/\/secure.gravatar.com\/avatar\/?s=96&d=mm&r=g\",\"caption\":\"gregory boucaud\"},\"url\":\"https:\/\/blogs.thesocialmedia.com\/leblogmoto\/author\/gregory-boucaud\/\"}]}<\/script>\n<!-- \/ Yoast SEO plugin. -->","yoast_head_json":{"title":"24h du Mans : BMW sportboxter - leblogmoto.com","robots":{"index":"index","follow":"follow","max-snippet":"max-snippet:-1","max-image-preview":"max-image-preview:large","max-video-preview":"max-video-preview:-1"},"canonical":"https:\/\/blogs.thesocialmedia.com\/leblogmoto\/2007\/04\/17\/24h-du-mans-bmw-1\/","twitter_card":"summary_large_image","twitter_title":"24h du Mans : BMW sportboxter - leblogmoto.com","twitter_description":"Voici la photo officielle de la moto qui sera aux 24h du Mans 2007 sous les couleurs du team BMW Motorrad.Baptis\u00e9e R1200S HP2, elle p\u00e8se 195kg (tous pleins faits ou TPF pour les intimes ;)) pour 140cv, de quoi pouvoir concurrencer les Yamaha R1, Suzuki GSX-R 1000 et autres Honda Fireblade.Rappelons n\u00e9anmoins qu&rsquo;un des pilotes [&hellip;]","twitter_image":"http:\/\/www.leblogmoto.com\/images\/2007\/04\/17\/bmwsportboxer.jpg","twitter_misc":{"\u00c9crit par":"gregory boucaud","Dur\u00e9e de lecture estim\u00e9e":"1 minute"},"schema":{"@context":"https:\/\/schema.org","@graph":[{"@type":"WebPage","@id":"https:\/\/blogs.thesocialmedia.com\/leblogmoto\/2007\/04\/17\/24h-du-mans-bmw-1\/","url":"https:\/\/blogs.thesocialmedia.com\/leblogmoto\/2007\/04\/17\/24h-du-mans-bmw-1\/","name":"24h du Mans : BMW sportboxter - leblogmoto.com","isPartOf":{"@id":"https:\/\/blogs.thesocialmedia.com\/leblogmoto\/#website"},"primaryImageOfPage":{"@id":"https:\/\/blogs.thesocialmedia.com\/leblogmoto\/2007\/04\/17\/24h-du-mans-bmw-1\/#primaryimage"},"image":{"@id":"https:\/\/blogs.thesocialmedia.com\/leblogmoto\/2007\/04\/17\/24h-du-mans-bmw-1\/#primaryimage"},"thumbnailUrl":"http:\/\/www.leblogmoto.com\/images\/2007\/04\/17\/bmwsportboxer.jpg","datePublished":"2007-04-17T22:19:15+00:00","dateModified":"2012-07-11T14:38:27+00:00","author":{"@id":"https:\/\/blogs.thesocialmedia.com\/leblogmoto\/#\/schema\/person\/769623f89741cc3381675029a37764f8"},"breadcrumb":{"@id":"https:\/\/blogs.thesocialmedia.com\/leblogmoto\/2007\/04\/17\/24h-du-mans-bmw-1\/#breadcrumb"},"inLanguage":"fr-FR","potentialAction":[{"@type":"ReadAction","target":["https:\/\/blogs.thesocialmedia.com\/leblogmoto\/2007\/04\/17\/24h-du-mans-bmw-1\/"]}]},{"@type":"ImageObject","inLanguage":"fr-FR","@id":"https:\/\/blogs.thesocialmedia.com\/leblogmoto\/2007\/04\/17\/24h-du-mans-bmw-1\/#primaryimage","url":"http:\/\/www.leblogmoto.com\/images\/2007\/04\/17\/bmwsportboxer.jpg","contentUrl":"http:\/\/www.leblogmoto.com\/images\/2007\/04\/17\/bmwsportboxer.jpg"},{"@type":"BreadcrumbList","@id":"https:\/\/blogs.thesocialmedia.com\/leblogmoto\/2007\/04\/17\/24h-du-mans-bmw-1\/#breadcrumb","itemListElement":[{"@type":"ListItem","position":1,"name":"Accueil","item":"https:\/\/blogs.thesocialmedia.com\/leblogmoto\/"},{"@type":"ListItem","position":2,"name":"24h du Mans : BMW sportboxter"}]},{"@type":"WebSite","@id":"https:\/\/blogs.thesocialmedia.com\/leblogmoto\/#website","url":"https:\/\/blogs.thesocialmedia.com\/leblogmoto\/","name":"leblogmoto","description":"Toute l&#039;actualit\u00e9 des 2 roues","potentialAction":[{"@type":"SearchAction","target":{"@type":"EntryPoint","urlTemplate":"https:\/\/blogs.thesocialmedia.com\/leblogmoto\/?s={search_term_string}"},"query-input":{"@type":"PropertyValueSpecification","valueRequired":true,"valueName":"search_term_string"}}],"inLanguage":"fr-FR"},{"@type":"Person","@id":"https:\/\/blogs.thesocialmedia.com\/leblogmoto\/#\/schema\/person\/769623f89741cc3381675029a37764f8","name":"gregory boucaud","image":{"@type":"ImageObject","inLanguage":"fr-FR","@id":"https:\/\/blogs.thesocialmedia.com\/leblogmoto\/#\/schema\/person\/image\/","url":"https:\/\/secure.gravatar.com\/avatar\/?s=96&d=mm&r=g","contentUrl":"https:\/\/secure.gravatar.com\/avatar\/?s=96&d=mm&r=g","caption":"gregory boucaud"},"url":"https:\/\/blogs.thesocialmedia.com\/leblogmoto\/author\/gregory-boucaud\/"}]}},"_links":{"self":[{"href":"https:\/\/blogs.thesocialmedia.com\/leblogmoto\/wp-json\/wp\/v2\/posts\/1423","targetHints":{"allow":["GET"]}}],"collection":[{"href":"https:\/\/blogs.thesocialmedia.com\/leblogmoto\/wp-json\/wp\/v2\/posts"}],"about":[{"href":"https:\/\/blogs.thesocialmedia.com\/leblogmoto\/wp-json\/wp\/v2\/types\/post"}],"author":[{"embeddable":true,"href":"https:\/\/blogs.thesocialmedia.com\/leblogmoto\/wp-json\/wp\/v2\/users\/329"}],"replies":[{"embeddable":true,"href":"https:\/\/blogs.thesocialmedia.com\/leblogmoto\/wp-json\/wp\/v2\/comments?post=1423"}],"version-history":[{"count":2,"href":"https:\/\/blogs.thesocialmedia.com\/leblogmoto\/wp-json\/wp\/v2\/posts\/1423\/revisions"}],"predecessor-version":[{"id":8320,"href":"https:\/\/blogs.thesocialmedia.com\/leblogmoto\/wp-json\/wp\/v2\/posts\/1423\/revisions\/8320"}],"wp:attachment":[{"href":"https:\/\/blogs.thesocialmedia.com\/leblogmoto\/wp-json\/wp\/v2\/media?parent=1423"}],"wp:term":[{"taxonomy":"category","embeddable":true,"href":"https:\/\/blogs.thesocialmedia.com\/leblogmoto\/wp-json\/wp\/v2\/categories?post=1423"},{"taxonomy":"post_tag","embeddable":true,"href":"https:\/\/blogs.thesocialmedia.com\/leblogmoto\/wp-json\/wp\/v2\/tags?post=1423"}],"curies":[{"name":"wp","href":"https:\/\/api.w.org\/{rel}","templated":true}]}}