{"id":1424,"date":"2007-04-16T22:39:08","date_gmt":"2007-04-16T22:39:08","guid":{"rendered":"http:\/\/blogs.thesocialmedia.com\/leblogmoto\/2007\/04\/16\/ffmc-manifestat\/"},"modified":"2012-07-11T14:38:23","modified_gmt":"2012-07-11T14:38:23","slug":"ffmc-manifestat","status":"publish","type":"post","link":"https:\/\/blogs.thesocialmedia.com\/leblogmoto\/2007\/04\/16\/ffmc-manifestat\/","title":{"rendered":"FFMC : Manifestation nationale, sommes-nous entendus ?"},"content":{"rendered":"<p><a href=\"http:\/\/blogs.thesocialmedia.com\/leblogmoto\/files\/2012\/07\/actionperif15.jpg\"><img loading=\"lazy\" decoding=\"async\" height=\"166\" alt=\"Actionperif15\" src=\"http:\/\/www.leblogmoto.com\/images\/2007\/04\/16\/actionperif15.jpg\" width=\"250\"  \/><\/a> Le week-end du 15 avril restera dans les m\u00e9moires&#8230;<br \/>En effet, ce ne sont pas moins de 27 000 motards qui se sont mobilis\u00e9s pour montrer leur ras le bol vis-\u00e0-vis des derni\u00e8res mesures qui ont \u00e9t\u00e9 prises ces temps-ci. Pour exemple, l&rsquo;interdiction de circuler sous le tunnel de l&rsquo;A86.<br \/>&quot;20 000 motards mobilis\u00e9s en province samedi (2 500 \u00e0 Lyon, <br \/>1 500 \u00e0 Lille, 1 300 au Mans, 900 \u00e0 Bordeaux, Grenoble et Amiens, 800 \u00e0 Lens, 600 \u00e0 Nantes et Nancy, 500 \u00e0 Caen, Chamb\u00e9ry et Strasbourg et 400 \u00e0 Niort et Toulon) et 7 000 \u00e0 Paris dimanche&quot; d&rsquo;apr\u00e8s la <a href=\"http:\/\/www.ffmc.asso.fr\/\">FFMC<\/a>.<\/p>\n<p>&quot;Les motards refusent les restrictions des libert\u00e9s publiques qui obligent d\u00e9sormais \u00e0 d\u00e9clarer ses ballades en groupe deux mois \u00e0 l\u2019avance, ils d\u00e9sesp\u00e8rent qu\u2019une politique volontariste visant \u00e0 encourager les v\u00e9hicules les moins polluants puissent b\u00e9n\u00e9ficier aux motos, ou que le port d\u2019un \u00e9quipement de protection adapt\u00e9 soit r\u00e9ellement encourag\u00e9&quot; tenait \u00e0 rappeler la <a href=\"http:\/\/www.ffmc.asso.fr\/\">FFMC<\/a>. Notons une des mesures phares de ce moment que voudrai tfaire adopter la <a href=\"http:\/\/www.ffmc.asso.fr\/\">FFMC<\/a>, la taxe \u00e0 5,5% sur les \u00e9quipements de protection.<\/p>\n<p>&quot;Les motards sont des citoyens comme les autres&quot; fait remarquer la <a href=\"http:\/\/www.ffmc.asso.fr\/\">FFMC<\/a>, et cette manifestation a permis de le rappeler.<br \/>&quot;Contre ces discriminations, pour l\u2019\u00e9galit\u00e9 entre usagers de la route, et pour que les candidats \u00e0 l\u2019\u00e9lection pr\u00e9sidentielle n\u2019oublient pas le million et demi d\u2019usagers de deux roues \u00e0 moteur&quot;, la <a href=\"http:\/\/www.ffmc.asso.fr\/\">FFMC<\/a> rappelle l\u2019importance d\u2019aller exprimer son vote le 22 avril prochain. <\/p>\n<p>Esp\u00e9rons que les candidats \u00e0 l&rsquo;\u00e9lection pr\u00e9sidentielle auront entendus ces revendications&#8230;<\/p>\n<p>Sources: <a href=\"http:\/\/www.ffmc.asso.fr\/\">FFMC<\/a> et <a href=\"http:\/\/www.motomag.com\/\">Motomag<\/a><\/p>\n","protected":false},"excerpt":{"rendered":"<p>Le week-end du 15 avril restera dans les m\u00e9moires&#8230;En effet, ce ne sont pas moins de 27 000 motards qui se sont mobilis\u00e9s pour montrer leur ras le bol vis-\u00e0-vis des derni\u00e8res mesures qui ont \u00e9t\u00e9 prises ces temps-ci. Pour exemple, l&rsquo;interdiction de circuler sous le tunnel de l&rsquo;A86.&quot;20 000 motards mobilis\u00e9s en province samedi [&hellip;]<\/p>\n","protected":false},"author":329,"featured_media":0,"comment_status":"open","ping_status":"open","sticky":false,"template":"","format":"standard","meta":{"footnotes":""},"categories":[3],"tags":[],"class_list":["post-1424","post","type-post","status-publish","format-standard","hentry","category-actualite"],"yoast_head":"<!-- This site is optimized with the Yoast SEO plugin v26.0 - https:\/\/yoast.com\/wordpress\/plugins\/seo\/ -->\n<title>FFMC : Manifestation nationale, sommes-nous entendus ? - leblogmoto.com<\/title>\n<meta name=\"robots\" content=\"index, follow, max-snippet:-1, max-image-preview:large, max-video-preview:-1\" \/>\n<link rel=\"canonical\" href=\"https:\/\/blogs.thesocialmedia.com\/leblogmoto\/2007\/04\/16\/ffmc-manifestat\/\" \/>\n<meta name=\"twitter:card\" content=\"summary_large_image\" \/>\n<meta name=\"twitter:title\" content=\"FFMC : Manifestation nationale, sommes-nous entendus ? - leblogmoto.com\" \/>\n<meta name=\"twitter:description\" content=\"Le week-end du 15 avril restera dans les m\u00e9moires&#8230;En effet, ce ne sont pas moins de 27 000 motards qui se sont mobilis\u00e9s pour montrer leur ras le bol vis-\u00e0-vis des derni\u00e8res mesures qui ont \u00e9t\u00e9 prises ces temps-ci. Pour exemple, l&rsquo;interdiction de circuler sous le tunnel de l&rsquo;A86.&quot;20 000 motards mobilis\u00e9s en province samedi [&hellip;]\" \/>\n<meta name=\"twitter:image\" content=\"http:\/\/www.leblogmoto.com\/images\/2007\/04\/16\/actionperif15.jpg\" \/>\n<meta name=\"twitter:label1\" content=\"\u00c9crit par\" \/>\n\t<meta name=\"twitter:data1\" content=\"gregory boucaud\" \/>\n\t<meta name=\"twitter:label2\" content=\"Dur\u00e9e de lecture estim\u00e9e\" \/>\n\t<meta name=\"twitter:data2\" content=\"1 minute\" \/>\n<script type=\"application\/ld+json\" class=\"yoast-schema-graph\">{\"@context\":\"https:\/\/schema.org\",\"@graph\":[{\"@type\":\"WebPage\",\"@id\":\"https:\/\/blogs.thesocialmedia.com\/leblogmoto\/2007\/04\/16\/ffmc-manifestat\/\",\"url\":\"https:\/\/blogs.thesocialmedia.com\/leblogmoto\/2007\/04\/16\/ffmc-manifestat\/\",\"name\":\"FFMC : Manifestation nationale, sommes-nous entendus ? - leblogmoto.com\",\"isPartOf\":{\"@id\":\"https:\/\/blogs.thesocialmedia.com\/leblogmoto\/#website\"},\"primaryImageOfPage\":{\"@id\":\"https:\/\/blogs.thesocialmedia.com\/leblogmoto\/2007\/04\/16\/ffmc-manifestat\/#primaryimage\"},\"image\":{\"@id\":\"https:\/\/blogs.thesocialmedia.com\/leblogmoto\/2007\/04\/16\/ffmc-manifestat\/#primaryimage\"},\"thumbnailUrl\":\"http:\/\/www.leblogmoto.com\/images\/2007\/04\/16\/actionperif15.jpg\",\"datePublished\":\"2007-04-16T22:39:08+00:00\",\"dateModified\":\"2012-07-11T14:38:23+00:00\",\"author\":{\"@id\":\"https:\/\/blogs.thesocialmedia.com\/leblogmoto\/#\/schema\/person\/769623f89741cc3381675029a37764f8\"},\"breadcrumb\":{\"@id\":\"https:\/\/blogs.thesocialmedia.com\/leblogmoto\/2007\/04\/16\/ffmc-manifestat\/#breadcrumb\"},\"inLanguage\":\"fr-FR\",\"potentialAction\":[{\"@type\":\"ReadAction\",\"target\":[\"https:\/\/blogs.thesocialmedia.com\/leblogmoto\/2007\/04\/16\/ffmc-manifestat\/\"]}]},{\"@type\":\"ImageObject\",\"inLanguage\":\"fr-FR\",\"@id\":\"https:\/\/blogs.thesocialmedia.com\/leblogmoto\/2007\/04\/16\/ffmc-manifestat\/#primaryimage\",\"url\":\"http:\/\/www.leblogmoto.com\/images\/2007\/04\/16\/actionperif15.jpg\",\"contentUrl\":\"http:\/\/www.leblogmoto.com\/images\/2007\/04\/16\/actionperif15.jpg\"},{\"@type\":\"BreadcrumbList\",\"@id\":\"https:\/\/blogs.thesocialmedia.com\/leblogmoto\/2007\/04\/16\/ffmc-manifestat\/#breadcrumb\",\"itemListElement\":[{\"@type\":\"ListItem\",\"position\":1,\"name\":\"Accueil\",\"item\":\"https:\/\/blogs.thesocialmedia.com\/leblogmoto\/\"},{\"@type\":\"ListItem\",\"position\":2,\"name\":\"FFMC : Manifestation nationale, sommes-nous entendus ?\"}]},{\"@type\":\"WebSite\",\"@id\":\"https:\/\/blogs.thesocialmedia.com\/leblogmoto\/#website\",\"url\":\"https:\/\/blogs.thesocialmedia.com\/leblogmoto\/\",\"name\":\"leblogmoto\",\"description\":\"Toute l&#039;actualit\u00e9 des 2 roues\",\"potentialAction\":[{\"@type\":\"SearchAction\",\"target\":{\"@type\":\"EntryPoint\",\"urlTemplate\":\"https:\/\/blogs.thesocialmedia.com\/leblogmoto\/?s={search_term_string}\"},\"query-input\":{\"@type\":\"PropertyValueSpecification\",\"valueRequired\":true,\"valueName\":\"search_term_string\"}}],\"inLanguage\":\"fr-FR\"},{\"@type\":\"Person\",\"@id\":\"https:\/\/blogs.thesocialmedia.com\/leblogmoto\/#\/schema\/person\/769623f89741cc3381675029a37764f8\",\"name\":\"gregory boucaud\",\"image\":{\"@type\":\"ImageObject\",\"inLanguage\":\"fr-FR\",\"@id\":\"https:\/\/blogs.thesocialmedia.com\/leblogmoto\/#\/schema\/person\/image\/\",\"url\":\"https:\/\/secure.gravatar.com\/avatar\/?s=96&d=mm&r=g\",\"contentUrl\":\"https:\/\/secure.gravatar.com\/avatar\/?s=96&d=mm&r=g\",\"caption\":\"gregory boucaud\"},\"url\":\"https:\/\/blogs.thesocialmedia.com\/leblogmoto\/author\/gregory-boucaud\/\"}]}<\/script>\n<!-- \/ Yoast SEO plugin. -->","yoast_head_json":{"title":"FFMC : Manifestation nationale, sommes-nous entendus ? - leblogmoto.com","robots":{"index":"index","follow":"follow","max-snippet":"max-snippet:-1","max-image-preview":"max-image-preview:large","max-video-preview":"max-video-preview:-1"},"canonical":"https:\/\/blogs.thesocialmedia.com\/leblogmoto\/2007\/04\/16\/ffmc-manifestat\/","twitter_card":"summary_large_image","twitter_title":"FFMC : Manifestation nationale, sommes-nous entendus ? - leblogmoto.com","twitter_description":"Le week-end du 15 avril restera dans les m\u00e9moires&#8230;En effet, ce ne sont pas moins de 27 000 motards qui se sont mobilis\u00e9s pour montrer leur ras le bol vis-\u00e0-vis des derni\u00e8res mesures qui ont \u00e9t\u00e9 prises ces temps-ci. Pour exemple, l&rsquo;interdiction de circuler sous le tunnel de l&rsquo;A86.&quot;20 000 motards mobilis\u00e9s en province samedi [&hellip;]","twitter_image":"http:\/\/www.leblogmoto.com\/images\/2007\/04\/16\/actionperif15.jpg","twitter_misc":{"\u00c9crit par":"gregory boucaud","Dur\u00e9e de lecture estim\u00e9e":"1 minute"},"schema":{"@context":"https:\/\/schema.org","@graph":[{"@type":"WebPage","@id":"https:\/\/blogs.thesocialmedia.com\/leblogmoto\/2007\/04\/16\/ffmc-manifestat\/","url":"https:\/\/blogs.thesocialmedia.com\/leblogmoto\/2007\/04\/16\/ffmc-manifestat\/","name":"FFMC : Manifestation nationale, sommes-nous entendus ? - leblogmoto.com","isPartOf":{"@id":"https:\/\/blogs.thesocialmedia.com\/leblogmoto\/#website"},"primaryImageOfPage":{"@id":"https:\/\/blogs.thesocialmedia.com\/leblogmoto\/2007\/04\/16\/ffmc-manifestat\/#primaryimage"},"image":{"@id":"https:\/\/blogs.thesocialmedia.com\/leblogmoto\/2007\/04\/16\/ffmc-manifestat\/#primaryimage"},"thumbnailUrl":"http:\/\/www.leblogmoto.com\/images\/2007\/04\/16\/actionperif15.jpg","datePublished":"2007-04-16T22:39:08+00:00","dateModified":"2012-07-11T14:38:23+00:00","author":{"@id":"https:\/\/blogs.thesocialmedia.com\/leblogmoto\/#\/schema\/person\/769623f89741cc3381675029a37764f8"},"breadcrumb":{"@id":"https:\/\/blogs.thesocialmedia.com\/leblogmoto\/2007\/04\/16\/ffmc-manifestat\/#breadcrumb"},"inLanguage":"fr-FR","potentialAction":[{"@type":"ReadAction","target":["https:\/\/blogs.thesocialmedia.com\/leblogmoto\/2007\/04\/16\/ffmc-manifestat\/"]}]},{"@type":"ImageObject","inLanguage":"fr-FR","@id":"https:\/\/blogs.thesocialmedia.com\/leblogmoto\/2007\/04\/16\/ffmc-manifestat\/#primaryimage","url":"http:\/\/www.leblogmoto.com\/images\/2007\/04\/16\/actionperif15.jpg","contentUrl":"http:\/\/www.leblogmoto.com\/images\/2007\/04\/16\/actionperif15.jpg"},{"@type":"BreadcrumbList","@id":"https:\/\/blogs.thesocialmedia.com\/leblogmoto\/2007\/04\/16\/ffmc-manifestat\/#breadcrumb","itemListElement":[{"@type":"ListItem","position":1,"name":"Accueil","item":"https:\/\/blogs.thesocialmedia.com\/leblogmoto\/"},{"@type":"ListItem","position":2,"name":"FFMC : Manifestation nationale, sommes-nous entendus ?"}]},{"@type":"WebSite","@id":"https:\/\/blogs.thesocialmedia.com\/leblogmoto\/#website","url":"https:\/\/blogs.thesocialmedia.com\/leblogmoto\/","name":"leblogmoto","description":"Toute l&#039;actualit\u00e9 des 2 roues","potentialAction":[{"@type":"SearchAction","target":{"@type":"EntryPoint","urlTemplate":"https:\/\/blogs.thesocialmedia.com\/leblogmoto\/?s={search_term_string}"},"query-input":{"@type":"PropertyValueSpecification","valueRequired":true,"valueName":"search_term_string"}}],"inLanguage":"fr-FR"},{"@type":"Person","@id":"https:\/\/blogs.thesocialmedia.com\/leblogmoto\/#\/schema\/person\/769623f89741cc3381675029a37764f8","name":"gregory boucaud","image":{"@type":"ImageObject","inLanguage":"fr-FR","@id":"https:\/\/blogs.thesocialmedia.com\/leblogmoto\/#\/schema\/person\/image\/","url":"https:\/\/secure.gravatar.com\/avatar\/?s=96&d=mm&r=g","contentUrl":"https:\/\/secure.gravatar.com\/avatar\/?s=96&d=mm&r=g","caption":"gregory boucaud"},"url":"https:\/\/blogs.thesocialmedia.com\/leblogmoto\/author\/gregory-boucaud\/"}]}},"_links":{"self":[{"href":"https:\/\/blogs.thesocialmedia.com\/leblogmoto\/wp-json\/wp\/v2\/posts\/1424","targetHints":{"allow":["GET"]}}],"collection":[{"href":"https:\/\/blogs.thesocialmedia.com\/leblogmoto\/wp-json\/wp\/v2\/posts"}],"about":[{"href":"https:\/\/blogs.thesocialmedia.com\/leblogmoto\/wp-json\/wp\/v2\/types\/post"}],"author":[{"embeddable":true,"href":"https:\/\/blogs.thesocialmedia.com\/leblogmoto\/wp-json\/wp\/v2\/users\/329"}],"replies":[{"embeddable":true,"href":"https:\/\/blogs.thesocialmedia.com\/leblogmoto\/wp-json\/wp\/v2\/comments?post=1424"}],"version-history":[{"count":2,"href":"https:\/\/blogs.thesocialmedia.com\/leblogmoto\/wp-json\/wp\/v2\/posts\/1424\/revisions"}],"predecessor-version":[{"id":8318,"href":"https:\/\/blogs.thesocialmedia.com\/leblogmoto\/wp-json\/wp\/v2\/posts\/1424\/revisions\/8318"}],"wp:attachment":[{"href":"https:\/\/blogs.thesocialmedia.com\/leblogmoto\/wp-json\/wp\/v2\/media?parent=1424"}],"wp:term":[{"taxonomy":"category","embeddable":true,"href":"https:\/\/blogs.thesocialmedia.com\/leblogmoto\/wp-json\/wp\/v2\/categories?post=1424"},{"taxonomy":"post_tag","embeddable":true,"href":"https:\/\/blogs.thesocialmedia.com\/leblogmoto\/wp-json\/wp\/v2\/tags?post=1424"}],"curies":[{"name":"wp","href":"https:\/\/api.w.org\/{rel}","templated":true}]}}