{"id":1425,"date":"2007-04-16T19:55:48","date_gmt":"2007-04-16T19:55:48","guid":{"rendered":"http:\/\/blogs.thesocialmedia.com\/leblogmoto\/2007\/04\/16\/salon-de-la-mot-1\/"},"modified":"2012-07-11T14:38:21","modified_gmt":"2012-07-11T14:38:21","slug":"salon-de-la-mot-1","status":"publish","type":"post","link":"https:\/\/blogs.thesocialmedia.com\/leblogmoto\/2007\/04\/16\/salon-de-la-mot-1\/","title":{"rendered":"Salon de La moto \u00e0 Valence, suite et fin"},"content":{"rendered":"<p><a href=\"http:\/\/blogs.thesocialmedia.com\/leblogmoto\/files\/2012\/07\/dsc06659petit.jpg\"><img loading=\"lazy\" decoding=\"async\" width=\"250\" height=\"187\"  alt=\"Dsc06659petit\" src=\"http:\/\/www.leblogmoto.com\/images\/2007\/04\/16\/dsc06659petit.jpg\" style=\"margin: 0px 5px 5px 0px;float: left\" \/><\/a> Greg vous a d\u00e9j\u00e0 parl\u00e9 d&rsquo;une partie du salon de la moto de Valence du 10 mars, je vais rajouter ma partie. Cette \u00e9dition \u00e9tait plut\u00f4t r\u00e9ussie, les concessionnaires tr\u00e8s sympathiques, \u00e7a sentait bon les pneus neufs, les conversations \u00e9taient passionn\u00e9es, en bref : un vrai salon de motards. Au chapitre des nouveaut\u00e9s, hormis les nouvelles <a href=\"http:\/\/www.kawasaki.fr\/z750\/\">Kawasaki Z750<\/a> et <a href=\"http:\/\/www.kawasaki.fr\/z1000\/\">Z1000<\/a>, quelques exclusivit\u00e9s \u00e9taient pr\u00e9sent\u00e9es&#8230; <\/p>\n<p>&#8230;telle cette <a href=\"http:\/\/www.mvagusta.it\/_vti_g9_ver.aspx?IdVer=5&amp;rpstry=133_\">MV Augusta&nbsp; Brutale 750<\/a> \u00e9dition sp\u00e9ciale coupe du monde 2006. La d\u00e9co est tr\u00e8s r\u00e9ussie, malheureusement nous n&rsquo;en verrons pas beaucoup sur nos routes avec un budget affich\u00e9 \u00e0 21 990 \u20ac. <\/p>\n<p><a href=\"http:\/\/clabedan.typepad.com\/.shared\/image.html?\/photos\/uncategorized\/2007\/04\/16\/dsc06673petit.jpg\"><img loading=\"lazy\" decoding=\"async\" width=\"250\" height=\"187\"  alt=\"Dsc06673petit\" src=\"http:\/\/www.leblogmoto.com\/images\/2007\/04\/16\/dsc06673petit.jpg\" style=\"margin: 0px 5px 5px 0px;float: left\" \/><\/a> Toujours chez les Italiennes, Ducati exposait une 999R assez impressionnante.<\/p>\n<p>Pour les nostalgiques, une Bimota 1100 SB6 tr\u00e8s bien conserv\u00e9e donnait envie d&rsquo;aller br\u00fbler un peu de gomme. Mue par le 1100 cm3 de la GSXR, cette sprinteuse \u00e9tait clairement con\u00e7ue pour affoler les chronos.<\/p>\n<p> <\/p>\n<p> A<a href=\"http:\/\/blogs.thesocialmedia.com\/leblogmoto\/files\/2012\/07\/dsc06675petit.jpg\"><img loading=\"lazy\" decoding=\"async\" width=\"250\" height=\"187\"  alt=\"Dsc06675petit\" src=\"http:\/\/www.leblogmoto.com\/images\/2007\/04\/16\/dsc06675petit.jpg\" style=\"margin: 0px 5px 5px 0px;float: left\" \/><\/a>u chapitre original, la plus grande surprise vient sans aucun doute de <a href=\"http:\/\/www.poly26.com\/index.php\">Poly 26<\/a>, un sp\u00e9cialiste Dr\u00f4mois du car\u00e9nage. Je vous laisse d\u00e9couvrir en photos une Suzuki SV 650 habill\u00e9 r\u00e9tro dans le style des ann\u00e9es 70&#8230; simplement magnifique !<\/p>\n<p> <\/p>\n<p>Une \u00e9dition donc r\u00e9ussie pour ce salon de la moto de Valence. Nous n&rsquo;avons pas parl\u00e9 des essais possibles sur place (<a href=\"http:\/\/www.harley-davidson.com\/\">Harley Davidson<\/a> et <a href=\"http:\/\/www.buell.com\/fr_fr\/home.asp\">Buell<\/a> notamment) ni des d\u00e9monstrations de Stunt et de trial par manque de temps, mais l&rsquo;an prochain, promis !<\/p>\n","protected":false},"excerpt":{"rendered":"<p>Greg vous a d\u00e9j\u00e0 parl\u00e9 d&rsquo;une partie du salon de la moto de Valence du 10 mars, je vais rajouter ma partie. Cette \u00e9dition \u00e9tait plut\u00f4t r\u00e9ussie, les concessionnaires tr\u00e8s sympathiques, \u00e7a sentait bon les pneus neufs, les conversations \u00e9taient passionn\u00e9es, en bref : un vrai salon de motards. Au chapitre des nouveaut\u00e9s, hormis les [&hellip;]<\/p>\n","protected":false},"author":331,"featured_media":0,"comment_status":"open","ping_status":"open","sticky":false,"template":"","format":"standard","meta":{"footnotes":""},"categories":[1],"tags":[132,134,136,133,135,137],"class_list":["post-1425","post","type-post","status-publish","format-standard","hentry","category-uncategorized","tag-bimota","tag-brutale","tag-salon","tag-sb6","tag-sv","tag-valence"],"yoast_head":"<!-- This site is optimized with the Yoast SEO plugin v26.0 - https:\/\/yoast.com\/wordpress\/plugins\/seo\/ -->\n<title>Salon de La moto \u00e0 Valence, suite et fin - leblogmoto.com<\/title>\n<meta name=\"robots\" content=\"index, follow, max-snippet:-1, max-image-preview:large, max-video-preview:-1\" \/>\n<link rel=\"canonical\" href=\"https:\/\/blogs.thesocialmedia.com\/leblogmoto\/2007\/04\/16\/salon-de-la-mot-1\/\" \/>\n<meta name=\"twitter:card\" content=\"summary_large_image\" \/>\n<meta name=\"twitter:title\" content=\"Salon de La moto \u00e0 Valence, suite et fin - leblogmoto.com\" \/>\n<meta name=\"twitter:description\" content=\"Greg vous a d\u00e9j\u00e0 parl\u00e9 d&rsquo;une partie du salon de la moto de Valence du 10 mars, je vais rajouter ma partie. Cette \u00e9dition \u00e9tait plut\u00f4t r\u00e9ussie, les concessionnaires tr\u00e8s sympathiques, \u00e7a sentait bon les pneus neufs, les conversations \u00e9taient passionn\u00e9es, en bref : un vrai salon de motards. Au chapitre des nouveaut\u00e9s, hormis les [&hellip;]\" \/>\n<meta name=\"twitter:image\" content=\"http:\/\/www.leblogmoto.com\/images\/2007\/04\/16\/dsc06659petit.jpg\" \/>\n<meta name=\"twitter:label1\" content=\"\u00c9crit par\" \/>\n\t<meta name=\"twitter:data1\" content=\"nicolas gehin\" \/>\n\t<meta name=\"twitter:label2\" content=\"Dur\u00e9e de lecture estim\u00e9e\" \/>\n\t<meta name=\"twitter:data2\" content=\"1 minute\" \/>\n<script type=\"application\/ld+json\" class=\"yoast-schema-graph\">{\"@context\":\"https:\/\/schema.org\",\"@graph\":[{\"@type\":\"WebPage\",\"@id\":\"https:\/\/blogs.thesocialmedia.com\/leblogmoto\/2007\/04\/16\/salon-de-la-mot-1\/\",\"url\":\"https:\/\/blogs.thesocialmedia.com\/leblogmoto\/2007\/04\/16\/salon-de-la-mot-1\/\",\"name\":\"Salon de La moto \u00e0 Valence, suite et fin - leblogmoto.com\",\"isPartOf\":{\"@id\":\"https:\/\/blogs.thesocialmedia.com\/leblogmoto\/#website\"},\"primaryImageOfPage\":{\"@id\":\"https:\/\/blogs.thesocialmedia.com\/leblogmoto\/2007\/04\/16\/salon-de-la-mot-1\/#primaryimage\"},\"image\":{\"@id\":\"https:\/\/blogs.thesocialmedia.com\/leblogmoto\/2007\/04\/16\/salon-de-la-mot-1\/#primaryimage\"},\"thumbnailUrl\":\"http:\/\/www.leblogmoto.com\/images\/2007\/04\/16\/dsc06659petit.jpg\",\"datePublished\":\"2007-04-16T19:55:48+00:00\",\"dateModified\":\"2012-07-11T14:38:21+00:00\",\"author\":{\"@id\":\"https:\/\/blogs.thesocialmedia.com\/leblogmoto\/#\/schema\/person\/46fe3ed364ad3153421e8604c6e3305f\"},\"breadcrumb\":{\"@id\":\"https:\/\/blogs.thesocialmedia.com\/leblogmoto\/2007\/04\/16\/salon-de-la-mot-1\/#breadcrumb\"},\"inLanguage\":\"fr-FR\",\"potentialAction\":[{\"@type\":\"ReadAction\",\"target\":[\"https:\/\/blogs.thesocialmedia.com\/leblogmoto\/2007\/04\/16\/salon-de-la-mot-1\/\"]}]},{\"@type\":\"ImageObject\",\"inLanguage\":\"fr-FR\",\"@id\":\"https:\/\/blogs.thesocialmedia.com\/leblogmoto\/2007\/04\/16\/salon-de-la-mot-1\/#primaryimage\",\"url\":\"http:\/\/www.leblogmoto.com\/images\/2007\/04\/16\/dsc06659petit.jpg\",\"contentUrl\":\"http:\/\/www.leblogmoto.com\/images\/2007\/04\/16\/dsc06659petit.jpg\"},{\"@type\":\"BreadcrumbList\",\"@id\":\"https:\/\/blogs.thesocialmedia.com\/leblogmoto\/2007\/04\/16\/salon-de-la-mot-1\/#breadcrumb\",\"itemListElement\":[{\"@type\":\"ListItem\",\"position\":1,\"name\":\"Accueil\",\"item\":\"https:\/\/blogs.thesocialmedia.com\/leblogmoto\/\"},{\"@type\":\"ListItem\",\"position\":2,\"name\":\"Salon de La moto \u00e0 Valence, suite et fin\"}]},{\"@type\":\"WebSite\",\"@id\":\"https:\/\/blogs.thesocialmedia.com\/leblogmoto\/#website\",\"url\":\"https:\/\/blogs.thesocialmedia.com\/leblogmoto\/\",\"name\":\"leblogmoto\",\"description\":\"Toute l&#039;actualit\u00e9 des 2 roues\",\"potentialAction\":[{\"@type\":\"SearchAction\",\"target\":{\"@type\":\"EntryPoint\",\"urlTemplate\":\"https:\/\/blogs.thesocialmedia.com\/leblogmoto\/?s={search_term_string}\"},\"query-input\":{\"@type\":\"PropertyValueSpecification\",\"valueRequired\":true,\"valueName\":\"search_term_string\"}}],\"inLanguage\":\"fr-FR\"},{\"@type\":\"Person\",\"@id\":\"https:\/\/blogs.thesocialmedia.com\/leblogmoto\/#\/schema\/person\/46fe3ed364ad3153421e8604c6e3305f\",\"name\":\"nicolas gehin\",\"image\":{\"@type\":\"ImageObject\",\"inLanguage\":\"fr-FR\",\"@id\":\"https:\/\/blogs.thesocialmedia.com\/leblogmoto\/#\/schema\/person\/image\/\",\"url\":\"https:\/\/secure.gravatar.com\/avatar\/?s=96&d=mm&r=g\",\"contentUrl\":\"https:\/\/secure.gravatar.com\/avatar\/?s=96&d=mm&r=g\",\"caption\":\"nicolas gehin\"},\"url\":\"https:\/\/blogs.thesocialmedia.com\/leblogmoto\/author\/nicolas-gehin\/\"}]}<\/script>\n<!-- \/ Yoast SEO plugin. -->","yoast_head_json":{"title":"Salon de La moto \u00e0 Valence, suite et fin - leblogmoto.com","robots":{"index":"index","follow":"follow","max-snippet":"max-snippet:-1","max-image-preview":"max-image-preview:large","max-video-preview":"max-video-preview:-1"},"canonical":"https:\/\/blogs.thesocialmedia.com\/leblogmoto\/2007\/04\/16\/salon-de-la-mot-1\/","twitter_card":"summary_large_image","twitter_title":"Salon de La moto \u00e0 Valence, suite et fin - leblogmoto.com","twitter_description":"Greg vous a d\u00e9j\u00e0 parl\u00e9 d&rsquo;une partie du salon de la moto de Valence du 10 mars, je vais rajouter ma partie. Cette \u00e9dition \u00e9tait plut\u00f4t r\u00e9ussie, les concessionnaires tr\u00e8s sympathiques, \u00e7a sentait bon les pneus neufs, les conversations \u00e9taient passionn\u00e9es, en bref : un vrai salon de motards. Au chapitre des nouveaut\u00e9s, hormis les [&hellip;]","twitter_image":"http:\/\/www.leblogmoto.com\/images\/2007\/04\/16\/dsc06659petit.jpg","twitter_misc":{"\u00c9crit par":"nicolas gehin","Dur\u00e9e de lecture estim\u00e9e":"1 minute"},"schema":{"@context":"https:\/\/schema.org","@graph":[{"@type":"WebPage","@id":"https:\/\/blogs.thesocialmedia.com\/leblogmoto\/2007\/04\/16\/salon-de-la-mot-1\/","url":"https:\/\/blogs.thesocialmedia.com\/leblogmoto\/2007\/04\/16\/salon-de-la-mot-1\/","name":"Salon de La moto \u00e0 Valence, suite et fin - leblogmoto.com","isPartOf":{"@id":"https:\/\/blogs.thesocialmedia.com\/leblogmoto\/#website"},"primaryImageOfPage":{"@id":"https:\/\/blogs.thesocialmedia.com\/leblogmoto\/2007\/04\/16\/salon-de-la-mot-1\/#primaryimage"},"image":{"@id":"https:\/\/blogs.thesocialmedia.com\/leblogmoto\/2007\/04\/16\/salon-de-la-mot-1\/#primaryimage"},"thumbnailUrl":"http:\/\/www.leblogmoto.com\/images\/2007\/04\/16\/dsc06659petit.jpg","datePublished":"2007-04-16T19:55:48+00:00","dateModified":"2012-07-11T14:38:21+00:00","author":{"@id":"https:\/\/blogs.thesocialmedia.com\/leblogmoto\/#\/schema\/person\/46fe3ed364ad3153421e8604c6e3305f"},"breadcrumb":{"@id":"https:\/\/blogs.thesocialmedia.com\/leblogmoto\/2007\/04\/16\/salon-de-la-mot-1\/#breadcrumb"},"inLanguage":"fr-FR","potentialAction":[{"@type":"ReadAction","target":["https:\/\/blogs.thesocialmedia.com\/leblogmoto\/2007\/04\/16\/salon-de-la-mot-1\/"]}]},{"@type":"ImageObject","inLanguage":"fr-FR","@id":"https:\/\/blogs.thesocialmedia.com\/leblogmoto\/2007\/04\/16\/salon-de-la-mot-1\/#primaryimage","url":"http:\/\/www.leblogmoto.com\/images\/2007\/04\/16\/dsc06659petit.jpg","contentUrl":"http:\/\/www.leblogmoto.com\/images\/2007\/04\/16\/dsc06659petit.jpg"},{"@type":"BreadcrumbList","@id":"https:\/\/blogs.thesocialmedia.com\/leblogmoto\/2007\/04\/16\/salon-de-la-mot-1\/#breadcrumb","itemListElement":[{"@type":"ListItem","position":1,"name":"Accueil","item":"https:\/\/blogs.thesocialmedia.com\/leblogmoto\/"},{"@type":"ListItem","position":2,"name":"Salon de La moto \u00e0 Valence, suite et fin"}]},{"@type":"WebSite","@id":"https:\/\/blogs.thesocialmedia.com\/leblogmoto\/#website","url":"https:\/\/blogs.thesocialmedia.com\/leblogmoto\/","name":"leblogmoto","description":"Toute l&#039;actualit\u00e9 des 2 roues","potentialAction":[{"@type":"SearchAction","target":{"@type":"EntryPoint","urlTemplate":"https:\/\/blogs.thesocialmedia.com\/leblogmoto\/?s={search_term_string}"},"query-input":{"@type":"PropertyValueSpecification","valueRequired":true,"valueName":"search_term_string"}}],"inLanguage":"fr-FR"},{"@type":"Person","@id":"https:\/\/blogs.thesocialmedia.com\/leblogmoto\/#\/schema\/person\/46fe3ed364ad3153421e8604c6e3305f","name":"nicolas gehin","image":{"@type":"ImageObject","inLanguage":"fr-FR","@id":"https:\/\/blogs.thesocialmedia.com\/leblogmoto\/#\/schema\/person\/image\/","url":"https:\/\/secure.gravatar.com\/avatar\/?s=96&d=mm&r=g","contentUrl":"https:\/\/secure.gravatar.com\/avatar\/?s=96&d=mm&r=g","caption":"nicolas gehin"},"url":"https:\/\/blogs.thesocialmedia.com\/leblogmoto\/author\/nicolas-gehin\/"}]}},"_links":{"self":[{"href":"https:\/\/blogs.thesocialmedia.com\/leblogmoto\/wp-json\/wp\/v2\/posts\/1425","targetHints":{"allow":["GET"]}}],"collection":[{"href":"https:\/\/blogs.thesocialmedia.com\/leblogmoto\/wp-json\/wp\/v2\/posts"}],"about":[{"href":"https:\/\/blogs.thesocialmedia.com\/leblogmoto\/wp-json\/wp\/v2\/types\/post"}],"author":[{"embeddable":true,"href":"https:\/\/blogs.thesocialmedia.com\/leblogmoto\/wp-json\/wp\/v2\/users\/331"}],"replies":[{"embeddable":true,"href":"https:\/\/blogs.thesocialmedia.com\/leblogmoto\/wp-json\/wp\/v2\/comments?post=1425"}],"version-history":[{"count":2,"href":"https:\/\/blogs.thesocialmedia.com\/leblogmoto\/wp-json\/wp\/v2\/posts\/1425\/revisions"}],"predecessor-version":[{"id":8316,"href":"https:\/\/blogs.thesocialmedia.com\/leblogmoto\/wp-json\/wp\/v2\/posts\/1425\/revisions\/8316"}],"wp:attachment":[{"href":"https:\/\/blogs.thesocialmedia.com\/leblogmoto\/wp-json\/wp\/v2\/media?parent=1425"}],"wp:term":[{"taxonomy":"category","embeddable":true,"href":"https:\/\/blogs.thesocialmedia.com\/leblogmoto\/wp-json\/wp\/v2\/categories?post=1425"},{"taxonomy":"post_tag","embeddable":true,"href":"https:\/\/blogs.thesocialmedia.com\/leblogmoto\/wp-json\/wp\/v2\/tags?post=1425"}],"curies":[{"name":"wp","href":"https:\/\/api.w.org\/{rel}","templated":true}]}}