{"id":1426,"date":"2007-04-14T12:09:52","date_gmt":"2007-04-14T12:09:52","guid":{"rendered":"http:\/\/blogs.thesocialmedia.com\/leblogmoto\/2007\/04\/14\/rallyesraids-is\/"},"modified":"2012-07-11T14:38:13","modified_gmt":"2012-07-11T14:38:13","slug":"rallyesraids-is","status":"publish","type":"post","link":"https:\/\/blogs.thesocialmedia.com\/leblogmoto\/2007\/04\/14\/rallyesraids-is\/","title":{"rendered":"Rallyes-Raids : Isidre Esteve Pujol de nouveau op\u00e9r\u00e9"},"content":{"rendered":"<p><a href=\"http:\/\/blogs.thesocialmedia.com\/leblogmoto\/files\/2012\/07\/esteve.jpg\"><img loading=\"lazy\" decoding=\"async\" width=\"250\" height=\"253\"  src=\"http:\/\/www.leblogmoto.com\/images\/2007\/04\/14\/esteve.jpg\" alt=\"Esteve\" style=\"margin: 0px 5px 5px 0px;float: left\" \/><\/a> Isidre Esteve Pujol a \u00e9t\u00e9 op\u00e9r\u00e9 pour la seconde fois depuis le grave accident qui a touch\u00e9 ses vert\u00e8bres et sa moelle \u00e9pini\u00e8re le <a href=\"http:\/\/www.leblogmoto.com\/2007\/03\/rallyeraids_isi.html\">25 mars dernier<\/a>. Les m\u00e9decins esp\u00e8rent pouvoir rendre sa mobilit\u00e9 au pilote KTM gr\u00e2ce \u00e0 une nouvelle technologie.<\/p>\n<p>Mercredi, Isidre Esteve Pujol est pass\u00e9 pour la <a href=\"http:\/\/www.leblogmoto.com\/2007\/03\/rallyeraids_des.html\">deuxi\u00e8me fois<\/a> entre les mains des chirurgiens depuis son grave accident. L\u2019intervention s\u2019est d\u00e9roul\u00e9e aux Etats-Unis avec le concours financier de la fondation <a href=\"http:\/\/www.wingsforlife.com\/?LNG=en&amp;id=339&amp;zid=84&amp;m=\">\u00ab Wings for Life \u00bb<\/a> de l\u2019autrichien <a href=\"http:\/\/www.wingsforlife.com\/?LNG=en&amp;zid=84&amp;id=84&amp;m=\">Heinz Kinigadner<\/a>, team manager de l\u2019\u00e9curie KTM en Rallyes-Raids. <\/p>\n<p><a href=\"http:\/\/clabedan.typepad.com\/.shared\/image.html?\/photos\/uncategorized\/2007\/04\/14\/isidreesteve_pujol_1.jpg\"><img loading=\"lazy\" decoding=\"async\" width=\"250\" height=\"181\"  alt=\"Isidreesteve_pujol_1\" src=\"http:\/\/www.leblogmoto.com\/images\/2007\/04\/14\/isidreesteve_pujol_1.jpg\" style=\"margin: 0px 5px 5px 0px;float: left\" \/><\/a> Isidre Esteve dont l\u2019<a href=\"http:\/\/www.leblogmoto.com\/2007\/03\/rallyeraids_des.html\">h\u00e9mipl\u00e9gie est redout\u00e9e<\/a>, s\u2019est fait&nbsp; implanter un syst\u00e8me compos\u00e9 d\u2019\u00e9lectrodes cens\u00e9es r\u00e9g\u00e9n\u00e9rer la moelle osseuse. Cette technique am\u00e9ricaine en est encore au stade exp\u00e9rimental et ne garantit pas forc\u00e9ment une am\u00e9lioration de la mobilit\u00e9 du patient.<\/p>\n<p>Tous nos v\u0153ux de meilleur r\u00e9tablissement accompagnent Isidre et sa famille.<\/p>\n","protected":false},"excerpt":{"rendered":"<p>Isidre Esteve Pujol a \u00e9t\u00e9 op\u00e9r\u00e9 pour la seconde fois depuis le grave accident qui a touch\u00e9 ses vert\u00e8bres et sa moelle \u00e9pini\u00e8re le 25 mars dernier. Les m\u00e9decins esp\u00e8rent pouvoir rendre sa mobilit\u00e9 au pilote KTM gr\u00e2ce \u00e0 une nouvelle technologie. Mercredi, Isidre Esteve Pujol est pass\u00e9 pour la deuxi\u00e8me fois entre les mains [&hellip;]<\/p>\n","protected":false},"author":333,"featured_media":0,"comment_status":"open","ping_status":"open","sticky":false,"template":"","format":"standard","meta":{"footnotes":""},"categories":[39],"tags":[],"class_list":["post-1426","post","type-post","status-publish","format-standard","hentry","category-ktm"],"yoast_head":"<!-- This site is optimized with the Yoast SEO plugin v26.0 - https:\/\/yoast.com\/wordpress\/plugins\/seo\/ -->\n<title>Rallyes-Raids : Isidre Esteve Pujol de nouveau op\u00e9r\u00e9 - leblogmoto.com<\/title>\n<meta name=\"robots\" content=\"index, follow, max-snippet:-1, max-image-preview:large, max-video-preview:-1\" \/>\n<link rel=\"canonical\" href=\"https:\/\/blogs.thesocialmedia.com\/leblogmoto\/2007\/04\/14\/rallyesraids-is\/\" \/>\n<meta name=\"twitter:card\" content=\"summary_large_image\" \/>\n<meta name=\"twitter:title\" content=\"Rallyes-Raids : Isidre Esteve Pujol de nouveau op\u00e9r\u00e9 - leblogmoto.com\" \/>\n<meta name=\"twitter:description\" content=\"Isidre Esteve Pujol a \u00e9t\u00e9 op\u00e9r\u00e9 pour la seconde fois depuis le grave accident qui a touch\u00e9 ses vert\u00e8bres et sa moelle \u00e9pini\u00e8re le 25 mars dernier. Les m\u00e9decins esp\u00e8rent pouvoir rendre sa mobilit\u00e9 au pilote KTM gr\u00e2ce \u00e0 une nouvelle technologie. Mercredi, Isidre Esteve Pujol est pass\u00e9 pour la deuxi\u00e8me fois entre les mains [&hellip;]\" \/>\n<meta name=\"twitter:image\" content=\"http:\/\/www.leblogmoto.com\/images\/2007\/04\/14\/esteve.jpg\" \/>\n<meta name=\"twitter:label1\" content=\"\u00c9crit par\" \/>\n\t<meta name=\"twitter:data1\" content=\"christian tirat\" \/>\n\t<meta name=\"twitter:label2\" content=\"Dur\u00e9e de lecture estim\u00e9e\" \/>\n\t<meta name=\"twitter:data2\" content=\"1 minute\" \/>\n<script type=\"application\/ld+json\" class=\"yoast-schema-graph\">{\"@context\":\"https:\/\/schema.org\",\"@graph\":[{\"@type\":\"WebPage\",\"@id\":\"https:\/\/blogs.thesocialmedia.com\/leblogmoto\/2007\/04\/14\/rallyesraids-is\/\",\"url\":\"https:\/\/blogs.thesocialmedia.com\/leblogmoto\/2007\/04\/14\/rallyesraids-is\/\",\"name\":\"Rallyes-Raids : Isidre Esteve Pujol de nouveau op\u00e9r\u00e9 - leblogmoto.com\",\"isPartOf\":{\"@id\":\"https:\/\/blogs.thesocialmedia.com\/leblogmoto\/#website\"},\"primaryImageOfPage\":{\"@id\":\"https:\/\/blogs.thesocialmedia.com\/leblogmoto\/2007\/04\/14\/rallyesraids-is\/#primaryimage\"},\"image\":{\"@id\":\"https:\/\/blogs.thesocialmedia.com\/leblogmoto\/2007\/04\/14\/rallyesraids-is\/#primaryimage\"},\"thumbnailUrl\":\"http:\/\/www.leblogmoto.com\/images\/2007\/04\/14\/esteve.jpg\",\"datePublished\":\"2007-04-14T12:09:52+00:00\",\"dateModified\":\"2012-07-11T14:38:13+00:00\",\"author\":{\"@id\":\"https:\/\/blogs.thesocialmedia.com\/leblogmoto\/#\/schema\/person\/90b2f8fd0d5a2cede2580e95fc79c6c0\"},\"breadcrumb\":{\"@id\":\"https:\/\/blogs.thesocialmedia.com\/leblogmoto\/2007\/04\/14\/rallyesraids-is\/#breadcrumb\"},\"inLanguage\":\"fr-FR\",\"potentialAction\":[{\"@type\":\"ReadAction\",\"target\":[\"https:\/\/blogs.thesocialmedia.com\/leblogmoto\/2007\/04\/14\/rallyesraids-is\/\"]}]},{\"@type\":\"ImageObject\",\"inLanguage\":\"fr-FR\",\"@id\":\"https:\/\/blogs.thesocialmedia.com\/leblogmoto\/2007\/04\/14\/rallyesraids-is\/#primaryimage\",\"url\":\"http:\/\/www.leblogmoto.com\/images\/2007\/04\/14\/esteve.jpg\",\"contentUrl\":\"http:\/\/www.leblogmoto.com\/images\/2007\/04\/14\/esteve.jpg\"},{\"@type\":\"BreadcrumbList\",\"@id\":\"https:\/\/blogs.thesocialmedia.com\/leblogmoto\/2007\/04\/14\/rallyesraids-is\/#breadcrumb\",\"itemListElement\":[{\"@type\":\"ListItem\",\"position\":1,\"name\":\"Accueil\",\"item\":\"https:\/\/blogs.thesocialmedia.com\/leblogmoto\/\"},{\"@type\":\"ListItem\",\"position\":2,\"name\":\"Rallyes-Raids : Isidre Esteve Pujol de nouveau op\u00e9r\u00e9\"}]},{\"@type\":\"WebSite\",\"@id\":\"https:\/\/blogs.thesocialmedia.com\/leblogmoto\/#website\",\"url\":\"https:\/\/blogs.thesocialmedia.com\/leblogmoto\/\",\"name\":\"leblogmoto\",\"description\":\"Toute l&#039;actualit\u00e9 des 2 roues\",\"potentialAction\":[{\"@type\":\"SearchAction\",\"target\":{\"@type\":\"EntryPoint\",\"urlTemplate\":\"https:\/\/blogs.thesocialmedia.com\/leblogmoto\/?s={search_term_string}\"},\"query-input\":{\"@type\":\"PropertyValueSpecification\",\"valueRequired\":true,\"valueName\":\"search_term_string\"}}],\"inLanguage\":\"fr-FR\"},{\"@type\":\"Person\",\"@id\":\"https:\/\/blogs.thesocialmedia.com\/leblogmoto\/#\/schema\/person\/90b2f8fd0d5a2cede2580e95fc79c6c0\",\"name\":\"christian tirat\",\"image\":{\"@type\":\"ImageObject\",\"inLanguage\":\"fr-FR\",\"@id\":\"https:\/\/blogs.thesocialmedia.com\/leblogmoto\/#\/schema\/person\/image\/\",\"url\":\"https:\/\/secure.gravatar.com\/avatar\/?s=96&d=mm&r=g\",\"contentUrl\":\"https:\/\/secure.gravatar.com\/avatar\/?s=96&d=mm&r=g\",\"caption\":\"christian tirat\"},\"url\":\"https:\/\/blogs.thesocialmedia.com\/leblogmoto\/author\/christian-tirat\/\"}]}<\/script>\n<!-- \/ Yoast SEO plugin. -->","yoast_head_json":{"title":"Rallyes-Raids : Isidre Esteve Pujol de nouveau op\u00e9r\u00e9 - leblogmoto.com","robots":{"index":"index","follow":"follow","max-snippet":"max-snippet:-1","max-image-preview":"max-image-preview:large","max-video-preview":"max-video-preview:-1"},"canonical":"https:\/\/blogs.thesocialmedia.com\/leblogmoto\/2007\/04\/14\/rallyesraids-is\/","twitter_card":"summary_large_image","twitter_title":"Rallyes-Raids : Isidre Esteve Pujol de nouveau op\u00e9r\u00e9 - leblogmoto.com","twitter_description":"Isidre Esteve Pujol a \u00e9t\u00e9 op\u00e9r\u00e9 pour la seconde fois depuis le grave accident qui a touch\u00e9 ses vert\u00e8bres et sa moelle \u00e9pini\u00e8re le 25 mars dernier. Les m\u00e9decins esp\u00e8rent pouvoir rendre sa mobilit\u00e9 au pilote KTM gr\u00e2ce \u00e0 une nouvelle technologie. Mercredi, Isidre Esteve Pujol est pass\u00e9 pour la deuxi\u00e8me fois entre les mains [&hellip;]","twitter_image":"http:\/\/www.leblogmoto.com\/images\/2007\/04\/14\/esteve.jpg","twitter_misc":{"\u00c9crit par":"christian tirat","Dur\u00e9e de lecture estim\u00e9e":"1 minute"},"schema":{"@context":"https:\/\/schema.org","@graph":[{"@type":"WebPage","@id":"https:\/\/blogs.thesocialmedia.com\/leblogmoto\/2007\/04\/14\/rallyesraids-is\/","url":"https:\/\/blogs.thesocialmedia.com\/leblogmoto\/2007\/04\/14\/rallyesraids-is\/","name":"Rallyes-Raids : Isidre Esteve Pujol de nouveau op\u00e9r\u00e9 - leblogmoto.com","isPartOf":{"@id":"https:\/\/blogs.thesocialmedia.com\/leblogmoto\/#website"},"primaryImageOfPage":{"@id":"https:\/\/blogs.thesocialmedia.com\/leblogmoto\/2007\/04\/14\/rallyesraids-is\/#primaryimage"},"image":{"@id":"https:\/\/blogs.thesocialmedia.com\/leblogmoto\/2007\/04\/14\/rallyesraids-is\/#primaryimage"},"thumbnailUrl":"http:\/\/www.leblogmoto.com\/images\/2007\/04\/14\/esteve.jpg","datePublished":"2007-04-14T12:09:52+00:00","dateModified":"2012-07-11T14:38:13+00:00","author":{"@id":"https:\/\/blogs.thesocialmedia.com\/leblogmoto\/#\/schema\/person\/90b2f8fd0d5a2cede2580e95fc79c6c0"},"breadcrumb":{"@id":"https:\/\/blogs.thesocialmedia.com\/leblogmoto\/2007\/04\/14\/rallyesraids-is\/#breadcrumb"},"inLanguage":"fr-FR","potentialAction":[{"@type":"ReadAction","target":["https:\/\/blogs.thesocialmedia.com\/leblogmoto\/2007\/04\/14\/rallyesraids-is\/"]}]},{"@type":"ImageObject","inLanguage":"fr-FR","@id":"https:\/\/blogs.thesocialmedia.com\/leblogmoto\/2007\/04\/14\/rallyesraids-is\/#primaryimage","url":"http:\/\/www.leblogmoto.com\/images\/2007\/04\/14\/esteve.jpg","contentUrl":"http:\/\/www.leblogmoto.com\/images\/2007\/04\/14\/esteve.jpg"},{"@type":"BreadcrumbList","@id":"https:\/\/blogs.thesocialmedia.com\/leblogmoto\/2007\/04\/14\/rallyesraids-is\/#breadcrumb","itemListElement":[{"@type":"ListItem","position":1,"name":"Accueil","item":"https:\/\/blogs.thesocialmedia.com\/leblogmoto\/"},{"@type":"ListItem","position":2,"name":"Rallyes-Raids : Isidre Esteve Pujol de nouveau op\u00e9r\u00e9"}]},{"@type":"WebSite","@id":"https:\/\/blogs.thesocialmedia.com\/leblogmoto\/#website","url":"https:\/\/blogs.thesocialmedia.com\/leblogmoto\/","name":"leblogmoto","description":"Toute l&#039;actualit\u00e9 des 2 roues","potentialAction":[{"@type":"SearchAction","target":{"@type":"EntryPoint","urlTemplate":"https:\/\/blogs.thesocialmedia.com\/leblogmoto\/?s={search_term_string}"},"query-input":{"@type":"PropertyValueSpecification","valueRequired":true,"valueName":"search_term_string"}}],"inLanguage":"fr-FR"},{"@type":"Person","@id":"https:\/\/blogs.thesocialmedia.com\/leblogmoto\/#\/schema\/person\/90b2f8fd0d5a2cede2580e95fc79c6c0","name":"christian tirat","image":{"@type":"ImageObject","inLanguage":"fr-FR","@id":"https:\/\/blogs.thesocialmedia.com\/leblogmoto\/#\/schema\/person\/image\/","url":"https:\/\/secure.gravatar.com\/avatar\/?s=96&d=mm&r=g","contentUrl":"https:\/\/secure.gravatar.com\/avatar\/?s=96&d=mm&r=g","caption":"christian tirat"},"url":"https:\/\/blogs.thesocialmedia.com\/leblogmoto\/author\/christian-tirat\/"}]}},"_links":{"self":[{"href":"https:\/\/blogs.thesocialmedia.com\/leblogmoto\/wp-json\/wp\/v2\/posts\/1426","targetHints":{"allow":["GET"]}}],"collection":[{"href":"https:\/\/blogs.thesocialmedia.com\/leblogmoto\/wp-json\/wp\/v2\/posts"}],"about":[{"href":"https:\/\/blogs.thesocialmedia.com\/leblogmoto\/wp-json\/wp\/v2\/types\/post"}],"author":[{"embeddable":true,"href":"https:\/\/blogs.thesocialmedia.com\/leblogmoto\/wp-json\/wp\/v2\/users\/333"}],"replies":[{"embeddable":true,"href":"https:\/\/blogs.thesocialmedia.com\/leblogmoto\/wp-json\/wp\/v2\/comments?post=1426"}],"version-history":[{"count":2,"href":"https:\/\/blogs.thesocialmedia.com\/leblogmoto\/wp-json\/wp\/v2\/posts\/1426\/revisions"}],"predecessor-version":[{"id":8313,"href":"https:\/\/blogs.thesocialmedia.com\/leblogmoto\/wp-json\/wp\/v2\/posts\/1426\/revisions\/8313"}],"wp:attachment":[{"href":"https:\/\/blogs.thesocialmedia.com\/leblogmoto\/wp-json\/wp\/v2\/media?parent=1426"}],"wp:term":[{"taxonomy":"category","embeddable":true,"href":"https:\/\/blogs.thesocialmedia.com\/leblogmoto\/wp-json\/wp\/v2\/categories?post=1426"},{"taxonomy":"post_tag","embeddable":true,"href":"https:\/\/blogs.thesocialmedia.com\/leblogmoto\/wp-json\/wp\/v2\/tags?post=1426"}],"curies":[{"name":"wp","href":"https:\/\/api.w.org\/{rel}","templated":true}]}}