{"id":1427,"date":"2007-04-13T13:34:45","date_gmt":"2007-04-13T13:34:45","guid":{"rendered":"http:\/\/blogs.thesocialmedia.com\/leblogmoto\/2007\/04\/13\/lgende-des-hros\/"},"modified":"2012-07-11T14:38:12","modified_gmt":"2012-07-11T14:38:12","slug":"lgende-des-hros","status":"publish","type":"post","link":"https:\/\/blogs.thesocialmedia.com\/leblogmoto\/2007\/04\/13\/lgende-des-hros\/","title":{"rendered":"Heroes Legend : Arriv\u00e9e au Lac Rose"},"content":{"rendered":"<p><a href=\"http:\/\/blogs.thesocialmedia.com\/leblogmoto\/files\/2012\/07\/dag15_878.jpg\"><img loading=\"lazy\" decoding=\"async\" height=\"166\" alt=\"Dag15_878\" src=\"http:\/\/www.leblogmoto.com\/images\/2007\/04\/13\/dag15_878.jpg\" width=\"250\"  \/><\/a> La deuxi\u00e8me \u00e9dition de la <a href=\"www.heroeslegend.com\">L\u00e9gende des H\u00e9ros<\/a> a largement tenu les promesses faites par son ma\u00eetre d\u2019\u0153uvre Hubert Auriol. Apr\u00e8s plus de 6500 kilom\u00e8tres par la France, l\u2019Espagne, le Maroc, la Mauritanie et le S\u00e9n\u00e9gal, les concurrents, fatigu\u00e9s mais heureux, ont laiss\u00e9 \u00e9clater leur joie et leur \u00e9motion devant le Lac Rose qui symbolisait jusqu\u2019alors un r\u00eave inaccessible pour la majorit\u00e9 d\u2019entre eux. <\/p>\n<p><a href=\"http:\/\/clabedan.typepad.com\/.shared\/image.html?\/photos\/uncategorized\/2007\/04\/13\/dag15_1086_2.jpg\"><img loading=\"lazy\" decoding=\"async\" height=\"374\" alt=\"Dag15_1086_2\" src=\"http:\/\/www.leblogmoto.com\/images\/2007\/04\/13\/dag15_1086_2.jpg\" width=\"250\"  \/><\/a> Toutes les \u00e9quipes, constitu\u00e9es de trois personnes, d\u2019une moto et d\u2019un 4&#215;4, ne figurent pas dans le classement final, mais toutes sont heureuses d\u2019avoir v\u00e9cu une exp\u00e9rience extraordinaire, un vrai rallye avec ses difficult\u00e9s, et le bonheur de les avoir surmont\u00e9es dans une ambiance d\u2019entraide et d\u2019amiti\u00e9. Nombreux sont ceux qui ont v\u00e9cu les vraies gal\u00e8res qui b\u00e2tissent la L\u00e9gende des rallyes et qui font d\u2019eux des H\u00e9ros.<\/p>\n<p>Hubert Auriol est, lui aussi, un homme heureux \u00e0 l\u2019arriv\u00e9e : \u00ab La L\u00e9gende des H\u00e9ros a pris sa vraie dimension et confirm\u00e9 ce que les concurrents esp\u00e9raient. Le parcours \u00e9tait plus technique, plus difficile et plus int\u00e9ressant que l\u2019an pass\u00e9. Nous avons montr\u00e9 \u00e0 tous que c\u2019est un vrai rallye et pas une balade de sant\u00e9. Notre but \u00e9tait d\u2019amener tous les concurrents jusqu\u2019\u00e0 Dakar. Certains en ont vraiment bav\u00e9 pour arriver au bout, mais tous ont fait preuve d\u2019une belle d\u00e9termination. Au fil des jours, chacun s\u2019est pris au jeu et l\u2019entraide entre les teams a \u00e9t\u00e9 sensationnelle. L\u2019histoire de <a href=\"www.heroeslegend.com\">La L\u00e9gende des H\u00e9ros<\/a> est en route\u2026 \u00bb<br \/><a href=\"http:\/\/clabedan.typepad.com\/.shared\/image.html?\/photos\/uncategorized\/2007\/04\/13\/dag15_431.jpg\"><img loading=\"lazy\" decoding=\"async\" height=\"166\" alt=\"Dag15_431\" src=\"http:\/\/www.leblogmoto.com\/images\/2007\/04\/13\/dag15_431.jpg\" width=\"250\"  \/><\/a>Parmi les 130 concurrents venus de Hollande, d\u2019Angleterre, d\u2019Allemagne, d\u2019Espagne, de Belgique, d\u2019Autriche, de France et m\u00eame de Chine, l\u2019\u00e9quipe internationale \u00ab Dakar Legend \u00bb s\u2019est montr\u00e9e la meilleure. Au guidon d\u2019une moto Yamaha 500XT et au volant d\u2019un 4&#215;4 Hummer H2, le Hollandais Leonardus Munsters, l\u2019Autrichien Friedrich Eisenkeck et l\u2019Allemand Michael Schneider-Christians gagnent la deuxi\u00e8me L\u00e9gende des H\u00e9ros. <br \/><a href=\"http:\/\/blogs.thesocialmedia.com\/leblogmoto\/files\/2012\/07\/dag15_992.jpg\"><img loading=\"lazy\" decoding=\"async\" height=\"166\" alt=\"Dag15_992\" src=\"http:\/\/www.leblogmoto.com\/images\/2007\/04\/13\/dag15_992.jpg\" width=\"250\"  \/><\/a>Le team de l\u2019ancien champion du monde de motocross et habitu\u00e9 des rallyes-raids Pierre Karsmakers serait rest\u00e9 second s\u2019il n\u2019avait cass\u00e9 le bras oscillant de sa moto <a href=\"http:\/\/www.leblogmoto.com\/2006\/01\/post_4.html#more\">BMW HP2<\/a> dans l\u2019avant derni\u00e8re \u00e9tape. Il c\u00e8de la deuxi\u00e8me marche du podium au Fran\u00e7ais Patrick Hett, qui a pilot\u00e9 sa Yamaha WR de bout en bout au sein du team \u00ab Kimoce Free Bike \u00bb. Peu habitu\u00e9 des rallyes, ce sportif qui pratique r\u00e9guli\u00e8rement le VTT, la natation et participe \u00e0 des marathons, ne roule \u00e0 moto que depuis un an..<br \/><a href=\"http:\/\/clabedan.typepad.com\/.shared\/image.html?\/photos\/uncategorized\/2007\/04\/13\/dag15_1047.jpg\"><img loading=\"lazy\" decoding=\"async\" height=\"166\" alt=\"Dag15_1047\" src=\"http:\/\/www.leblogmoto.com\/images\/2007\/04\/13\/dag15_1047.jpg\" width=\"250\"  \/><\/a> Sa r\u00e9gularit\u00e9, sa volont\u00e9 et l\u2019exp\u00e9rience de la navigation acquise lors d\u2019un Dakar auquel il a particip\u00e9 en tant que co-pilote, lui ont permis de se distinguer.<br \/>Le r\u00e8glement de la L\u00e9gende des H\u00e9ros va encore \u00e9voluer pour permettre \u00e0 davantage de concurrents, \u00e0 moto ou en 4&#215;4, de participer \u00e0 cette fabuleuse aventure, \u00e0 ce raid difficile mais accessible, encadr\u00e9 par une \u00e9quipe d\u2019organisation exp\u00e9riment\u00e9e. Une magnifique occasion de se surpasser mais \u00e9galement de d\u00e9couvrir des pistes hors des sentiers touristiques, de rencontrer les populations locales et de vivre intens\u00e9ment quinze jours au c\u0153ur de l\u2019Afrique jusqu\u2019\u00e0 atteindre presque \u00e0 coup s\u00fbr le mythique Lac Rose. <\/p>\n<p>R\u00e9sultats, news, photos et vid\u00e9os sur <a href=\"http:\/\/www.lalegendedesheros.com\/\">www.lalegendedesheros.com<\/a><\/p>\n<p>Nous attendons donc avec impatience la prochaine \u00e9dition de la l\u00e9gende des h\u00e9ros, en esp\u00e9rant cette fois-ci qu&rsquo;ils auront moins de probl\u00e8mes d&rsquo;organisation&#8230;<\/p>\n<p>Source : <a href=\"www.heroeslegend.com\">Heroes Legend<\/a><\/p>\n","protected":false},"excerpt":{"rendered":"<p>La deuxi\u00e8me \u00e9dition de la L\u00e9gende des H\u00e9ros a largement tenu les promesses faites par son ma\u00eetre d\u2019\u0153uvre Hubert Auriol. Apr\u00e8s plus de 6500 kilom\u00e8tres par la France, l\u2019Espagne, le Maroc, la Mauritanie et le S\u00e9n\u00e9gal, les concurrents, fatigu\u00e9s mais heureux, ont laiss\u00e9 \u00e9clater leur joie et leur \u00e9motion devant le Lac Rose qui symbolisait [&hellip;]<\/p>\n","protected":false},"author":329,"featured_media":0,"comment_status":"open","ping_status":"open","sticky":false,"template":"","format":"standard","meta":{"footnotes":""},"categories":[3,13],"tags":[],"class_list":["post-1427","post","type-post","status-publish","format-standard","hentry","category-actualite","category-aventure"],"yoast_head":"<!-- This site is optimized with the Yoast SEO plugin v26.0 - https:\/\/yoast.com\/wordpress\/plugins\/seo\/ -->\n<title>Heroes Legend : Arriv\u00e9e au Lac Rose - leblogmoto.com<\/title>\n<meta name=\"robots\" content=\"index, follow, max-snippet:-1, max-image-preview:large, max-video-preview:-1\" \/>\n<link rel=\"canonical\" href=\"https:\/\/blogs.thesocialmedia.com\/leblogmoto\/2007\/04\/13\/lgende-des-hros\/\" \/>\n<meta name=\"twitter:card\" content=\"summary_large_image\" \/>\n<meta name=\"twitter:title\" content=\"Heroes Legend : Arriv\u00e9e au Lac Rose - leblogmoto.com\" \/>\n<meta name=\"twitter:description\" content=\"La deuxi\u00e8me \u00e9dition de la L\u00e9gende des H\u00e9ros a largement tenu les promesses faites par son ma\u00eetre d\u2019\u0153uvre Hubert Auriol. Apr\u00e8s plus de 6500 kilom\u00e8tres par la France, l\u2019Espagne, le Maroc, la Mauritanie et le S\u00e9n\u00e9gal, les concurrents, fatigu\u00e9s mais heureux, ont laiss\u00e9 \u00e9clater leur joie et leur \u00e9motion devant le Lac Rose qui symbolisait [&hellip;]\" \/>\n<meta name=\"twitter:image\" content=\"http:\/\/www.leblogmoto.com\/images\/2007\/04\/13\/dag15_878.jpg\" \/>\n<meta name=\"twitter:label1\" content=\"\u00c9crit par\" \/>\n\t<meta name=\"twitter:data1\" content=\"gregory boucaud\" \/>\n\t<meta name=\"twitter:label2\" content=\"Dur\u00e9e de lecture estim\u00e9e\" \/>\n\t<meta name=\"twitter:data2\" content=\"3 minutes\" \/>\n<script type=\"application\/ld+json\" class=\"yoast-schema-graph\">{\"@context\":\"https:\/\/schema.org\",\"@graph\":[{\"@type\":\"WebPage\",\"@id\":\"https:\/\/blogs.thesocialmedia.com\/leblogmoto\/2007\/04\/13\/lgende-des-hros\/\",\"url\":\"https:\/\/blogs.thesocialmedia.com\/leblogmoto\/2007\/04\/13\/lgende-des-hros\/\",\"name\":\"Heroes Legend : Arriv\u00e9e au Lac Rose - leblogmoto.com\",\"isPartOf\":{\"@id\":\"https:\/\/blogs.thesocialmedia.com\/leblogmoto\/#website\"},\"primaryImageOfPage\":{\"@id\":\"https:\/\/blogs.thesocialmedia.com\/leblogmoto\/2007\/04\/13\/lgende-des-hros\/#primaryimage\"},\"image\":{\"@id\":\"https:\/\/blogs.thesocialmedia.com\/leblogmoto\/2007\/04\/13\/lgende-des-hros\/#primaryimage\"},\"thumbnailUrl\":\"http:\/\/www.leblogmoto.com\/images\/2007\/04\/13\/dag15_878.jpg\",\"datePublished\":\"2007-04-13T13:34:45+00:00\",\"dateModified\":\"2012-07-11T14:38:12+00:00\",\"author\":{\"@id\":\"https:\/\/blogs.thesocialmedia.com\/leblogmoto\/#\/schema\/person\/769623f89741cc3381675029a37764f8\"},\"breadcrumb\":{\"@id\":\"https:\/\/blogs.thesocialmedia.com\/leblogmoto\/2007\/04\/13\/lgende-des-hros\/#breadcrumb\"},\"inLanguage\":\"fr-FR\",\"potentialAction\":[{\"@type\":\"ReadAction\",\"target\":[\"https:\/\/blogs.thesocialmedia.com\/leblogmoto\/2007\/04\/13\/lgende-des-hros\/\"]}]},{\"@type\":\"ImageObject\",\"inLanguage\":\"fr-FR\",\"@id\":\"https:\/\/blogs.thesocialmedia.com\/leblogmoto\/2007\/04\/13\/lgende-des-hros\/#primaryimage\",\"url\":\"http:\/\/www.leblogmoto.com\/images\/2007\/04\/13\/dag15_878.jpg\",\"contentUrl\":\"http:\/\/www.leblogmoto.com\/images\/2007\/04\/13\/dag15_878.jpg\"},{\"@type\":\"BreadcrumbList\",\"@id\":\"https:\/\/blogs.thesocialmedia.com\/leblogmoto\/2007\/04\/13\/lgende-des-hros\/#breadcrumb\",\"itemListElement\":[{\"@type\":\"ListItem\",\"position\":1,\"name\":\"Accueil\",\"item\":\"https:\/\/blogs.thesocialmedia.com\/leblogmoto\/\"},{\"@type\":\"ListItem\",\"position\":2,\"name\":\"Heroes Legend : Arriv\u00e9e au Lac Rose\"}]},{\"@type\":\"WebSite\",\"@id\":\"https:\/\/blogs.thesocialmedia.com\/leblogmoto\/#website\",\"url\":\"https:\/\/blogs.thesocialmedia.com\/leblogmoto\/\",\"name\":\"leblogmoto\",\"description\":\"Toute l&#039;actualit\u00e9 des 2 roues\",\"potentialAction\":[{\"@type\":\"SearchAction\",\"target\":{\"@type\":\"EntryPoint\",\"urlTemplate\":\"https:\/\/blogs.thesocialmedia.com\/leblogmoto\/?s={search_term_string}\"},\"query-input\":{\"@type\":\"PropertyValueSpecification\",\"valueRequired\":true,\"valueName\":\"search_term_string\"}}],\"inLanguage\":\"fr-FR\"},{\"@type\":\"Person\",\"@id\":\"https:\/\/blogs.thesocialmedia.com\/leblogmoto\/#\/schema\/person\/769623f89741cc3381675029a37764f8\",\"name\":\"gregory boucaud\",\"image\":{\"@type\":\"ImageObject\",\"inLanguage\":\"fr-FR\",\"@id\":\"https:\/\/blogs.thesocialmedia.com\/leblogmoto\/#\/schema\/person\/image\/\",\"url\":\"https:\/\/secure.gravatar.com\/avatar\/?s=96&d=mm&r=g\",\"contentUrl\":\"https:\/\/secure.gravatar.com\/avatar\/?s=96&d=mm&r=g\",\"caption\":\"gregory boucaud\"},\"url\":\"https:\/\/blogs.thesocialmedia.com\/leblogmoto\/author\/gregory-boucaud\/\"}]}<\/script>\n<!-- \/ Yoast SEO plugin. -->","yoast_head_json":{"title":"Heroes Legend : Arriv\u00e9e au Lac Rose - leblogmoto.com","robots":{"index":"index","follow":"follow","max-snippet":"max-snippet:-1","max-image-preview":"max-image-preview:large","max-video-preview":"max-video-preview:-1"},"canonical":"https:\/\/blogs.thesocialmedia.com\/leblogmoto\/2007\/04\/13\/lgende-des-hros\/","twitter_card":"summary_large_image","twitter_title":"Heroes Legend : Arriv\u00e9e au Lac Rose - leblogmoto.com","twitter_description":"La deuxi\u00e8me \u00e9dition de la L\u00e9gende des H\u00e9ros a largement tenu les promesses faites par son ma\u00eetre d\u2019\u0153uvre Hubert Auriol. Apr\u00e8s plus de 6500 kilom\u00e8tres par la France, l\u2019Espagne, le Maroc, la Mauritanie et le S\u00e9n\u00e9gal, les concurrents, fatigu\u00e9s mais heureux, ont laiss\u00e9 \u00e9clater leur joie et leur \u00e9motion devant le Lac Rose qui symbolisait [&hellip;]","twitter_image":"http:\/\/www.leblogmoto.com\/images\/2007\/04\/13\/dag15_878.jpg","twitter_misc":{"\u00c9crit par":"gregory boucaud","Dur\u00e9e de lecture estim\u00e9e":"3 minutes"},"schema":{"@context":"https:\/\/schema.org","@graph":[{"@type":"WebPage","@id":"https:\/\/blogs.thesocialmedia.com\/leblogmoto\/2007\/04\/13\/lgende-des-hros\/","url":"https:\/\/blogs.thesocialmedia.com\/leblogmoto\/2007\/04\/13\/lgende-des-hros\/","name":"Heroes Legend : Arriv\u00e9e au Lac Rose - leblogmoto.com","isPartOf":{"@id":"https:\/\/blogs.thesocialmedia.com\/leblogmoto\/#website"},"primaryImageOfPage":{"@id":"https:\/\/blogs.thesocialmedia.com\/leblogmoto\/2007\/04\/13\/lgende-des-hros\/#primaryimage"},"image":{"@id":"https:\/\/blogs.thesocialmedia.com\/leblogmoto\/2007\/04\/13\/lgende-des-hros\/#primaryimage"},"thumbnailUrl":"http:\/\/www.leblogmoto.com\/images\/2007\/04\/13\/dag15_878.jpg","datePublished":"2007-04-13T13:34:45+00:00","dateModified":"2012-07-11T14:38:12+00:00","author":{"@id":"https:\/\/blogs.thesocialmedia.com\/leblogmoto\/#\/schema\/person\/769623f89741cc3381675029a37764f8"},"breadcrumb":{"@id":"https:\/\/blogs.thesocialmedia.com\/leblogmoto\/2007\/04\/13\/lgende-des-hros\/#breadcrumb"},"inLanguage":"fr-FR","potentialAction":[{"@type":"ReadAction","target":["https:\/\/blogs.thesocialmedia.com\/leblogmoto\/2007\/04\/13\/lgende-des-hros\/"]}]},{"@type":"ImageObject","inLanguage":"fr-FR","@id":"https:\/\/blogs.thesocialmedia.com\/leblogmoto\/2007\/04\/13\/lgende-des-hros\/#primaryimage","url":"http:\/\/www.leblogmoto.com\/images\/2007\/04\/13\/dag15_878.jpg","contentUrl":"http:\/\/www.leblogmoto.com\/images\/2007\/04\/13\/dag15_878.jpg"},{"@type":"BreadcrumbList","@id":"https:\/\/blogs.thesocialmedia.com\/leblogmoto\/2007\/04\/13\/lgende-des-hros\/#breadcrumb","itemListElement":[{"@type":"ListItem","position":1,"name":"Accueil","item":"https:\/\/blogs.thesocialmedia.com\/leblogmoto\/"},{"@type":"ListItem","position":2,"name":"Heroes Legend : Arriv\u00e9e au Lac Rose"}]},{"@type":"WebSite","@id":"https:\/\/blogs.thesocialmedia.com\/leblogmoto\/#website","url":"https:\/\/blogs.thesocialmedia.com\/leblogmoto\/","name":"leblogmoto","description":"Toute l&#039;actualit\u00e9 des 2 roues","potentialAction":[{"@type":"SearchAction","target":{"@type":"EntryPoint","urlTemplate":"https:\/\/blogs.thesocialmedia.com\/leblogmoto\/?s={search_term_string}"},"query-input":{"@type":"PropertyValueSpecification","valueRequired":true,"valueName":"search_term_string"}}],"inLanguage":"fr-FR"},{"@type":"Person","@id":"https:\/\/blogs.thesocialmedia.com\/leblogmoto\/#\/schema\/person\/769623f89741cc3381675029a37764f8","name":"gregory boucaud","image":{"@type":"ImageObject","inLanguage":"fr-FR","@id":"https:\/\/blogs.thesocialmedia.com\/leblogmoto\/#\/schema\/person\/image\/","url":"https:\/\/secure.gravatar.com\/avatar\/?s=96&d=mm&r=g","contentUrl":"https:\/\/secure.gravatar.com\/avatar\/?s=96&d=mm&r=g","caption":"gregory boucaud"},"url":"https:\/\/blogs.thesocialmedia.com\/leblogmoto\/author\/gregory-boucaud\/"}]}},"_links":{"self":[{"href":"https:\/\/blogs.thesocialmedia.com\/leblogmoto\/wp-json\/wp\/v2\/posts\/1427","targetHints":{"allow":["GET"]}}],"collection":[{"href":"https:\/\/blogs.thesocialmedia.com\/leblogmoto\/wp-json\/wp\/v2\/posts"}],"about":[{"href":"https:\/\/blogs.thesocialmedia.com\/leblogmoto\/wp-json\/wp\/v2\/types\/post"}],"author":[{"embeddable":true,"href":"https:\/\/blogs.thesocialmedia.com\/leblogmoto\/wp-json\/wp\/v2\/users\/329"}],"replies":[{"embeddable":true,"href":"https:\/\/blogs.thesocialmedia.com\/leblogmoto\/wp-json\/wp\/v2\/comments?post=1427"}],"version-history":[{"count":2,"href":"https:\/\/blogs.thesocialmedia.com\/leblogmoto\/wp-json\/wp\/v2\/posts\/1427\/revisions"}],"predecessor-version":[{"id":8311,"href":"https:\/\/blogs.thesocialmedia.com\/leblogmoto\/wp-json\/wp\/v2\/posts\/1427\/revisions\/8311"}],"wp:attachment":[{"href":"https:\/\/blogs.thesocialmedia.com\/leblogmoto\/wp-json\/wp\/v2\/media?parent=1427"}],"wp:term":[{"taxonomy":"category","embeddable":true,"href":"https:\/\/blogs.thesocialmedia.com\/leblogmoto\/wp-json\/wp\/v2\/categories?post=1427"},{"taxonomy":"post_tag","embeddable":true,"href":"https:\/\/blogs.thesocialmedia.com\/leblogmoto\/wp-json\/wp\/v2\/tags?post=1427"}],"curies":[{"name":"wp","href":"https:\/\/api.w.org\/{rel}","templated":true}]}}