{"id":1428,"date":"2007-04-11T16:21:52","date_gmt":"2007-04-11T16:21:52","guid":{"rendered":"http:\/\/blogs.thesocialmedia.com\/leblogmoto\/2007\/04\/11\/24h-du-mans-bmw\/"},"modified":"2012-07-11T14:38:06","modified_gmt":"2012-07-11T14:38:06","slug":"24h-du-mans-bmw","status":"publish","type":"post","link":"https:\/\/blogs.thesocialmedia.com\/leblogmoto\/2007\/04\/11\/24h-du-mans-bmw\/","title":{"rendered":"24h du Mans : BMW, retour compromis ?"},"content":{"rendered":"<p><a href=\"http:\/\/blogs.thesocialmedia.com\/leblogmoto\/files\/2012\/07\/mertens_42003317x301.jpg\"><img loading=\"lazy\" decoding=\"async\" height=\"237\" alt=\"Mertens_42003317x301\" src=\"http:\/\/www.leblogmoto.com\/images\/2007\/04\/11\/mertens_42003317x301.jpg\" width=\"250\"  \/><\/a> Nous vous avions <a href=\"http:\/\/www.leblogmoto.com\/2007\/03\/bmw_participera.html\">d\u00e9j\u00e0 annonc\u00e9<\/a> que <a href=\"http:\/\/www.bmw-motorrad.com.fr\/fr\/fr\/index.html\">BMW<\/a> participerait aux <a href=\"http:\/\/www.lemans.org\/accueil\/index.html\">24h du Mans<\/a>. Seulement voil\u00e0 que nous venons d&rsquo;apprendre que St\u00e9phane Mertens a eu un accident lors des premiers essais sur la piste priv\u00e9e de <a href=\"http:\/\/www.bmw-motorrad.com.fr\/fr\/fr\/index.html\">BMW<\/a> dans le sud de la France.<br \/>Il a donc \u00e9t\u00e9 hospitalis\u00e9 avec divers traumatismes et l\u00e9sions, mais heureusement, il devrait s&rsquo;en remettre. N\u00e9anmoins sa participation aux <a href=\"http:\/\/www.lemans.org\/accueil\/index.html\">24h du Mans<\/a> est compromise, ce qui fait un pilote de moins pour <a href=\"http:\/\/www.bmw-motorrad.com.fr\/fr\/fr\/index.html\">BMW<\/a> qui venait juste de revenir de 50 ans sans participation officielle. C&rsquo;est donc un coup dur pour l&rsquo;\u00e9curie <a href=\"http:\/\/www.bmw-motorrad.com.fr\/fr\/fr\/index.html\">allemande<\/a>&#8230;<\/p>\n<p>La liste des bless\u00e9s commence \u00e0 \u00eatre longue pour ces <a href=\"http:\/\/www.lemans.org\/accueil\/index.html\">24h du Mans<\/a>. Actuellement il y a David Perret et son co\u00e9quipier pour l&rsquo;\u00e9quipe &quot;Education racing team &quot; sur la Kawasaki N\u00b063 , Lionel Richier, Laurry Fremy d&rsquo;Acropolis sur la Yamaha N\u00b099, S\u00e9bastien Scarnato&nbsp; sur Yamaha N\u00b07 et&nbsp; Bruno Destoop&nbsp; sur la MV Agusta N\u00b081.<\/p>\n<p>Esp\u00e9rons que tous ces pilotes se r\u00e9tablissent rapidement&#8230;<\/p>\n<p>Source: <a href=\"www.cybermotard.com\">Cybermotard<\/a><\/p>\n","protected":false},"excerpt":{"rendered":"<p>Nous vous avions d\u00e9j\u00e0 annonc\u00e9 que BMW participerait aux 24h du Mans. Seulement voil\u00e0 que nous venons d&rsquo;apprendre que St\u00e9phane Mertens a eu un accident lors des premiers essais sur la piste priv\u00e9e de BMW dans le sud de la France.Il a donc \u00e9t\u00e9 hospitalis\u00e9 avec divers traumatismes et l\u00e9sions, mais heureusement, il devrait s&rsquo;en [&hellip;]<\/p>\n","protected":false},"author":329,"featured_media":0,"comment_status":"open","ping_status":"open","sticky":false,"template":"","format":"standard","meta":{"footnotes":""},"categories":[3,7],"tags":[],"class_list":["post-1428","post","type-post","status-publish","format-standard","hentry","category-actualite","category-bmw"],"yoast_head":"<!-- This site is optimized with the Yoast SEO plugin v26.0 - https:\/\/yoast.com\/wordpress\/plugins\/seo\/ -->\n<title>24h du Mans : BMW, retour compromis ? - leblogmoto.com<\/title>\n<meta name=\"robots\" content=\"index, follow, max-snippet:-1, max-image-preview:large, max-video-preview:-1\" \/>\n<link rel=\"canonical\" href=\"https:\/\/blogs.thesocialmedia.com\/leblogmoto\/2007\/04\/11\/24h-du-mans-bmw\/\" \/>\n<meta name=\"twitter:card\" content=\"summary_large_image\" \/>\n<meta name=\"twitter:title\" content=\"24h du Mans : BMW, retour compromis ? - leblogmoto.com\" \/>\n<meta name=\"twitter:description\" content=\"Nous vous avions d\u00e9j\u00e0 annonc\u00e9 que BMW participerait aux 24h du Mans. Seulement voil\u00e0 que nous venons d&rsquo;apprendre que St\u00e9phane Mertens a eu un accident lors des premiers essais sur la piste priv\u00e9e de BMW dans le sud de la France.Il a donc \u00e9t\u00e9 hospitalis\u00e9 avec divers traumatismes et l\u00e9sions, mais heureusement, il devrait s&rsquo;en [&hellip;]\" \/>\n<meta name=\"twitter:image\" content=\"http:\/\/www.leblogmoto.com\/images\/2007\/04\/11\/mertens_42003317x301.jpg\" \/>\n<meta name=\"twitter:label1\" content=\"\u00c9crit par\" \/>\n\t<meta name=\"twitter:data1\" content=\"gregory boucaud\" \/>\n\t<meta name=\"twitter:label2\" content=\"Dur\u00e9e de lecture estim\u00e9e\" \/>\n\t<meta name=\"twitter:data2\" content=\"1 minute\" \/>\n<script type=\"application\/ld+json\" class=\"yoast-schema-graph\">{\"@context\":\"https:\/\/schema.org\",\"@graph\":[{\"@type\":\"WebPage\",\"@id\":\"https:\/\/blogs.thesocialmedia.com\/leblogmoto\/2007\/04\/11\/24h-du-mans-bmw\/\",\"url\":\"https:\/\/blogs.thesocialmedia.com\/leblogmoto\/2007\/04\/11\/24h-du-mans-bmw\/\",\"name\":\"24h du Mans : BMW, retour compromis ? - leblogmoto.com\",\"isPartOf\":{\"@id\":\"https:\/\/blogs.thesocialmedia.com\/leblogmoto\/#website\"},\"primaryImageOfPage\":{\"@id\":\"https:\/\/blogs.thesocialmedia.com\/leblogmoto\/2007\/04\/11\/24h-du-mans-bmw\/#primaryimage\"},\"image\":{\"@id\":\"https:\/\/blogs.thesocialmedia.com\/leblogmoto\/2007\/04\/11\/24h-du-mans-bmw\/#primaryimage\"},\"thumbnailUrl\":\"http:\/\/www.leblogmoto.com\/images\/2007\/04\/11\/mertens_42003317x301.jpg\",\"datePublished\":\"2007-04-11T16:21:52+00:00\",\"dateModified\":\"2012-07-11T14:38:06+00:00\",\"author\":{\"@id\":\"https:\/\/blogs.thesocialmedia.com\/leblogmoto\/#\/schema\/person\/769623f89741cc3381675029a37764f8\"},\"breadcrumb\":{\"@id\":\"https:\/\/blogs.thesocialmedia.com\/leblogmoto\/2007\/04\/11\/24h-du-mans-bmw\/#breadcrumb\"},\"inLanguage\":\"fr-FR\",\"potentialAction\":[{\"@type\":\"ReadAction\",\"target\":[\"https:\/\/blogs.thesocialmedia.com\/leblogmoto\/2007\/04\/11\/24h-du-mans-bmw\/\"]}]},{\"@type\":\"ImageObject\",\"inLanguage\":\"fr-FR\",\"@id\":\"https:\/\/blogs.thesocialmedia.com\/leblogmoto\/2007\/04\/11\/24h-du-mans-bmw\/#primaryimage\",\"url\":\"http:\/\/www.leblogmoto.com\/images\/2007\/04\/11\/mertens_42003317x301.jpg\",\"contentUrl\":\"http:\/\/www.leblogmoto.com\/images\/2007\/04\/11\/mertens_42003317x301.jpg\"},{\"@type\":\"BreadcrumbList\",\"@id\":\"https:\/\/blogs.thesocialmedia.com\/leblogmoto\/2007\/04\/11\/24h-du-mans-bmw\/#breadcrumb\",\"itemListElement\":[{\"@type\":\"ListItem\",\"position\":1,\"name\":\"Accueil\",\"item\":\"https:\/\/blogs.thesocialmedia.com\/leblogmoto\/\"},{\"@type\":\"ListItem\",\"position\":2,\"name\":\"24h du Mans : BMW, retour compromis ?\"}]},{\"@type\":\"WebSite\",\"@id\":\"https:\/\/blogs.thesocialmedia.com\/leblogmoto\/#website\",\"url\":\"https:\/\/blogs.thesocialmedia.com\/leblogmoto\/\",\"name\":\"leblogmoto\",\"description\":\"Toute l&#039;actualit\u00e9 des 2 roues\",\"potentialAction\":[{\"@type\":\"SearchAction\",\"target\":{\"@type\":\"EntryPoint\",\"urlTemplate\":\"https:\/\/blogs.thesocialmedia.com\/leblogmoto\/?s={search_term_string}\"},\"query-input\":{\"@type\":\"PropertyValueSpecification\",\"valueRequired\":true,\"valueName\":\"search_term_string\"}}],\"inLanguage\":\"fr-FR\"},{\"@type\":\"Person\",\"@id\":\"https:\/\/blogs.thesocialmedia.com\/leblogmoto\/#\/schema\/person\/769623f89741cc3381675029a37764f8\",\"name\":\"gregory boucaud\",\"image\":{\"@type\":\"ImageObject\",\"inLanguage\":\"fr-FR\",\"@id\":\"https:\/\/blogs.thesocialmedia.com\/leblogmoto\/#\/schema\/person\/image\/\",\"url\":\"https:\/\/secure.gravatar.com\/avatar\/?s=96&d=mm&r=g\",\"contentUrl\":\"https:\/\/secure.gravatar.com\/avatar\/?s=96&d=mm&r=g\",\"caption\":\"gregory boucaud\"},\"url\":\"https:\/\/blogs.thesocialmedia.com\/leblogmoto\/author\/gregory-boucaud\/\"}]}<\/script>\n<!-- \/ Yoast SEO plugin. -->","yoast_head_json":{"title":"24h du Mans : BMW, retour compromis ? - leblogmoto.com","robots":{"index":"index","follow":"follow","max-snippet":"max-snippet:-1","max-image-preview":"max-image-preview:large","max-video-preview":"max-video-preview:-1"},"canonical":"https:\/\/blogs.thesocialmedia.com\/leblogmoto\/2007\/04\/11\/24h-du-mans-bmw\/","twitter_card":"summary_large_image","twitter_title":"24h du Mans : BMW, retour compromis ? - leblogmoto.com","twitter_description":"Nous vous avions d\u00e9j\u00e0 annonc\u00e9 que BMW participerait aux 24h du Mans. Seulement voil\u00e0 que nous venons d&rsquo;apprendre que St\u00e9phane Mertens a eu un accident lors des premiers essais sur la piste priv\u00e9e de BMW dans le sud de la France.Il a donc \u00e9t\u00e9 hospitalis\u00e9 avec divers traumatismes et l\u00e9sions, mais heureusement, il devrait s&rsquo;en [&hellip;]","twitter_image":"http:\/\/www.leblogmoto.com\/images\/2007\/04\/11\/mertens_42003317x301.jpg","twitter_misc":{"\u00c9crit par":"gregory boucaud","Dur\u00e9e de lecture estim\u00e9e":"1 minute"},"schema":{"@context":"https:\/\/schema.org","@graph":[{"@type":"WebPage","@id":"https:\/\/blogs.thesocialmedia.com\/leblogmoto\/2007\/04\/11\/24h-du-mans-bmw\/","url":"https:\/\/blogs.thesocialmedia.com\/leblogmoto\/2007\/04\/11\/24h-du-mans-bmw\/","name":"24h du Mans : BMW, retour compromis ? - leblogmoto.com","isPartOf":{"@id":"https:\/\/blogs.thesocialmedia.com\/leblogmoto\/#website"},"primaryImageOfPage":{"@id":"https:\/\/blogs.thesocialmedia.com\/leblogmoto\/2007\/04\/11\/24h-du-mans-bmw\/#primaryimage"},"image":{"@id":"https:\/\/blogs.thesocialmedia.com\/leblogmoto\/2007\/04\/11\/24h-du-mans-bmw\/#primaryimage"},"thumbnailUrl":"http:\/\/www.leblogmoto.com\/images\/2007\/04\/11\/mertens_42003317x301.jpg","datePublished":"2007-04-11T16:21:52+00:00","dateModified":"2012-07-11T14:38:06+00:00","author":{"@id":"https:\/\/blogs.thesocialmedia.com\/leblogmoto\/#\/schema\/person\/769623f89741cc3381675029a37764f8"},"breadcrumb":{"@id":"https:\/\/blogs.thesocialmedia.com\/leblogmoto\/2007\/04\/11\/24h-du-mans-bmw\/#breadcrumb"},"inLanguage":"fr-FR","potentialAction":[{"@type":"ReadAction","target":["https:\/\/blogs.thesocialmedia.com\/leblogmoto\/2007\/04\/11\/24h-du-mans-bmw\/"]}]},{"@type":"ImageObject","inLanguage":"fr-FR","@id":"https:\/\/blogs.thesocialmedia.com\/leblogmoto\/2007\/04\/11\/24h-du-mans-bmw\/#primaryimage","url":"http:\/\/www.leblogmoto.com\/images\/2007\/04\/11\/mertens_42003317x301.jpg","contentUrl":"http:\/\/www.leblogmoto.com\/images\/2007\/04\/11\/mertens_42003317x301.jpg"},{"@type":"BreadcrumbList","@id":"https:\/\/blogs.thesocialmedia.com\/leblogmoto\/2007\/04\/11\/24h-du-mans-bmw\/#breadcrumb","itemListElement":[{"@type":"ListItem","position":1,"name":"Accueil","item":"https:\/\/blogs.thesocialmedia.com\/leblogmoto\/"},{"@type":"ListItem","position":2,"name":"24h du Mans : BMW, retour compromis ?"}]},{"@type":"WebSite","@id":"https:\/\/blogs.thesocialmedia.com\/leblogmoto\/#website","url":"https:\/\/blogs.thesocialmedia.com\/leblogmoto\/","name":"leblogmoto","description":"Toute l&#039;actualit\u00e9 des 2 roues","potentialAction":[{"@type":"SearchAction","target":{"@type":"EntryPoint","urlTemplate":"https:\/\/blogs.thesocialmedia.com\/leblogmoto\/?s={search_term_string}"},"query-input":{"@type":"PropertyValueSpecification","valueRequired":true,"valueName":"search_term_string"}}],"inLanguage":"fr-FR"},{"@type":"Person","@id":"https:\/\/blogs.thesocialmedia.com\/leblogmoto\/#\/schema\/person\/769623f89741cc3381675029a37764f8","name":"gregory boucaud","image":{"@type":"ImageObject","inLanguage":"fr-FR","@id":"https:\/\/blogs.thesocialmedia.com\/leblogmoto\/#\/schema\/person\/image\/","url":"https:\/\/secure.gravatar.com\/avatar\/?s=96&d=mm&r=g","contentUrl":"https:\/\/secure.gravatar.com\/avatar\/?s=96&d=mm&r=g","caption":"gregory boucaud"},"url":"https:\/\/blogs.thesocialmedia.com\/leblogmoto\/author\/gregory-boucaud\/"}]}},"_links":{"self":[{"href":"https:\/\/blogs.thesocialmedia.com\/leblogmoto\/wp-json\/wp\/v2\/posts\/1428","targetHints":{"allow":["GET"]}}],"collection":[{"href":"https:\/\/blogs.thesocialmedia.com\/leblogmoto\/wp-json\/wp\/v2\/posts"}],"about":[{"href":"https:\/\/blogs.thesocialmedia.com\/leblogmoto\/wp-json\/wp\/v2\/types\/post"}],"author":[{"embeddable":true,"href":"https:\/\/blogs.thesocialmedia.com\/leblogmoto\/wp-json\/wp\/v2\/users\/329"}],"replies":[{"embeddable":true,"href":"https:\/\/blogs.thesocialmedia.com\/leblogmoto\/wp-json\/wp\/v2\/comments?post=1428"}],"version-history":[{"count":2,"href":"https:\/\/blogs.thesocialmedia.com\/leblogmoto\/wp-json\/wp\/v2\/posts\/1428\/revisions"}],"predecessor-version":[{"id":8308,"href":"https:\/\/blogs.thesocialmedia.com\/leblogmoto\/wp-json\/wp\/v2\/posts\/1428\/revisions\/8308"}],"wp:attachment":[{"href":"https:\/\/blogs.thesocialmedia.com\/leblogmoto\/wp-json\/wp\/v2\/media?parent=1428"}],"wp:term":[{"taxonomy":"category","embeddable":true,"href":"https:\/\/blogs.thesocialmedia.com\/leblogmoto\/wp-json\/wp\/v2\/categories?post=1428"},{"taxonomy":"post_tag","embeddable":true,"href":"https:\/\/blogs.thesocialmedia.com\/leblogmoto\/wp-json\/wp\/v2\/tags?post=1428"}],"curies":[{"name":"wp","href":"https:\/\/api.w.org\/{rel}","templated":true}]}}