{"id":143,"date":"2009-05-19T16:47:47","date_gmt":"2009-05-19T16:47:47","guid":{"rendered":"http:\/\/blogs.thesocialmedia.com\/leblogmoto\/2009\/05\/19\/pas-de-salon-de-la-moto-en-2009-la-faute-a-la-crise\/"},"modified":"2012-07-11T17:26:48","modified_gmt":"2012-07-11T17:26:48","slug":"pas-de-salon-de-la-moto-en-2009-la-faute-a-la-crise","status":"publish","type":"post","link":"https:\/\/blogs.thesocialmedia.com\/leblogmoto\/2009\/05\/19\/pas-de-salon-de-la-moto-en-2009-la-faute-a-la-crise\/","title":{"rendered":"Le salon de la moto de Paris report\u00e9, la faute \u00e0 la crise."},"content":{"rendered":"<p><a href=\"http:\/\/blogs.thesocialmedia.com\/leblogmoto\/files\/2012\/07\/6a00d83451b18369e201156fa032fa970c-popup.png\"><img decoding=\"async\" alt=\"XYX\" class=\"at-xid-6a00d83451b18369e201156fa032fa970c \" src=\"http:\/\/blogs.thesocialmedia.com\/leblogmoto\/files\/2012\/07\/6a00d83451b18369e201156fa032fa970c-500wi.jpg\" \/><\/a>&#160;<\/p>\n<p>Dans de nombreux idiomes, il est dit qu&#039;une image vaut tous les mots. Une capture d&#039;\u00e9cran de la &quot;home&quot; du <a href=\"http:\/\/www.mondial-deuxroues.fr\/\">site d\u00e9di\u00e9<\/a>&#160;devrait donc plus que suffire \u00e0&#160;illustrer les d\u00e9clarations de Thierry Hesse, le commissaire g\u00e9n\u00e9ral qui jeudi dernier annon\u00e7ait l&#039;annulation du salon international de la moto&#160;et du scooter et son report \u00e0 l&#039;automne 2010. Mais c&#039;est bien l&#039;absence de nombreux constructeurs qui ont rendu le maintien de cette \u00e9ch\u00e9ance 2009 impossible,&#160;plus qu&#039;une initiative propre aux organisateurs&#160;de ce rendez-vous. En effet, lors du point presse le commissaire&#160;indiquait, sans les citer, que &quot;des&#160;marques importantes ont d\u00e9cid\u00e9 de pas participer au salon en raison de la crise&quot;. Il ajoute que &quot;ces difficult\u00e9s ont entra\u00een\u00e9 un certain nombre d&#039;entreprises \u00e0 suspendre leur participation aux salons&quot;. Des turpitudes qui ne sont pas partag\u00e9s par ses voisines \u00e0 deux-roues mues par l&#039;huile de genou, puisque le salon du cycle est lui maintenu. Et le d\u00e9compte des jours sur la premi\u00e8re page&#160;du site&#160;ne vaut malheureusement que pour lui, vous l&#039;aurez compris.<\/p>\n<p><em>Via LeFigaro.fr et Lib\u00e9ration.<\/em><\/p>\n","protected":false},"excerpt":{"rendered":"<p>&#160; Dans de nombreux idiomes, il est dit qu&#039;une image vaut tous les mots. Une capture d&#039;\u00e9cran de la &quot;home&quot; du site d\u00e9di\u00e9&#160;devrait donc plus que suffire \u00e0&#160;illustrer les d\u00e9clarations de Thierry Hesse, le commissaire g\u00e9n\u00e9ral qui jeudi dernier annon\u00e7ait l&#039;annulation du salon international de la moto&#160;et du scooter et son report \u00e0 l&#039;automne 2010. [&hellip;]<\/p>\n","protected":false},"author":324,"featured_media":13590,"comment_status":"open","ping_status":"open","sticky":false,"template":"","format":"standard","meta":{"footnotes":""},"categories":[3,36],"tags":[],"class_list":["post-143","post","type-post","status-publish","format-standard","has-post-thumbnail","hentry","category-actualite","category-salons"],"yoast_head":"<!-- This site is optimized with the Yoast SEO plugin v26.0 - https:\/\/yoast.com\/wordpress\/plugins\/seo\/ -->\n<title>Le salon de la moto de Paris report\u00e9, la faute \u00e0 la crise. - leblogmoto.com<\/title>\n<meta name=\"robots\" content=\"index, follow, max-snippet:-1, max-image-preview:large, max-video-preview:-1\" \/>\n<link rel=\"canonical\" href=\"https:\/\/blogs.thesocialmedia.com\/leblogmoto\/2009\/05\/19\/pas-de-salon-de-la-moto-en-2009-la-faute-a-la-crise\/\" \/>\n<meta name=\"twitter:card\" content=\"summary_large_image\" \/>\n<meta name=\"twitter:title\" content=\"Le salon de la moto de Paris report\u00e9, la faute \u00e0 la crise. - leblogmoto.com\" \/>\n<meta name=\"twitter:description\" content=\"&#160; Dans de nombreux idiomes, il est dit qu&#039;une image vaut tous les mots. Une capture d&#039;\u00e9cran de la &quot;home&quot; du site d\u00e9di\u00e9&#160;devrait donc plus que suffire \u00e0&#160;illustrer les d\u00e9clarations de Thierry Hesse, le commissaire g\u00e9n\u00e9ral qui jeudi dernier annon\u00e7ait l&#039;annulation du salon international de la moto&#160;et du scooter et son report \u00e0 l&#039;automne 2010. [&hellip;]\" \/>\n<meta name=\"twitter:image\" content=\"https:\/\/blogs.thesocialmedia.com\/leblogmoto\/files\/2012\/07\/6a00d83451b18369e201156fa032fa970c-500wi.jpg\" \/>\n<meta name=\"twitter:label1\" content=\"\u00c9crit par\" \/>\n\t<meta name=\"twitter:data1\" content=\"benoit rieu\" \/>\n\t<meta name=\"twitter:label2\" content=\"Dur\u00e9e de lecture estim\u00e9e\" \/>\n\t<meta name=\"twitter:data2\" content=\"1 minute\" \/>\n<script type=\"application\/ld+json\" class=\"yoast-schema-graph\">{\"@context\":\"https:\/\/schema.org\",\"@graph\":[{\"@type\":\"WebPage\",\"@id\":\"https:\/\/blogs.thesocialmedia.com\/leblogmoto\/2009\/05\/19\/pas-de-salon-de-la-moto-en-2009-la-faute-a-la-crise\/\",\"url\":\"https:\/\/blogs.thesocialmedia.com\/leblogmoto\/2009\/05\/19\/pas-de-salon-de-la-moto-en-2009-la-faute-a-la-crise\/\",\"name\":\"Le salon de la moto de Paris report\u00e9, la faute \u00e0 la crise. - leblogmoto.com\",\"isPartOf\":{\"@id\":\"https:\/\/blogs.thesocialmedia.com\/leblogmoto\/#website\"},\"primaryImageOfPage\":{\"@id\":\"https:\/\/blogs.thesocialmedia.com\/leblogmoto\/2009\/05\/19\/pas-de-salon-de-la-moto-en-2009-la-faute-a-la-crise\/#primaryimage\"},\"image\":{\"@id\":\"https:\/\/blogs.thesocialmedia.com\/leblogmoto\/2009\/05\/19\/pas-de-salon-de-la-moto-en-2009-la-faute-a-la-crise\/#primaryimage\"},\"thumbnailUrl\":\"https:\/\/blogs.thesocialmedia.com\/leblogmoto\/files\/2012\/07\/6a00d83451b18369e201156fa032fa970c-500wi.jpg\",\"datePublished\":\"2009-05-19T16:47:47+00:00\",\"dateModified\":\"2012-07-11T17:26:48+00:00\",\"author\":{\"@id\":\"https:\/\/blogs.thesocialmedia.com\/leblogmoto\/#\/schema\/person\/18bfe773e5725ed6d24f743da805362a\"},\"breadcrumb\":{\"@id\":\"https:\/\/blogs.thesocialmedia.com\/leblogmoto\/2009\/05\/19\/pas-de-salon-de-la-moto-en-2009-la-faute-a-la-crise\/#breadcrumb\"},\"inLanguage\":\"fr-FR\",\"potentialAction\":[{\"@type\":\"ReadAction\",\"target\":[\"https:\/\/blogs.thesocialmedia.com\/leblogmoto\/2009\/05\/19\/pas-de-salon-de-la-moto-en-2009-la-faute-a-la-crise\/\"]}]},{\"@type\":\"ImageObject\",\"inLanguage\":\"fr-FR\",\"@id\":\"https:\/\/blogs.thesocialmedia.com\/leblogmoto\/2009\/05\/19\/pas-de-salon-de-la-moto-en-2009-la-faute-a-la-crise\/#primaryimage\",\"url\":\"https:\/\/blogs.thesocialmedia.com\/leblogmoto\/files\/2012\/07\/6a00d83451b18369e201156fa032fa970c-500wi.jpg\",\"contentUrl\":\"https:\/\/blogs.thesocialmedia.com\/leblogmoto\/files\/2012\/07\/6a00d83451b18369e201156fa032fa970c-500wi.jpg\",\"width\":\"500\",\"height\":\"270\"},{\"@type\":\"BreadcrumbList\",\"@id\":\"https:\/\/blogs.thesocialmedia.com\/leblogmoto\/2009\/05\/19\/pas-de-salon-de-la-moto-en-2009-la-faute-a-la-crise\/#breadcrumb\",\"itemListElement\":[{\"@type\":\"ListItem\",\"position\":1,\"name\":\"Accueil\",\"item\":\"https:\/\/blogs.thesocialmedia.com\/leblogmoto\/\"},{\"@type\":\"ListItem\",\"position\":2,\"name\":\"Le salon de la moto de Paris report\u00e9, la faute \u00e0 la crise.\"}]},{\"@type\":\"WebSite\",\"@id\":\"https:\/\/blogs.thesocialmedia.com\/leblogmoto\/#website\",\"url\":\"https:\/\/blogs.thesocialmedia.com\/leblogmoto\/\",\"name\":\"leblogmoto\",\"description\":\"Toute l&#039;actualit\u00e9 des 2 roues\",\"potentialAction\":[{\"@type\":\"SearchAction\",\"target\":{\"@type\":\"EntryPoint\",\"urlTemplate\":\"https:\/\/blogs.thesocialmedia.com\/leblogmoto\/?s={search_term_string}\"},\"query-input\":{\"@type\":\"PropertyValueSpecification\",\"valueRequired\":true,\"valueName\":\"search_term_string\"}}],\"inLanguage\":\"fr-FR\"},{\"@type\":\"Person\",\"@id\":\"https:\/\/blogs.thesocialmedia.com\/leblogmoto\/#\/schema\/person\/18bfe773e5725ed6d24f743da805362a\",\"name\":\"benoit rieu\",\"image\":{\"@type\":\"ImageObject\",\"inLanguage\":\"fr-FR\",\"@id\":\"https:\/\/blogs.thesocialmedia.com\/leblogmoto\/#\/schema\/person\/image\/\",\"url\":\"https:\/\/secure.gravatar.com\/avatar\/?s=96&d=mm&r=g\",\"contentUrl\":\"https:\/\/secure.gravatar.com\/avatar\/?s=96&d=mm&r=g\",\"caption\":\"benoit rieu\"},\"url\":\"https:\/\/blogs.thesocialmedia.com\/leblogmoto\/author\/benoit-rieu\/\"}]}<\/script>\n<!-- \/ Yoast SEO plugin. -->","yoast_head_json":{"title":"Le salon de la moto de Paris report\u00e9, la faute \u00e0 la crise. - leblogmoto.com","robots":{"index":"index","follow":"follow","max-snippet":"max-snippet:-1","max-image-preview":"max-image-preview:large","max-video-preview":"max-video-preview:-1"},"canonical":"https:\/\/blogs.thesocialmedia.com\/leblogmoto\/2009\/05\/19\/pas-de-salon-de-la-moto-en-2009-la-faute-a-la-crise\/","twitter_card":"summary_large_image","twitter_title":"Le salon de la moto de Paris report\u00e9, la faute \u00e0 la crise. - leblogmoto.com","twitter_description":"&#160; Dans de nombreux idiomes, il est dit qu&#039;une image vaut tous les mots. Une capture d&#039;\u00e9cran de la &quot;home&quot; du site d\u00e9di\u00e9&#160;devrait donc plus que suffire \u00e0&#160;illustrer les d\u00e9clarations de Thierry Hesse, le commissaire g\u00e9n\u00e9ral qui jeudi dernier annon\u00e7ait l&#039;annulation du salon international de la moto&#160;et du scooter et son report \u00e0 l&#039;automne 2010. [&hellip;]","twitter_image":"https:\/\/blogs.thesocialmedia.com\/leblogmoto\/files\/2012\/07\/6a00d83451b18369e201156fa032fa970c-500wi.jpg","twitter_misc":{"\u00c9crit par":"benoit rieu","Dur\u00e9e de lecture estim\u00e9e":"1 minute"},"schema":{"@context":"https:\/\/schema.org","@graph":[{"@type":"WebPage","@id":"https:\/\/blogs.thesocialmedia.com\/leblogmoto\/2009\/05\/19\/pas-de-salon-de-la-moto-en-2009-la-faute-a-la-crise\/","url":"https:\/\/blogs.thesocialmedia.com\/leblogmoto\/2009\/05\/19\/pas-de-salon-de-la-moto-en-2009-la-faute-a-la-crise\/","name":"Le salon de la moto de Paris report\u00e9, la faute \u00e0 la crise. - leblogmoto.com","isPartOf":{"@id":"https:\/\/blogs.thesocialmedia.com\/leblogmoto\/#website"},"primaryImageOfPage":{"@id":"https:\/\/blogs.thesocialmedia.com\/leblogmoto\/2009\/05\/19\/pas-de-salon-de-la-moto-en-2009-la-faute-a-la-crise\/#primaryimage"},"image":{"@id":"https:\/\/blogs.thesocialmedia.com\/leblogmoto\/2009\/05\/19\/pas-de-salon-de-la-moto-en-2009-la-faute-a-la-crise\/#primaryimage"},"thumbnailUrl":"https:\/\/blogs.thesocialmedia.com\/leblogmoto\/files\/2012\/07\/6a00d83451b18369e201156fa032fa970c-500wi.jpg","datePublished":"2009-05-19T16:47:47+00:00","dateModified":"2012-07-11T17:26:48+00:00","author":{"@id":"https:\/\/blogs.thesocialmedia.com\/leblogmoto\/#\/schema\/person\/18bfe773e5725ed6d24f743da805362a"},"breadcrumb":{"@id":"https:\/\/blogs.thesocialmedia.com\/leblogmoto\/2009\/05\/19\/pas-de-salon-de-la-moto-en-2009-la-faute-a-la-crise\/#breadcrumb"},"inLanguage":"fr-FR","potentialAction":[{"@type":"ReadAction","target":["https:\/\/blogs.thesocialmedia.com\/leblogmoto\/2009\/05\/19\/pas-de-salon-de-la-moto-en-2009-la-faute-a-la-crise\/"]}]},{"@type":"ImageObject","inLanguage":"fr-FR","@id":"https:\/\/blogs.thesocialmedia.com\/leblogmoto\/2009\/05\/19\/pas-de-salon-de-la-moto-en-2009-la-faute-a-la-crise\/#primaryimage","url":"https:\/\/blogs.thesocialmedia.com\/leblogmoto\/files\/2012\/07\/6a00d83451b18369e201156fa032fa970c-500wi.jpg","contentUrl":"https:\/\/blogs.thesocialmedia.com\/leblogmoto\/files\/2012\/07\/6a00d83451b18369e201156fa032fa970c-500wi.jpg","width":"500","height":"270"},{"@type":"BreadcrumbList","@id":"https:\/\/blogs.thesocialmedia.com\/leblogmoto\/2009\/05\/19\/pas-de-salon-de-la-moto-en-2009-la-faute-a-la-crise\/#breadcrumb","itemListElement":[{"@type":"ListItem","position":1,"name":"Accueil","item":"https:\/\/blogs.thesocialmedia.com\/leblogmoto\/"},{"@type":"ListItem","position":2,"name":"Le salon de la moto de Paris report\u00e9, la faute \u00e0 la crise."}]},{"@type":"WebSite","@id":"https:\/\/blogs.thesocialmedia.com\/leblogmoto\/#website","url":"https:\/\/blogs.thesocialmedia.com\/leblogmoto\/","name":"leblogmoto","description":"Toute l&#039;actualit\u00e9 des 2 roues","potentialAction":[{"@type":"SearchAction","target":{"@type":"EntryPoint","urlTemplate":"https:\/\/blogs.thesocialmedia.com\/leblogmoto\/?s={search_term_string}"},"query-input":{"@type":"PropertyValueSpecification","valueRequired":true,"valueName":"search_term_string"}}],"inLanguage":"fr-FR"},{"@type":"Person","@id":"https:\/\/blogs.thesocialmedia.com\/leblogmoto\/#\/schema\/person\/18bfe773e5725ed6d24f743da805362a","name":"benoit rieu","image":{"@type":"ImageObject","inLanguage":"fr-FR","@id":"https:\/\/blogs.thesocialmedia.com\/leblogmoto\/#\/schema\/person\/image\/","url":"https:\/\/secure.gravatar.com\/avatar\/?s=96&d=mm&r=g","contentUrl":"https:\/\/secure.gravatar.com\/avatar\/?s=96&d=mm&r=g","caption":"benoit rieu"},"url":"https:\/\/blogs.thesocialmedia.com\/leblogmoto\/author\/benoit-rieu\/"}]}},"_links":{"self":[{"href":"https:\/\/blogs.thesocialmedia.com\/leblogmoto\/wp-json\/wp\/v2\/posts\/143","targetHints":{"allow":["GET"]}}],"collection":[{"href":"https:\/\/blogs.thesocialmedia.com\/leblogmoto\/wp-json\/wp\/v2\/posts"}],"about":[{"href":"https:\/\/blogs.thesocialmedia.com\/leblogmoto\/wp-json\/wp\/v2\/types\/post"}],"author":[{"embeddable":true,"href":"https:\/\/blogs.thesocialmedia.com\/leblogmoto\/wp-json\/wp\/v2\/users\/324"}],"replies":[{"embeddable":true,"href":"https:\/\/blogs.thesocialmedia.com\/leblogmoto\/wp-json\/wp\/v2\/comments?post=143"}],"version-history":[{"count":2,"href":"https:\/\/blogs.thesocialmedia.com\/leblogmoto\/wp-json\/wp\/v2\/posts\/143\/revisions"}],"predecessor-version":[{"id":13592,"href":"https:\/\/blogs.thesocialmedia.com\/leblogmoto\/wp-json\/wp\/v2\/posts\/143\/revisions\/13592"}],"wp:featuredmedia":[{"embeddable":true,"href":"https:\/\/blogs.thesocialmedia.com\/leblogmoto\/wp-json\/wp\/v2\/media\/13590"}],"wp:attachment":[{"href":"https:\/\/blogs.thesocialmedia.com\/leblogmoto\/wp-json\/wp\/v2\/media?parent=143"}],"wp:term":[{"taxonomy":"category","embeddable":true,"href":"https:\/\/blogs.thesocialmedia.com\/leblogmoto\/wp-json\/wp\/v2\/categories?post=143"},{"taxonomy":"post_tag","embeddable":true,"href":"https:\/\/blogs.thesocialmedia.com\/leblogmoto\/wp-json\/wp\/v2\/tags?post=143"}],"curies":[{"name":"wp","href":"https:\/\/api.w.org\/{rel}","templated":true}]}}